{"id":195850,"date":"2026-02-04T05:38:03","date_gmt":"2026-02-04T08:38:03","guid":{"rendered":"https:\/\/portaltela.pt\/noticias\/2026\/02\/04\/daniel-nascimento-elogia-dedicatoria-de-sara-barradas-a-jose-raposo\/"},"modified":"2026-02-04T05:38:03","modified_gmt":"2026-02-04T08:38:03","slug":"daniel-nascimento-elogia-dedicatoria-de-sara-barradas-a-jose-raposo","status":"publish","type":"post","link":"https:\/\/portaltela.pt\/noticias\/2026\/02\/04\/daniel-nascimento-elogia-dedicatoria-de-sara-barradas-a-jose-raposo\/","title":{"rendered":"Daniel Nascimento elogia dedicat\u00f3ria de Sara Barradas a Jos\u00e9 Raposo"},"content":{"rendered":"<p>Sara Barradas dedicou uma mensagem a Jos\u00e9 Raposo, gerando coment\u00e1rios de apoio entre f\u00e3s e colegas. A nota p\u00fablica da atriz foi alvo de leitura no \u00e2mbito de uma entrevista recente.<\/p>\n<p>O coment\u00e1rio que ganhou destaque veio do apresentador Daniel Nascimento, do programa Noite das Estrelas, que classificou a rela\u00e7\u00e3o do casal como bonita. O elogio foi apresentado como leitura de contexto \u00e0 dedicat\u00f3ria.<\/p>\n<p>N\u00e3o h\u00e1 data espec\u00edfica associada ao epis\u00f3dio no conte\u00fado fornecido, nem detalhes adicionais sobre o conte\u00fado da dedicat\u00f3ria. A not\u00edcia concentra-se na rea\u00e7\u00e3o de Nascimento e na percep\u00e7\u00e3o p\u00fablica da rela\u00e7\u00e3o entre Barradas e Raposo.<\/p>\n","protected":false},"excerpt":{"rendered":"<ul>\n<li>Daniel Nascimento, comentador do Noite das Estrelas, comentou a dedicat\u00f3ria de Sara Barradas a Jos\u00e9 Raposo.<\/li>\n<li>O comentador descreveu a dedicat\u00f3ria como \u201cpoesia pura\u201d.<\/li>\n<li>Disse que a rela\u00e7\u00e3o entre Sara Barradas e Jos\u00e9 Raposo \u201csempre foi bonita\u201d.<\/li>\n<li>A opini\u00e3o foi partilhada no programa Noite das Estrelas.<\/li>\n<\/ul>\n","protected":false},"author":2,"featured_media":195860,"comment_status":"closed","ping_status":"closed","sticky":false,"template":"","format":"standard","meta":{"footnotes":""},"categories":[12,1],"tags":[762,76,506,879,40,2318],"class_list":["post-195850","post","type-post","status-publish","format-standard","has-post-thumbnail","hentry","category-entretenimento","category-noticias","tag-artistas","tag-celebridades","tag-imprensa","tag-noite-das-estrelas","tag-pessoas","tag-sociedade"],"yoast_head":"<!-- This site is optimized with the Yoast SEO plugin v27.2 - https:\/\/yoast.com\/product\/yoast-seo-wordpress\/ -->\n<title>Daniel Nascimento elogia dedicat\u00f3ria de Sara Barradas a Jos\u00e9 Raposo - Portal Tela Portugal<\/title>\n<meta name=\"robots\" content=\"index, follow, max-snippet:-1, max-image-preview:large, max-video-preview:-1\" \/>\n<meta property=\"og:locale\" content=\"pt_PT\" \/>\n<meta property=\"og:type\" content=\"article\" \/>\n<meta property=\"og:title\" content=\"Daniel Nascimento elogia dedicat\u00f3ria de Sara Barradas a Jos\u00e9 Raposo - Portal Tela Portugal\" \/>\n<meta property=\"og:description\" content=\"Daniel Nascimento, comentador do Noite das Estrelas, comentou a dedicat\u00f3ria de Sara Barradas a Jos\u00e9 Raposo. O comentador descreveu a dedicat\u00f3ria como \u201cpoesia pura\u201d. Disse que a rela\u00e7\u00e3o entre Sara Barradas e Jos\u00e9 Raposo \u201csempre foi bonita\u201d. A opini\u00e3o foi partilhada no programa Noite das Estrelas.\" \/>\n<meta property=\"og:url\" content=\"https:\/\/portaltela.pt\/noticias\/2026\/02\/04\/daniel-nascimento-elogia-dedicatoria-de-sara-barradas-a-jose-raposo\/\" \/>\n<meta property=\"og:site_name\" content=\"Portal Tela Portugal\" \/>\n<meta property=\"article:published_time\" content=\"2026-02-04T08:38:03+00:00\" \/>\n<meta name=\"author\" content=\"Telinha\" \/>\n<meta name=\"twitter:card\" content=\"summary_large_image\" \/>\n<meta name=\"twitter:label1\" content=\"Escrito por\" \/>\n\t<meta name=\"twitter:data1\" content=\"Telinha\" \/>\n\t<meta name=\"twitter:label2\" content=\"Tempo estimado de leitura\" \/>\n\t<meta name=\"twitter:data2\" content=\"1 minuto\" \/>\n<script type=\"application\/ld+json\" class=\"yoast-schema-graph\">{\"@context\":\"https:\/\/schema.org\",\"@graph\":[{\"@type\":\"Article\",\"@id\":\"https:\/\/portaltela.pt\/noticias\/2026\/02\/04\/daniel-nascimento-elogia-dedicatoria-de-sara-barradas-a-jose-raposo\/#article\",\"isPartOf\":{\"@id\":\"https:\/\/portaltela.pt\/noticias\/2026\/02\/04\/daniel-nascimento-elogia-dedicatoria-de-sara-barradas-a-jose-raposo\/\"},\"author\":{\"name\":\"Telinha\",\"@id\":\"https:\/\/portaltela.pt\/#\/schema\/person\/c4278d4a6028830caff9ee44b42d32ed\"},\"headline\":\"Daniel Nascimento elogia dedicat\u00f3ria de Sara Barradas a Jos\u00e9 Raposo\",\"datePublished\":\"2026-02-04T08:38:03+00:00\",\"mainEntityOfPage\":{\"@id\":\"https:\/\/portaltela.pt\/noticias\/2026\/02\/04\/daniel-nascimento-elogia-dedicatoria-de-sara-barradas-a-jose-raposo\/\"},\"wordCount\":126,\"image\":{\"@id\":\"https:\/\/portaltela.pt\/noticias\/2026\/02\/04\/daniel-nascimento-elogia-dedicatoria-de-sara-barradas-a-jose-raposo\/#primaryimage\"},\"thumbnailUrl\":\"https:\/\/portaltela.pt\/s.01k8rhncp4jt1\/2026\/02\/img_1280x722uu2024-04-04-14-43-18-1618327.jpg\",\"keywords\":[\"artistas\",\"celebridades\",\"imprensa\",\"Noite das Estrelas\",\"pessoas\",\"sociedade\"],\"articleSection\":[\"Entretenimento\",\"Not\u00edcias\"],\"inLanguage\":\"pt-PT\"},{\"@type\":\"WebPage\",\"@id\":\"https:\/\/portaltela.pt\/noticias\/2026\/02\/04\/daniel-nascimento-elogia-dedicatoria-de-sara-barradas-a-jose-raposo\/\",\"url\":\"https:\/\/portaltela.pt\/noticias\/2026\/02\/04\/daniel-nascimento-elogia-dedicatoria-de-sara-barradas-a-jose-raposo\/\",\"name\":\"Daniel Nascimento elogia dedicat\u00f3ria de Sara Barradas a Jos\u00e9 Raposo - Portal Tela Portugal\",\"isPartOf\":{\"@id\":\"https:\/\/portaltela.pt\/#website\"},\"primaryImageOfPage\":{\"@id\":\"https:\/\/portaltela.pt\/noticias\/2026\/02\/04\/daniel-nascimento-elogia-dedicatoria-de-sara-barradas-a-jose-raposo\/#primaryimage\"},\"image\":{\"@id\":\"https:\/\/portaltela.pt\/noticias\/2026\/02\/04\/daniel-nascimento-elogia-dedicatoria-de-sara-barradas-a-jose-raposo\/#primaryimage\"},\"thumbnailUrl\":\"https:\/\/portaltela.pt\/s.01k8rhncp4jt1\/2026\/02\/img_1280x722uu2024-04-04-14-43-18-1618327.jpg\",\"datePublished\":\"2026-02-04T08:38:03+00:00\",\"author\":{\"@id\":\"https:\/\/portaltela.pt\/#\/schema\/person\/c4278d4a6028830caff9ee44b42d32ed\"},\"breadcrumb\":{\"@id\":\"https:\/\/portaltela.pt\/noticias\/2026\/02\/04\/daniel-nascimento-elogia-dedicatoria-de-sara-barradas-a-jose-raposo\/#breadcrumb\"},\"inLanguage\":\"pt-PT\",\"potentialAction\":[{\"@type\":\"ReadAction\",\"target\":[\"https:\/\/portaltela.pt\/noticias\/2026\/02\/04\/daniel-nascimento-elogia-dedicatoria-de-sara-barradas-a-jose-raposo\/\"]}]},{\"@type\":\"ImageObject\",\"inLanguage\":\"pt-PT\",\"@id\":\"https:\/\/portaltela.pt\/noticias\/2026\/02\/04\/daniel-nascimento-elogia-dedicatoria-de-sara-barradas-a-jose-raposo\/#primaryimage\",\"url\":\"https:\/\/portaltela.pt\/s.01k8rhncp4jt1\/2026\/02\/img_1280x722uu2024-04-04-14-43-18-1618327.jpg\",\"contentUrl\":\"https:\/\/portaltela.pt\/s.01k8rhncp4jt1\/2026\/02\/img_1280x722uu2024-04-04-14-43-18-1618327.jpg\",\"width\":796,\"height\":448,\"caption\":\"Photo\"},{\"@type\":\"BreadcrumbList\",\"@id\":\"https:\/\/portaltela.pt\/noticias\/2026\/02\/04\/daniel-nascimento-elogia-dedicatoria-de-sara-barradas-a-jose-raposo\/#breadcrumb\",\"itemListElement\":[{\"@type\":\"ListItem\",\"position\":1,\"name\":\"In\u00edcio\",\"item\":\"https:\/\/portaltela.pt\/\"},{\"@type\":\"ListItem\",\"position\":2,\"name\":\"Daniel Nascimento elogia dedicat\u00f3ria de Sara Barradas a Jos\u00e9 Raposo\"}]},{\"@type\":\"WebSite\",\"@id\":\"https:\/\/portaltela.pt\/#website\",\"url\":\"https:\/\/portaltela.pt\/\",\"name\":\"Portal Tela Portugal\",\"description\":\"\",\"potentialAction\":[{\"@type\":\"SearchAction\",\"target\":{\"@type\":\"EntryPoint\",\"urlTemplate\":\"https:\/\/portaltela.pt\/?s={search_term_string}\"},\"query-input\":{\"@type\":\"PropertyValueSpecification\",\"valueRequired\":true,\"valueName\":\"search_term_string\"}}],\"inLanguage\":\"pt-PT\"},{\"@type\":\"Person\",\"@id\":\"https:\/\/portaltela.pt\/#\/schema\/person\/c4278d4a6028830caff9ee44b42d32ed\",\"name\":\"Telinha\",\"image\":{\"@type\":\"ImageObject\",\"inLanguage\":\"pt-PT\",\"@id\":\"https:\/\/portaltela.pt\/s.01k8rhncp4jt1\/2025\/11\/talking-bot-125x125.png\",\"url\":\"https:\/\/portaltela.pt\/s.01k8rhncp4jt1\/2025\/11\/talking-bot-125x125.png\",\"contentUrl\":\"https:\/\/portaltela.pt\/s.01k8rhncp4jt1\/2025\/11\/talking-bot-125x125.png\",\"caption\":\"Telinha\"},\"sameAs\":[\"https:\/\/portaltela.pt\/\"],\"url\":\"https:\/\/portaltela.pt\/por\/367410592786\/\"}]}<\/script>\n<!-- \/ Yoast SEO plugin. -->","yoast_head_json":{"title":"Daniel Nascimento elogia dedicat\u00f3ria de Sara Barradas a Jos\u00e9 Raposo - Portal Tela Portugal","robots":{"index":"index","follow":"follow","max-snippet":"max-snippet:-1","max-image-preview":"max-image-preview:large","max-video-preview":"max-video-preview:-1"},"og_locale":"pt_PT","og_type":"article","og_title":"Daniel Nascimento elogia dedicat\u00f3ria de Sara Barradas a Jos\u00e9 Raposo - Portal Tela Portugal","og_description":"Daniel Nascimento, comentador do Noite das Estrelas, comentou a dedicat\u00f3ria de Sara Barradas a Jos\u00e9 Raposo. O comentador descreveu a dedicat\u00f3ria como \u201cpoesia pura\u201d. Disse que a rela\u00e7\u00e3o entre Sara Barradas e Jos\u00e9 Raposo \u201csempre foi bonita\u201d. A opini\u00e3o foi partilhada no programa Noite das Estrelas.","og_url":"https:\/\/portaltela.pt\/noticias\/2026\/02\/04\/daniel-nascimento-elogia-dedicatoria-de-sara-barradas-a-jose-raposo\/","og_site_name":"Portal Tela Portugal","article_published_time":"2026-02-04T08:38:03+00:00","author":"Telinha","twitter_card":"summary_large_image","twitter_misc":{"Escrito por":"Telinha","Tempo estimado de leitura":"1 minuto"},"schema":{"@context":"https:\/\/schema.org","@graph":[{"@type":"Article","@id":"https:\/\/portaltela.pt\/noticias\/2026\/02\/04\/daniel-nascimento-elogia-dedicatoria-de-sara-barradas-a-jose-raposo\/#article","isPartOf":{"@id":"https:\/\/portaltela.pt\/noticias\/2026\/02\/04\/daniel-nascimento-elogia-dedicatoria-de-sara-barradas-a-jose-raposo\/"},"author":{"name":"Telinha","@id":"https:\/\/portaltela.pt\/#\/schema\/person\/c4278d4a6028830caff9ee44b42d32ed"},"headline":"Daniel Nascimento elogia dedicat\u00f3ria de Sara Barradas a Jos\u00e9 Raposo","datePublished":"2026-02-04T08:38:03+00:00","mainEntityOfPage":{"@id":"https:\/\/portaltela.pt\/noticias\/2026\/02\/04\/daniel-nascimento-elogia-dedicatoria-de-sara-barradas-a-jose-raposo\/"},"wordCount":126,"image":{"@id":"https:\/\/portaltela.pt\/noticias\/2026\/02\/04\/daniel-nascimento-elogia-dedicatoria-de-sara-barradas-a-jose-raposo\/#primaryimage"},"thumbnailUrl":"https:\/\/portaltela.pt\/s.01k8rhncp4jt1\/2026\/02\/img_1280x722uu2024-04-04-14-43-18-1618327.jpg","keywords":["artistas","celebridades","imprensa","Noite das Estrelas","pessoas","sociedade"],"articleSection":["Entretenimento","Not\u00edcias"],"inLanguage":"pt-PT"},{"@type":"WebPage","@id":"https:\/\/portaltela.pt\/noticias\/2026\/02\/04\/daniel-nascimento-elogia-dedicatoria-de-sara-barradas-a-jose-raposo\/","url":"https:\/\/portaltela.pt\/noticias\/2026\/02\/04\/daniel-nascimento-elogia-dedicatoria-de-sara-barradas-a-jose-raposo\/","name":"Daniel Nascimento elogia dedicat\u00f3ria de Sara Barradas a Jos\u00e9 Raposo - Portal Tela Portugal","isPartOf":{"@id":"https:\/\/portaltela.pt\/#website"},"primaryImageOfPage":{"@id":"https:\/\/portaltela.pt\/noticias\/2026\/02\/04\/daniel-nascimento-elogia-dedicatoria-de-sara-barradas-a-jose-raposo\/#primaryimage"},"image":{"@id":"https:\/\/portaltela.pt\/noticias\/2026\/02\/04\/daniel-nascimento-elogia-dedicatoria-de-sara-barradas-a-jose-raposo\/#primaryimage"},"thumbnailUrl":"https:\/\/portaltela.pt\/s.01k8rhncp4jt1\/2026\/02\/img_1280x722uu2024-04-04-14-43-18-1618327.jpg","datePublished":"2026-02-04T08:38:03+00:00","author":{"@id":"https:\/\/portaltela.pt\/#\/schema\/person\/c4278d4a6028830caff9ee44b42d32ed"},"breadcrumb":{"@id":"https:\/\/portaltela.pt\/noticias\/2026\/02\/04\/daniel-nascimento-elogia-dedicatoria-de-sara-barradas-a-jose-raposo\/#breadcrumb"},"inLanguage":"pt-PT","potentialAction":[{"@type":"ReadAction","target":["https:\/\/portaltela.pt\/noticias\/2026\/02\/04\/daniel-nascimento-elogia-dedicatoria-de-sara-barradas-a-jose-raposo\/"]}]},{"@type":"ImageObject","inLanguage":"pt-PT","@id":"https:\/\/portaltela.pt\/noticias\/2026\/02\/04\/daniel-nascimento-elogia-dedicatoria-de-sara-barradas-a-jose-raposo\/#primaryimage","url":"https:\/\/portaltela.pt\/s.01k8rhncp4jt1\/2026\/02\/img_1280x722uu2024-04-04-14-43-18-1618327.jpg","contentUrl":"https:\/\/portaltela.pt\/s.01k8rhncp4jt1\/2026\/02\/img_1280x722uu2024-04-04-14-43-18-1618327.jpg","width":796,"height":448,"caption":"Photo"},{"@type":"BreadcrumbList","@id":"https:\/\/portaltela.pt\/noticias\/2026\/02\/04\/daniel-nascimento-elogia-dedicatoria-de-sara-barradas-a-jose-raposo\/#breadcrumb","itemListElement":[{"@type":"ListItem","position":1,"name":"In\u00edcio","item":"https:\/\/portaltela.pt\/"},{"@type":"ListItem","position":2,"name":"Daniel Nascimento elogia dedicat\u00f3ria de Sara Barradas a Jos\u00e9 Raposo"}]},{"@type":"WebSite","@id":"https:\/\/portaltela.pt\/#website","url":"https:\/\/portaltela.pt\/","name":"Portal Tela Portugal","description":"","potentialAction":[{"@type":"SearchAction","target":{"@type":"EntryPoint","urlTemplate":"https:\/\/portaltela.pt\/?s={search_term_string}"},"query-input":{"@type":"PropertyValueSpecification","valueRequired":true,"valueName":"search_term_string"}}],"inLanguage":"pt-PT"},{"@type":"Person","@id":"https:\/\/portaltela.pt\/#\/schema\/person\/c4278d4a6028830caff9ee44b42d32ed","name":"Telinha","image":{"@type":"ImageObject","inLanguage":"pt-PT","@id":"https:\/\/portaltela.pt\/s.01k8rhncp4jt1\/2025\/11\/talking-bot-125x125.png","url":"https:\/\/portaltela.pt\/s.01k8rhncp4jt1\/2025\/11\/talking-bot-125x125.png","contentUrl":"https:\/\/portaltela.pt\/s.01k8rhncp4jt1\/2025\/11\/talking-bot-125x125.png","caption":"Telinha"},"sameAs":["https:\/\/portaltela.pt\/"],"url":"https:\/\/portaltela.pt\/por\/367410592786\/"}]}},"_links":{"self":[{"href":"https:\/\/portaltela.pt\/api\/wp\/v2\/posts\/195850","targetHints":{"allow":["GET"]}}],"collection":[{"href":"https:\/\/portaltela.pt\/api\/wp\/v2\/posts"}],"about":[{"href":"https:\/\/portaltela.pt\/api\/wp\/v2\/types\/post"}],"author":[{"embeddable":true,"href":"https:\/\/portaltela.pt\/api\/wp\/v2\/users\/2"}],"replies":[{"embeddable":true,"href":"https:\/\/portaltela.pt\/api\/wp\/v2\/comments?post=195850"}],"version-history":[{"count":0,"href":"https:\/\/portaltela.pt\/api\/wp\/v2\/posts\/195850\/revisions"}],"wp:featuredmedia":[{"embeddable":true,"href":"https:\/\/portaltela.pt\/api\/wp\/v2\/media\/195860"}],"wp:attachment":[{"href":"https:\/\/portaltela.pt\/api\/wp\/v2\/media?parent=195850"}],"wp:term":[{"taxonomy":"category","embeddable":true,"href":"https:\/\/portaltela.pt\/api\/wp\/v2\/categories?post=195850"},{"taxonomy":"post_tag","embeddable":true,"href":"https:\/\/portaltela.pt\/api\/wp\/v2\/tags?post=195850"}],"curies":[{"name":"wp","href":"https:\/\/api.w.org\/{rel}","templated":true}]}}