{"id":195848,"date":"2026-02-04T05:30:00","date_gmt":"2026-02-04T08:30:00","guid":{"rendered":"https:\/\/portaltela.pt\/noticias\/2026\/02\/04\/missao-dom-bosco-angaria-apoios-para-reconstrucao-apos-tempestade-kristin\/"},"modified":"2026-02-04T05:30:00","modified_gmt":"2026-02-04T08:30:00","slug":"missao-dom-bosco-angaria-apoios-para-reconstrucao-apos-tempestade-kristin","status":"publish","type":"post","link":"https:\/\/portaltela.pt\/noticias\/2026\/02\/04\/missao-dom-bosco-angaria-apoios-para-reconstrucao-apos-tempestade-kristin\/","title":{"rendered":"Miss\u00e3o Dom Bosco angaria apoios para reconstru\u00e7\u00e3o ap\u00f3s tempestade Kristin"},"content":{"rendered":"<p>A Miss\u00e3o Dom Bosco lan\u00e7ou a campanha solid\u00e1ria Tempestade Kristin \u2013 Apoiar para Reconstruir, para angariar donativos destinados \u00e0s fam\u00edlias mais afetadas pela tempestade Kristin no centro de Portugal. A iniciativa foca-se nas habita\u00e7\u00f5es danificadas, na perda de bens essenciais e na inseguran\u00e7a criada pela intemp\u00e9rie.<\/p>\n<p>A campa\u00f1a decorre em colabora\u00e7\u00e3o com as comunidades locais, visando responder \u00e0s necessidades mais prementes no terreno. Os donativos destinam-se \u00e0 reposi\u00e7\u00e3o de bens essenciais, aquisi\u00e7\u00e3o de materiais para o lar e apoio alimentar a fam\u00edlias em maior vulnerabilidade.<\/p>\n<h3>Apoio e transpar\u00eancia na angaria\u00e7\u00e3o<\/h3>\n<p>Os contributos s\u00e3o canalizados atrav\u00e9s da C\u00e1ritas Diocesana de Leiria-F\u00e1tima, assegurando transpar\u00eancia na gest\u00e3o e proximidade \u00e0s popula\u00e7\u00f5es atingidas, com impacto direto na vida quotidiana das fam\u00edlias apoiadas.<\/p>\n<p>Sob o mote Apoiar para Reconstruir, a respons\u00e1vel da Miss\u00e3o Dom Bosco, Diana Almeida, descreve a iniciativa como express\u00e3o do carisma salesiano, que se mobiliza para transformar solidariedade em apoio concreto, esperan\u00e7a e reconstru\u00e7\u00e3o.<\/p>\n<h3>Sobre a Miss\u00e3o Dom Bosco<\/h3>\n<p>A Miss\u00e3o Dom Bosco \u2013 Fundo Solid\u00e1rio Salesiano \u00e9 a plataforma de recolha de fundos da Funda\u00e7\u00e3o Salesianos, voltada a crian\u00e7as, jovens vulner\u00e1veis e respectivas fam\u00edlias, em Portugal e no mundo. Todos os donativos revertem integralmente para os projetos apoiados.<\/p>\n<p>A organiza\u00e7\u00e3o explica que a campanha sustenta a\u00e7\u00f5es distintas, com foco na reconstru\u00e7\u00e3o de lares, apoio alimentar e apoio a situa\u00e7\u00f5es de maior vulnerabilidade, com gest\u00e3o dedicada por parte da C\u00e1ritas Leiria-F\u00e1tima.<\/p>\n<p>Para mais informa\u00e7\u00f5es sobre a campanha e formas de apoio, a Miss\u00e3o Dom Bosco indica contactos atrav\u00e9s da Funda\u00e7\u00e3o Salesianos, mantendo a comunica\u00e7\u00e3o acess\u00edvel aos interessados.<\/p>\n","protected":false},"excerpt":{"rendered":"<ul>\n<li>A Miss\u00e3o Dom Bosco lan\u00e7ou a campanha solid\u00e1ria &#8220;Tempestade Kristin \u2013 Apoiar para Reconstruir&#8221; para angariar donativos \u00e0s fam\u00edlias afetadas pela tempestade Kristin no centro de Portugal.<\/li>\n<li>O temporal causou danos significativos, incluindo habita\u00e7\u00f5es danificadas, perda de bens essenciais e situa\u00e7\u00f5es de inseguran\u00e7a em v\u00e1rias comunidades da regi\u00e3o.<\/li>\n<li>Os donativos destinam-se principalmente \u00e0 reposi\u00e7\u00e3o de bens essenciais, aquisi\u00e7\u00e3o de materiais b\u00e1sicos para o lar e apoio alimentar a quem est\u00e1 mais vulner\u00e1vel.<\/li>\n<li>Os contributos ser\u00e3o encaminhados atrav\u00e9s da C\u00e1ritas Diocesana de Leiria-F\u00e1tima, assegurando transpar\u00eancia na gest\u00e3o e proximidade \u00e0s popula\u00e7\u00f5es afetadas.<\/li>\n<li>Diana Almeida, respons\u00e1vel pela Miss\u00e3o Dom Bosco, descreve a iniciativa como express\u00e3o do carisma salesiano, com os donativos aplicados integralmente nos projetos apoiados pela Funda\u00e7\u00e3o Salesianos.<\/li>\n<\/ul>\n","protected":false},"author":2,"featured_media":195855,"comment_status":"closed","ping_status":"closed","sticky":false,"template":"","format":"standard","meta":{"footnotes":""},"categories":[1],"tags":[1084,5304,5215,150,5031,4071],"class_list":["post-195848","post","type-post","status-publish","format-standard","has-post-thumbnail","hentry","category-noticias","tag-acao-social","tag-caritas-diocesana-de-leiria","tag-catastrofes-naturais","tag-habitacao","tag-reconstrucao-urbana","tag-solidariedade-social"],"yoast_head":"<!-- This site is optimized with the Yoast SEO plugin v27.2 - https:\/\/yoast.com\/product\/yoast-seo-wordpress\/ -->\n<title>Miss\u00e3o Dom Bosco angaria apoios para reconstru\u00e7\u00e3o ap\u00f3s tempestade Kristin - Portal Tela Portugal<\/title>\n<meta name=\"robots\" content=\"index, follow, max-snippet:-1, max-image-preview:large, max-video-preview:-1\" \/>\n<meta property=\"og:locale\" content=\"pt_PT\" \/>\n<meta property=\"og:type\" content=\"article\" \/>\n<meta property=\"og:title\" content=\"Miss\u00e3o Dom Bosco angaria apoios para reconstru\u00e7\u00e3o ap\u00f3s tempestade Kristin - Portal Tela Portugal\" \/>\n<meta property=\"og:description\" content=\"A Miss\u00e3o Dom Bosco lan\u00e7ou a campanha solid\u00e1ria &quot;Tempestade Kristin \u2013 Apoiar para Reconstruir&quot; para angariar donativos \u00e0s fam\u00edlias afetadas pela tempestade Kristin no centro de Portugal. O temporal causou danos significativos, incluindo habita\u00e7\u00f5es danificadas, perda de bens essenciais e situa\u00e7\u00f5es de inseguran\u00e7a em v\u00e1rias comunidades da regi\u00e3o. Os donativos destinam-se principalmente \u00e0 reposi\u00e7\u00e3o de bens essenciais, aquisi\u00e7\u00e3o de materiais b\u00e1sicos para o lar e apoio alimentar a quem est\u00e1 mais vulner\u00e1vel. Os contributos ser\u00e3o encaminhados atrav\u00e9s da C\u00e1ritas Diocesana de Leiria-F\u00e1tima, assegurando transpar\u00eancia na gest\u00e3o e proximidade \u00e0s popula\u00e7\u00f5es afetadas. Diana Almeida, respons\u00e1vel pela Miss\u00e3o Dom Bosco, descreve a iniciativa como express\u00e3o do carisma salesiano, com os donativos aplicados integralmente nos projetos apoiados pela Funda\u00e7\u00e3o Salesianos.\" \/>\n<meta property=\"og:url\" content=\"https:\/\/portaltela.pt\/noticias\/2026\/02\/04\/missao-dom-bosco-angaria-apoios-para-reconstrucao-apos-tempestade-kristin\/\" \/>\n<meta property=\"og:site_name\" content=\"Portal Tela Portugal\" \/>\n<meta property=\"article:published_time\" content=\"2026-02-04T08:30:00+00:00\" \/>\n<meta name=\"author\" content=\"Telinha\" \/>\n<meta name=\"twitter:card\" content=\"summary_large_image\" \/>\n<meta name=\"twitter:label1\" content=\"Escrito por\" \/>\n\t<meta name=\"twitter:data1\" content=\"Telinha\" \/>\n\t<meta name=\"twitter:label2\" content=\"Tempo estimado de leitura\" \/>\n\t<meta name=\"twitter:data2\" content=\"1 minuto\" \/>\n<script type=\"application\/ld+json\" class=\"yoast-schema-graph\">{\"@context\":\"https:\/\/schema.org\",\"@graph\":[{\"@type\":\"Article\",\"@id\":\"https:\/\/portaltela.pt\/noticias\/2026\/02\/04\/missao-dom-bosco-angaria-apoios-para-reconstrucao-apos-tempestade-kristin\/#article\",\"isPartOf\":{\"@id\":\"https:\/\/portaltela.pt\/noticias\/2026\/02\/04\/missao-dom-bosco-angaria-apoios-para-reconstrucao-apos-tempestade-kristin\/\"},\"author\":{\"name\":\"Telinha\",\"@id\":\"https:\/\/portaltela.pt\/#\/schema\/person\/c4278d4a6028830caff9ee44b42d32ed\"},\"headline\":\"Miss\u00e3o Dom Bosco angaria apoios para reconstru\u00e7\u00e3o ap\u00f3s tempestade Kristin\",\"datePublished\":\"2026-02-04T08:30:00+00:00\",\"mainEntityOfPage\":{\"@id\":\"https:\/\/portaltela.pt\/noticias\/2026\/02\/04\/missao-dom-bosco-angaria-apoios-para-reconstrucao-apos-tempestade-kristin\/\"},\"wordCount\":311,\"image\":{\"@id\":\"https:\/\/portaltela.pt\/noticias\/2026\/02\/04\/missao-dom-bosco-angaria-apoios-para-reconstrucao-apos-tempestade-kristin\/#primaryimage\"},\"thumbnailUrl\":\"https:\/\/portaltela.pt\/s.01k8rhncp4jt1\/2026\/02\/unnamed-file-1107.jpg\",\"keywords\":[\"A\u00e7\u00e3o Social\",\"C\u00e1ritas Diocesana de Leiria\",\"cat\u00e1strofes naturais\",\"habita\u00e7\u00e3o\",\"reconstru\u00e7\u00e3o urbana\",\"Solidariedade Social\"],\"articleSection\":[\"Not\u00edcias\"],\"inLanguage\":\"pt-PT\"},{\"@type\":\"WebPage\",\"@id\":\"https:\/\/portaltela.pt\/noticias\/2026\/02\/04\/missao-dom-bosco-angaria-apoios-para-reconstrucao-apos-tempestade-kristin\/\",\"url\":\"https:\/\/portaltela.pt\/noticias\/2026\/02\/04\/missao-dom-bosco-angaria-apoios-para-reconstrucao-apos-tempestade-kristin\/\",\"name\":\"Miss\u00e3o Dom Bosco angaria apoios para reconstru\u00e7\u00e3o ap\u00f3s tempestade Kristin - Portal Tela Portugal\",\"isPartOf\":{\"@id\":\"https:\/\/portaltela.pt\/#website\"},\"primaryImageOfPage\":{\"@id\":\"https:\/\/portaltela.pt\/noticias\/2026\/02\/04\/missao-dom-bosco-angaria-apoios-para-reconstrucao-apos-tempestade-kristin\/#primaryimage\"},\"image\":{\"@id\":\"https:\/\/portaltela.pt\/noticias\/2026\/02\/04\/missao-dom-bosco-angaria-apoios-para-reconstrucao-apos-tempestade-kristin\/#primaryimage\"},\"thumbnailUrl\":\"https:\/\/portaltela.pt\/s.01k8rhncp4jt1\/2026\/02\/unnamed-file-1107.jpg\",\"datePublished\":\"2026-02-04T08:30:00+00:00\",\"author\":{\"@id\":\"https:\/\/portaltela.pt\/#\/schema\/person\/c4278d4a6028830caff9ee44b42d32ed\"},\"breadcrumb\":{\"@id\":\"https:\/\/portaltela.pt\/noticias\/2026\/02\/04\/missao-dom-bosco-angaria-apoios-para-reconstrucao-apos-tempestade-kristin\/#breadcrumb\"},\"inLanguage\":\"pt-PT\",\"potentialAction\":[{\"@type\":\"ReadAction\",\"target\":[\"https:\/\/portaltela.pt\/noticias\/2026\/02\/04\/missao-dom-bosco-angaria-apoios-para-reconstrucao-apos-tempestade-kristin\/\"]}]},{\"@type\":\"ImageObject\",\"inLanguage\":\"pt-PT\",\"@id\":\"https:\/\/portaltela.pt\/noticias\/2026\/02\/04\/missao-dom-bosco-angaria-apoios-para-reconstrucao-apos-tempestade-kristin\/#primaryimage\",\"url\":\"https:\/\/portaltela.pt\/s.01k8rhncp4jt1\/2026\/02\/unnamed-file-1107.jpg\",\"contentUrl\":\"https:\/\/portaltela.pt\/s.01k8rhncp4jt1\/2026\/02\/unnamed-file-1107.jpg\",\"width\":796,\"height\":448,\"caption\":\"Miss\u00e3o Dom Bosco angaria apoios para reconstru\u00e7\u00e3o ap\u00f3s estragos da tempestade Kristin\"},{\"@type\":\"BreadcrumbList\",\"@id\":\"https:\/\/portaltela.pt\/noticias\/2026\/02\/04\/missao-dom-bosco-angaria-apoios-para-reconstrucao-apos-tempestade-kristin\/#breadcrumb\",\"itemListElement\":[{\"@type\":\"ListItem\",\"position\":1,\"name\":\"In\u00edcio\",\"item\":\"https:\/\/portaltela.pt\/\"},{\"@type\":\"ListItem\",\"position\":2,\"name\":\"Miss\u00e3o Dom Bosco angaria apoios para reconstru\u00e7\u00e3o ap\u00f3s tempestade Kristin\"}]},{\"@type\":\"WebSite\",\"@id\":\"https:\/\/portaltela.pt\/#website\",\"url\":\"https:\/\/portaltela.pt\/\",\"name\":\"Portal Tela Portugal\",\"description\":\"\",\"potentialAction\":[{\"@type\":\"SearchAction\",\"target\":{\"@type\":\"EntryPoint\",\"urlTemplate\":\"https:\/\/portaltela.pt\/?s={search_term_string}\"},\"query-input\":{\"@type\":\"PropertyValueSpecification\",\"valueRequired\":true,\"valueName\":\"search_term_string\"}}],\"inLanguage\":\"pt-PT\"},{\"@type\":\"Person\",\"@id\":\"https:\/\/portaltela.pt\/#\/schema\/person\/c4278d4a6028830caff9ee44b42d32ed\",\"name\":\"Telinha\",\"image\":{\"@type\":\"ImageObject\",\"inLanguage\":\"pt-PT\",\"@id\":\"https:\/\/portaltela.pt\/s.01k8rhncp4jt1\/2025\/11\/talking-bot-125x125.png\",\"url\":\"https:\/\/portaltela.pt\/s.01k8rhncp4jt1\/2025\/11\/talking-bot-125x125.png\",\"contentUrl\":\"https:\/\/portaltela.pt\/s.01k8rhncp4jt1\/2025\/11\/talking-bot-125x125.png\",\"caption\":\"Telinha\"},\"sameAs\":[\"https:\/\/portaltela.pt\/\"],\"url\":\"https:\/\/portaltela.pt\/por\/367410592786\/\"}]}<\/script>\n<!-- \/ Yoast SEO plugin. -->","yoast_head_json":{"title":"Miss\u00e3o Dom Bosco angaria apoios para reconstru\u00e7\u00e3o ap\u00f3s tempestade Kristin - Portal Tela Portugal","robots":{"index":"index","follow":"follow","max-snippet":"max-snippet:-1","max-image-preview":"max-image-preview:large","max-video-preview":"max-video-preview:-1"},"og_locale":"pt_PT","og_type":"article","og_title":"Miss\u00e3o Dom Bosco angaria apoios para reconstru\u00e7\u00e3o ap\u00f3s tempestade Kristin - Portal Tela Portugal","og_description":"A Miss\u00e3o Dom Bosco lan\u00e7ou a campanha solid\u00e1ria \"Tempestade Kristin \u2013 Apoiar para Reconstruir\" para angariar donativos \u00e0s fam\u00edlias afetadas pela tempestade Kristin no centro de Portugal. O temporal causou danos significativos, incluindo habita\u00e7\u00f5es danificadas, perda de bens essenciais e situa\u00e7\u00f5es de inseguran\u00e7a em v\u00e1rias comunidades da regi\u00e3o. Os donativos destinam-se principalmente \u00e0 reposi\u00e7\u00e3o de bens essenciais, aquisi\u00e7\u00e3o de materiais b\u00e1sicos para o lar e apoio alimentar a quem est\u00e1 mais vulner\u00e1vel. Os contributos ser\u00e3o encaminhados atrav\u00e9s da C\u00e1ritas Diocesana de Leiria-F\u00e1tima, assegurando transpar\u00eancia na gest\u00e3o e proximidade \u00e0s popula\u00e7\u00f5es afetadas. Diana Almeida, respons\u00e1vel pela Miss\u00e3o Dom Bosco, descreve a iniciativa como express\u00e3o do carisma salesiano, com os donativos aplicados integralmente nos projetos apoiados pela Funda\u00e7\u00e3o Salesianos.","og_url":"https:\/\/portaltela.pt\/noticias\/2026\/02\/04\/missao-dom-bosco-angaria-apoios-para-reconstrucao-apos-tempestade-kristin\/","og_site_name":"Portal Tela Portugal","article_published_time":"2026-02-04T08:30:00+00:00","author":"Telinha","twitter_card":"summary_large_image","twitter_misc":{"Escrito por":"Telinha","Tempo estimado de leitura":"1 minuto"},"schema":{"@context":"https:\/\/schema.org","@graph":[{"@type":"Article","@id":"https:\/\/portaltela.pt\/noticias\/2026\/02\/04\/missao-dom-bosco-angaria-apoios-para-reconstrucao-apos-tempestade-kristin\/#article","isPartOf":{"@id":"https:\/\/portaltela.pt\/noticias\/2026\/02\/04\/missao-dom-bosco-angaria-apoios-para-reconstrucao-apos-tempestade-kristin\/"},"author":{"name":"Telinha","@id":"https:\/\/portaltela.pt\/#\/schema\/person\/c4278d4a6028830caff9ee44b42d32ed"},"headline":"Miss\u00e3o Dom Bosco angaria apoios para reconstru\u00e7\u00e3o ap\u00f3s tempestade Kristin","datePublished":"2026-02-04T08:30:00+00:00","mainEntityOfPage":{"@id":"https:\/\/portaltela.pt\/noticias\/2026\/02\/04\/missao-dom-bosco-angaria-apoios-para-reconstrucao-apos-tempestade-kristin\/"},"wordCount":311,"image":{"@id":"https:\/\/portaltela.pt\/noticias\/2026\/02\/04\/missao-dom-bosco-angaria-apoios-para-reconstrucao-apos-tempestade-kristin\/#primaryimage"},"thumbnailUrl":"https:\/\/portaltela.pt\/s.01k8rhncp4jt1\/2026\/02\/unnamed-file-1107.jpg","keywords":["A\u00e7\u00e3o Social","C\u00e1ritas Diocesana de Leiria","cat\u00e1strofes naturais","habita\u00e7\u00e3o","reconstru\u00e7\u00e3o urbana","Solidariedade Social"],"articleSection":["Not\u00edcias"],"inLanguage":"pt-PT"},{"@type":"WebPage","@id":"https:\/\/portaltela.pt\/noticias\/2026\/02\/04\/missao-dom-bosco-angaria-apoios-para-reconstrucao-apos-tempestade-kristin\/","url":"https:\/\/portaltela.pt\/noticias\/2026\/02\/04\/missao-dom-bosco-angaria-apoios-para-reconstrucao-apos-tempestade-kristin\/","name":"Miss\u00e3o Dom Bosco angaria apoios para reconstru\u00e7\u00e3o ap\u00f3s tempestade Kristin - Portal Tela Portugal","isPartOf":{"@id":"https:\/\/portaltela.pt\/#website"},"primaryImageOfPage":{"@id":"https:\/\/portaltela.pt\/noticias\/2026\/02\/04\/missao-dom-bosco-angaria-apoios-para-reconstrucao-apos-tempestade-kristin\/#primaryimage"},"image":{"@id":"https:\/\/portaltela.pt\/noticias\/2026\/02\/04\/missao-dom-bosco-angaria-apoios-para-reconstrucao-apos-tempestade-kristin\/#primaryimage"},"thumbnailUrl":"https:\/\/portaltela.pt\/s.01k8rhncp4jt1\/2026\/02\/unnamed-file-1107.jpg","datePublished":"2026-02-04T08:30:00+00:00","author":{"@id":"https:\/\/portaltela.pt\/#\/schema\/person\/c4278d4a6028830caff9ee44b42d32ed"},"breadcrumb":{"@id":"https:\/\/portaltela.pt\/noticias\/2026\/02\/04\/missao-dom-bosco-angaria-apoios-para-reconstrucao-apos-tempestade-kristin\/#breadcrumb"},"inLanguage":"pt-PT","potentialAction":[{"@type":"ReadAction","target":["https:\/\/portaltela.pt\/noticias\/2026\/02\/04\/missao-dom-bosco-angaria-apoios-para-reconstrucao-apos-tempestade-kristin\/"]}]},{"@type":"ImageObject","inLanguage":"pt-PT","@id":"https:\/\/portaltela.pt\/noticias\/2026\/02\/04\/missao-dom-bosco-angaria-apoios-para-reconstrucao-apos-tempestade-kristin\/#primaryimage","url":"https:\/\/portaltela.pt\/s.01k8rhncp4jt1\/2026\/02\/unnamed-file-1107.jpg","contentUrl":"https:\/\/portaltela.pt\/s.01k8rhncp4jt1\/2026\/02\/unnamed-file-1107.jpg","width":796,"height":448,"caption":"Miss\u00e3o Dom Bosco angaria apoios para reconstru\u00e7\u00e3o ap\u00f3s estragos da tempestade Kristin"},{"@type":"BreadcrumbList","@id":"https:\/\/portaltela.pt\/noticias\/2026\/02\/04\/missao-dom-bosco-angaria-apoios-para-reconstrucao-apos-tempestade-kristin\/#breadcrumb","itemListElement":[{"@type":"ListItem","position":1,"name":"In\u00edcio","item":"https:\/\/portaltela.pt\/"},{"@type":"ListItem","position":2,"name":"Miss\u00e3o Dom Bosco angaria apoios para reconstru\u00e7\u00e3o ap\u00f3s tempestade Kristin"}]},{"@type":"WebSite","@id":"https:\/\/portaltela.pt\/#website","url":"https:\/\/portaltela.pt\/","name":"Portal Tela Portugal","description":"","potentialAction":[{"@type":"SearchAction","target":{"@type":"EntryPoint","urlTemplate":"https:\/\/portaltela.pt\/?s={search_term_string}"},"query-input":{"@type":"PropertyValueSpecification","valueRequired":true,"valueName":"search_term_string"}}],"inLanguage":"pt-PT"},{"@type":"Person","@id":"https:\/\/portaltela.pt\/#\/schema\/person\/c4278d4a6028830caff9ee44b42d32ed","name":"Telinha","image":{"@type":"ImageObject","inLanguage":"pt-PT","@id":"https:\/\/portaltela.pt\/s.01k8rhncp4jt1\/2025\/11\/talking-bot-125x125.png","url":"https:\/\/portaltela.pt\/s.01k8rhncp4jt1\/2025\/11\/talking-bot-125x125.png","contentUrl":"https:\/\/portaltela.pt\/s.01k8rhncp4jt1\/2025\/11\/talking-bot-125x125.png","caption":"Telinha"},"sameAs":["https:\/\/portaltela.pt\/"],"url":"https:\/\/portaltela.pt\/por\/367410592786\/"}]}},"_links":{"self":[{"href":"https:\/\/portaltela.pt\/api\/wp\/v2\/posts\/195848","targetHints":{"allow":["GET"]}}],"collection":[{"href":"https:\/\/portaltela.pt\/api\/wp\/v2\/posts"}],"about":[{"href":"https:\/\/portaltela.pt\/api\/wp\/v2\/types\/post"}],"author":[{"embeddable":true,"href":"https:\/\/portaltela.pt\/api\/wp\/v2\/users\/2"}],"replies":[{"embeddable":true,"href":"https:\/\/portaltela.pt\/api\/wp\/v2\/comments?post=195848"}],"version-history":[{"count":0,"href":"https:\/\/portaltela.pt\/api\/wp\/v2\/posts\/195848\/revisions"}],"wp:featuredmedia":[{"embeddable":true,"href":"https:\/\/portaltela.pt\/api\/wp\/v2\/media\/195855"}],"wp:attachment":[{"href":"https:\/\/portaltela.pt\/api\/wp\/v2\/media?parent=195848"}],"wp:term":[{"taxonomy":"category","embeddable":true,"href":"https:\/\/portaltela.pt\/api\/wp\/v2\/categories?post=195848"},{"taxonomy":"post_tag","embeddable":true,"href":"https:\/\/portaltela.pt\/api\/wp\/v2\/tags?post=195848"}],"curies":[{"name":"wp","href":"https:\/\/api.w.org\/{rel}","templated":true}]}}