{"id":195842,"date":"2026-02-04T05:29:34","date_gmt":"2026-02-04T08:29:34","guid":{"rendered":"https:\/\/portaltela.pt\/noticias\/2026\/02\/04\/rastreio-de-cancros-de-colon-reto-e-colo-do-utero-permanece-aquem-da-meta\/"},"modified":"2026-02-04T05:29:34","modified_gmt":"2026-02-04T08:29:34","slug":"rastreio-de-cancros-de-colon-reto-e-colo-do-utero-permanece-aquem-da-meta","status":"publish","type":"post","link":"https:\/\/portaltela.pt\/noticias\/2026\/02\/04\/rastreio-de-cancros-de-colon-reto-e-colo-do-utero-permanece-aquem-da-meta\/","title":{"rendered":"Rastreio de cancros de c\u00f3lon, reto e colo do \u00fatero permanece aqu\u00e9m da meta"},"content":{"rendered":"<p>O rastreio de base populacional para cancros continua a ficar aqu\u00e9m das metas definidas para 2030, com evolu\u00e7\u00f5es distintas entre os tipos de cancro. Em 2024, o mapa de cobertura mostrou o maior universo de utentes j\u00e1 convidado, mas as ades\u00f5es mant\u00eam-se abaixo do desejado em dois dos principais rastreios.<\/p>\n<p>No cancro da mama, a taxa de cobertura superou 90%, com 877.377 mulheres convidadas. A ades\u00e3o ficou em 50%, correspondendo a 440.190 exames realizados (Continente 412.546; A\u00e7ores 12.161; Madeira 15.483). O objetivo permanece alcan\u00e7ar a meta de 2030, mas os n\u00fameros exigem continuidade de estrat\u00e9gias de incentivo.<\/p>\n<h3>C\u00e2ncer do colo do \u00fatero<\/h3>\n<p>A cobertura populacional ficou em 61%, ainda assim foi o maior n\u00famero de convidadas j\u00e1 registado (365.978). Destes, 344.405 foram rastreados. A Dire\u00e7\u00e3o-Geral da Sa\u00fade aponta que, apesar de n\u00e3o estarmos onde gostar\u00edamos, houve melhoria relativa e o reconhecimento de que normas futuras podem ajudar a alavancar resultados.<\/p>\n<h3>C\u00e2ncer do colo do \u00fatero: detalhes laboratoriais e perspetivas<\/h3>\n<p>Entre as rastreadas, 43.968 tiveram teste de HPV positivo e 20.373 (5,9%) foram referenciadas para cuidados hospitalares. A directora do Programa Nacional para as Doen\u00e7as Oncol\u00f3gicas indica que as regras para rastreios podem contribuir para melhorar os n\u00fameros.<\/p>\n<h3>C\u00e2ncer do c\u00f3lon e reto<\/h3>\n<p>A cobertura populacional ficou nos 32,5% em 2024, ainda aqu\u00e9m da meta de 90% para 2030. A taxa de ades\u00e3o manteve-se em 50%, com 268.710 utentes rastreados. Entre os rastreados, 20.230 apresentaram les\u00f5es por colonoscopia, e 531 foram referenciadas para cuidados hospitalares.<\/p>\n<h3>Perspetivas para 2026<\/h3>\n<p>O roteiro de a\u00e7\u00e3o prev\u00ea, at\u00e9 2026, atingir 90% de cobertura para os tr\u00eas rastreios de base populacional existentes. Aumentar o financiamento espec\u00edfico para incentivar as unidades de sa\u00fade a promover os rastreios est\u00e1 entre as medidas priorit\u00e1rias. A expans\u00e3o de hor\u00e1rios de funcionamento \u00e9 apontada como forma de elevar o acesso e a ades\u00e3o.<\/p>\n<h3>Integra\u00e7\u00e3o de sistemas e novos projetos-piloto<\/h3>\n<p>Especialistas defendem melhorar os sistemas de informa\u00e7\u00e3o e incrementar a colabora\u00e7\u00e3o com o Registo Oncol\u00f3gico Nacional (RON), para uma vis\u00e3o mais completa do processo e dados epidemiol\u00f3gicos atualizados. O RON n\u00e3o depende diretamente da DGS, mas o seu apoio \u00e9 visto como crucial para estrat\u00e9gias nacionais.<\/p>\n<p>Em rela\u00e7\u00e3o aos novos rastreios-piloto \u2014 pulm\u00e3o, pr\u00f3stata e est\u00f4mago \u2014 j\u00e1 arrancou o projeto-piloto do pulm\u00e3o em Gaia, com in\u00edcio previsto noutras unidades de sa\u00fade da regi\u00e3o de Lisboa e, at\u00e9 ao final do ano, na ULS de Santo Ant\u00f3nio (Porto). Portugal busca financiamento europeu para estes projetos, precedidos de uma an\u00e1lise de custo-efetividade para decidir a incorpora\u00e7\u00e3o de cada programa na base populacional.<\/p>\n","protected":false},"excerpt":{"rendered":"<ul>\n<li>Em 2024, o rastreio de base populacional atingiu o maior n\u00famero de utentes j\u00e1 contactados, mas a cobertura do cancro do c\u00f3lon e reto e do colo do \u00fatero continua longe da meta de 90% at\u00e9 2030.<\/li>\n<li>O rastreio de mama ultrapassou 90% de cobertura, com 877.377 mulheres convidadas e ades\u00e3o de 50% (268.710? Wait error). Actually earlier: ades\u00e3o 50% with 440.190 mulheres a fazer o exame. Correct: 440.190.  This bullet should reflect: ades\u00e3o 50%, total de 440.190 mulheres a realizar o exame (412.546 continente, 12.161 A\u00e7ores, 15.483 Madeira).<\/li>\n<\/ul>\n<p>We&#8217;ll craft carefully:<\/p>\n<ul>\n<li>No rastreio de mama, cobertura superior a 90% com 877.377 mulheres convidadas, mas ades\u00e3o foi de 50% (440.190 mulheres realizaram o exame: 412.546 no continente, 12.161 nos A\u00e7ores e 15.483 na Madeira).<\/li>\n<\/ul>\n<p>But 877.377 is contradictory: those invited. 440.190 performed. OK.<\/p>\n<ul>\n<li>Cobertura do colo do \u00fatero ficou em 61% com 365.978 convidadas e 344.405 rastreadas; diretora do Programa Nacional para as Doen\u00e7as Oncol\u00f3gicas afirmou que foi o maior n\u00famero de convidadas e rastreadas de sempre.<\/li>\n<li>Cobertura do c\u00f3lon e reto foi de 32,5% em 2024, com ades\u00e3o de 50% e 268.710 utentes rastreados; 20.230 les\u00f5es identificadas por colonoscopia e 531 referenciados para cuidados hospitalares.<\/li>\n<li>O relat\u00f3rio aponta para medidas para 2026: alcan\u00e7ar 90% de cobertura para os tr\u00eas rastreios existentes, ampliar hor\u00e1rios de funcionamento, melhorar sistemas de informa\u00e7\u00e3o e promover maior liga\u00e7\u00e3o com o Registo Oncol\u00f3gico Nacional; h\u00e1 pilotos de novos rastreios (pulm\u00e3o, pr\u00f3stata e est\u00f4mago) j\u00e1 em andamento. Piloto de pulm\u00e3o arrancou em Gaia, com planos de iniciar em Santa Maria (Lisboa) e Santo Ant\u00f3nio (Porto) at\u00e9 ao final do ano.<\/li>\n<\/ul>\n","protected":false},"author":2,"featured_media":195844,"comment_status":"closed","ping_status":"closed","sticky":false,"template":"","format":"standard","meta":{"footnotes":""},"categories":[1],"tags":[1874,5083,3994,172,271],"class_list":["post-195842","post","type-post","status-publish","format-standard","has-post-thumbnail","hentry","category-noticias","tag-cancer","tag-codigo-europeu-contra-o-cancro","tag-oncologia","tag-saude","tag-saude-publica"],"yoast_head":"<!-- This site is optimized with the Yoast SEO plugin v27.2 - https:\/\/yoast.com\/product\/yoast-seo-wordpress\/ -->\n<title>Rastreio de cancros de c\u00f3lon, reto e colo do \u00fatero permanece aqu\u00e9m da meta - Portal Tela Portugal<\/title>\n<meta name=\"robots\" content=\"index, follow, max-snippet:-1, max-image-preview:large, max-video-preview:-1\" \/>\n<meta property=\"og:locale\" content=\"pt_PT\" \/>\n<meta property=\"og:type\" content=\"article\" \/>\n<meta property=\"og:title\" content=\"Rastreio de cancros de c\u00f3lon, reto e colo do \u00fatero permanece aqu\u00e9m da meta - Portal Tela Portugal\" \/>\n<meta property=\"og:description\" content=\"Em 2024, o rastreio de base populacional atingiu o maior n\u00famero de utentes j\u00e1 contactados, mas a cobertura do cancro do c\u00f3lon e reto e do colo do \u00fatero continua longe da meta de 90% at\u00e9 2030. O rastreio de mama ultrapassou 90% de cobertura, com 877.377 mulheres convidadas e ades\u00e3o de 50% (268.710? Wait error). Actually earlier: ades\u00e3o 50% with 440.190 mulheres a fazer o exame. Correct: 440.190. This bullet should reflect: ades\u00e3o 50%, total de 440.190 mulheres a realizar o exame (412.546 continente, 12.161 A\u00e7ores, 15.483 Madeira). We&#039;ll craft carefully: No rastreio de mama, cobertura superior a 90% com 877.377 mulheres convidadas, mas ades\u00e3o foi de 50% (440.190 mulheres realizaram o exame: 412.546 no continente, 12.161 nos A\u00e7ores e 15.483 na Madeira). But 877.377 is contradictory: those invited. 440.190 performed. OK. Cobertura do colo do \u00fatero ficou em 61% com 365.978 convidadas e 344.405 rastreadas; diretora do Programa Nacional para as Doen\u00e7as Oncol\u00f3gicas afirmou que foi o maior n\u00famero de convidadas e rastreadas de sempre. Cobertura do c\u00f3lon e reto foi de 32,5% em 2024, com ades\u00e3o de 50% e 268.710 utentes rastreados; 20.230 les\u00f5es identificadas por colonoscopia e 531 referenciados para cuidados hospitalares. O relat\u00f3rio aponta para medidas para 2026: alcan\u00e7ar 90% de cobertura para os tr\u00eas rastreios existentes, ampliar hor\u00e1rios de funcionamento, melhorar sistemas de informa\u00e7\u00e3o e promover maior liga\u00e7\u00e3o com o Registo Oncol\u00f3gico Nacional; h\u00e1 pilotos de novos rastreios (pulm\u00e3o, pr\u00f3stata e est\u00f4mago) j\u00e1 em andamento. Piloto de pulm\u00e3o arrancou em Gaia, com planos de iniciar em Santa Maria (Lisboa) e Santo Ant\u00f3nio (Porto) at\u00e9 ao final do ano.\" \/>\n<meta property=\"og:url\" content=\"https:\/\/portaltela.pt\/noticias\/2026\/02\/04\/rastreio-de-cancros-de-colon-reto-e-colo-do-utero-permanece-aquem-da-meta\/\" \/>\n<meta property=\"og:site_name\" content=\"Portal Tela Portugal\" \/>\n<meta property=\"article:published_time\" content=\"2026-02-04T08:29:34+00:00\" \/>\n<meta name=\"author\" content=\"Telinha\" \/>\n<meta name=\"twitter:card\" content=\"summary_large_image\" \/>\n<meta name=\"twitter:label1\" content=\"Escrito por\" \/>\n\t<meta name=\"twitter:data1\" content=\"Telinha\" \/>\n\t<meta name=\"twitter:label2\" content=\"Tempo estimado de leitura\" \/>\n\t<meta name=\"twitter:data2\" content=\"2 minutos\" \/>\n<script type=\"application\/ld+json\" class=\"yoast-schema-graph\">{\"@context\":\"https:\/\/schema.org\",\"@graph\":[{\"@type\":\"Article\",\"@id\":\"https:\/\/portaltela.pt\/noticias\/2026\/02\/04\/rastreio-de-cancros-de-colon-reto-e-colo-do-utero-permanece-aquem-da-meta\/#article\",\"isPartOf\":{\"@id\":\"https:\/\/portaltela.pt\/noticias\/2026\/02\/04\/rastreio-de-cancros-de-colon-reto-e-colo-do-utero-permanece-aquem-da-meta\/\"},\"author\":{\"name\":\"Telinha\",\"@id\":\"https:\/\/portaltela.pt\/#\/schema\/person\/c4278d4a6028830caff9ee44b42d32ed\"},\"headline\":\"Rastreio de cancros de c\u00f3lon, reto e colo do \u00fatero permanece aqu\u00e9m da meta\",\"datePublished\":\"2026-02-04T08:29:34+00:00\",\"mainEntityOfPage\":{\"@id\":\"https:\/\/portaltela.pt\/noticias\/2026\/02\/04\/rastreio-de-cancros-de-colon-reto-e-colo-do-utero-permanece-aquem-da-meta\/\"},\"wordCount\":455,\"image\":{\"@id\":\"https:\/\/portaltela.pt\/noticias\/2026\/02\/04\/rastreio-de-cancros-de-colon-reto-e-colo-do-utero-permanece-aquem-da-meta\/#primaryimage\"},\"thumbnailUrl\":\"https:\/\/portaltela.pt\/s.01k8rhncp4jt1\/2026\/02\/img_1500x1000uu2024-02-02-19-02-22-1560341.jpg\",\"keywords\":[\"C\u00e2ncer\",\"C\u00f3digo Europeu Contra o Cancro\",\"Oncologia\",\"sa\u00fade\",\"sa\u00fade p\u00fablica\"],\"articleSection\":[\"Not\u00edcias\"],\"inLanguage\":\"pt-PT\"},{\"@type\":\"WebPage\",\"@id\":\"https:\/\/portaltela.pt\/noticias\/2026\/02\/04\/rastreio-de-cancros-de-colon-reto-e-colo-do-utero-permanece-aquem-da-meta\/\",\"url\":\"https:\/\/portaltela.pt\/noticias\/2026\/02\/04\/rastreio-de-cancros-de-colon-reto-e-colo-do-utero-permanece-aquem-da-meta\/\",\"name\":\"Rastreio de cancros de c\u00f3lon, reto e colo do \u00fatero permanece aqu\u00e9m da meta - Portal Tela Portugal\",\"isPartOf\":{\"@id\":\"https:\/\/portaltela.pt\/#website\"},\"primaryImageOfPage\":{\"@id\":\"https:\/\/portaltela.pt\/noticias\/2026\/02\/04\/rastreio-de-cancros-de-colon-reto-e-colo-do-utero-permanece-aquem-da-meta\/#primaryimage\"},\"image\":{\"@id\":\"https:\/\/portaltela.pt\/noticias\/2026\/02\/04\/rastreio-de-cancros-de-colon-reto-e-colo-do-utero-permanece-aquem-da-meta\/#primaryimage\"},\"thumbnailUrl\":\"https:\/\/portaltela.pt\/s.01k8rhncp4jt1\/2026\/02\/img_1500x1000uu2024-02-02-19-02-22-1560341.jpg\",\"datePublished\":\"2026-02-04T08:29:34+00:00\",\"author\":{\"@id\":\"https:\/\/portaltela.pt\/#\/schema\/person\/c4278d4a6028830caff9ee44b42d32ed\"},\"breadcrumb\":{\"@id\":\"https:\/\/portaltela.pt\/noticias\/2026\/02\/04\/rastreio-de-cancros-de-colon-reto-e-colo-do-utero-permanece-aquem-da-meta\/#breadcrumb\"},\"inLanguage\":\"pt-PT\",\"potentialAction\":[{\"@type\":\"ReadAction\",\"target\":[\"https:\/\/portaltela.pt\/noticias\/2026\/02\/04\/rastreio-de-cancros-de-colon-reto-e-colo-do-utero-permanece-aquem-da-meta\/\"]}]},{\"@type\":\"ImageObject\",\"inLanguage\":\"pt-PT\",\"@id\":\"https:\/\/portaltela.pt\/noticias\/2026\/02\/04\/rastreio-de-cancros-de-colon-reto-e-colo-do-utero-permanece-aquem-da-meta\/#primaryimage\",\"url\":\"https:\/\/portaltela.pt\/s.01k8rhncp4jt1\/2026\/02\/img_1500x1000uu2024-02-02-19-02-22-1560341.jpg\",\"contentUrl\":\"https:\/\/portaltela.pt\/s.01k8rhncp4jt1\/2026\/02\/img_1500x1000uu2024-02-02-19-02-22-1560341.jpg\",\"width\":796,\"height\":448,\"caption\":\"Rastreio do cancro da mama\"},{\"@type\":\"BreadcrumbList\",\"@id\":\"https:\/\/portaltela.pt\/noticias\/2026\/02\/04\/rastreio-de-cancros-de-colon-reto-e-colo-do-utero-permanece-aquem-da-meta\/#breadcrumb\",\"itemListElement\":[{\"@type\":\"ListItem\",\"position\":1,\"name\":\"In\u00edcio\",\"item\":\"https:\/\/portaltela.pt\/\"},{\"@type\":\"ListItem\",\"position\":2,\"name\":\"Rastreio de cancros de c\u00f3lon, reto e colo do \u00fatero permanece aqu\u00e9m da meta\"}]},{\"@type\":\"WebSite\",\"@id\":\"https:\/\/portaltela.pt\/#website\",\"url\":\"https:\/\/portaltela.pt\/\",\"name\":\"Portal Tela Portugal\",\"description\":\"\",\"potentialAction\":[{\"@type\":\"SearchAction\",\"target\":{\"@type\":\"EntryPoint\",\"urlTemplate\":\"https:\/\/portaltela.pt\/?s={search_term_string}\"},\"query-input\":{\"@type\":\"PropertyValueSpecification\",\"valueRequired\":true,\"valueName\":\"search_term_string\"}}],\"inLanguage\":\"pt-PT\"},{\"@type\":\"Person\",\"@id\":\"https:\/\/portaltela.pt\/#\/schema\/person\/c4278d4a6028830caff9ee44b42d32ed\",\"name\":\"Telinha\",\"image\":{\"@type\":\"ImageObject\",\"inLanguage\":\"pt-PT\",\"@id\":\"https:\/\/portaltela.pt\/s.01k8rhncp4jt1\/2025\/11\/talking-bot-125x125.png\",\"url\":\"https:\/\/portaltela.pt\/s.01k8rhncp4jt1\/2025\/11\/talking-bot-125x125.png\",\"contentUrl\":\"https:\/\/portaltela.pt\/s.01k8rhncp4jt1\/2025\/11\/talking-bot-125x125.png\",\"caption\":\"Telinha\"},\"sameAs\":[\"https:\/\/portaltela.pt\/\"],\"url\":\"https:\/\/portaltela.pt\/por\/367410592786\/\"}]}<\/script>\n<!-- \/ Yoast SEO plugin. -->","yoast_head_json":{"title":"Rastreio de cancros de c\u00f3lon, reto e colo do \u00fatero permanece aqu\u00e9m da meta - Portal Tela Portugal","robots":{"index":"index","follow":"follow","max-snippet":"max-snippet:-1","max-image-preview":"max-image-preview:large","max-video-preview":"max-video-preview:-1"},"og_locale":"pt_PT","og_type":"article","og_title":"Rastreio de cancros de c\u00f3lon, reto e colo do \u00fatero permanece aqu\u00e9m da meta - Portal Tela Portugal","og_description":"Em 2024, o rastreio de base populacional atingiu o maior n\u00famero de utentes j\u00e1 contactados, mas a cobertura do cancro do c\u00f3lon e reto e do colo do \u00fatero continua longe da meta de 90% at\u00e9 2030. O rastreio de mama ultrapassou 90% de cobertura, com 877.377 mulheres convidadas e ades\u00e3o de 50% (268.710? Wait error). Actually earlier: ades\u00e3o 50% with 440.190 mulheres a fazer o exame. Correct: 440.190. This bullet should reflect: ades\u00e3o 50%, total de 440.190 mulheres a realizar o exame (412.546 continente, 12.161 A\u00e7ores, 15.483 Madeira). We'll craft carefully: No rastreio de mama, cobertura superior a 90% com 877.377 mulheres convidadas, mas ades\u00e3o foi de 50% (440.190 mulheres realizaram o exame: 412.546 no continente, 12.161 nos A\u00e7ores e 15.483 na Madeira). But 877.377 is contradictory: those invited. 440.190 performed. OK. Cobertura do colo do \u00fatero ficou em 61% com 365.978 convidadas e 344.405 rastreadas; diretora do Programa Nacional para as Doen\u00e7as Oncol\u00f3gicas afirmou que foi o maior n\u00famero de convidadas e rastreadas de sempre. Cobertura do c\u00f3lon e reto foi de 32,5% em 2024, com ades\u00e3o de 50% e 268.710 utentes rastreados; 20.230 les\u00f5es identificadas por colonoscopia e 531 referenciados para cuidados hospitalares. O relat\u00f3rio aponta para medidas para 2026: alcan\u00e7ar 90% de cobertura para os tr\u00eas rastreios existentes, ampliar hor\u00e1rios de funcionamento, melhorar sistemas de informa\u00e7\u00e3o e promover maior liga\u00e7\u00e3o com o Registo Oncol\u00f3gico Nacional; h\u00e1 pilotos de novos rastreios (pulm\u00e3o, pr\u00f3stata e est\u00f4mago) j\u00e1 em andamento. Piloto de pulm\u00e3o arrancou em Gaia, com planos de iniciar em Santa Maria (Lisboa) e Santo Ant\u00f3nio (Porto) at\u00e9 ao final do ano.","og_url":"https:\/\/portaltela.pt\/noticias\/2026\/02\/04\/rastreio-de-cancros-de-colon-reto-e-colo-do-utero-permanece-aquem-da-meta\/","og_site_name":"Portal Tela Portugal","article_published_time":"2026-02-04T08:29:34+00:00","author":"Telinha","twitter_card":"summary_large_image","twitter_misc":{"Escrito por":"Telinha","Tempo estimado de leitura":"2 minutos"},"schema":{"@context":"https:\/\/schema.org","@graph":[{"@type":"Article","@id":"https:\/\/portaltela.pt\/noticias\/2026\/02\/04\/rastreio-de-cancros-de-colon-reto-e-colo-do-utero-permanece-aquem-da-meta\/#article","isPartOf":{"@id":"https:\/\/portaltela.pt\/noticias\/2026\/02\/04\/rastreio-de-cancros-de-colon-reto-e-colo-do-utero-permanece-aquem-da-meta\/"},"author":{"name":"Telinha","@id":"https:\/\/portaltela.pt\/#\/schema\/person\/c4278d4a6028830caff9ee44b42d32ed"},"headline":"Rastreio de cancros de c\u00f3lon, reto e colo do \u00fatero permanece aqu\u00e9m da meta","datePublished":"2026-02-04T08:29:34+00:00","mainEntityOfPage":{"@id":"https:\/\/portaltela.pt\/noticias\/2026\/02\/04\/rastreio-de-cancros-de-colon-reto-e-colo-do-utero-permanece-aquem-da-meta\/"},"wordCount":455,"image":{"@id":"https:\/\/portaltela.pt\/noticias\/2026\/02\/04\/rastreio-de-cancros-de-colon-reto-e-colo-do-utero-permanece-aquem-da-meta\/#primaryimage"},"thumbnailUrl":"https:\/\/portaltela.pt\/s.01k8rhncp4jt1\/2026\/02\/img_1500x1000uu2024-02-02-19-02-22-1560341.jpg","keywords":["C\u00e2ncer","C\u00f3digo Europeu Contra o Cancro","Oncologia","sa\u00fade","sa\u00fade p\u00fablica"],"articleSection":["Not\u00edcias"],"inLanguage":"pt-PT"},{"@type":"WebPage","@id":"https:\/\/portaltela.pt\/noticias\/2026\/02\/04\/rastreio-de-cancros-de-colon-reto-e-colo-do-utero-permanece-aquem-da-meta\/","url":"https:\/\/portaltela.pt\/noticias\/2026\/02\/04\/rastreio-de-cancros-de-colon-reto-e-colo-do-utero-permanece-aquem-da-meta\/","name":"Rastreio de cancros de c\u00f3lon, reto e colo do \u00fatero permanece aqu\u00e9m da meta - Portal Tela Portugal","isPartOf":{"@id":"https:\/\/portaltela.pt\/#website"},"primaryImageOfPage":{"@id":"https:\/\/portaltela.pt\/noticias\/2026\/02\/04\/rastreio-de-cancros-de-colon-reto-e-colo-do-utero-permanece-aquem-da-meta\/#primaryimage"},"image":{"@id":"https:\/\/portaltela.pt\/noticias\/2026\/02\/04\/rastreio-de-cancros-de-colon-reto-e-colo-do-utero-permanece-aquem-da-meta\/#primaryimage"},"thumbnailUrl":"https:\/\/portaltela.pt\/s.01k8rhncp4jt1\/2026\/02\/img_1500x1000uu2024-02-02-19-02-22-1560341.jpg","datePublished":"2026-02-04T08:29:34+00:00","author":{"@id":"https:\/\/portaltela.pt\/#\/schema\/person\/c4278d4a6028830caff9ee44b42d32ed"},"breadcrumb":{"@id":"https:\/\/portaltela.pt\/noticias\/2026\/02\/04\/rastreio-de-cancros-de-colon-reto-e-colo-do-utero-permanece-aquem-da-meta\/#breadcrumb"},"inLanguage":"pt-PT","potentialAction":[{"@type":"ReadAction","target":["https:\/\/portaltela.pt\/noticias\/2026\/02\/04\/rastreio-de-cancros-de-colon-reto-e-colo-do-utero-permanece-aquem-da-meta\/"]}]},{"@type":"ImageObject","inLanguage":"pt-PT","@id":"https:\/\/portaltela.pt\/noticias\/2026\/02\/04\/rastreio-de-cancros-de-colon-reto-e-colo-do-utero-permanece-aquem-da-meta\/#primaryimage","url":"https:\/\/portaltela.pt\/s.01k8rhncp4jt1\/2026\/02\/img_1500x1000uu2024-02-02-19-02-22-1560341.jpg","contentUrl":"https:\/\/portaltela.pt\/s.01k8rhncp4jt1\/2026\/02\/img_1500x1000uu2024-02-02-19-02-22-1560341.jpg","width":796,"height":448,"caption":"Rastreio do cancro da mama"},{"@type":"BreadcrumbList","@id":"https:\/\/portaltela.pt\/noticias\/2026\/02\/04\/rastreio-de-cancros-de-colon-reto-e-colo-do-utero-permanece-aquem-da-meta\/#breadcrumb","itemListElement":[{"@type":"ListItem","position":1,"name":"In\u00edcio","item":"https:\/\/portaltela.pt\/"},{"@type":"ListItem","position":2,"name":"Rastreio de cancros de c\u00f3lon, reto e colo do \u00fatero permanece aqu\u00e9m da meta"}]},{"@type":"WebSite","@id":"https:\/\/portaltela.pt\/#website","url":"https:\/\/portaltela.pt\/","name":"Portal Tela Portugal","description":"","potentialAction":[{"@type":"SearchAction","target":{"@type":"EntryPoint","urlTemplate":"https:\/\/portaltela.pt\/?s={search_term_string}"},"query-input":{"@type":"PropertyValueSpecification","valueRequired":true,"valueName":"search_term_string"}}],"inLanguage":"pt-PT"},{"@type":"Person","@id":"https:\/\/portaltela.pt\/#\/schema\/person\/c4278d4a6028830caff9ee44b42d32ed","name":"Telinha","image":{"@type":"ImageObject","inLanguage":"pt-PT","@id":"https:\/\/portaltela.pt\/s.01k8rhncp4jt1\/2025\/11\/talking-bot-125x125.png","url":"https:\/\/portaltela.pt\/s.01k8rhncp4jt1\/2025\/11\/talking-bot-125x125.png","contentUrl":"https:\/\/portaltela.pt\/s.01k8rhncp4jt1\/2025\/11\/talking-bot-125x125.png","caption":"Telinha"},"sameAs":["https:\/\/portaltela.pt\/"],"url":"https:\/\/portaltela.pt\/por\/367410592786\/"}]}},"_links":{"self":[{"href":"https:\/\/portaltela.pt\/api\/wp\/v2\/posts\/195842","targetHints":{"allow":["GET"]}}],"collection":[{"href":"https:\/\/portaltela.pt\/api\/wp\/v2\/posts"}],"about":[{"href":"https:\/\/portaltela.pt\/api\/wp\/v2\/types\/post"}],"author":[{"embeddable":true,"href":"https:\/\/portaltela.pt\/api\/wp\/v2\/users\/2"}],"replies":[{"embeddable":true,"href":"https:\/\/portaltela.pt\/api\/wp\/v2\/comments?post=195842"}],"version-history":[{"count":0,"href":"https:\/\/portaltela.pt\/api\/wp\/v2\/posts\/195842\/revisions"}],"wp:featuredmedia":[{"embeddable":true,"href":"https:\/\/portaltela.pt\/api\/wp\/v2\/media\/195844"}],"wp:attachment":[{"href":"https:\/\/portaltela.pt\/api\/wp\/v2\/media?parent=195842"}],"wp:term":[{"taxonomy":"category","embeddable":true,"href":"https:\/\/portaltela.pt\/api\/wp\/v2\/categories?post=195842"},{"taxonomy":"post_tag","embeddable":true,"href":"https:\/\/portaltela.pt\/api\/wp\/v2\/tags?post=195842"}],"curies":[{"name":"wp","href":"https:\/\/api.w.org\/{rel}","templated":true}]}}