{"id":195838,"date":"2026-02-04T04:59:00","date_gmt":"2026-02-04T07:59:00","guid":{"rendered":"https:\/\/portaltela.pt\/noticias\/2026\/02\/04\/observatorio-acusa-pequim-de-restringir-liberdades-em-hong-kong\/"},"modified":"2026-02-04T04:59:00","modified_gmt":"2026-02-04T07:59:00","slug":"observatorio-acusa-pequim-de-restringir-liberdades-em-hong-kong","status":"publish","type":"post","link":"https:\/\/portaltela.pt\/noticias\/2026\/02\/04\/observatorio-acusa-pequim-de-restringir-liberdades-em-hong-kong\/","title":{"rendered":"Observat\u00f3rio acusa Pequim de restringir liberdades em Hong Kong"},"content":{"rendered":"<p>O Observat\u00f3rio dos Direitos Humanos (ODH) acusa Pequim de destruir as liberdades em Hong Kong cinco anos ap\u00f3s a entrada em vigor da Lei de Seguran\u00e7a Nacional imposta pela Rep\u00fablica Popular da China. O relat\u00f3rio anual descreve o territ\u00f3rio como tendo perdido o espa\u00e7o c\u00edvico, a dissid\u00eancia criminalizada e a imprensa independente fragilizada.<\/p>\n<p>Segundo o documento, desde 2020 as autoridades prenderam dezenas de figuras da oposi\u00e7\u00e3o, encerraram \u00f3rg\u00e3os de comunica\u00e7\u00e3o independentes e for\u00e7aram ao encerramento ou ex\u00edlio de grupos da sociedade civil. A organiza\u00e7\u00e3o sustenta que centenas de pessoas permanecem detidas ou a aguardar julgamento por acusa\u00e7\u00f5es politicamente motivadas.<\/p>\n<p>O ODH afirma ainda que o Executivo tem usado repetidamente recusa de fian\u00e7a, deten\u00e7\u00e3o prolongada e atrasos processuais, restringindo o direito a um processo justo. O relat\u00f3rio alerta para planos anunciados de legisla\u00e7\u00e3o adicional de seguran\u00e7a nacional ao abrigo do Artigo 23 da Lei B\u00e1sica, que pode restringir liberdade de express\u00e3o, reuni\u00e3o e associa\u00e7\u00e3o.<\/p>\n<p>A organiza\u00e7\u00e3o aponta que a repress\u00e3o levou residentes a abandonar o territ\u00f3rio e outros a manterem sil\u00eancio por medo. O documento recorda o encerramento de v\u00e1rios meios de comunica\u00e7\u00e3o independentes e refere que jornalistas enfrentam processos ou deten\u00e7\u00f5es, alimentando autocensura e intimida\u00e7\u00e3o.<\/p>\n<p>Para o ODH, a Lei de Seguran\u00e7a Nacional teve efeito devastador sobre a liberdade de imprensa, ao criminalizar o jornalismo por alegado conluio com for\u00e7as estrangeiras ou subvers\u00e3o do poder do Estado. A entidade v\u00ea aqui o desmantelamento de facto do princ\u00edpio um pa\u00eds, dois sistemas, vigente desde 1997.<\/p>\n<p>Cinco anos depois da imposi\u00e7\u00e3o da norma, o Observat\u00f3rio afirma que Hong Kong j\u00e1 n\u00e3o \u00e9 reconhec\u00edvel como uma sociedade livre. O relat\u00f3rio frisa que a repress\u00e3o se instalou de forma ampla, atingindo v\u00e1rias esferas da vida p\u00fablica e institucional.<\/p>\n","protected":false},"excerpt":{"rendered":"<ul>\n<li>O Observat\u00f3rio dos Direitos Humanos acusa Pequim de destruir as liberdades em Hong Kong, cinco anos ap\u00f3s a entrada em vigor da Lei de Seguran\u00e7a Nacional.<\/li>\n<li>O relat\u00f3rio descreve o colapso do espa\u00e7o c\u00edvico, a criminaliza\u00e7\u00e3o da dissid\u00eancia e o decl\u00ednio da imprensa independente.<\/li>\n<li>Desde 2020, dezenas de figuras da oposi\u00e7\u00e3o foram presas, \u00f3rg\u00e3os de comunica\u00e7\u00e3o independentes encerrados e grupos da sociedade civilfor\u00e7ados a emigrar.<\/li>\n<li>Centenas de pessoas continuam detidas ou a enfrentar julgamento por acusa\u00e7\u00f5es pol\u00edticas, com recorrentes recusas de fian\u00e7a, deten\u00e7\u00e3o prolongada e atrasos nos processos.<\/li>\n<li>O documento alerta para planos de legisla\u00e7\u00e3o adicional de seguran\u00e7a nacional ao abrigo do Artigo 23 da Lei B\u00e1sica, que pode restringir ainda mais a liberdade de express\u00e3o, reuni\u00e3o e associa\u00e7\u00e3o.<\/li>\n<\/ul>\n","protected":false},"author":2,"featured_media":195839,"comment_status":"closed","ping_status":"closed","sticky":false,"template":"","format":"standard","meta":{"footnotes":""},"categories":[1],"tags":[2633,506,3788,2920,3512],"class_list":["post-195838","post","type-post","status-publish","format-standard","has-post-thumbnail","hentry","category-noticias","tag-direitos-humanos","tag-imprensa","tag-lei-de-seguranca-nacional","tag-liberdade-de-expressao","tag-liberdade-de-imprensa"],"yoast_head":"<!-- This site is optimized with the Yoast SEO plugin v27.2 - https:\/\/yoast.com\/product\/yoast-seo-wordpress\/ -->\n<title>Observat\u00f3rio acusa Pequim de restringir liberdades em Hong Kong - Portal Tela Portugal<\/title>\n<meta name=\"robots\" content=\"index, follow, max-snippet:-1, max-image-preview:large, max-video-preview:-1\" \/>\n<meta property=\"og:locale\" content=\"pt_PT\" \/>\n<meta property=\"og:type\" content=\"article\" \/>\n<meta property=\"og:title\" content=\"Observat\u00f3rio acusa Pequim de restringir liberdades em Hong Kong - Portal Tela Portugal\" \/>\n<meta property=\"og:description\" content=\"O Observat\u00f3rio dos Direitos Humanos acusa Pequim de destruir as liberdades em Hong Kong, cinco anos ap\u00f3s a entrada em vigor da Lei de Seguran\u00e7a Nacional. O relat\u00f3rio descreve o colapso do espa\u00e7o c\u00edvico, a criminaliza\u00e7\u00e3o da dissid\u00eancia e o decl\u00ednio da imprensa independente. Desde 2020, dezenas de figuras da oposi\u00e7\u00e3o foram presas, \u00f3rg\u00e3os de comunica\u00e7\u00e3o independentes encerrados e grupos da sociedade civilfor\u00e7ados a emigrar. Centenas de pessoas continuam detidas ou a enfrentar julgamento por acusa\u00e7\u00f5es pol\u00edticas, com recorrentes recusas de fian\u00e7a, deten\u00e7\u00e3o prolongada e atrasos nos processos. O documento alerta para planos de legisla\u00e7\u00e3o adicional de seguran\u00e7a nacional ao abrigo do Artigo 23 da Lei B\u00e1sica, que pode restringir ainda mais a liberdade de express\u00e3o, reuni\u00e3o e associa\u00e7\u00e3o.\" \/>\n<meta property=\"og:url\" content=\"https:\/\/portaltela.pt\/noticias\/2026\/02\/04\/observatorio-acusa-pequim-de-restringir-liberdades-em-hong-kong\/\" \/>\n<meta property=\"og:site_name\" content=\"Portal Tela Portugal\" \/>\n<meta property=\"article:published_time\" content=\"2026-02-04T07:59:00+00:00\" \/>\n<meta name=\"author\" content=\"Telinha\" \/>\n<meta name=\"twitter:card\" content=\"summary_large_image\" \/>\n<meta name=\"twitter:label1\" content=\"Escrito por\" \/>\n\t<meta name=\"twitter:data1\" content=\"Telinha\" \/>\n\t<meta name=\"twitter:label2\" content=\"Tempo estimado de leitura\" \/>\n\t<meta name=\"twitter:data2\" content=\"2 minutos\" \/>\n<script type=\"application\/ld+json\" class=\"yoast-schema-graph\">{\"@context\":\"https:\/\/schema.org\",\"@graph\":[{\"@type\":\"Article\",\"@id\":\"https:\/\/portaltela.pt\/noticias\/2026\/02\/04\/observatorio-acusa-pequim-de-restringir-liberdades-em-hong-kong\/#article\",\"isPartOf\":{\"@id\":\"https:\/\/portaltela.pt\/noticias\/2026\/02\/04\/observatorio-acusa-pequim-de-restringir-liberdades-em-hong-kong\/\"},\"author\":{\"name\":\"Telinha\",\"@id\":\"https:\/\/portaltela.pt\/#\/schema\/person\/c4278d4a6028830caff9ee44b42d32ed\"},\"headline\":\"Observat\u00f3rio acusa Pequim de restringir liberdades em Hong Kong\",\"datePublished\":\"2026-02-04T07:59:00+00:00\",\"mainEntityOfPage\":{\"@id\":\"https:\/\/portaltela.pt\/noticias\/2026\/02\/04\/observatorio-acusa-pequim-de-restringir-liberdades-em-hong-kong\/\"},\"wordCount\":336,\"image\":{\"@id\":\"https:\/\/portaltela.pt\/noticias\/2026\/02\/04\/observatorio-acusa-pequim-de-restringir-liberdades-em-hong-kong\/#primaryimage\"},\"thumbnailUrl\":\"https:\/\/portaltela.pt\/s.01k8rhncp4jt1\/2026\/02\/46401020.jpg\",\"keywords\":[\"direitos humanos\",\"imprensa\",\"Lei de Seguran\u00e7a Nacional\",\"liberdade de express\u00e3o\",\"liberdade de imprensa\"],\"articleSection\":[\"Not\u00edcias\"],\"inLanguage\":\"pt-PT\"},{\"@type\":\"WebPage\",\"@id\":\"https:\/\/portaltela.pt\/noticias\/2026\/02\/04\/observatorio-acusa-pequim-de-restringir-liberdades-em-hong-kong\/\",\"url\":\"https:\/\/portaltela.pt\/noticias\/2026\/02\/04\/observatorio-acusa-pequim-de-restringir-liberdades-em-hong-kong\/\",\"name\":\"Observat\u00f3rio acusa Pequim de restringir liberdades em Hong Kong - Portal Tela Portugal\",\"isPartOf\":{\"@id\":\"https:\/\/portaltela.pt\/#website\"},\"primaryImageOfPage\":{\"@id\":\"https:\/\/portaltela.pt\/noticias\/2026\/02\/04\/observatorio-acusa-pequim-de-restringir-liberdades-em-hong-kong\/#primaryimage\"},\"image\":{\"@id\":\"https:\/\/portaltela.pt\/noticias\/2026\/02\/04\/observatorio-acusa-pequim-de-restringir-liberdades-em-hong-kong\/#primaryimage\"},\"thumbnailUrl\":\"https:\/\/portaltela.pt\/s.01k8rhncp4jt1\/2026\/02\/46401020.jpg\",\"datePublished\":\"2026-02-04T07:59:00+00:00\",\"author\":{\"@id\":\"https:\/\/portaltela.pt\/#\/schema\/person\/c4278d4a6028830caff9ee44b42d32ed\"},\"breadcrumb\":{\"@id\":\"https:\/\/portaltela.pt\/noticias\/2026\/02\/04\/observatorio-acusa-pequim-de-restringir-liberdades-em-hong-kong\/#breadcrumb\"},\"inLanguage\":\"pt-PT\",\"potentialAction\":[{\"@type\":\"ReadAction\",\"target\":[\"https:\/\/portaltela.pt\/noticias\/2026\/02\/04\/observatorio-acusa-pequim-de-restringir-liberdades-em-hong-kong\/\"]}]},{\"@type\":\"ImageObject\",\"inLanguage\":\"pt-PT\",\"@id\":\"https:\/\/portaltela.pt\/noticias\/2026\/02\/04\/observatorio-acusa-pequim-de-restringir-liberdades-em-hong-kong\/#primaryimage\",\"url\":\"https:\/\/portaltela.pt\/s.01k8rhncp4jt1\/2026\/02\/46401020.jpg\",\"contentUrl\":\"https:\/\/portaltela.pt\/s.01k8rhncp4jt1\/2026\/02\/46401020.jpg\",\"width\":796,\"height\":448,\"caption\":\"Observat\u00f3rio acusa Pequim de destruir liberdades em Hong Kong\"},{\"@type\":\"BreadcrumbList\",\"@id\":\"https:\/\/portaltela.pt\/noticias\/2026\/02\/04\/observatorio-acusa-pequim-de-restringir-liberdades-em-hong-kong\/#breadcrumb\",\"itemListElement\":[{\"@type\":\"ListItem\",\"position\":1,\"name\":\"In\u00edcio\",\"item\":\"https:\/\/portaltela.pt\/\"},{\"@type\":\"ListItem\",\"position\":2,\"name\":\"Observat\u00f3rio acusa Pequim de restringir liberdades em Hong Kong\"}]},{\"@type\":\"WebSite\",\"@id\":\"https:\/\/portaltela.pt\/#website\",\"url\":\"https:\/\/portaltela.pt\/\",\"name\":\"Portal Tela Portugal\",\"description\":\"\",\"potentialAction\":[{\"@type\":\"SearchAction\",\"target\":{\"@type\":\"EntryPoint\",\"urlTemplate\":\"https:\/\/portaltela.pt\/?s={search_term_string}\"},\"query-input\":{\"@type\":\"PropertyValueSpecification\",\"valueRequired\":true,\"valueName\":\"search_term_string\"}}],\"inLanguage\":\"pt-PT\"},{\"@type\":\"Person\",\"@id\":\"https:\/\/portaltela.pt\/#\/schema\/person\/c4278d4a6028830caff9ee44b42d32ed\",\"name\":\"Telinha\",\"image\":{\"@type\":\"ImageObject\",\"inLanguage\":\"pt-PT\",\"@id\":\"https:\/\/portaltela.pt\/s.01k8rhncp4jt1\/2025\/11\/talking-bot-125x125.png\",\"url\":\"https:\/\/portaltela.pt\/s.01k8rhncp4jt1\/2025\/11\/talking-bot-125x125.png\",\"contentUrl\":\"https:\/\/portaltela.pt\/s.01k8rhncp4jt1\/2025\/11\/talking-bot-125x125.png\",\"caption\":\"Telinha\"},\"sameAs\":[\"https:\/\/portaltela.pt\/\"],\"url\":\"https:\/\/portaltela.pt\/por\/367410592786\/\"}]}<\/script>\n<!-- \/ Yoast SEO plugin. -->","yoast_head_json":{"title":"Observat\u00f3rio acusa Pequim de restringir liberdades em Hong Kong - Portal Tela Portugal","robots":{"index":"index","follow":"follow","max-snippet":"max-snippet:-1","max-image-preview":"max-image-preview:large","max-video-preview":"max-video-preview:-1"},"og_locale":"pt_PT","og_type":"article","og_title":"Observat\u00f3rio acusa Pequim de restringir liberdades em Hong Kong - Portal Tela Portugal","og_description":"O Observat\u00f3rio dos Direitos Humanos acusa Pequim de destruir as liberdades em Hong Kong, cinco anos ap\u00f3s a entrada em vigor da Lei de Seguran\u00e7a Nacional. O relat\u00f3rio descreve o colapso do espa\u00e7o c\u00edvico, a criminaliza\u00e7\u00e3o da dissid\u00eancia e o decl\u00ednio da imprensa independente. Desde 2020, dezenas de figuras da oposi\u00e7\u00e3o foram presas, \u00f3rg\u00e3os de comunica\u00e7\u00e3o independentes encerrados e grupos da sociedade civilfor\u00e7ados a emigrar. Centenas de pessoas continuam detidas ou a enfrentar julgamento por acusa\u00e7\u00f5es pol\u00edticas, com recorrentes recusas de fian\u00e7a, deten\u00e7\u00e3o prolongada e atrasos nos processos. O documento alerta para planos de legisla\u00e7\u00e3o adicional de seguran\u00e7a nacional ao abrigo do Artigo 23 da Lei B\u00e1sica, que pode restringir ainda mais a liberdade de express\u00e3o, reuni\u00e3o e associa\u00e7\u00e3o.","og_url":"https:\/\/portaltela.pt\/noticias\/2026\/02\/04\/observatorio-acusa-pequim-de-restringir-liberdades-em-hong-kong\/","og_site_name":"Portal Tela Portugal","article_published_time":"2026-02-04T07:59:00+00:00","author":"Telinha","twitter_card":"summary_large_image","twitter_misc":{"Escrito por":"Telinha","Tempo estimado de leitura":"2 minutos"},"schema":{"@context":"https:\/\/schema.org","@graph":[{"@type":"Article","@id":"https:\/\/portaltela.pt\/noticias\/2026\/02\/04\/observatorio-acusa-pequim-de-restringir-liberdades-em-hong-kong\/#article","isPartOf":{"@id":"https:\/\/portaltela.pt\/noticias\/2026\/02\/04\/observatorio-acusa-pequim-de-restringir-liberdades-em-hong-kong\/"},"author":{"name":"Telinha","@id":"https:\/\/portaltela.pt\/#\/schema\/person\/c4278d4a6028830caff9ee44b42d32ed"},"headline":"Observat\u00f3rio acusa Pequim de restringir liberdades em Hong Kong","datePublished":"2026-02-04T07:59:00+00:00","mainEntityOfPage":{"@id":"https:\/\/portaltela.pt\/noticias\/2026\/02\/04\/observatorio-acusa-pequim-de-restringir-liberdades-em-hong-kong\/"},"wordCount":336,"image":{"@id":"https:\/\/portaltela.pt\/noticias\/2026\/02\/04\/observatorio-acusa-pequim-de-restringir-liberdades-em-hong-kong\/#primaryimage"},"thumbnailUrl":"https:\/\/portaltela.pt\/s.01k8rhncp4jt1\/2026\/02\/46401020.jpg","keywords":["direitos humanos","imprensa","Lei de Seguran\u00e7a Nacional","liberdade de express\u00e3o","liberdade de imprensa"],"articleSection":["Not\u00edcias"],"inLanguage":"pt-PT"},{"@type":"WebPage","@id":"https:\/\/portaltela.pt\/noticias\/2026\/02\/04\/observatorio-acusa-pequim-de-restringir-liberdades-em-hong-kong\/","url":"https:\/\/portaltela.pt\/noticias\/2026\/02\/04\/observatorio-acusa-pequim-de-restringir-liberdades-em-hong-kong\/","name":"Observat\u00f3rio acusa Pequim de restringir liberdades em Hong Kong - Portal Tela Portugal","isPartOf":{"@id":"https:\/\/portaltela.pt\/#website"},"primaryImageOfPage":{"@id":"https:\/\/portaltela.pt\/noticias\/2026\/02\/04\/observatorio-acusa-pequim-de-restringir-liberdades-em-hong-kong\/#primaryimage"},"image":{"@id":"https:\/\/portaltela.pt\/noticias\/2026\/02\/04\/observatorio-acusa-pequim-de-restringir-liberdades-em-hong-kong\/#primaryimage"},"thumbnailUrl":"https:\/\/portaltela.pt\/s.01k8rhncp4jt1\/2026\/02\/46401020.jpg","datePublished":"2026-02-04T07:59:00+00:00","author":{"@id":"https:\/\/portaltela.pt\/#\/schema\/person\/c4278d4a6028830caff9ee44b42d32ed"},"breadcrumb":{"@id":"https:\/\/portaltela.pt\/noticias\/2026\/02\/04\/observatorio-acusa-pequim-de-restringir-liberdades-em-hong-kong\/#breadcrumb"},"inLanguage":"pt-PT","potentialAction":[{"@type":"ReadAction","target":["https:\/\/portaltela.pt\/noticias\/2026\/02\/04\/observatorio-acusa-pequim-de-restringir-liberdades-em-hong-kong\/"]}]},{"@type":"ImageObject","inLanguage":"pt-PT","@id":"https:\/\/portaltela.pt\/noticias\/2026\/02\/04\/observatorio-acusa-pequim-de-restringir-liberdades-em-hong-kong\/#primaryimage","url":"https:\/\/portaltela.pt\/s.01k8rhncp4jt1\/2026\/02\/46401020.jpg","contentUrl":"https:\/\/portaltela.pt\/s.01k8rhncp4jt1\/2026\/02\/46401020.jpg","width":796,"height":448,"caption":"Observat\u00f3rio acusa Pequim de destruir liberdades em Hong Kong"},{"@type":"BreadcrumbList","@id":"https:\/\/portaltela.pt\/noticias\/2026\/02\/04\/observatorio-acusa-pequim-de-restringir-liberdades-em-hong-kong\/#breadcrumb","itemListElement":[{"@type":"ListItem","position":1,"name":"In\u00edcio","item":"https:\/\/portaltela.pt\/"},{"@type":"ListItem","position":2,"name":"Observat\u00f3rio acusa Pequim de restringir liberdades em Hong Kong"}]},{"@type":"WebSite","@id":"https:\/\/portaltela.pt\/#website","url":"https:\/\/portaltela.pt\/","name":"Portal Tela Portugal","description":"","potentialAction":[{"@type":"SearchAction","target":{"@type":"EntryPoint","urlTemplate":"https:\/\/portaltela.pt\/?s={search_term_string}"},"query-input":{"@type":"PropertyValueSpecification","valueRequired":true,"valueName":"search_term_string"}}],"inLanguage":"pt-PT"},{"@type":"Person","@id":"https:\/\/portaltela.pt\/#\/schema\/person\/c4278d4a6028830caff9ee44b42d32ed","name":"Telinha","image":{"@type":"ImageObject","inLanguage":"pt-PT","@id":"https:\/\/portaltela.pt\/s.01k8rhncp4jt1\/2025\/11\/talking-bot-125x125.png","url":"https:\/\/portaltela.pt\/s.01k8rhncp4jt1\/2025\/11\/talking-bot-125x125.png","contentUrl":"https:\/\/portaltela.pt\/s.01k8rhncp4jt1\/2025\/11\/talking-bot-125x125.png","caption":"Telinha"},"sameAs":["https:\/\/portaltela.pt\/"],"url":"https:\/\/portaltela.pt\/por\/367410592786\/"}]}},"_links":{"self":[{"href":"https:\/\/portaltela.pt\/api\/wp\/v2\/posts\/195838","targetHints":{"allow":["GET"]}}],"collection":[{"href":"https:\/\/portaltela.pt\/api\/wp\/v2\/posts"}],"about":[{"href":"https:\/\/portaltela.pt\/api\/wp\/v2\/types\/post"}],"author":[{"embeddable":true,"href":"https:\/\/portaltela.pt\/api\/wp\/v2\/users\/2"}],"replies":[{"embeddable":true,"href":"https:\/\/portaltela.pt\/api\/wp\/v2\/comments?post=195838"}],"version-history":[{"count":0,"href":"https:\/\/portaltela.pt\/api\/wp\/v2\/posts\/195838\/revisions"}],"wp:featuredmedia":[{"embeddable":true,"href":"https:\/\/portaltela.pt\/api\/wp\/v2\/media\/195839"}],"wp:attachment":[{"href":"https:\/\/portaltela.pt\/api\/wp\/v2\/media?parent=195838"}],"wp:term":[{"taxonomy":"category","embeddable":true,"href":"https:\/\/portaltela.pt\/api\/wp\/v2\/categories?post=195838"},{"taxonomy":"post_tag","embeddable":true,"href":"https:\/\/portaltela.pt\/api\/wp\/v2\/tags?post=195838"}],"curies":[{"name":"wp","href":"https:\/\/api.w.org\/{rel}","templated":true}]}}