{"id":195802,"date":"2026-02-04T05:15:00","date_gmt":"2026-02-04T08:15:00","guid":{"rendered":"https:\/\/portaltela.pt\/noticias\/2026\/02\/04\/mais-ouvido-da-2a-temporada-da-liga-dos-inovadores-associa-pratos-ikea-a-vista-alegre\/"},"modified":"2026-02-04T05:15:00","modified_gmt":"2026-02-04T08:15:00","slug":"mais-ouvido-da-2a-temporada-da-liga-dos-inovadores-associa-pratos-ikea-a-vista-alegre","status":"publish","type":"post","link":"https:\/\/portaltela.pt\/noticias\/economia\/2026\/02\/04\/mais-ouvido-da-2a-temporada-da-liga-dos-inovadores-associa-pratos-ikea-a-vista-alegre\/","title":{"rendered":"Mais ouvido da 2\u00aa temporada da Liga dos Inovadores associa pratos IKEA a Vista Alegre"},"content":{"rendered":"<p>Foi em 2012 que come\u00e7ou a lideran\u00e7a da Vista Alegre na produ\u00e7\u00e3o de lou\u00e7a em gr\u00e9s, ap\u00f3s um concurso internacional da IKEA. A empresa de \u00cdlhavo passou a investir numa tecnologia de monocozedura em vez de bicozedura, para aumentar rapidez, efici\u00eancia e sustentabilidade.<\/p>\n<p>Hoje, a Vista Alegre fornece cerca de 50 milh\u00f5es de pe\u00e7as por ano ao gigante sueco do mobili\u00e1rio. A afirma\u00e7\u00e3o resulta de uma mudan\u00e7a tecnol\u00f3gica que se tornou estrat\u00e9gica para a produ\u00e7\u00e3o em larga escala.<\/p>\n<p>Na Liga dos Inovadores, Teodorico Pais, administrador da Vista Alegre, descreve o impacto da transforma\u00e7\u00e3o. O executivo acompanha a empresa desde 1994, tendo visto a recupera\u00e7\u00e3o ap\u00f3s o resgate pelo grupo Visabeira em 2009.<\/p>\n<p>Claudia Schiffer \u00e9 citada como exemplo de parceria estrat\u00e9gica. Pais afirma que a supervisora de design mant\u00e9m rela\u00e7\u00e3o duradoura com a marca, destacando o papel de parcerias de relevo para o crescimento.<\/p>\n<p>No ano passado, a Vista Alegre anunciou a entrada de Cristiano Ronaldo como acionista. O empres\u00e1rio \u00e9 apresentado como uma figura que refor\u00e7a a portugalidade da marca, segundo a narrativa da empresa.<\/p>\n<p>O podcast Liga dos Inovadores, produzido pelo Expresso, analisa o que de mais inovador acontece em Portugal. Elisabete Miranda e Pedro Lima apresentam gestores, diretores e profissionais que moldam o mercado e a imagem econ\u00f3mica do pa\u00eds.<\/p>\n","protected":false},"excerpt":{"rendered":"<ul>\n<li>Em dois mil doze, um concurso internacional da IKEA levou a Vista Alegre a apostar na monocozedura, tecnologia que tornou a produ\u00e7\u00e3o mais r\u00e1pida, eficiente e sustent\u00e1vel.<\/li>\n<li>Hoje, a Vista Alegre fornece cinquenta milh\u00f5es de pe\u00e7as de lou\u00e7a em gr\u00e9s por ano ao gigante sueco do mobili\u00e1rio.<\/li>\n<li>O administrador Teodorico Pais destaca a parceria com a IKEA e a aposta no design, bem como a liga\u00e7\u00e3o duradoura com a modelo Claudia Schiffer.<\/li>\n<li>No ano passado, Cristiano Ronaldo tornou-se acionista da Vista Alegre, afirmando que a marca representa a portugalidade em m\u00e1ximo expoente.<\/li>\n<li>O podcast Liga dos Inovadores, do Expresso, acompanha as inova\u00e7\u00f5es e os impactos econ\u00f3micos em Portugal, com epis\u00f3dios semanais \u00e0s quartas-feiras.<\/li>\n<\/ul>\n","protected":false},"author":2,"featured_media":195819,"comment_status":"closed","ping_status":"closed","sticky":false,"template":"","format":"standard","meta":{"footnotes":""},"categories":[2,1],"tags":[5347,3022,1947,28,1080,1033],"class_list":["post-195802","post","type-post","status-publish","format-standard","has-post-thumbnail","hentry","category-economia","category-noticias","tag-a-vista-alegre","tag-ceramica","tag-cristiano-ronaldo","tag-economia","tag-ilhavo","tag-made-in-portugal"],"yoast_head":"<!-- This site is optimized with the Yoast SEO plugin v27.2 - https:\/\/yoast.com\/product\/yoast-seo-wordpress\/ -->\n<title>Mais ouvido da 2\u00aa temporada da Liga dos Inovadores associa pratos IKEA a Vista Alegre - Portal Tela Portugal<\/title>\n<meta name=\"robots\" content=\"index, follow, max-snippet:-1, max-image-preview:large, max-video-preview:-1\" \/>\n<meta property=\"og:locale\" content=\"pt_PT\" \/>\n<meta property=\"og:type\" content=\"article\" \/>\n<meta property=\"og:title\" content=\"Mais ouvido da 2\u00aa temporada da Liga dos Inovadores associa pratos IKEA a Vista Alegre - Portal Tela Portugal\" \/>\n<meta property=\"og:description\" content=\"Em dois mil doze, um concurso internacional da IKEA levou a Vista Alegre a apostar na monocozedura, tecnologia que tornou a produ\u00e7\u00e3o mais r\u00e1pida, eficiente e sustent\u00e1vel. Hoje, a Vista Alegre fornece cinquenta milh\u00f5es de pe\u00e7as de lou\u00e7a em gr\u00e9s por ano ao gigante sueco do mobili\u00e1rio. O administrador Teodorico Pais destaca a parceria com a IKEA e a aposta no design, bem como a liga\u00e7\u00e3o duradoura com a modelo Claudia Schiffer. No ano passado, Cristiano Ronaldo tornou-se acionista da Vista Alegre, afirmando que a marca representa a portugalidade em m\u00e1ximo expoente. O podcast Liga dos Inovadores, do Expresso, acompanha as inova\u00e7\u00f5es e os impactos econ\u00f3micos em Portugal, com epis\u00f3dios semanais \u00e0s quartas-feiras.\" \/>\n<meta property=\"og:url\" content=\"https:\/\/portaltela.pt\/noticias\/2026\/02\/04\/mais-ouvido-da-2a-temporada-da-liga-dos-inovadores-associa-pratos-ikea-a-vista-alegre\/\" \/>\n<meta property=\"og:site_name\" content=\"Portal Tela Portugal\" \/>\n<meta property=\"article:published_time\" content=\"2026-02-04T08:15:00+00:00\" \/>\n<meta name=\"author\" content=\"Telinha\" \/>\n<meta name=\"twitter:card\" content=\"summary_large_image\" \/>\n<meta name=\"twitter:label1\" content=\"Escrito por\" \/>\n\t<meta name=\"twitter:data1\" content=\"Telinha\" \/>\n\t<meta name=\"twitter:label2\" content=\"Tempo estimado de leitura\" \/>\n\t<meta name=\"twitter:data2\" content=\"1 minuto\" \/>\n<script type=\"application\/ld+json\" class=\"yoast-schema-graph\">{\"@context\":\"https:\/\/schema.org\",\"@graph\":[{\"@type\":\"Article\",\"@id\":\"https:\/\/portaltela.pt\/noticias\/2026\/02\/04\/mais-ouvido-da-2a-temporada-da-liga-dos-inovadores-associa-pratos-ikea-a-vista-alegre\/#article\",\"isPartOf\":{\"@id\":\"https:\/\/portaltela.pt\/noticias\/2026\/02\/04\/mais-ouvido-da-2a-temporada-da-liga-dos-inovadores-associa-pratos-ikea-a-vista-alegre\/\"},\"author\":{\"name\":\"Telinha\",\"@id\":\"https:\/\/portaltela.pt\/#\/schema\/person\/c4278d4a6028830caff9ee44b42d32ed\"},\"headline\":\"Mais ouvido da 2\u00aa temporada da Liga dos Inovadores associa pratos IKEA a Vista Alegre\",\"datePublished\":\"2026-02-04T08:15:00+00:00\",\"mainEntityOfPage\":{\"@id\":\"https:\/\/portaltela.pt\/noticias\/2026\/02\/04\/mais-ouvido-da-2a-temporada-da-liga-dos-inovadores-associa-pratos-ikea-a-vista-alegre\/\"},\"wordCount\":246,\"image\":{\"@id\":\"https:\/\/portaltela.pt\/noticias\/2026\/02\/04\/mais-ouvido-da-2a-temporada-da-liga-dos-inovadores-associa-pratos-ikea-a-vista-alegre\/#primaryimage\"},\"thumbnailUrl\":\"https:\/\/portaltela.pt\/s.01k8rhncp4jt1\/2026\/02\/unnamed-file-1099.jpg\",\"keywords\":[\"A Vista Alegre\",\"cer\u00e2mica\",\"Cristiano Ronaldo\",\"economia\",\"\u00cdlhavo\",\"Made in Portugal\"],\"articleSection\":[\"Economia\",\"Not\u00edcias\"],\"inLanguage\":\"pt-PT\"},{\"@type\":\"WebPage\",\"@id\":\"https:\/\/portaltela.pt\/noticias\/2026\/02\/04\/mais-ouvido-da-2a-temporada-da-liga-dos-inovadores-associa-pratos-ikea-a-vista-alegre\/\",\"url\":\"https:\/\/portaltela.pt\/noticias\/2026\/02\/04\/mais-ouvido-da-2a-temporada-da-liga-dos-inovadores-associa-pratos-ikea-a-vista-alegre\/\",\"name\":\"Mais ouvido da 2\u00aa temporada da Liga dos Inovadores associa pratos IKEA a Vista Alegre - Portal Tela Portugal\",\"isPartOf\":{\"@id\":\"https:\/\/portaltela.pt\/#website\"},\"primaryImageOfPage\":{\"@id\":\"https:\/\/portaltela.pt\/noticias\/2026\/02\/04\/mais-ouvido-da-2a-temporada-da-liga-dos-inovadores-associa-pratos-ikea-a-vista-alegre\/#primaryimage\"},\"image\":{\"@id\":\"https:\/\/portaltela.pt\/noticias\/2026\/02\/04\/mais-ouvido-da-2a-temporada-da-liga-dos-inovadores-associa-pratos-ikea-a-vista-alegre\/#primaryimage\"},\"thumbnailUrl\":\"https:\/\/portaltela.pt\/s.01k8rhncp4jt1\/2026\/02\/unnamed-file-1099.jpg\",\"datePublished\":\"2026-02-04T08:15:00+00:00\",\"author\":{\"@id\":\"https:\/\/portaltela.pt\/#\/schema\/person\/c4278d4a6028830caff9ee44b42d32ed\"},\"breadcrumb\":{\"@id\":\"https:\/\/portaltela.pt\/noticias\/2026\/02\/04\/mais-ouvido-da-2a-temporada-da-liga-dos-inovadores-associa-pratos-ikea-a-vista-alegre\/#breadcrumb\"},\"inLanguage\":\"pt-PT\",\"potentialAction\":[{\"@type\":\"ReadAction\",\"target\":[\"https:\/\/portaltela.pt\/noticias\/2026\/02\/04\/mais-ouvido-da-2a-temporada-da-liga-dos-inovadores-associa-pratos-ikea-a-vista-alegre\/\"]}]},{\"@type\":\"ImageObject\",\"inLanguage\":\"pt-PT\",\"@id\":\"https:\/\/portaltela.pt\/noticias\/2026\/02\/04\/mais-ouvido-da-2a-temporada-da-liga-dos-inovadores-associa-pratos-ikea-a-vista-alegre\/#primaryimage\",\"url\":\"https:\/\/portaltela.pt\/s.01k8rhncp4jt1\/2026\/02\/unnamed-file-1099.jpg\",\"contentUrl\":\"https:\/\/portaltela.pt\/s.01k8rhncp4jt1\/2026\/02\/unnamed-file-1099.jpg\",\"width\":796,\"height\":448,\"caption\":\"O mais ouvido da 2\u00aa temporada da Liga dos Inovadores. \u201cQuando compramos pratos na IKEA, a grande probabilidade \u00e9 serem da Vista Alegre\u201d\"},{\"@type\":\"BreadcrumbList\",\"@id\":\"https:\/\/portaltela.pt\/noticias\/2026\/02\/04\/mais-ouvido-da-2a-temporada-da-liga-dos-inovadores-associa-pratos-ikea-a-vista-alegre\/#breadcrumb\",\"itemListElement\":[{\"@type\":\"ListItem\",\"position\":1,\"name\":\"In\u00edcio\",\"item\":\"https:\/\/portaltela.pt\/\"},{\"@type\":\"ListItem\",\"position\":2,\"name\":\"Mais ouvido da 2\u00aa temporada da Liga dos Inovadores associa pratos IKEA a Vista Alegre\"}]},{\"@type\":\"WebSite\",\"@id\":\"https:\/\/portaltela.pt\/#website\",\"url\":\"https:\/\/portaltela.pt\/\",\"name\":\"Portal Tela Portugal\",\"description\":\"\",\"potentialAction\":[{\"@type\":\"SearchAction\",\"target\":{\"@type\":\"EntryPoint\",\"urlTemplate\":\"https:\/\/portaltela.pt\/?s={search_term_string}\"},\"query-input\":{\"@type\":\"PropertyValueSpecification\",\"valueRequired\":true,\"valueName\":\"search_term_string\"}}],\"inLanguage\":\"pt-PT\"},{\"@type\":\"Person\",\"@id\":\"https:\/\/portaltela.pt\/#\/schema\/person\/c4278d4a6028830caff9ee44b42d32ed\",\"name\":\"Telinha\",\"image\":{\"@type\":\"ImageObject\",\"inLanguage\":\"pt-PT\",\"@id\":\"https:\/\/portaltela.pt\/s.01k8rhncp4jt1\/2025\/11\/talking-bot-125x125.png\",\"url\":\"https:\/\/portaltela.pt\/s.01k8rhncp4jt1\/2025\/11\/talking-bot-125x125.png\",\"contentUrl\":\"https:\/\/portaltela.pt\/s.01k8rhncp4jt1\/2025\/11\/talking-bot-125x125.png\",\"caption\":\"Telinha\"},\"sameAs\":[\"https:\/\/portaltela.pt\/\"],\"url\":\"https:\/\/portaltela.pt\/por\/367410592786\/\"}]}<\/script>\n<!-- \/ Yoast SEO plugin. -->","yoast_head_json":{"title":"Mais ouvido da 2\u00aa temporada da Liga dos Inovadores associa pratos IKEA a Vista Alegre - Portal Tela Portugal","robots":{"index":"index","follow":"follow","max-snippet":"max-snippet:-1","max-image-preview":"max-image-preview:large","max-video-preview":"max-video-preview:-1"},"og_locale":"pt_PT","og_type":"article","og_title":"Mais ouvido da 2\u00aa temporada da Liga dos Inovadores associa pratos IKEA a Vista Alegre - Portal Tela Portugal","og_description":"Em dois mil doze, um concurso internacional da IKEA levou a Vista Alegre a apostar na monocozedura, tecnologia que tornou a produ\u00e7\u00e3o mais r\u00e1pida, eficiente e sustent\u00e1vel. Hoje, a Vista Alegre fornece cinquenta milh\u00f5es de pe\u00e7as de lou\u00e7a em gr\u00e9s por ano ao gigante sueco do mobili\u00e1rio. O administrador Teodorico Pais destaca a parceria com a IKEA e a aposta no design, bem como a liga\u00e7\u00e3o duradoura com a modelo Claudia Schiffer. No ano passado, Cristiano Ronaldo tornou-se acionista da Vista Alegre, afirmando que a marca representa a portugalidade em m\u00e1ximo expoente. O podcast Liga dos Inovadores, do Expresso, acompanha as inova\u00e7\u00f5es e os impactos econ\u00f3micos em Portugal, com epis\u00f3dios semanais \u00e0s quartas-feiras.","og_url":"https:\/\/portaltela.pt\/noticias\/2026\/02\/04\/mais-ouvido-da-2a-temporada-da-liga-dos-inovadores-associa-pratos-ikea-a-vista-alegre\/","og_site_name":"Portal Tela Portugal","article_published_time":"2026-02-04T08:15:00+00:00","author":"Telinha","twitter_card":"summary_large_image","twitter_misc":{"Escrito por":"Telinha","Tempo estimado de leitura":"1 minuto"},"schema":{"@context":"https:\/\/schema.org","@graph":[{"@type":"Article","@id":"https:\/\/portaltela.pt\/noticias\/2026\/02\/04\/mais-ouvido-da-2a-temporada-da-liga-dos-inovadores-associa-pratos-ikea-a-vista-alegre\/#article","isPartOf":{"@id":"https:\/\/portaltela.pt\/noticias\/2026\/02\/04\/mais-ouvido-da-2a-temporada-da-liga-dos-inovadores-associa-pratos-ikea-a-vista-alegre\/"},"author":{"name":"Telinha","@id":"https:\/\/portaltela.pt\/#\/schema\/person\/c4278d4a6028830caff9ee44b42d32ed"},"headline":"Mais ouvido da 2\u00aa temporada da Liga dos Inovadores associa pratos IKEA a Vista Alegre","datePublished":"2026-02-04T08:15:00+00:00","mainEntityOfPage":{"@id":"https:\/\/portaltela.pt\/noticias\/2026\/02\/04\/mais-ouvido-da-2a-temporada-da-liga-dos-inovadores-associa-pratos-ikea-a-vista-alegre\/"},"wordCount":246,"image":{"@id":"https:\/\/portaltela.pt\/noticias\/2026\/02\/04\/mais-ouvido-da-2a-temporada-da-liga-dos-inovadores-associa-pratos-ikea-a-vista-alegre\/#primaryimage"},"thumbnailUrl":"https:\/\/portaltela.pt\/s.01k8rhncp4jt1\/2026\/02\/unnamed-file-1099.jpg","keywords":["A Vista Alegre","cer\u00e2mica","Cristiano Ronaldo","economia","\u00cdlhavo","Made in Portugal"],"articleSection":["Economia","Not\u00edcias"],"inLanguage":"pt-PT"},{"@type":"WebPage","@id":"https:\/\/portaltela.pt\/noticias\/2026\/02\/04\/mais-ouvido-da-2a-temporada-da-liga-dos-inovadores-associa-pratos-ikea-a-vista-alegre\/","url":"https:\/\/portaltela.pt\/noticias\/2026\/02\/04\/mais-ouvido-da-2a-temporada-da-liga-dos-inovadores-associa-pratos-ikea-a-vista-alegre\/","name":"Mais ouvido da 2\u00aa temporada da Liga dos Inovadores associa pratos IKEA a Vista Alegre - Portal Tela Portugal","isPartOf":{"@id":"https:\/\/portaltela.pt\/#website"},"primaryImageOfPage":{"@id":"https:\/\/portaltela.pt\/noticias\/2026\/02\/04\/mais-ouvido-da-2a-temporada-da-liga-dos-inovadores-associa-pratos-ikea-a-vista-alegre\/#primaryimage"},"image":{"@id":"https:\/\/portaltela.pt\/noticias\/2026\/02\/04\/mais-ouvido-da-2a-temporada-da-liga-dos-inovadores-associa-pratos-ikea-a-vista-alegre\/#primaryimage"},"thumbnailUrl":"https:\/\/portaltela.pt\/s.01k8rhncp4jt1\/2026\/02\/unnamed-file-1099.jpg","datePublished":"2026-02-04T08:15:00+00:00","author":{"@id":"https:\/\/portaltela.pt\/#\/schema\/person\/c4278d4a6028830caff9ee44b42d32ed"},"breadcrumb":{"@id":"https:\/\/portaltela.pt\/noticias\/2026\/02\/04\/mais-ouvido-da-2a-temporada-da-liga-dos-inovadores-associa-pratos-ikea-a-vista-alegre\/#breadcrumb"},"inLanguage":"pt-PT","potentialAction":[{"@type":"ReadAction","target":["https:\/\/portaltela.pt\/noticias\/2026\/02\/04\/mais-ouvido-da-2a-temporada-da-liga-dos-inovadores-associa-pratos-ikea-a-vista-alegre\/"]}]},{"@type":"ImageObject","inLanguage":"pt-PT","@id":"https:\/\/portaltela.pt\/noticias\/2026\/02\/04\/mais-ouvido-da-2a-temporada-da-liga-dos-inovadores-associa-pratos-ikea-a-vista-alegre\/#primaryimage","url":"https:\/\/portaltela.pt\/s.01k8rhncp4jt1\/2026\/02\/unnamed-file-1099.jpg","contentUrl":"https:\/\/portaltela.pt\/s.01k8rhncp4jt1\/2026\/02\/unnamed-file-1099.jpg","width":796,"height":448,"caption":"O mais ouvido da 2\u00aa temporada da Liga dos Inovadores. \u201cQuando compramos pratos na IKEA, a grande probabilidade \u00e9 serem da Vista Alegre\u201d"},{"@type":"BreadcrumbList","@id":"https:\/\/portaltela.pt\/noticias\/2026\/02\/04\/mais-ouvido-da-2a-temporada-da-liga-dos-inovadores-associa-pratos-ikea-a-vista-alegre\/#breadcrumb","itemListElement":[{"@type":"ListItem","position":1,"name":"In\u00edcio","item":"https:\/\/portaltela.pt\/"},{"@type":"ListItem","position":2,"name":"Mais ouvido da 2\u00aa temporada da Liga dos Inovadores associa pratos IKEA a Vista Alegre"}]},{"@type":"WebSite","@id":"https:\/\/portaltela.pt\/#website","url":"https:\/\/portaltela.pt\/","name":"Portal Tela Portugal","description":"","potentialAction":[{"@type":"SearchAction","target":{"@type":"EntryPoint","urlTemplate":"https:\/\/portaltela.pt\/?s={search_term_string}"},"query-input":{"@type":"PropertyValueSpecification","valueRequired":true,"valueName":"search_term_string"}}],"inLanguage":"pt-PT"},{"@type":"Person","@id":"https:\/\/portaltela.pt\/#\/schema\/person\/c4278d4a6028830caff9ee44b42d32ed","name":"Telinha","image":{"@type":"ImageObject","inLanguage":"pt-PT","@id":"https:\/\/portaltela.pt\/s.01k8rhncp4jt1\/2025\/11\/talking-bot-125x125.png","url":"https:\/\/portaltela.pt\/s.01k8rhncp4jt1\/2025\/11\/talking-bot-125x125.png","contentUrl":"https:\/\/portaltela.pt\/s.01k8rhncp4jt1\/2025\/11\/talking-bot-125x125.png","caption":"Telinha"},"sameAs":["https:\/\/portaltela.pt\/"],"url":"https:\/\/portaltela.pt\/por\/367410592786\/"}]}},"_links":{"self":[{"href":"https:\/\/portaltela.pt\/api\/wp\/v2\/posts\/195802","targetHints":{"allow":["GET"]}}],"collection":[{"href":"https:\/\/portaltela.pt\/api\/wp\/v2\/posts"}],"about":[{"href":"https:\/\/portaltela.pt\/api\/wp\/v2\/types\/post"}],"author":[{"embeddable":true,"href":"https:\/\/portaltela.pt\/api\/wp\/v2\/users\/2"}],"replies":[{"embeddable":true,"href":"https:\/\/portaltela.pt\/api\/wp\/v2\/comments?post=195802"}],"version-history":[{"count":0,"href":"https:\/\/portaltela.pt\/api\/wp\/v2\/posts\/195802\/revisions"}],"wp:featuredmedia":[{"embeddable":true,"href":"https:\/\/portaltela.pt\/api\/wp\/v2\/media\/195819"}],"wp:attachment":[{"href":"https:\/\/portaltela.pt\/api\/wp\/v2\/media?parent=195802"}],"wp:term":[{"taxonomy":"category","embeddable":true,"href":"https:\/\/portaltela.pt\/api\/wp\/v2\/categories?post=195802"},{"taxonomy":"post_tag","embeddable":true,"href":"https:\/\/portaltela.pt\/api\/wp\/v2\/tags?post=195802"}],"curies":[{"name":"wp","href":"https:\/\/api.w.org\/{rel}","templated":true}]}}