{"id":195792,"date":"2026-02-04T05:17:54","date_gmt":"2026-02-04T08:17:54","guid":{"rendered":"https:\/\/portaltela.pt\/noticias\/2026\/02\/04\/roque-de-pinho-deixa-a-media-capital\/"},"modified":"2026-02-04T05:17:54","modified_gmt":"2026-02-04T08:17:54","slug":"roque-de-pinho-deixa-a-media-capital","status":"publish","type":"post","link":"https:\/\/portaltela.pt\/noticias\/2026\/02\/04\/roque-de-pinho-deixa-a-media-capital\/","title":{"rendered":"Roque de Pinho deixa a Media Capital"},"content":{"rendered":"<p>O diretor executivo da CNN Portugal chegou a acordo com a Media Capital para deixar a empresa. A sa\u00edda resulta de um acordo entre as partes.<\/p>\n<p>A TVI agradeceu pelos bons servi\u00e7os prestados ao longo de quase seis anos e destacou o exemplar profissionalismo e a dedica\u00e7\u00e3o de Roque de Pinho no lan\u00e7amento do canal de informa\u00e7\u00e3o.<\/p>\n<p>Roque de Pinho enfrentou v\u00e1rias queixas no canal de den\u00fancias da empresa por alegados favorecimentos a homens gays na gest\u00e3o da equipa, acusa\u00e7\u00f5es que ambas as partes repudiaram.<\/p>\n<h3>Contexto e reac\u00e7\u00f5es<\/h3>\n<p>Numa declara\u00e7\u00e3o conjunta divulgada na ter\u00e7a-feira, a TVI afirmou reconhecer a contribui\u00e7\u00e3o de Roque de Pinho e a sua participa\u00e7\u00e3o no projeto informativo da CNN Portugal.<\/p>\n<p>As partes n\u00e3o divulgam termos do acordo nem detalhes sobre o processo de sa\u00edda, mantendo a informa\u00e7\u00e3o em linha estritamente factual.<\/p>\n","protected":false},"excerpt":{"rendered":"<ul>\n<li>O diretor executivo da CNN Portugal, Roque de Pinho, chegou a acordo com a Media Capital para a sua sa\u00edda da empresa.<\/li>\n<li>A TVI divulgou uma declara\u00e7\u00e3o conjunta agradecendo os \u201cbons servi\u00e7os prestados ao longo de quase seis anos\u201d pelo jornalista.<\/li>\n<li>O agradecimento destaca o \u201cexemplar profissionalismo e dedica\u00e7\u00e3o\u201d de Roque de Pinho no lan\u00e7amento do canal de informa\u00e7\u00e3o.<\/li>\n<li>Roque de Pinho esteve envolvido em v\u00e1rias queixas no canal de den\u00fancias da empresa por alegados favorecimentos a homens gay na gest\u00e3o da equipa.<\/li>\n<li>Ambas as partes repudiaram essas alega\u00e7\u00f5es, segundo a declara\u00e7\u00e3o conjunta.<\/li>\n<\/ul>\n","protected":false},"author":2,"featured_media":195794,"comment_status":"closed","ping_status":"closed","sticky":false,"template":"","format":"standard","meta":{"footnotes":""},"categories":[1],"tags":[3467,2607,506,195,41,2780],"class_list":["post-195792","post","type-post","status-publish","format-standard","has-post-thumbnail","hentry","category-noticias","tag-cnn-portugal","tag-comunicacao","tag-imprensa","tag-informacao","tag-noticia","tag-transmissoes-televisivas"],"yoast_head":"<!-- This site is optimized with the Yoast SEO plugin v27.2 - https:\/\/yoast.com\/product\/yoast-seo-wordpress\/ -->\n<title>Roque de Pinho deixa a Media Capital - Portal Tela Portugal<\/title>\n<meta name=\"robots\" content=\"index, follow, max-snippet:-1, max-image-preview:large, max-video-preview:-1\" \/>\n<meta property=\"og:locale\" content=\"pt_PT\" \/>\n<meta property=\"og:type\" content=\"article\" \/>\n<meta property=\"og:title\" content=\"Roque de Pinho deixa a Media Capital - Portal Tela Portugal\" \/>\n<meta property=\"og:description\" content=\"O diretor executivo da CNN Portugal, Roque de Pinho, chegou a acordo com a Media Capital para a sua sa\u00edda da empresa. A TVI divulgou uma declara\u00e7\u00e3o conjunta agradecendo os \u201cbons servi\u00e7os prestados ao longo de quase seis anos\u201d pelo jornalista. O agradecimento destaca o \u201cexemplar profissionalismo e dedica\u00e7\u00e3o\u201d de Roque de Pinho no lan\u00e7amento do canal de informa\u00e7\u00e3o. Roque de Pinho esteve envolvido em v\u00e1rias queixas no canal de den\u00fancias da empresa por alegados favorecimentos a homens gay na gest\u00e3o da equipa. Ambas as partes repudiaram essas alega\u00e7\u00f5es, segundo a declara\u00e7\u00e3o conjunta.\" \/>\n<meta property=\"og:url\" content=\"https:\/\/portaltela.pt\/noticias\/2026\/02\/04\/roque-de-pinho-deixa-a-media-capital\/\" \/>\n<meta property=\"og:site_name\" content=\"Portal Tela Portugal\" \/>\n<meta property=\"article:published_time\" content=\"2026-02-04T08:17:54+00:00\" \/>\n<meta name=\"author\" content=\"Telinha\" \/>\n<meta name=\"twitter:card\" content=\"summary_large_image\" \/>\n<meta name=\"twitter:label1\" content=\"Escrito por\" \/>\n\t<meta name=\"twitter:data1\" content=\"Telinha\" \/>\n\t<meta name=\"twitter:label2\" content=\"Tempo estimado de leitura\" \/>\n\t<meta name=\"twitter:data2\" content=\"1 minuto\" \/>\n<script type=\"application\/ld+json\" class=\"yoast-schema-graph\">{\"@context\":\"https:\/\/schema.org\",\"@graph\":[{\"@type\":\"Article\",\"@id\":\"https:\/\/portaltela.pt\/noticias\/2026\/02\/04\/roque-de-pinho-deixa-a-media-capital\/#article\",\"isPartOf\":{\"@id\":\"https:\/\/portaltela.pt\/noticias\/2026\/02\/04\/roque-de-pinho-deixa-a-media-capital\/\"},\"author\":{\"name\":\"Telinha\",\"@id\":\"https:\/\/portaltela.pt\/#\/schema\/person\/c4278d4a6028830caff9ee44b42d32ed\"},\"headline\":\"Roque de Pinho deixa a Media Capital\",\"datePublished\":\"2026-02-04T08:17:54+00:00\",\"mainEntityOfPage\":{\"@id\":\"https:\/\/portaltela.pt\/noticias\/2026\/02\/04\/roque-de-pinho-deixa-a-media-capital\/\"},\"wordCount\":159,\"image\":{\"@id\":\"https:\/\/portaltela.pt\/noticias\/2026\/02\/04\/roque-de-pinho-deixa-a-media-capital\/#primaryimage\"},\"thumbnailUrl\":\"https:\/\/portaltela.pt\/s.01k8rhncp4jt1\/2026\/02\/img_1500x1000uu2025-07-17-17-36-07-2223407.jpg\",\"keywords\":[\"CNN Portugal\",\"comunica\u00e7\u00e3o\",\"imprensa\",\"informa\u00e7\u00e3o\",\"not\u00edcia\",\"transmiss\u00f5es televisivas\"],\"articleSection\":[\"Not\u00edcias\"],\"inLanguage\":\"pt-PT\"},{\"@type\":\"WebPage\",\"@id\":\"https:\/\/portaltela.pt\/noticias\/2026\/02\/04\/roque-de-pinho-deixa-a-media-capital\/\",\"url\":\"https:\/\/portaltela.pt\/noticias\/2026\/02\/04\/roque-de-pinho-deixa-a-media-capital\/\",\"name\":\"Roque de Pinho deixa a Media Capital - Portal Tela Portugal\",\"isPartOf\":{\"@id\":\"https:\/\/portaltela.pt\/#website\"},\"primaryImageOfPage\":{\"@id\":\"https:\/\/portaltela.pt\/noticias\/2026\/02\/04\/roque-de-pinho-deixa-a-media-capital\/#primaryimage\"},\"image\":{\"@id\":\"https:\/\/portaltela.pt\/noticias\/2026\/02\/04\/roque-de-pinho-deixa-a-media-capital\/#primaryimage\"},\"thumbnailUrl\":\"https:\/\/portaltela.pt\/s.01k8rhncp4jt1\/2026\/02\/img_1500x1000uu2025-07-17-17-36-07-2223407.jpg\",\"datePublished\":\"2026-02-04T08:17:54+00:00\",\"author\":{\"@id\":\"https:\/\/portaltela.pt\/#\/schema\/person\/c4278d4a6028830caff9ee44b42d32ed\"},\"breadcrumb\":{\"@id\":\"https:\/\/portaltela.pt\/noticias\/2026\/02\/04\/roque-de-pinho-deixa-a-media-capital\/#breadcrumb\"},\"inLanguage\":\"pt-PT\",\"potentialAction\":[{\"@type\":\"ReadAction\",\"target\":[\"https:\/\/portaltela.pt\/noticias\/2026\/02\/04\/roque-de-pinho-deixa-a-media-capital\/\"]}]},{\"@type\":\"ImageObject\",\"inLanguage\":\"pt-PT\",\"@id\":\"https:\/\/portaltela.pt\/noticias\/2026\/02\/04\/roque-de-pinho-deixa-a-media-capital\/#primaryimage\",\"url\":\"https:\/\/portaltela.pt\/s.01k8rhncp4jt1\/2026\/02\/img_1500x1000uu2025-07-17-17-36-07-2223407.jpg\",\"contentUrl\":\"https:\/\/portaltela.pt\/s.01k8rhncp4jt1\/2026\/02\/img_1500x1000uu2025-07-17-17-36-07-2223407.jpg\",\"width\":796,\"height\":448,\"caption\":\"Media Capital\"},{\"@type\":\"BreadcrumbList\",\"@id\":\"https:\/\/portaltela.pt\/noticias\/2026\/02\/04\/roque-de-pinho-deixa-a-media-capital\/#breadcrumb\",\"itemListElement\":[{\"@type\":\"ListItem\",\"position\":1,\"name\":\"In\u00edcio\",\"item\":\"https:\/\/portaltela.pt\/\"},{\"@type\":\"ListItem\",\"position\":2,\"name\":\"Roque de Pinho deixa a Media Capital\"}]},{\"@type\":\"WebSite\",\"@id\":\"https:\/\/portaltela.pt\/#website\",\"url\":\"https:\/\/portaltela.pt\/\",\"name\":\"Portal Tela Portugal\",\"description\":\"\",\"potentialAction\":[{\"@type\":\"SearchAction\",\"target\":{\"@type\":\"EntryPoint\",\"urlTemplate\":\"https:\/\/portaltela.pt\/?s={search_term_string}\"},\"query-input\":{\"@type\":\"PropertyValueSpecification\",\"valueRequired\":true,\"valueName\":\"search_term_string\"}}],\"inLanguage\":\"pt-PT\"},{\"@type\":\"Person\",\"@id\":\"https:\/\/portaltela.pt\/#\/schema\/person\/c4278d4a6028830caff9ee44b42d32ed\",\"name\":\"Telinha\",\"image\":{\"@type\":\"ImageObject\",\"inLanguage\":\"pt-PT\",\"@id\":\"https:\/\/portaltela.pt\/s.01k8rhncp4jt1\/2025\/11\/talking-bot-125x125.png\",\"url\":\"https:\/\/portaltela.pt\/s.01k8rhncp4jt1\/2025\/11\/talking-bot-125x125.png\",\"contentUrl\":\"https:\/\/portaltela.pt\/s.01k8rhncp4jt1\/2025\/11\/talking-bot-125x125.png\",\"caption\":\"Telinha\"},\"sameAs\":[\"https:\/\/portaltela.pt\/\"],\"url\":\"https:\/\/portaltela.pt\/por\/367410592786\/\"}]}<\/script>\n<!-- \/ Yoast SEO plugin. -->","yoast_head_json":{"title":"Roque de Pinho deixa a Media Capital - Portal Tela Portugal","robots":{"index":"index","follow":"follow","max-snippet":"max-snippet:-1","max-image-preview":"max-image-preview:large","max-video-preview":"max-video-preview:-1"},"og_locale":"pt_PT","og_type":"article","og_title":"Roque de Pinho deixa a Media Capital - Portal Tela Portugal","og_description":"O diretor executivo da CNN Portugal, Roque de Pinho, chegou a acordo com a Media Capital para a sua sa\u00edda da empresa. A TVI divulgou uma declara\u00e7\u00e3o conjunta agradecendo os \u201cbons servi\u00e7os prestados ao longo de quase seis anos\u201d pelo jornalista. O agradecimento destaca o \u201cexemplar profissionalismo e dedica\u00e7\u00e3o\u201d de Roque de Pinho no lan\u00e7amento do canal de informa\u00e7\u00e3o. Roque de Pinho esteve envolvido em v\u00e1rias queixas no canal de den\u00fancias da empresa por alegados favorecimentos a homens gay na gest\u00e3o da equipa. Ambas as partes repudiaram essas alega\u00e7\u00f5es, segundo a declara\u00e7\u00e3o conjunta.","og_url":"https:\/\/portaltela.pt\/noticias\/2026\/02\/04\/roque-de-pinho-deixa-a-media-capital\/","og_site_name":"Portal Tela Portugal","article_published_time":"2026-02-04T08:17:54+00:00","author":"Telinha","twitter_card":"summary_large_image","twitter_misc":{"Escrito por":"Telinha","Tempo estimado de leitura":"1 minuto"},"schema":{"@context":"https:\/\/schema.org","@graph":[{"@type":"Article","@id":"https:\/\/portaltela.pt\/noticias\/2026\/02\/04\/roque-de-pinho-deixa-a-media-capital\/#article","isPartOf":{"@id":"https:\/\/portaltela.pt\/noticias\/2026\/02\/04\/roque-de-pinho-deixa-a-media-capital\/"},"author":{"name":"Telinha","@id":"https:\/\/portaltela.pt\/#\/schema\/person\/c4278d4a6028830caff9ee44b42d32ed"},"headline":"Roque de Pinho deixa a Media Capital","datePublished":"2026-02-04T08:17:54+00:00","mainEntityOfPage":{"@id":"https:\/\/portaltela.pt\/noticias\/2026\/02\/04\/roque-de-pinho-deixa-a-media-capital\/"},"wordCount":159,"image":{"@id":"https:\/\/portaltela.pt\/noticias\/2026\/02\/04\/roque-de-pinho-deixa-a-media-capital\/#primaryimage"},"thumbnailUrl":"https:\/\/portaltela.pt\/s.01k8rhncp4jt1\/2026\/02\/img_1500x1000uu2025-07-17-17-36-07-2223407.jpg","keywords":["CNN Portugal","comunica\u00e7\u00e3o","imprensa","informa\u00e7\u00e3o","not\u00edcia","transmiss\u00f5es televisivas"],"articleSection":["Not\u00edcias"],"inLanguage":"pt-PT"},{"@type":"WebPage","@id":"https:\/\/portaltela.pt\/noticias\/2026\/02\/04\/roque-de-pinho-deixa-a-media-capital\/","url":"https:\/\/portaltela.pt\/noticias\/2026\/02\/04\/roque-de-pinho-deixa-a-media-capital\/","name":"Roque de Pinho deixa a Media Capital - Portal Tela Portugal","isPartOf":{"@id":"https:\/\/portaltela.pt\/#website"},"primaryImageOfPage":{"@id":"https:\/\/portaltela.pt\/noticias\/2026\/02\/04\/roque-de-pinho-deixa-a-media-capital\/#primaryimage"},"image":{"@id":"https:\/\/portaltela.pt\/noticias\/2026\/02\/04\/roque-de-pinho-deixa-a-media-capital\/#primaryimage"},"thumbnailUrl":"https:\/\/portaltela.pt\/s.01k8rhncp4jt1\/2026\/02\/img_1500x1000uu2025-07-17-17-36-07-2223407.jpg","datePublished":"2026-02-04T08:17:54+00:00","author":{"@id":"https:\/\/portaltela.pt\/#\/schema\/person\/c4278d4a6028830caff9ee44b42d32ed"},"breadcrumb":{"@id":"https:\/\/portaltela.pt\/noticias\/2026\/02\/04\/roque-de-pinho-deixa-a-media-capital\/#breadcrumb"},"inLanguage":"pt-PT","potentialAction":[{"@type":"ReadAction","target":["https:\/\/portaltela.pt\/noticias\/2026\/02\/04\/roque-de-pinho-deixa-a-media-capital\/"]}]},{"@type":"ImageObject","inLanguage":"pt-PT","@id":"https:\/\/portaltela.pt\/noticias\/2026\/02\/04\/roque-de-pinho-deixa-a-media-capital\/#primaryimage","url":"https:\/\/portaltela.pt\/s.01k8rhncp4jt1\/2026\/02\/img_1500x1000uu2025-07-17-17-36-07-2223407.jpg","contentUrl":"https:\/\/portaltela.pt\/s.01k8rhncp4jt1\/2026\/02\/img_1500x1000uu2025-07-17-17-36-07-2223407.jpg","width":796,"height":448,"caption":"Media Capital"},{"@type":"BreadcrumbList","@id":"https:\/\/portaltela.pt\/noticias\/2026\/02\/04\/roque-de-pinho-deixa-a-media-capital\/#breadcrumb","itemListElement":[{"@type":"ListItem","position":1,"name":"In\u00edcio","item":"https:\/\/portaltela.pt\/"},{"@type":"ListItem","position":2,"name":"Roque de Pinho deixa a Media Capital"}]},{"@type":"WebSite","@id":"https:\/\/portaltela.pt\/#website","url":"https:\/\/portaltela.pt\/","name":"Portal Tela Portugal","description":"","potentialAction":[{"@type":"SearchAction","target":{"@type":"EntryPoint","urlTemplate":"https:\/\/portaltela.pt\/?s={search_term_string}"},"query-input":{"@type":"PropertyValueSpecification","valueRequired":true,"valueName":"search_term_string"}}],"inLanguage":"pt-PT"},{"@type":"Person","@id":"https:\/\/portaltela.pt\/#\/schema\/person\/c4278d4a6028830caff9ee44b42d32ed","name":"Telinha","image":{"@type":"ImageObject","inLanguage":"pt-PT","@id":"https:\/\/portaltela.pt\/s.01k8rhncp4jt1\/2025\/11\/talking-bot-125x125.png","url":"https:\/\/portaltela.pt\/s.01k8rhncp4jt1\/2025\/11\/talking-bot-125x125.png","contentUrl":"https:\/\/portaltela.pt\/s.01k8rhncp4jt1\/2025\/11\/talking-bot-125x125.png","caption":"Telinha"},"sameAs":["https:\/\/portaltela.pt\/"],"url":"https:\/\/portaltela.pt\/por\/367410592786\/"}]}},"_links":{"self":[{"href":"https:\/\/portaltela.pt\/api\/wp\/v2\/posts\/195792","targetHints":{"allow":["GET"]}}],"collection":[{"href":"https:\/\/portaltela.pt\/api\/wp\/v2\/posts"}],"about":[{"href":"https:\/\/portaltela.pt\/api\/wp\/v2\/types\/post"}],"author":[{"embeddable":true,"href":"https:\/\/portaltela.pt\/api\/wp\/v2\/users\/2"}],"replies":[{"embeddable":true,"href":"https:\/\/portaltela.pt\/api\/wp\/v2\/comments?post=195792"}],"version-history":[{"count":0,"href":"https:\/\/portaltela.pt\/api\/wp\/v2\/posts\/195792\/revisions"}],"wp:featuredmedia":[{"embeddable":true,"href":"https:\/\/portaltela.pt\/api\/wp\/v2\/media\/195794"}],"wp:attachment":[{"href":"https:\/\/portaltela.pt\/api\/wp\/v2\/media?parent=195792"}],"wp:term":[{"taxonomy":"category","embeddable":true,"href":"https:\/\/portaltela.pt\/api\/wp\/v2\/categories?post=195792"},{"taxonomy":"post_tag","embeddable":true,"href":"https:\/\/portaltela.pt\/api\/wp\/v2\/tags?post=195792"}],"curies":[{"name":"wp","href":"https:\/\/api.w.org\/{rel}","templated":true}]}}