{"id":195791,"date":"2026-02-04T05:13:40","date_gmt":"2026-02-04T08:13:40","guid":{"rendered":"https:\/\/portaltela.pt\/noticias\/2026\/02\/04\/corte-na-estrada-regional-381-em-caridade-previsto-para-4-de-fevereiro\/"},"modified":"2026-02-04T05:13:40","modified_gmt":"2026-02-04T08:13:40","slug":"corte-na-estrada-regional-381-em-caridade-previsto-para-4-de-fevereiro","status":"publish","type":"post","link":"https:\/\/portaltela.pt\/noticias\/2026\/02\/04\/corte-na-estrada-regional-381-em-caridade-previsto-para-4-de-fevereiro\/","title":{"rendered":"Corte na Estrada Regional 381 em Caridade previsto para 4 de fevereiro"},"content":{"rendered":"<p>O aviso confirmou o corte de tr\u00e2nsito na Estrada Regional 381 (R381), entre Reguengos de Monsaraz e Caridade, no dia 4 de fevereiro de 2026, das 8h \u00e0s 16h. O motivo \u00e9 a remo\u00e7\u00e3o de uma \u00e1rvore em perigo de queda.<\/p>\n<p>Trabalho de remo\u00e7\u00e3o de vegeta\u00e7\u00e3o estivera a cargo de equipas t\u00e9cnicas, com a necessidade de interromper a circula\u00e7\u00e3o na passagem citada durante o per\u00edodo indicado.<\/p>\n<p>Como alternativa, os condutores dever\u00e3o seguir pela EN 256, estrada de \u00c9vora, at\u00e9 a reabertura da liga\u00e7\u00e3o na R381.<\/p>\n<p>Quem se desloca entre Reguengos de Monsaraz e Caridade deve planear a viagem com anteced\u00eancia e respeitar a sinaliza\u00e7\u00e3o tempor\u00e1ria na via.<\/p>\n","protected":false},"excerpt":{"rendered":"<ul>\n<li>Corte na Estrada Regional 381 (R381), entre Reguengos de Monsaraz e Caridade, no dia 4 de fevereiro de 2026, das 8h \u00e0s 16h, devido \u00e0 remo\u00e7\u00e3o de \u00e1rvore em perigo de queda.<\/li>\n<li>A interrup\u00e7\u00e3o afeta o tr\u00e2nsito na liga\u00e7\u00e3o entre Reguengos de Monsaraz e Caridade.<\/li>\n<li>Como alternativa, os motoristas devem seguir pela Estrada Nacional 256 (EN 256) \u2013 estrada de \u00c9vora.<\/li>\n<li>Recomenda\u00e7\u00e3o: planear desloca\u00e7\u00f5es com anteced\u00eancia e considerar a rota alternativa indicada.<\/li>\n<\/ul>\n","protected":false},"author":2,"featured_media":195796,"comment_status":"closed","ping_status":"closed","sticky":false,"template":"","format":"standard","meta":{"footnotes":""},"categories":[1],"tags":[3100,1083,2938,2262,1629,192],"class_list":["post-195791","post","type-post","status-publish","format-standard","has-post-thumbnail","hentry","category-noticias","tag-ambiental","tag-estradas","tag-evacuacao","tag-sinalizacao","tag-transito","tag-transporte"],"yoast_head":"<!-- This site is optimized with the Yoast SEO plugin v27.2 - https:\/\/yoast.com\/product\/yoast-seo-wordpress\/ -->\n<title>Corte na Estrada Regional 381 em Caridade previsto para 4 de fevereiro - Portal Tela Portugal<\/title>\n<meta name=\"robots\" content=\"index, follow, max-snippet:-1, max-image-preview:large, max-video-preview:-1\" \/>\n<meta property=\"og:locale\" content=\"pt_PT\" \/>\n<meta property=\"og:type\" content=\"article\" \/>\n<meta property=\"og:title\" content=\"Corte na Estrada Regional 381 em Caridade previsto para 4 de fevereiro - Portal Tela Portugal\" \/>\n<meta property=\"og:description\" content=\"Corte na Estrada Regional 381 (R381), entre Reguengos de Monsaraz e Caridade, no dia 4 de fevereiro de 2026, das 8h \u00e0s 16h, devido \u00e0 remo\u00e7\u00e3o de \u00e1rvore em perigo de queda. A interrup\u00e7\u00e3o afeta o tr\u00e2nsito na liga\u00e7\u00e3o entre Reguengos de Monsaraz e Caridade. Como alternativa, os motoristas devem seguir pela Estrada Nacional 256 (EN 256) \u2013 estrada de \u00c9vora. Recomenda\u00e7\u00e3o: planear desloca\u00e7\u00f5es com anteced\u00eancia e considerar a rota alternativa indicada.\" \/>\n<meta property=\"og:url\" content=\"https:\/\/portaltela.pt\/noticias\/2026\/02\/04\/corte-na-estrada-regional-381-em-caridade-previsto-para-4-de-fevereiro\/\" \/>\n<meta property=\"og:site_name\" content=\"Portal Tela Portugal\" \/>\n<meta property=\"article:published_time\" content=\"2026-02-04T08:13:40+00:00\" \/>\n<meta name=\"author\" content=\"Telinha\" \/>\n<meta name=\"twitter:card\" content=\"summary_large_image\" \/>\n<meta name=\"twitter:label1\" content=\"Escrito por\" \/>\n\t<meta name=\"twitter:data1\" content=\"Telinha\" \/>\n\t<meta name=\"twitter:label2\" content=\"Tempo estimado de leitura\" \/>\n\t<meta name=\"twitter:data2\" content=\"1 minuto\" \/>\n<script type=\"application\/ld+json\" class=\"yoast-schema-graph\">{\"@context\":\"https:\/\/schema.org\",\"@graph\":[{\"@type\":\"Article\",\"@id\":\"https:\/\/portaltela.pt\/noticias\/2026\/02\/04\/corte-na-estrada-regional-381-em-caridade-previsto-para-4-de-fevereiro\/#article\",\"isPartOf\":{\"@id\":\"https:\/\/portaltela.pt\/noticias\/2026\/02\/04\/corte-na-estrada-regional-381-em-caridade-previsto-para-4-de-fevereiro\/\"},\"author\":{\"name\":\"Telinha\",\"@id\":\"https:\/\/portaltela.pt\/#\/schema\/person\/c4278d4a6028830caff9ee44b42d32ed\"},\"headline\":\"Corte na Estrada Regional 381 em Caridade previsto para 4 de fevereiro\",\"datePublished\":\"2026-02-04T08:13:40+00:00\",\"mainEntityOfPage\":{\"@id\":\"https:\/\/portaltela.pt\/noticias\/2026\/02\/04\/corte-na-estrada-regional-381-em-caridade-previsto-para-4-de-fevereiro\/\"},\"wordCount\":124,\"image\":{\"@id\":\"https:\/\/portaltela.pt\/noticias\/2026\/02\/04\/corte-na-estrada-regional-381-em-caridade-previsto-para-4-de-fevereiro\/#primaryimage\"},\"thumbnailUrl\":\"https:\/\/portaltela.pt\/s.01k8rhncp4jt1\/2026\/02\/unnamed-file-1096.jpg\",\"keywords\":[\"ambiental\",\"estradas\",\"evacua\u00e7\u00e3o\",\"sinaliza\u00e7\u00e3o\",\"tr\u00e2nsito\",\"transporte\"],\"articleSection\":[\"Not\u00edcias\"],\"inLanguage\":\"pt-PT\"},{\"@type\":\"WebPage\",\"@id\":\"https:\/\/portaltela.pt\/noticias\/2026\/02\/04\/corte-na-estrada-regional-381-em-caridade-previsto-para-4-de-fevereiro\/\",\"url\":\"https:\/\/portaltela.pt\/noticias\/2026\/02\/04\/corte-na-estrada-regional-381-em-caridade-previsto-para-4-de-fevereiro\/\",\"name\":\"Corte na Estrada Regional 381 em Caridade previsto para 4 de fevereiro - Portal Tela Portugal\",\"isPartOf\":{\"@id\":\"https:\/\/portaltela.pt\/#website\"},\"primaryImageOfPage\":{\"@id\":\"https:\/\/portaltela.pt\/noticias\/2026\/02\/04\/corte-na-estrada-regional-381-em-caridade-previsto-para-4-de-fevereiro\/#primaryimage\"},\"image\":{\"@id\":\"https:\/\/portaltela.pt\/noticias\/2026\/02\/04\/corte-na-estrada-regional-381-em-caridade-previsto-para-4-de-fevereiro\/#primaryimage\"},\"thumbnailUrl\":\"https:\/\/portaltela.pt\/s.01k8rhncp4jt1\/2026\/02\/unnamed-file-1096.jpg\",\"datePublished\":\"2026-02-04T08:13:40+00:00\",\"author\":{\"@id\":\"https:\/\/portaltela.pt\/#\/schema\/person\/c4278d4a6028830caff9ee44b42d32ed\"},\"breadcrumb\":{\"@id\":\"https:\/\/portaltela.pt\/noticias\/2026\/02\/04\/corte-na-estrada-regional-381-em-caridade-previsto-para-4-de-fevereiro\/#breadcrumb\"},\"inLanguage\":\"pt-PT\",\"potentialAction\":[{\"@type\":\"ReadAction\",\"target\":[\"https:\/\/portaltela.pt\/noticias\/2026\/02\/04\/corte-na-estrada-regional-381-em-caridade-previsto-para-4-de-fevereiro\/\"]}]},{\"@type\":\"ImageObject\",\"inLanguage\":\"pt-PT\",\"@id\":\"https:\/\/portaltela.pt\/noticias\/2026\/02\/04\/corte-na-estrada-regional-381-em-caridade-previsto-para-4-de-fevereiro\/#primaryimage\",\"url\":\"https:\/\/portaltela.pt\/s.01k8rhncp4jt1\/2026\/02\/unnamed-file-1096.jpg\",\"contentUrl\":\"https:\/\/portaltela.pt\/s.01k8rhncp4jt1\/2026\/02\/unnamed-file-1096.jpg\",\"width\":796,\"height\":448,\"caption\":\"Aviso | corte da Estrada Regional 381 \u2013 Caridade dia 4 de fevereiro Por motivo \u2026\"},{\"@type\":\"BreadcrumbList\",\"@id\":\"https:\/\/portaltela.pt\/noticias\/2026\/02\/04\/corte-na-estrada-regional-381-em-caridade-previsto-para-4-de-fevereiro\/#breadcrumb\",\"itemListElement\":[{\"@type\":\"ListItem\",\"position\":1,\"name\":\"In\u00edcio\",\"item\":\"https:\/\/portaltela.pt\/\"},{\"@type\":\"ListItem\",\"position\":2,\"name\":\"Corte na Estrada Regional 381 em Caridade previsto para 4 de fevereiro\"}]},{\"@type\":\"WebSite\",\"@id\":\"https:\/\/portaltela.pt\/#website\",\"url\":\"https:\/\/portaltela.pt\/\",\"name\":\"Portal Tela Portugal\",\"description\":\"\",\"potentialAction\":[{\"@type\":\"SearchAction\",\"target\":{\"@type\":\"EntryPoint\",\"urlTemplate\":\"https:\/\/portaltela.pt\/?s={search_term_string}\"},\"query-input\":{\"@type\":\"PropertyValueSpecification\",\"valueRequired\":true,\"valueName\":\"search_term_string\"}}],\"inLanguage\":\"pt-PT\"},{\"@type\":\"Person\",\"@id\":\"https:\/\/portaltela.pt\/#\/schema\/person\/c4278d4a6028830caff9ee44b42d32ed\",\"name\":\"Telinha\",\"image\":{\"@type\":\"ImageObject\",\"inLanguage\":\"pt-PT\",\"@id\":\"https:\/\/portaltela.pt\/s.01k8rhncp4jt1\/2025\/11\/talking-bot-125x125.png\",\"url\":\"https:\/\/portaltela.pt\/s.01k8rhncp4jt1\/2025\/11\/talking-bot-125x125.png\",\"contentUrl\":\"https:\/\/portaltela.pt\/s.01k8rhncp4jt1\/2025\/11\/talking-bot-125x125.png\",\"caption\":\"Telinha\"},\"sameAs\":[\"https:\/\/portaltela.pt\/\"],\"url\":\"https:\/\/portaltela.pt\/por\/367410592786\/\"}]}<\/script>\n<!-- \/ Yoast SEO plugin. -->","yoast_head_json":{"title":"Corte na Estrada Regional 381 em Caridade previsto para 4 de fevereiro - Portal Tela Portugal","robots":{"index":"index","follow":"follow","max-snippet":"max-snippet:-1","max-image-preview":"max-image-preview:large","max-video-preview":"max-video-preview:-1"},"og_locale":"pt_PT","og_type":"article","og_title":"Corte na Estrada Regional 381 em Caridade previsto para 4 de fevereiro - Portal Tela Portugal","og_description":"Corte na Estrada Regional 381 (R381), entre Reguengos de Monsaraz e Caridade, no dia 4 de fevereiro de 2026, das 8h \u00e0s 16h, devido \u00e0 remo\u00e7\u00e3o de \u00e1rvore em perigo de queda. A interrup\u00e7\u00e3o afeta o tr\u00e2nsito na liga\u00e7\u00e3o entre Reguengos de Monsaraz e Caridade. Como alternativa, os motoristas devem seguir pela Estrada Nacional 256 (EN 256) \u2013 estrada de \u00c9vora. Recomenda\u00e7\u00e3o: planear desloca\u00e7\u00f5es com anteced\u00eancia e considerar a rota alternativa indicada.","og_url":"https:\/\/portaltela.pt\/noticias\/2026\/02\/04\/corte-na-estrada-regional-381-em-caridade-previsto-para-4-de-fevereiro\/","og_site_name":"Portal Tela Portugal","article_published_time":"2026-02-04T08:13:40+00:00","author":"Telinha","twitter_card":"summary_large_image","twitter_misc":{"Escrito por":"Telinha","Tempo estimado de leitura":"1 minuto"},"schema":{"@context":"https:\/\/schema.org","@graph":[{"@type":"Article","@id":"https:\/\/portaltela.pt\/noticias\/2026\/02\/04\/corte-na-estrada-regional-381-em-caridade-previsto-para-4-de-fevereiro\/#article","isPartOf":{"@id":"https:\/\/portaltela.pt\/noticias\/2026\/02\/04\/corte-na-estrada-regional-381-em-caridade-previsto-para-4-de-fevereiro\/"},"author":{"name":"Telinha","@id":"https:\/\/portaltela.pt\/#\/schema\/person\/c4278d4a6028830caff9ee44b42d32ed"},"headline":"Corte na Estrada Regional 381 em Caridade previsto para 4 de fevereiro","datePublished":"2026-02-04T08:13:40+00:00","mainEntityOfPage":{"@id":"https:\/\/portaltela.pt\/noticias\/2026\/02\/04\/corte-na-estrada-regional-381-em-caridade-previsto-para-4-de-fevereiro\/"},"wordCount":124,"image":{"@id":"https:\/\/portaltela.pt\/noticias\/2026\/02\/04\/corte-na-estrada-regional-381-em-caridade-previsto-para-4-de-fevereiro\/#primaryimage"},"thumbnailUrl":"https:\/\/portaltela.pt\/s.01k8rhncp4jt1\/2026\/02\/unnamed-file-1096.jpg","keywords":["ambiental","estradas","evacua\u00e7\u00e3o","sinaliza\u00e7\u00e3o","tr\u00e2nsito","transporte"],"articleSection":["Not\u00edcias"],"inLanguage":"pt-PT"},{"@type":"WebPage","@id":"https:\/\/portaltela.pt\/noticias\/2026\/02\/04\/corte-na-estrada-regional-381-em-caridade-previsto-para-4-de-fevereiro\/","url":"https:\/\/portaltela.pt\/noticias\/2026\/02\/04\/corte-na-estrada-regional-381-em-caridade-previsto-para-4-de-fevereiro\/","name":"Corte na Estrada Regional 381 em Caridade previsto para 4 de fevereiro - Portal Tela Portugal","isPartOf":{"@id":"https:\/\/portaltela.pt\/#website"},"primaryImageOfPage":{"@id":"https:\/\/portaltela.pt\/noticias\/2026\/02\/04\/corte-na-estrada-regional-381-em-caridade-previsto-para-4-de-fevereiro\/#primaryimage"},"image":{"@id":"https:\/\/portaltela.pt\/noticias\/2026\/02\/04\/corte-na-estrada-regional-381-em-caridade-previsto-para-4-de-fevereiro\/#primaryimage"},"thumbnailUrl":"https:\/\/portaltela.pt\/s.01k8rhncp4jt1\/2026\/02\/unnamed-file-1096.jpg","datePublished":"2026-02-04T08:13:40+00:00","author":{"@id":"https:\/\/portaltela.pt\/#\/schema\/person\/c4278d4a6028830caff9ee44b42d32ed"},"breadcrumb":{"@id":"https:\/\/portaltela.pt\/noticias\/2026\/02\/04\/corte-na-estrada-regional-381-em-caridade-previsto-para-4-de-fevereiro\/#breadcrumb"},"inLanguage":"pt-PT","potentialAction":[{"@type":"ReadAction","target":["https:\/\/portaltela.pt\/noticias\/2026\/02\/04\/corte-na-estrada-regional-381-em-caridade-previsto-para-4-de-fevereiro\/"]}]},{"@type":"ImageObject","inLanguage":"pt-PT","@id":"https:\/\/portaltela.pt\/noticias\/2026\/02\/04\/corte-na-estrada-regional-381-em-caridade-previsto-para-4-de-fevereiro\/#primaryimage","url":"https:\/\/portaltela.pt\/s.01k8rhncp4jt1\/2026\/02\/unnamed-file-1096.jpg","contentUrl":"https:\/\/portaltela.pt\/s.01k8rhncp4jt1\/2026\/02\/unnamed-file-1096.jpg","width":796,"height":448,"caption":"Aviso | corte da Estrada Regional 381 \u2013 Caridade dia 4 de fevereiro Por motivo \u2026"},{"@type":"BreadcrumbList","@id":"https:\/\/portaltela.pt\/noticias\/2026\/02\/04\/corte-na-estrada-regional-381-em-caridade-previsto-para-4-de-fevereiro\/#breadcrumb","itemListElement":[{"@type":"ListItem","position":1,"name":"In\u00edcio","item":"https:\/\/portaltela.pt\/"},{"@type":"ListItem","position":2,"name":"Corte na Estrada Regional 381 em Caridade previsto para 4 de fevereiro"}]},{"@type":"WebSite","@id":"https:\/\/portaltela.pt\/#website","url":"https:\/\/portaltela.pt\/","name":"Portal Tela Portugal","description":"","potentialAction":[{"@type":"SearchAction","target":{"@type":"EntryPoint","urlTemplate":"https:\/\/portaltela.pt\/?s={search_term_string}"},"query-input":{"@type":"PropertyValueSpecification","valueRequired":true,"valueName":"search_term_string"}}],"inLanguage":"pt-PT"},{"@type":"Person","@id":"https:\/\/portaltela.pt\/#\/schema\/person\/c4278d4a6028830caff9ee44b42d32ed","name":"Telinha","image":{"@type":"ImageObject","inLanguage":"pt-PT","@id":"https:\/\/portaltela.pt\/s.01k8rhncp4jt1\/2025\/11\/talking-bot-125x125.png","url":"https:\/\/portaltela.pt\/s.01k8rhncp4jt1\/2025\/11\/talking-bot-125x125.png","contentUrl":"https:\/\/portaltela.pt\/s.01k8rhncp4jt1\/2025\/11\/talking-bot-125x125.png","caption":"Telinha"},"sameAs":["https:\/\/portaltela.pt\/"],"url":"https:\/\/portaltela.pt\/por\/367410592786\/"}]}},"_links":{"self":[{"href":"https:\/\/portaltela.pt\/api\/wp\/v2\/posts\/195791","targetHints":{"allow":["GET"]}}],"collection":[{"href":"https:\/\/portaltela.pt\/api\/wp\/v2\/posts"}],"about":[{"href":"https:\/\/portaltela.pt\/api\/wp\/v2\/types\/post"}],"author":[{"embeddable":true,"href":"https:\/\/portaltela.pt\/api\/wp\/v2\/users\/2"}],"replies":[{"embeddable":true,"href":"https:\/\/portaltela.pt\/api\/wp\/v2\/comments?post=195791"}],"version-history":[{"count":0,"href":"https:\/\/portaltela.pt\/api\/wp\/v2\/posts\/195791\/revisions"}],"wp:featuredmedia":[{"embeddable":true,"href":"https:\/\/portaltela.pt\/api\/wp\/v2\/media\/195796"}],"wp:attachment":[{"href":"https:\/\/portaltela.pt\/api\/wp\/v2\/media?parent=195791"}],"wp:term":[{"taxonomy":"category","embeddable":true,"href":"https:\/\/portaltela.pt\/api\/wp\/v2\/categories?post=195791"},{"taxonomy":"post_tag","embeddable":true,"href":"https:\/\/portaltela.pt\/api\/wp\/v2\/tags?post=195791"}],"curies":[{"name":"wp","href":"https:\/\/api.w.org\/{rel}","templated":true}]}}