{"id":195789,"date":"2026-02-04T04:43:00","date_gmt":"2026-02-04T07:43:00","guid":{"rendered":"https:\/\/portaltela.pt\/noticias\/2026\/02\/04\/numero-de-doentes-oncologicos-operados-subiu-67-em-5-anos\/"},"modified":"2026-02-04T04:43:00","modified_gmt":"2026-02-04T07:43:00","slug":"numero-de-doentes-oncologicos-operados-subiu-67-em-5-anos","status":"publish","type":"post","link":"https:\/\/portaltela.pt\/noticias\/2026\/02\/04\/numero-de-doentes-oncologicos-operados-subiu-67-em-5-anos\/","title":{"rendered":"N\u00famero de doentes oncol\u00f3gicos operados subiu 67% em 5 anos"},"content":{"rendered":"<p>A Dire\u00e7\u00e3o-Geral da Sa\u00fade (DGS) revelou que o n\u00famero de doentes operados por doen\u00e7a oncol\u00f3gica aumentou 67% nos \u00faltimos cinco anos. Em 2024, um quarto dos pacientes operados ficou acima do Tempo M\u00e1ximo de Resposta Garantida (TMRG).<\/p>\n<p>Entre 2020 e 2024, a DGS aponta para um acr\u00e9sceno de 31.178 cirurgias oncol\u00f3gicas. No ano de 2024, o programa OncoStop contribuiu com 9.441 cirurgias adicionais face a 2023.<\/p>\n<p>At\u00e9 2024, foram mais de 20 mil doentes operados acima do TMRG, representando 25,4% do total. A ag\u00eancia sublinha ganho de tempo no tratamento, apesar do atraso em alguns casos.<\/p>\n<p>Aumento do tratamento com quimioterapia e imunoterapia tamb\u00e9m foi confirmado. Em 2024 houve mais de 400 mil doentes tratados, mais 10% face ao ano anterior, verificando-se maior uso de terapias ambulat\u00f3rias.<\/p>\n<p>A DGS destacou o acesso a tratamentos inovadores, incluindo terapias com c\u00e9lulas CAR-T. Em paralelo, observa-se melhoria na sobreviv\u00eancia a cinco anos para diversos tipos de cancro, com dados positivos em mama e pr\u00f3stata.<\/p>\n<p>Segundo a respons\u00e1vel pelo Programa Nacional para as Doen\u00e7as Oncol\u00f3gicas, a mortalidade padronizada por tumores tem vindo a diminuir. Aumento do acesso a r\u00e1dio, quimio e imunoterapia \u00e9 visto como contributo.<\/p>\n<p>Portugal apresenta sobreviv\u00eancia acima da m\u00e9dia europeia para cancro, com menos \u00f3bitos por 100 mil habitantes do que a m\u00e9dia da UE. Os dados apontam diferen\u00e7as entre homens e mulheres na sobreviv\u00eancia.<\/p>\n<p>As doen\u00e7as oncol\u00f3gicas continuam a representar uma das principais causas de anos de vida perdidos em Portugal, especialmente tumores de pulm\u00e3o e digestivos, com impacto relevante nos anos potenciais de vida.<\/p>\n<p>Fonte: dados da DGS, divulgados no Dia Mundial de Luta Contra o Cancro, com refer\u00eancia \u00e0 redu\u00e7\u00e3o de riscos e melhoria dos programas de rastreio e diagn\u00f3stico precoce.<\/p>\n","protected":false},"excerpt":{"rendered":"<ul>\n<li>O n\u00famero de doentes operados por doen\u00e7a oncol\u00f3gica aumentou 67% entre 2020 e 2024, correspondendo a mais 31.178 cirurgias.<\/li>\n<li>Em 2024, mais de 20.000 doentes (25,4%) foram operados acima do Tempo M\u00e1ximo de Resposta Garantida (TMRG).<\/li>\n<li>Entre 2023 e 2024 houve um aumento de 9.441 doentes operados no \u00e2mbito do programa OncoStop, para redu\u00e7\u00e3o de listas de espera.<\/li>\n<li>Em 2024 foram tratados mais de quatrocentos mil doentes com quimioterapia e imunoterapia, com grande parte em registo ambulat\u00f3rio, e houve um aumento de 10% em radioterapia e quimioterapia\/imunoterapia.<\/li>\n<li>A DGS indica melhoria da sobreviv\u00eancia a cinco anos para v\u00e1rios tumores, com queda da mortalidade padronizada e maior acesso a terapias inovadoras, como as c\u00e9lulas CAR-T.<\/li>\n<\/ul>\n","protected":false},"author":2,"featured_media":195790,"comment_status":"closed","ping_status":"closed","sticky":false,"template":"","format":"standard","meta":{"footnotes":""},"categories":[1],"tags":[5256,215,3994,924,172,271],"class_list":["post-195789","post","type-post","status-publish","format-standard","has-post-thumbnail","hentry","category-noticias","tag-cancro-da-mama","tag-investigacao","tag-oncologia","tag-quimioterapia","tag-saude","tag-saude-publica"],"yoast_head":"<!-- This site is optimized with the Yoast SEO plugin v27.2 - https:\/\/yoast.com\/product\/yoast-seo-wordpress\/ -->\n<title>N\u00famero de doentes oncol\u00f3gicos operados subiu 67% em 5 anos - Portal Tela Portugal<\/title>\n<meta name=\"robots\" content=\"index, follow, max-snippet:-1, max-image-preview:large, max-video-preview:-1\" \/>\n<meta property=\"og:locale\" content=\"pt_PT\" \/>\n<meta property=\"og:type\" content=\"article\" \/>\n<meta property=\"og:title\" content=\"N\u00famero de doentes oncol\u00f3gicos operados subiu 67% em 5 anos - Portal Tela Portugal\" \/>\n<meta property=\"og:description\" content=\"O n\u00famero de doentes operados por doen\u00e7a oncol\u00f3gica aumentou 67% entre 2020 e 2024, correspondendo a mais 31.178 cirurgias. Em 2024, mais de 20.000 doentes (25,4%) foram operados acima do Tempo M\u00e1ximo de Resposta Garantida (TMRG). Entre 2023 e 2024 houve um aumento de 9.441 doentes operados no \u00e2mbito do programa OncoStop, para redu\u00e7\u00e3o de listas de espera. Em 2024 foram tratados mais de quatrocentos mil doentes com quimioterapia e imunoterapia, com grande parte em registo ambulat\u00f3rio, e houve um aumento de 10% em radioterapia e quimioterapia\/imunoterapia. A DGS indica melhoria da sobreviv\u00eancia a cinco anos para v\u00e1rios tumores, com queda da mortalidade padronizada e maior acesso a terapias inovadoras, como as c\u00e9lulas CAR-T.\" \/>\n<meta property=\"og:url\" content=\"https:\/\/portaltela.pt\/noticias\/2026\/02\/04\/numero-de-doentes-oncologicos-operados-subiu-67-em-5-anos\/\" \/>\n<meta property=\"og:site_name\" content=\"Portal Tela Portugal\" \/>\n<meta property=\"article:published_time\" content=\"2026-02-04T07:43:00+00:00\" \/>\n<meta name=\"author\" content=\"Telinha\" \/>\n<meta name=\"twitter:card\" content=\"summary_large_image\" \/>\n<meta name=\"twitter:label1\" content=\"Escrito por\" \/>\n\t<meta name=\"twitter:data1\" content=\"Telinha\" \/>\n\t<meta name=\"twitter:label2\" content=\"Tempo estimado de leitura\" \/>\n\t<meta name=\"twitter:data2\" content=\"1 minuto\" \/>\n<script type=\"application\/ld+json\" class=\"yoast-schema-graph\">{\"@context\":\"https:\/\/schema.org\",\"@graph\":[{\"@type\":\"Article\",\"@id\":\"https:\/\/portaltela.pt\/noticias\/2026\/02\/04\/numero-de-doentes-oncologicos-operados-subiu-67-em-5-anos\/#article\",\"isPartOf\":{\"@id\":\"https:\/\/portaltela.pt\/noticias\/2026\/02\/04\/numero-de-doentes-oncologicos-operados-subiu-67-em-5-anos\/\"},\"author\":{\"name\":\"Telinha\",\"@id\":\"https:\/\/portaltela.pt\/#\/schema\/person\/c4278d4a6028830caff9ee44b42d32ed\"},\"headline\":\"N\u00famero de doentes oncol\u00f3gicos operados subiu 67% em 5 anos\",\"datePublished\":\"2026-02-04T07:43:00+00:00\",\"mainEntityOfPage\":{\"@id\":\"https:\/\/portaltela.pt\/noticias\/2026\/02\/04\/numero-de-doentes-oncologicos-operados-subiu-67-em-5-anos\/\"},\"wordCount\":305,\"image\":{\"@id\":\"https:\/\/portaltela.pt\/noticias\/2026\/02\/04\/numero-de-doentes-oncologicos-operados-subiu-67-em-5-anos\/#primaryimage\"},\"thumbnailUrl\":\"https:\/\/portaltela.pt\/s.01k8rhncp4jt1\/2026\/02\/unnamed-file-1095.jpg\",\"keywords\":[\"Cancro da Mama\",\"investiga\u00e7\u00e3o\",\"Oncologia\",\"quimioterapia\",\"sa\u00fade\",\"sa\u00fade p\u00fablica\"],\"articleSection\":[\"Not\u00edcias\"],\"inLanguage\":\"pt-PT\"},{\"@type\":\"WebPage\",\"@id\":\"https:\/\/portaltela.pt\/noticias\/2026\/02\/04\/numero-de-doentes-oncologicos-operados-subiu-67-em-5-anos\/\",\"url\":\"https:\/\/portaltela.pt\/noticias\/2026\/02\/04\/numero-de-doentes-oncologicos-operados-subiu-67-em-5-anos\/\",\"name\":\"N\u00famero de doentes oncol\u00f3gicos operados subiu 67% em 5 anos - Portal Tela Portugal\",\"isPartOf\":{\"@id\":\"https:\/\/portaltela.pt\/#website\"},\"primaryImageOfPage\":{\"@id\":\"https:\/\/portaltela.pt\/noticias\/2026\/02\/04\/numero-de-doentes-oncologicos-operados-subiu-67-em-5-anos\/#primaryimage\"},\"image\":{\"@id\":\"https:\/\/portaltela.pt\/noticias\/2026\/02\/04\/numero-de-doentes-oncologicos-operados-subiu-67-em-5-anos\/#primaryimage\"},\"thumbnailUrl\":\"https:\/\/portaltela.pt\/s.01k8rhncp4jt1\/2026\/02\/unnamed-file-1095.jpg\",\"datePublished\":\"2026-02-04T07:43:00+00:00\",\"author\":{\"@id\":\"https:\/\/portaltela.pt\/#\/schema\/person\/c4278d4a6028830caff9ee44b42d32ed\"},\"breadcrumb\":{\"@id\":\"https:\/\/portaltela.pt\/noticias\/2026\/02\/04\/numero-de-doentes-oncologicos-operados-subiu-67-em-5-anos\/#breadcrumb\"},\"inLanguage\":\"pt-PT\",\"potentialAction\":[{\"@type\":\"ReadAction\",\"target\":[\"https:\/\/portaltela.pt\/noticias\/2026\/02\/04\/numero-de-doentes-oncologicos-operados-subiu-67-em-5-anos\/\"]}]},{\"@type\":\"ImageObject\",\"inLanguage\":\"pt-PT\",\"@id\":\"https:\/\/portaltela.pt\/noticias\/2026\/02\/04\/numero-de-doentes-oncologicos-operados-subiu-67-em-5-anos\/#primaryimage\",\"url\":\"https:\/\/portaltela.pt\/s.01k8rhncp4jt1\/2026\/02\/unnamed-file-1095.jpg\",\"contentUrl\":\"https:\/\/portaltela.pt\/s.01k8rhncp4jt1\/2026\/02\/unnamed-file-1095.jpg\",\"width\":796,\"height\":448,\"caption\":\"Numa carta aberta, as associa\u00e7\u00f5es pedem compromissos p\u00fablicos concretos e calendarizados, acompanhados de indicadores de avalia\u00e7\u00e3o e revis\u00e3o peri\u00f3dica\"},{\"@type\":\"BreadcrumbList\",\"@id\":\"https:\/\/portaltela.pt\/noticias\/2026\/02\/04\/numero-de-doentes-oncologicos-operados-subiu-67-em-5-anos\/#breadcrumb\",\"itemListElement\":[{\"@type\":\"ListItem\",\"position\":1,\"name\":\"In\u00edcio\",\"item\":\"https:\/\/portaltela.pt\/\"},{\"@type\":\"ListItem\",\"position\":2,\"name\":\"N\u00famero de doentes oncol\u00f3gicos operados subiu 67% em 5 anos\"}]},{\"@type\":\"WebSite\",\"@id\":\"https:\/\/portaltela.pt\/#website\",\"url\":\"https:\/\/portaltela.pt\/\",\"name\":\"Portal Tela Portugal\",\"description\":\"\",\"potentialAction\":[{\"@type\":\"SearchAction\",\"target\":{\"@type\":\"EntryPoint\",\"urlTemplate\":\"https:\/\/portaltela.pt\/?s={search_term_string}\"},\"query-input\":{\"@type\":\"PropertyValueSpecification\",\"valueRequired\":true,\"valueName\":\"search_term_string\"}}],\"inLanguage\":\"pt-PT\"},{\"@type\":\"Person\",\"@id\":\"https:\/\/portaltela.pt\/#\/schema\/person\/c4278d4a6028830caff9ee44b42d32ed\",\"name\":\"Telinha\",\"image\":{\"@type\":\"ImageObject\",\"inLanguage\":\"pt-PT\",\"@id\":\"https:\/\/portaltela.pt\/s.01k8rhncp4jt1\/2025\/11\/talking-bot-125x125.png\",\"url\":\"https:\/\/portaltela.pt\/s.01k8rhncp4jt1\/2025\/11\/talking-bot-125x125.png\",\"contentUrl\":\"https:\/\/portaltela.pt\/s.01k8rhncp4jt1\/2025\/11\/talking-bot-125x125.png\",\"caption\":\"Telinha\"},\"sameAs\":[\"https:\/\/portaltela.pt\/\"],\"url\":\"https:\/\/portaltela.pt\/por\/367410592786\/\"}]}<\/script>\n<!-- \/ Yoast SEO plugin. -->","yoast_head_json":{"title":"N\u00famero de doentes oncol\u00f3gicos operados subiu 67% em 5 anos - Portal Tela Portugal","robots":{"index":"index","follow":"follow","max-snippet":"max-snippet:-1","max-image-preview":"max-image-preview:large","max-video-preview":"max-video-preview:-1"},"og_locale":"pt_PT","og_type":"article","og_title":"N\u00famero de doentes oncol\u00f3gicos operados subiu 67% em 5 anos - Portal Tela Portugal","og_description":"O n\u00famero de doentes operados por doen\u00e7a oncol\u00f3gica aumentou 67% entre 2020 e 2024, correspondendo a mais 31.178 cirurgias. Em 2024, mais de 20.000 doentes (25,4%) foram operados acima do Tempo M\u00e1ximo de Resposta Garantida (TMRG). Entre 2023 e 2024 houve um aumento de 9.441 doentes operados no \u00e2mbito do programa OncoStop, para redu\u00e7\u00e3o de listas de espera. Em 2024 foram tratados mais de quatrocentos mil doentes com quimioterapia e imunoterapia, com grande parte em registo ambulat\u00f3rio, e houve um aumento de 10% em radioterapia e quimioterapia\/imunoterapia. A DGS indica melhoria da sobreviv\u00eancia a cinco anos para v\u00e1rios tumores, com queda da mortalidade padronizada e maior acesso a terapias inovadoras, como as c\u00e9lulas CAR-T.","og_url":"https:\/\/portaltela.pt\/noticias\/2026\/02\/04\/numero-de-doentes-oncologicos-operados-subiu-67-em-5-anos\/","og_site_name":"Portal Tela Portugal","article_published_time":"2026-02-04T07:43:00+00:00","author":"Telinha","twitter_card":"summary_large_image","twitter_misc":{"Escrito por":"Telinha","Tempo estimado de leitura":"1 minuto"},"schema":{"@context":"https:\/\/schema.org","@graph":[{"@type":"Article","@id":"https:\/\/portaltela.pt\/noticias\/2026\/02\/04\/numero-de-doentes-oncologicos-operados-subiu-67-em-5-anos\/#article","isPartOf":{"@id":"https:\/\/portaltela.pt\/noticias\/2026\/02\/04\/numero-de-doentes-oncologicos-operados-subiu-67-em-5-anos\/"},"author":{"name":"Telinha","@id":"https:\/\/portaltela.pt\/#\/schema\/person\/c4278d4a6028830caff9ee44b42d32ed"},"headline":"N\u00famero de doentes oncol\u00f3gicos operados subiu 67% em 5 anos","datePublished":"2026-02-04T07:43:00+00:00","mainEntityOfPage":{"@id":"https:\/\/portaltela.pt\/noticias\/2026\/02\/04\/numero-de-doentes-oncologicos-operados-subiu-67-em-5-anos\/"},"wordCount":305,"image":{"@id":"https:\/\/portaltela.pt\/noticias\/2026\/02\/04\/numero-de-doentes-oncologicos-operados-subiu-67-em-5-anos\/#primaryimage"},"thumbnailUrl":"https:\/\/portaltela.pt\/s.01k8rhncp4jt1\/2026\/02\/unnamed-file-1095.jpg","keywords":["Cancro da Mama","investiga\u00e7\u00e3o","Oncologia","quimioterapia","sa\u00fade","sa\u00fade p\u00fablica"],"articleSection":["Not\u00edcias"],"inLanguage":"pt-PT"},{"@type":"WebPage","@id":"https:\/\/portaltela.pt\/noticias\/2026\/02\/04\/numero-de-doentes-oncologicos-operados-subiu-67-em-5-anos\/","url":"https:\/\/portaltela.pt\/noticias\/2026\/02\/04\/numero-de-doentes-oncologicos-operados-subiu-67-em-5-anos\/","name":"N\u00famero de doentes oncol\u00f3gicos operados subiu 67% em 5 anos - Portal Tela Portugal","isPartOf":{"@id":"https:\/\/portaltela.pt\/#website"},"primaryImageOfPage":{"@id":"https:\/\/portaltela.pt\/noticias\/2026\/02\/04\/numero-de-doentes-oncologicos-operados-subiu-67-em-5-anos\/#primaryimage"},"image":{"@id":"https:\/\/portaltela.pt\/noticias\/2026\/02\/04\/numero-de-doentes-oncologicos-operados-subiu-67-em-5-anos\/#primaryimage"},"thumbnailUrl":"https:\/\/portaltela.pt\/s.01k8rhncp4jt1\/2026\/02\/unnamed-file-1095.jpg","datePublished":"2026-02-04T07:43:00+00:00","author":{"@id":"https:\/\/portaltela.pt\/#\/schema\/person\/c4278d4a6028830caff9ee44b42d32ed"},"breadcrumb":{"@id":"https:\/\/portaltela.pt\/noticias\/2026\/02\/04\/numero-de-doentes-oncologicos-operados-subiu-67-em-5-anos\/#breadcrumb"},"inLanguage":"pt-PT","potentialAction":[{"@type":"ReadAction","target":["https:\/\/portaltela.pt\/noticias\/2026\/02\/04\/numero-de-doentes-oncologicos-operados-subiu-67-em-5-anos\/"]}]},{"@type":"ImageObject","inLanguage":"pt-PT","@id":"https:\/\/portaltela.pt\/noticias\/2026\/02\/04\/numero-de-doentes-oncologicos-operados-subiu-67-em-5-anos\/#primaryimage","url":"https:\/\/portaltela.pt\/s.01k8rhncp4jt1\/2026\/02\/unnamed-file-1095.jpg","contentUrl":"https:\/\/portaltela.pt\/s.01k8rhncp4jt1\/2026\/02\/unnamed-file-1095.jpg","width":796,"height":448,"caption":"Numa carta aberta, as associa\u00e7\u00f5es pedem compromissos p\u00fablicos concretos e calendarizados, acompanhados de indicadores de avalia\u00e7\u00e3o e revis\u00e3o peri\u00f3dica"},{"@type":"BreadcrumbList","@id":"https:\/\/portaltela.pt\/noticias\/2026\/02\/04\/numero-de-doentes-oncologicos-operados-subiu-67-em-5-anos\/#breadcrumb","itemListElement":[{"@type":"ListItem","position":1,"name":"In\u00edcio","item":"https:\/\/portaltela.pt\/"},{"@type":"ListItem","position":2,"name":"N\u00famero de doentes oncol\u00f3gicos operados subiu 67% em 5 anos"}]},{"@type":"WebSite","@id":"https:\/\/portaltela.pt\/#website","url":"https:\/\/portaltela.pt\/","name":"Portal Tela Portugal","description":"","potentialAction":[{"@type":"SearchAction","target":{"@type":"EntryPoint","urlTemplate":"https:\/\/portaltela.pt\/?s={search_term_string}"},"query-input":{"@type":"PropertyValueSpecification","valueRequired":true,"valueName":"search_term_string"}}],"inLanguage":"pt-PT"},{"@type":"Person","@id":"https:\/\/portaltela.pt\/#\/schema\/person\/c4278d4a6028830caff9ee44b42d32ed","name":"Telinha","image":{"@type":"ImageObject","inLanguage":"pt-PT","@id":"https:\/\/portaltela.pt\/s.01k8rhncp4jt1\/2025\/11\/talking-bot-125x125.png","url":"https:\/\/portaltela.pt\/s.01k8rhncp4jt1\/2025\/11\/talking-bot-125x125.png","contentUrl":"https:\/\/portaltela.pt\/s.01k8rhncp4jt1\/2025\/11\/talking-bot-125x125.png","caption":"Telinha"},"sameAs":["https:\/\/portaltela.pt\/"],"url":"https:\/\/portaltela.pt\/por\/367410592786\/"}]}},"_links":{"self":[{"href":"https:\/\/portaltela.pt\/api\/wp\/v2\/posts\/195789","targetHints":{"allow":["GET"]}}],"collection":[{"href":"https:\/\/portaltela.pt\/api\/wp\/v2\/posts"}],"about":[{"href":"https:\/\/portaltela.pt\/api\/wp\/v2\/types\/post"}],"author":[{"embeddable":true,"href":"https:\/\/portaltela.pt\/api\/wp\/v2\/users\/2"}],"replies":[{"embeddable":true,"href":"https:\/\/portaltela.pt\/api\/wp\/v2\/comments?post=195789"}],"version-history":[{"count":0,"href":"https:\/\/portaltela.pt\/api\/wp\/v2\/posts\/195789\/revisions"}],"wp:featuredmedia":[{"embeddable":true,"href":"https:\/\/portaltela.pt\/api\/wp\/v2\/media\/195790"}],"wp:attachment":[{"href":"https:\/\/portaltela.pt\/api\/wp\/v2\/media?parent=195789"}],"wp:term":[{"taxonomy":"category","embeddable":true,"href":"https:\/\/portaltela.pt\/api\/wp\/v2\/categories?post=195789"},{"taxonomy":"post_tag","embeddable":true,"href":"https:\/\/portaltela.pt\/api\/wp\/v2\/tags?post=195789"}],"curies":[{"name":"wp","href":"https:\/\/api.w.org\/{rel}","templated":true}]}}