{"id":195785,"date":"2026-02-04T05:05:00","date_gmt":"2026-02-04T08:05:00","guid":{"rendered":"https:\/\/portaltela.pt\/noticias\/2026\/02\/04\/record-confidencial-revela-historias-de-mercado-ate-agora-nao-contadas\/"},"modified":"2026-02-04T05:05:00","modified_gmt":"2026-02-04T08:05:00","slug":"record-confidencial-revela-historias-de-mercado-ate-agora-nao-contadas","status":"publish","type":"post","link":"https:\/\/portaltela.pt\/desporto\/futebol\/2026\/02\/04\/record-confidencial-revela-historias-de-mercado-ate-agora-nao-contadas\/","title":{"rendered":"Record Confidencial revela hist\u00f3rias de mercado at\u00e9 agora n\u00e3o contadas"},"content":{"rendered":"<p>O Record apresenta mais uma edi\u00e7\u00e3o do Confidencial Record, a r\u00fabrica que traz hist\u00f3rias de mercado que ficaram por contar at\u00e9 agora. A reportagem re\u00fane rumores, movimentos e decis\u00f5es de bastidores no mundo desportivo e financeiro. O objetivo \u00e9 oferecer dados e perspetivas de forma objetiva.<\/p>\n<p>Este fio editorial n\u00e3o pretende confirmar rumores, mas sim expor o que circula entre clubes, empres\u00e1rios e agentes desportivos. O conjunto de exerc\u00edcios jornal\u00edsticos concentra-se em fatos situados no contexto atual, com foco nos impactos para as partes envolvidas.<\/p>\n<h3>Benfica recusou mais de 100 milh\u00f5es de euros<\/h3>\n<p>A edi\u00e7\u00e3o de hoje refere que o clube ter\u00e1 rejeitado propostas superiores a 100 milh\u00f5es de euros em princ\u00edpios de negocia\u00e7\u00f5es de jogadores-chave. N\u00e3o s\u00e3o detalhadas as condi\u00e7\u00f5es das propostas nem os nomes inicialmente envolvidos. A not\u00edcia aponta para uma estrat\u00e9gia de conten\u00e7\u00e3o de custos e valoriza\u00e7\u00e3o interna de ativos.<\/p>\n<p>O conte\u00fado indica ainda que a recusa ter\u00e1 influenciado conversas internas sobre refor\u00e7os e planeamento de temporada. N\u00e3o h\u00e1 confirma\u00e7\u00e3o oficial sobre quais jogadores estiveram no radar, apenas a linha de atua\u00e7\u00e3o tra\u00e7ada pela administra\u00e7\u00e3o desportiva.<\/p>\n<h3>Marinakis deixou Benfica a marinar por causa de Andr\u00e9 Luiz<\/h3>\n<p>Segundo o Confidencial Record, o empres\u00e1rio Marinakis poder\u00e1 ter atrasado decis\u00f5es estrat\u00e9gicas no Benfica devido a quest\u00f5es associadas a Andr\u00e9 Luiz. O texto sugere negocia\u00e7\u00f5es complexas e poss\u00edveis impactos no timing de contrata\u00e7\u00f5es e vendas.<\/p>\n<p>A publica\u00e7\u00e3o descreve uma poss\u00edvel rela\u00e7\u00e3o entre decis\u00f5es administrativas e interesses de investidores. N\u00e3o h\u00e1 esclarecimentos adicionais sobre os mecanismos que teriam levado a esse atraso, nem sobre o papel espec\u00edfico de Andr\u00e9 Luiz nos processos.<\/p>\n<h3>O rumor sem sentido que dava Diomande como a pr\u00f3xima contrata\u00e7\u00e3o do PSG em Portugal<\/h3>\n<p>O relat\u00f3rio menciona um rumor sem fundamento apontando Diomande como alvo do PSG em territ\u00f3rio nacional. A not\u00edcia frisa que n\u00e3o h\u00e1 evid\u00eancia s\u00f3lida que sustente a possibilidade, e que se trata de boato circulante entre c\u00edrculos de bastidores.<\/p>\n<p>N\u00e3o se confirmam negocia\u00e7\u00f5es formais nem structuras de neg\u00f3cio associadas ao rumor. A pe\u00e7a refor\u00e7a a necessidade de cautela na leitura de informa\u00e7\u00f5es n\u00e3o verificadas que circulam no meio desportivo.<\/p>\n<h3>Falc\u00e3o esteve com um p\u00e9 na Reboleira<\/h3>\n<p>O texto relata uma possibilidade de proximidade entre Falc\u00e3o e um clube da regi\u00e3o da Reboleira. A publica\u00e7\u00e3o n\u00e3o apresenta confirma\u00e7\u00e3o de negocia\u00e7\u00e3o, apenas a men\u00e7\u00e3o de contactos preliminares e de interesse manifestado por vias informais.<\/p>\n<p>A mat\u00e9ria explica que a troca de mensagens e encontros preliminares n\u00e3o constituem acordo nem proposta oficial. N\u00e3o h\u00e1 indica\u00e7\u00e3o de impactos contratuais ou desportivos relevantes para o atleta.<\/p>\n<h3>Cancelo regressou a Barcelona mas esteve com p\u00e9 no Inter<\/h3>\n<p>A edi\u00e7\u00e3o sugere que Cancelo ter\u00e1 estado perto de voltar a Barcelona, com liga\u00e7\u00f5es ainda ao Inter no radar de management. A informa\u00e7\u00e3o n\u00e3o confirma neg\u00f3cio conclu\u00eddo e menciona apenas contactos entre agentes e clubes.<\/p>\n<p>O artigo deixa claro que a veracidade depende de confirma\u00e7\u00f5es oficiais futuras. N\u00e3o s\u00e3o descritos detalhes de prazos, cl\u00e1usulas ou condi\u00e7\u00f5es de transfer\u00eancia.<\/p>\n<h3>Gustavo S\u00e1 virou costas a fortuna<\/h3>\n<p>A reportagem aponta uma decis\u00e3o de Gustavo S\u00e1 de n\u00e3o aceitar condi\u00e7\u00f5es financeiras atrativas em determinada negocia\u00e7\u00e3o. O texto n\u00e3o especifica qual neg\u00f3cio estaria em causa, nem o montante envolvido.<\/p>\n<p>Conclui que a escolha refletiu crit\u00e9rios de alinhamento estrat\u00e9gico com o projeto desportivo em curso. N\u00e3o h\u00e1 dados sobre impactos imediatos no clube ou no jogador.<\/p>\n","protected":false},"excerpt":{"rendered":"<ul>\n<li>O Record publica a edi\u00e7\u00e3o de Confidencial Record com hist\u00f3rias de mercado que ficaram por contar&#8230; at\u00e9 agora.<\/li>\n<li>Benfica recusou mais de 100 milh\u00f5es de euros em negocia\u00e7\u00f5es.<\/li>\n<li>Marinakis deixou Benfica \u00e0 espera por causa de Andr\u00e9 Luiz.<\/li>\n<li>Surgiu o rumor (sem fundamento) de que Diomande seria a pr\u00f3xima contrata\u00e7\u00e3o do PSG em Portugal.<\/li>\n<li>Cancelo regressou a Barcelona, mas esteve perto de assinar pelo Inter.<\/li>\n<\/ul>\n","protected":false},"author":2,"featured_media":195788,"comment_status":"closed","ping_status":"closed","sticky":false,"template":"","format":"standard","meta":{"footnotes":""},"categories":[21,24],"tags":[2587,1946,2331,32,4813,4043],"class_list":["post-195785","post","type-post","status-publish","format-standard","has-post-thumbnail","hentry","category-desporto","category-futebol","tag-barcelona","tag-benfica","tag-cancelo","tag-futebol","tag-inter-milao","tag-rumores-internacionais"],"yoast_head":"<!-- This site is optimized with the Yoast SEO plugin v27.2 - https:\/\/yoast.com\/product\/yoast-seo-wordpress\/ -->\n<title>Record Confidencial revela hist\u00f3rias de mercado at\u00e9 agora n\u00e3o contadas - Portal Tela Portugal<\/title>\n<meta name=\"robots\" content=\"index, follow, max-snippet:-1, max-image-preview:large, max-video-preview:-1\" \/>\n<meta property=\"og:locale\" content=\"pt_PT\" \/>\n<meta property=\"og:type\" content=\"article\" \/>\n<meta property=\"og:title\" content=\"Record Confidencial revela hist\u00f3rias de mercado at\u00e9 agora n\u00e3o contadas - Portal Tela Portugal\" \/>\n<meta property=\"og:description\" content=\"O Record publica a edi\u00e7\u00e3o de Confidencial Record com hist\u00f3rias de mercado que ficaram por contar... at\u00e9 agora. Benfica recusou mais de 100 milh\u00f5es de euros em negocia\u00e7\u00f5es. Marinakis deixou Benfica \u00e0 espera por causa de Andr\u00e9 Luiz. Surgiu o rumor (sem fundamento) de que Diomande seria a pr\u00f3xima contrata\u00e7\u00e3o do PSG em Portugal. Cancelo regressou a Barcelona, mas esteve perto de assinar pelo Inter.\" \/>\n<meta property=\"og:url\" content=\"https:\/\/portaltela.pt\/noticias\/2026\/02\/04\/record-confidencial-revela-historias-de-mercado-ate-agora-nao-contadas\/\" \/>\n<meta property=\"og:site_name\" content=\"Portal Tela Portugal\" \/>\n<meta property=\"article:published_time\" content=\"2026-02-04T08:05:00+00:00\" \/>\n<meta name=\"author\" content=\"Telinha\" \/>\n<meta name=\"twitter:card\" content=\"summary_large_image\" \/>\n<meta name=\"twitter:label1\" content=\"Escrito por\" \/>\n\t<meta name=\"twitter:data1\" content=\"Telinha\" \/>\n\t<meta name=\"twitter:label2\" content=\"Tempo estimado de leitura\" \/>\n\t<meta name=\"twitter:data2\" content=\"3 minutos\" \/>\n<script type=\"application\/ld+json\" class=\"yoast-schema-graph\">{\"@context\":\"https:\/\/schema.org\",\"@graph\":[{\"@type\":\"Article\",\"@id\":\"https:\/\/portaltela.pt\/noticias\/2026\/02\/04\/record-confidencial-revela-historias-de-mercado-ate-agora-nao-contadas\/#article\",\"isPartOf\":{\"@id\":\"https:\/\/portaltela.pt\/noticias\/2026\/02\/04\/record-confidencial-revela-historias-de-mercado-ate-agora-nao-contadas\/\"},\"author\":{\"name\":\"Telinha\",\"@id\":\"https:\/\/portaltela.pt\/#\/schema\/person\/c4278d4a6028830caff9ee44b42d32ed\"},\"headline\":\"Record Confidencial revela hist\u00f3rias de mercado at\u00e9 agora n\u00e3o contadas\",\"datePublished\":\"2026-02-04T08:05:00+00:00\",\"mainEntityOfPage\":{\"@id\":\"https:\/\/portaltela.pt\/noticias\/2026\/02\/04\/record-confidencial-revela-historias-de-mercado-ate-agora-nao-contadas\/\"},\"wordCount\":645,\"image\":{\"@id\":\"https:\/\/portaltela.pt\/noticias\/2026\/02\/04\/record-confidencial-revela-historias-de-mercado-ate-agora-nao-contadas\/#primaryimage\"},\"thumbnailUrl\":\"https:\/\/portaltela.pt\/s.01k8rhncp4jt1\/2026\/02\/img_1200x721uu2026-02-03-22-31-00-2419418.jpg\",\"keywords\":[\"Barcelona\",\"Benfica\",\"Cancelo\",\"futebol\",\"Inter Mil\u00e3o\",\"rumores internacionais\"],\"articleSection\":[\"Desporto\",\"Futebol\"],\"inLanguage\":\"pt-PT\"},{\"@type\":\"WebPage\",\"@id\":\"https:\/\/portaltela.pt\/noticias\/2026\/02\/04\/record-confidencial-revela-historias-de-mercado-ate-agora-nao-contadas\/\",\"url\":\"https:\/\/portaltela.pt\/noticias\/2026\/02\/04\/record-confidencial-revela-historias-de-mercado-ate-agora-nao-contadas\/\",\"name\":\"Record Confidencial revela hist\u00f3rias de mercado at\u00e9 agora n\u00e3o contadas - Portal Tela Portugal\",\"isPartOf\":{\"@id\":\"https:\/\/portaltela.pt\/#website\"},\"primaryImageOfPage\":{\"@id\":\"https:\/\/portaltela.pt\/noticias\/2026\/02\/04\/record-confidencial-revela-historias-de-mercado-ate-agora-nao-contadas\/#primaryimage\"},\"image\":{\"@id\":\"https:\/\/portaltela.pt\/noticias\/2026\/02\/04\/record-confidencial-revela-historias-de-mercado-ate-agora-nao-contadas\/#primaryimage\"},\"thumbnailUrl\":\"https:\/\/portaltela.pt\/s.01k8rhncp4jt1\/2026\/02\/img_1200x721uu2026-02-03-22-31-00-2419418.jpg\",\"datePublished\":\"2026-02-04T08:05:00+00:00\",\"author\":{\"@id\":\"https:\/\/portaltela.pt\/#\/schema\/person\/c4278d4a6028830caff9ee44b42d32ed\"},\"breadcrumb\":{\"@id\":\"https:\/\/portaltela.pt\/noticias\/2026\/02\/04\/record-confidencial-revela-historias-de-mercado-ate-agora-nao-contadas\/#breadcrumb\"},\"inLanguage\":\"pt-PT\",\"potentialAction\":[{\"@type\":\"ReadAction\",\"target\":[\"https:\/\/portaltela.pt\/noticias\/2026\/02\/04\/record-confidencial-revela-historias-de-mercado-ate-agora-nao-contadas\/\"]}]},{\"@type\":\"ImageObject\",\"inLanguage\":\"pt-PT\",\"@id\":\"https:\/\/portaltela.pt\/noticias\/2026\/02\/04\/record-confidencial-revela-historias-de-mercado-ate-agora-nao-contadas\/#primaryimage\",\"url\":\"https:\/\/portaltela.pt\/s.01k8rhncp4jt1\/2026\/02\/img_1200x721uu2026-02-03-22-31-00-2419418.jpg\",\"contentUrl\":\"https:\/\/portaltela.pt\/s.01k8rhncp4jt1\/2026\/02\/img_1200x721uu2026-02-03-22-31-00-2419418.jpg\",\"width\":796,\"height\":448,\"caption\":\"Confidencial Record: as hist\u00f3rias de mercado que ficaram por contar... at\u00e9 agora\"},{\"@type\":\"BreadcrumbList\",\"@id\":\"https:\/\/portaltela.pt\/noticias\/2026\/02\/04\/record-confidencial-revela-historias-de-mercado-ate-agora-nao-contadas\/#breadcrumb\",\"itemListElement\":[{\"@type\":\"ListItem\",\"position\":1,\"name\":\"In\u00edcio\",\"item\":\"https:\/\/portaltela.pt\/\"},{\"@type\":\"ListItem\",\"position\":2,\"name\":\"Record Confidencial revela hist\u00f3rias de mercado at\u00e9 agora n\u00e3o contadas\"}]},{\"@type\":\"WebSite\",\"@id\":\"https:\/\/portaltela.pt\/#website\",\"url\":\"https:\/\/portaltela.pt\/\",\"name\":\"Portal Tela Portugal\",\"description\":\"\",\"potentialAction\":[{\"@type\":\"SearchAction\",\"target\":{\"@type\":\"EntryPoint\",\"urlTemplate\":\"https:\/\/portaltela.pt\/?s={search_term_string}\"},\"query-input\":{\"@type\":\"PropertyValueSpecification\",\"valueRequired\":true,\"valueName\":\"search_term_string\"}}],\"inLanguage\":\"pt-PT\"},{\"@type\":\"Person\",\"@id\":\"https:\/\/portaltela.pt\/#\/schema\/person\/c4278d4a6028830caff9ee44b42d32ed\",\"name\":\"Telinha\",\"image\":{\"@type\":\"ImageObject\",\"inLanguage\":\"pt-PT\",\"@id\":\"https:\/\/portaltela.pt\/s.01k8rhncp4jt1\/2025\/11\/talking-bot-125x125.png\",\"url\":\"https:\/\/portaltela.pt\/s.01k8rhncp4jt1\/2025\/11\/talking-bot-125x125.png\",\"contentUrl\":\"https:\/\/portaltela.pt\/s.01k8rhncp4jt1\/2025\/11\/talking-bot-125x125.png\",\"caption\":\"Telinha\"},\"sameAs\":[\"https:\/\/portaltela.pt\/\"],\"url\":\"https:\/\/portaltela.pt\/por\/367410592786\/\"}]}<\/script>\n<!-- \/ Yoast SEO plugin. -->","yoast_head_json":{"title":"Record Confidencial revela hist\u00f3rias de mercado at\u00e9 agora n\u00e3o contadas - Portal Tela Portugal","robots":{"index":"index","follow":"follow","max-snippet":"max-snippet:-1","max-image-preview":"max-image-preview:large","max-video-preview":"max-video-preview:-1"},"og_locale":"pt_PT","og_type":"article","og_title":"Record Confidencial revela hist\u00f3rias de mercado at\u00e9 agora n\u00e3o contadas - Portal Tela Portugal","og_description":"O Record publica a edi\u00e7\u00e3o de Confidencial Record com hist\u00f3rias de mercado que ficaram por contar... at\u00e9 agora. Benfica recusou mais de 100 milh\u00f5es de euros em negocia\u00e7\u00f5es. Marinakis deixou Benfica \u00e0 espera por causa de Andr\u00e9 Luiz. Surgiu o rumor (sem fundamento) de que Diomande seria a pr\u00f3xima contrata\u00e7\u00e3o do PSG em Portugal. Cancelo regressou a Barcelona, mas esteve perto de assinar pelo Inter.","og_url":"https:\/\/portaltela.pt\/noticias\/2026\/02\/04\/record-confidencial-revela-historias-de-mercado-ate-agora-nao-contadas\/","og_site_name":"Portal Tela Portugal","article_published_time":"2026-02-04T08:05:00+00:00","author":"Telinha","twitter_card":"summary_large_image","twitter_misc":{"Escrito por":"Telinha","Tempo estimado de leitura":"3 minutos"},"schema":{"@context":"https:\/\/schema.org","@graph":[{"@type":"Article","@id":"https:\/\/portaltela.pt\/noticias\/2026\/02\/04\/record-confidencial-revela-historias-de-mercado-ate-agora-nao-contadas\/#article","isPartOf":{"@id":"https:\/\/portaltela.pt\/noticias\/2026\/02\/04\/record-confidencial-revela-historias-de-mercado-ate-agora-nao-contadas\/"},"author":{"name":"Telinha","@id":"https:\/\/portaltela.pt\/#\/schema\/person\/c4278d4a6028830caff9ee44b42d32ed"},"headline":"Record Confidencial revela hist\u00f3rias de mercado at\u00e9 agora n\u00e3o contadas","datePublished":"2026-02-04T08:05:00+00:00","mainEntityOfPage":{"@id":"https:\/\/portaltela.pt\/noticias\/2026\/02\/04\/record-confidencial-revela-historias-de-mercado-ate-agora-nao-contadas\/"},"wordCount":645,"image":{"@id":"https:\/\/portaltela.pt\/noticias\/2026\/02\/04\/record-confidencial-revela-historias-de-mercado-ate-agora-nao-contadas\/#primaryimage"},"thumbnailUrl":"https:\/\/portaltela.pt\/s.01k8rhncp4jt1\/2026\/02\/img_1200x721uu2026-02-03-22-31-00-2419418.jpg","keywords":["Barcelona","Benfica","Cancelo","futebol","Inter Mil\u00e3o","rumores internacionais"],"articleSection":["Desporto","Futebol"],"inLanguage":"pt-PT"},{"@type":"WebPage","@id":"https:\/\/portaltela.pt\/noticias\/2026\/02\/04\/record-confidencial-revela-historias-de-mercado-ate-agora-nao-contadas\/","url":"https:\/\/portaltela.pt\/noticias\/2026\/02\/04\/record-confidencial-revela-historias-de-mercado-ate-agora-nao-contadas\/","name":"Record Confidencial revela hist\u00f3rias de mercado at\u00e9 agora n\u00e3o contadas - Portal Tela Portugal","isPartOf":{"@id":"https:\/\/portaltela.pt\/#website"},"primaryImageOfPage":{"@id":"https:\/\/portaltela.pt\/noticias\/2026\/02\/04\/record-confidencial-revela-historias-de-mercado-ate-agora-nao-contadas\/#primaryimage"},"image":{"@id":"https:\/\/portaltela.pt\/noticias\/2026\/02\/04\/record-confidencial-revela-historias-de-mercado-ate-agora-nao-contadas\/#primaryimage"},"thumbnailUrl":"https:\/\/portaltela.pt\/s.01k8rhncp4jt1\/2026\/02\/img_1200x721uu2026-02-03-22-31-00-2419418.jpg","datePublished":"2026-02-04T08:05:00+00:00","author":{"@id":"https:\/\/portaltela.pt\/#\/schema\/person\/c4278d4a6028830caff9ee44b42d32ed"},"breadcrumb":{"@id":"https:\/\/portaltela.pt\/noticias\/2026\/02\/04\/record-confidencial-revela-historias-de-mercado-ate-agora-nao-contadas\/#breadcrumb"},"inLanguage":"pt-PT","potentialAction":[{"@type":"ReadAction","target":["https:\/\/portaltela.pt\/noticias\/2026\/02\/04\/record-confidencial-revela-historias-de-mercado-ate-agora-nao-contadas\/"]}]},{"@type":"ImageObject","inLanguage":"pt-PT","@id":"https:\/\/portaltela.pt\/noticias\/2026\/02\/04\/record-confidencial-revela-historias-de-mercado-ate-agora-nao-contadas\/#primaryimage","url":"https:\/\/portaltela.pt\/s.01k8rhncp4jt1\/2026\/02\/img_1200x721uu2026-02-03-22-31-00-2419418.jpg","contentUrl":"https:\/\/portaltela.pt\/s.01k8rhncp4jt1\/2026\/02\/img_1200x721uu2026-02-03-22-31-00-2419418.jpg","width":796,"height":448,"caption":"Confidencial Record: as hist\u00f3rias de mercado que ficaram por contar... at\u00e9 agora"},{"@type":"BreadcrumbList","@id":"https:\/\/portaltela.pt\/noticias\/2026\/02\/04\/record-confidencial-revela-historias-de-mercado-ate-agora-nao-contadas\/#breadcrumb","itemListElement":[{"@type":"ListItem","position":1,"name":"In\u00edcio","item":"https:\/\/portaltela.pt\/"},{"@type":"ListItem","position":2,"name":"Record Confidencial revela hist\u00f3rias de mercado at\u00e9 agora n\u00e3o contadas"}]},{"@type":"WebSite","@id":"https:\/\/portaltela.pt\/#website","url":"https:\/\/portaltela.pt\/","name":"Portal Tela Portugal","description":"","potentialAction":[{"@type":"SearchAction","target":{"@type":"EntryPoint","urlTemplate":"https:\/\/portaltela.pt\/?s={search_term_string}"},"query-input":{"@type":"PropertyValueSpecification","valueRequired":true,"valueName":"search_term_string"}}],"inLanguage":"pt-PT"},{"@type":"Person","@id":"https:\/\/portaltela.pt\/#\/schema\/person\/c4278d4a6028830caff9ee44b42d32ed","name":"Telinha","image":{"@type":"ImageObject","inLanguage":"pt-PT","@id":"https:\/\/portaltela.pt\/s.01k8rhncp4jt1\/2025\/11\/talking-bot-125x125.png","url":"https:\/\/portaltela.pt\/s.01k8rhncp4jt1\/2025\/11\/talking-bot-125x125.png","contentUrl":"https:\/\/portaltela.pt\/s.01k8rhncp4jt1\/2025\/11\/talking-bot-125x125.png","caption":"Telinha"},"sameAs":["https:\/\/portaltela.pt\/"],"url":"https:\/\/portaltela.pt\/por\/367410592786\/"}]}},"_links":{"self":[{"href":"https:\/\/portaltela.pt\/api\/wp\/v2\/posts\/195785","targetHints":{"allow":["GET"]}}],"collection":[{"href":"https:\/\/portaltela.pt\/api\/wp\/v2\/posts"}],"about":[{"href":"https:\/\/portaltela.pt\/api\/wp\/v2\/types\/post"}],"author":[{"embeddable":true,"href":"https:\/\/portaltela.pt\/api\/wp\/v2\/users\/2"}],"replies":[{"embeddable":true,"href":"https:\/\/portaltela.pt\/api\/wp\/v2\/comments?post=195785"}],"version-history":[{"count":0,"href":"https:\/\/portaltela.pt\/api\/wp\/v2\/posts\/195785\/revisions"}],"wp:featuredmedia":[{"embeddable":true,"href":"https:\/\/portaltela.pt\/api\/wp\/v2\/media\/195788"}],"wp:attachment":[{"href":"https:\/\/portaltela.pt\/api\/wp\/v2\/media?parent=195785"}],"wp:term":[{"taxonomy":"category","embeddable":true,"href":"https:\/\/portaltela.pt\/api\/wp\/v2\/categories?post=195785"},{"taxonomy":"post_tag","embeddable":true,"href":"https:\/\/portaltela.pt\/api\/wp\/v2\/tags?post=195785"}],"curies":[{"name":"wp","href":"https:\/\/api.w.org\/{rel}","templated":true}]}}