{"id":195728,"date":"2026-02-04T04:27:01","date_gmt":"2026-02-04T07:27:01","guid":{"rendered":"https:\/\/portaltela.pt\/noticias\/2026\/02\/04\/chuva-intensa-vento-forte-e-agitacao-maritima-marcam-o-dia-no-continente\/"},"modified":"2026-02-04T04:27:01","modified_gmt":"2026-02-04T07:27:01","slug":"chuva-intensa-vento-forte-e-agitacao-maritima-marcam-o-dia-no-continente","status":"publish","type":"post","link":"https:\/\/portaltela.pt\/noticias\/2026\/02\/04\/chuva-intensa-vento-forte-e-agitacao-maritima-marcam-o-dia-no-continente\/","title":{"rendered":"Chuva intensa, vento forte e agita\u00e7\u00e3o mar\u00edtima marcam o dia no continente"},"content":{"rendered":"<p>O Instituto Portugu\u00eas do Mar e da Atmosfera (IPMA) prev\u00ea condi\u00e7\u00f5es meteorol\u00f3gicas adversas para Portugal continental nesta quarta-feira, 4 de fevereiro. A situa\u00e7\u00e3o envolve precipita\u00e7\u00e3o generalizada, vento moderado a forte e agita\u00e7\u00e3o mar\u00edtima significativa, com aumento da temperatura em rela\u00e7\u00e3o aos dias anteriores.<\/p>\n<p>A chuva dever\u00e1 intensificar-se ao longo do dia, com maior persist\u00eancia no Sul. No Norte e Centro, a precipita\u00e7\u00e3o aumenta a partir da tarde, acompanhada de c\u00e9u muito nublado. Pode ocorrer neve acima de 900 a 1000 metros no Norte, e trovoadas junto ao litoral at\u00e9 meio da tarde.<\/p>\n<h3>Norte<\/h3>\n<p>A regi\u00e3o Norte ter\u00e1 per\u00edodos de chuva ou aguaceiros, mais intensos a partir da tarde, especialmente nas zonas montanhosas. O vento sopra de oeste\/sudoeste, por vezes forte na costa e em altas. A temperatura m\u00e1xima dever\u00e1 subir.<\/p>\n<h3>Centro e Sul<\/h3>\n<p>C\u00e9u muito nublado, com chuva por vezes forte no Sul. A partir do fim da tarde, a precipita\u00e7\u00e3o intensifica-se no Centro. Neve nos pontos altos da Serra da Estrela at\u00e9 ao meio da manh\u00e3. Vento moderado a moderado, ganhando for\u00e7a no litoral a sul do Cabo Espichel e nas terras altas, com rajadas at\u00e9 110 km\/h. Neblina tempor\u00e1ria \u00e9 esperada.<\/p>\n<h3>Grande Lisboa<\/h3>\n<p>Per\u00edodos de chuva, por vezes fortes, principalmente de manh\u00e3 e no final do dia. Vento moderado a sudoeste, mais intenso junto \u00e0 costa nos per\u00edodos de chuva. Subida esperada da temperatura m\u00ednima.<\/p>\n<h3>Grande Porto<\/h3>\n<p>C\u00e9u muito nublado com chuva ou aguaceiros, ocasionalmente trovoadas at\u00e9 meio da tarde. Vento fraco a moderado, podendo fortalecer junto \u00e0 costa no final do dia. Temperatura em ascens\u00e3o.<\/p>\n<h3>Agita\u00e7\u00e3o mar\u00edtima<\/h3>\n<p>A previs\u00e3o aponta agita\u00e7\u00e3o forte. Na costa ocidental, as ondas de oeste\/noroeste podem chegar a 5 a 6 metros, reduzindo para 4 a 5 metros a norte do Cabo da Roca. Na costa sul, ondas de sudoeste entre 3 e 4 metros, em decl\u00ednio a partir da tarde. A temperatura da \u00e1gua oscilar\u00e1 entre 13 \u00b0C e 15 \u00b0C na costa ocidental e entre 14 \u00b0C e 15 \u00b0C na costa sul.<\/p>\n<p>Fontes: IPMA. A not\u00edcia n\u00e3o inclui opini\u00f5es, apenas dados meteorol\u00f3gicos e previs\u00f5es oficiais.<\/p>\n","protected":false},"excerpt":{"rendered":"<ul>\n<li>O IPMA prev\u00ea piora das condi\u00e7\u00f5es meteorol\u00f3gicas em Portugal continental na quarta-feira, com chuva generalizada, vento forte, agita\u00e7\u00e3o mar\u00edtima significativa e subida da temperatura.<\/li>\n<li>A chuva ser\u00e1 mais intensa no Sul, e no Norte e Centro dever\u00e1 aumentar a partir da tarde; o c\u00e9u estar\u00e1 muito nublado em todo o territ\u00f3rio.<\/li>\n<li>No Norte, previs\u00e3o de chuva ou aguaceiros a partir do meio da tarde, com neve acima de 900 a 1.000 metros e poss\u00edvel trovoada junto ao litoral at\u00e9 meio da tarde; o vento ser\u00e1 de oeste\/sudoeste, fraco a moderado, podendo intensificar-se nas zonas costeiras e nas terras altas.<\/li>\n<li>No Centro e Sul, c\u00e9u muito nublado com per\u00edodos de chuva, especialmente no Sul; no final da tarde a precipita\u00e7\u00e3o intensifica-se no Centro; neve nas zonas altas da Serra da Estrela at\u00e9 ao in\u00edcio da manh\u00e3; vento moderado a partir do litoral sul do Cabo Espichel, com rajadas de at\u00e9 80 km\/h e nas terras altas podem atingir 110 km\/h; neblina tempor\u00e1ria e subida da temperatura m\u00ednima.<\/li>\n<li>A Grande Lisboa e a Grande Porto devem ter per\u00edodos de chuva, com vento moderado a forte junto \u00e0 costa; agita\u00e7\u00e3o mar\u00edtima forte, com ondas de oeste\/noroeste entre cinco e seis metros na costa ocidental, diminuindo a norte do Cabo da Roca, e entre tr\u00eas a quatro metros na costa sul. A \u00e1gua do mar dever\u00e1 situar-se entre 13 \u00b0C e 15 \u00b0C na costa ocidental e entre 14 \u00b0C e 15 \u00b0C na costa sul.<\/li>\n<\/ul>\n","protected":false},"author":2,"featured_media":195736,"comment_status":"closed","ping_status":"closed","sticky":false,"template":"","format":"standard","meta":{"footnotes":""},"categories":[1],"tags":[183,5329,4023,5343,1014,4782],"class_list":["post-195728","post","type-post","status-publish","format-standard","has-post-thumbnail","hentry","category-noticias","tag-agitacao-maritima","tag-chuva","tag-grande-lisboa","tag-grande-porto","tag-portugal","tag-vento"],"yoast_head":"<!-- This site is optimized with the Yoast SEO plugin v27.2 - https:\/\/yoast.com\/product\/yoast-seo-wordpress\/ -->\n<title>Chuva intensa, vento forte e agita\u00e7\u00e3o mar\u00edtima marcam o dia no continente - Portal Tela Portugal<\/title>\n<meta name=\"robots\" content=\"index, follow, max-snippet:-1, max-image-preview:large, max-video-preview:-1\" \/>\n<meta property=\"og:locale\" content=\"pt_PT\" \/>\n<meta property=\"og:type\" content=\"article\" \/>\n<meta property=\"og:title\" content=\"Chuva intensa, vento forte e agita\u00e7\u00e3o mar\u00edtima marcam o dia no continente - Portal Tela Portugal\" \/>\n<meta property=\"og:description\" content=\"O IPMA prev\u00ea piora das condi\u00e7\u00f5es meteorol\u00f3gicas em Portugal continental na quarta-feira, com chuva generalizada, vento forte, agita\u00e7\u00e3o mar\u00edtima significativa e subida da temperatura. A chuva ser\u00e1 mais intensa no Sul, e no Norte e Centro dever\u00e1 aumentar a partir da tarde; o c\u00e9u estar\u00e1 muito nublado em todo o territ\u00f3rio. No Norte, previs\u00e3o de chuva ou aguaceiros a partir do meio da tarde, com neve acima de 900 a 1.000 metros e poss\u00edvel trovoada junto ao litoral at\u00e9 meio da tarde; o vento ser\u00e1 de oeste\/sudoeste, fraco a moderado, podendo intensificar-se nas zonas costeiras e nas terras altas. No Centro e Sul, c\u00e9u muito nublado com per\u00edodos de chuva, especialmente no Sul; no final da tarde a precipita\u00e7\u00e3o intensifica-se no Centro; neve nas zonas altas da Serra da Estrela at\u00e9 ao in\u00edcio da manh\u00e3; vento moderado a partir do litoral sul do Cabo Espichel, com rajadas de at\u00e9 80 km\/h e nas terras altas podem atingir 110 km\/h; neblina tempor\u00e1ria e subida da temperatura m\u00ednima. A Grande Lisboa e a Grande Porto devem ter per\u00edodos de chuva, com vento moderado a forte junto \u00e0 costa; agita\u00e7\u00e3o mar\u00edtima forte, com ondas de oeste\/noroeste entre cinco e seis metros na costa ocidental, diminuindo a norte do Cabo da Roca, e entre tr\u00eas a quatro metros na costa sul. A \u00e1gua do mar dever\u00e1 situar-se entre 13 \u00b0C e 15 \u00b0C na costa ocidental e entre 14 \u00b0C e 15 \u00b0C na costa sul.\" \/>\n<meta property=\"og:url\" content=\"https:\/\/portaltela.pt\/noticias\/2026\/02\/04\/chuva-intensa-vento-forte-e-agitacao-maritima-marcam-o-dia-no-continente\/\" \/>\n<meta property=\"og:site_name\" content=\"Portal Tela Portugal\" \/>\n<meta property=\"article:published_time\" content=\"2026-02-04T07:27:01+00:00\" \/>\n<meta name=\"author\" content=\"Telinha\" \/>\n<meta name=\"twitter:card\" content=\"summary_large_image\" \/>\n<meta name=\"twitter:label1\" content=\"Escrito por\" \/>\n\t<meta name=\"twitter:data1\" content=\"Telinha\" \/>\n\t<meta name=\"twitter:label2\" content=\"Tempo estimado de leitura\" \/>\n\t<meta name=\"twitter:data2\" content=\"2 minutos\" \/>\n<script type=\"application\/ld+json\" class=\"yoast-schema-graph\">{\"@context\":\"https:\/\/schema.org\",\"@graph\":[{\"@type\":\"Article\",\"@id\":\"https:\/\/portaltela.pt\/noticias\/2026\/02\/04\/chuva-intensa-vento-forte-e-agitacao-maritima-marcam-o-dia-no-continente\/#article\",\"isPartOf\":{\"@id\":\"https:\/\/portaltela.pt\/noticias\/2026\/02\/04\/chuva-intensa-vento-forte-e-agitacao-maritima-marcam-o-dia-no-continente\/\"},\"author\":{\"name\":\"Telinha\",\"@id\":\"https:\/\/portaltela.pt\/#\/schema\/person\/c4278d4a6028830caff9ee44b42d32ed\"},\"headline\":\"Chuva intensa, vento forte e agita\u00e7\u00e3o mar\u00edtima marcam o dia no continente\",\"datePublished\":\"2026-02-04T07:27:01+00:00\",\"mainEntityOfPage\":{\"@id\":\"https:\/\/portaltela.pt\/noticias\/2026\/02\/04\/chuva-intensa-vento-forte-e-agitacao-maritima-marcam-o-dia-no-continente\/\"},\"wordCount\":378,\"image\":{\"@id\":\"https:\/\/portaltela.pt\/noticias\/2026\/02\/04\/chuva-intensa-vento-forte-e-agitacao-maritima-marcam-o-dia-no-continente\/#primaryimage\"},\"thumbnailUrl\":\"https:\/\/portaltela.pt\/s.01k8rhncp4jt1\/2026\/02\/unnamed-file-1087.jpg\",\"keywords\":[\"agita\u00e7\u00e3o mar\u00edtima\",\"chuva\",\"Grande Lisboa\",\"Grande Porto\",\"Portugal\",\"vento\"],\"articleSection\":[\"Not\u00edcias\"],\"inLanguage\":\"pt-PT\"},{\"@type\":\"WebPage\",\"@id\":\"https:\/\/portaltela.pt\/noticias\/2026\/02\/04\/chuva-intensa-vento-forte-e-agitacao-maritima-marcam-o-dia-no-continente\/\",\"url\":\"https:\/\/portaltela.pt\/noticias\/2026\/02\/04\/chuva-intensa-vento-forte-e-agitacao-maritima-marcam-o-dia-no-continente\/\",\"name\":\"Chuva intensa, vento forte e agita\u00e7\u00e3o mar\u00edtima marcam o dia no continente - Portal Tela Portugal\",\"isPartOf\":{\"@id\":\"https:\/\/portaltela.pt\/#website\"},\"primaryImageOfPage\":{\"@id\":\"https:\/\/portaltela.pt\/noticias\/2026\/02\/04\/chuva-intensa-vento-forte-e-agitacao-maritima-marcam-o-dia-no-continente\/#primaryimage\"},\"image\":{\"@id\":\"https:\/\/portaltela.pt\/noticias\/2026\/02\/04\/chuva-intensa-vento-forte-e-agitacao-maritima-marcam-o-dia-no-continente\/#primaryimage\"},\"thumbnailUrl\":\"https:\/\/portaltela.pt\/s.01k8rhncp4jt1\/2026\/02\/unnamed-file-1087.jpg\",\"datePublished\":\"2026-02-04T07:27:01+00:00\",\"author\":{\"@id\":\"https:\/\/portaltela.pt\/#\/schema\/person\/c4278d4a6028830caff9ee44b42d32ed\"},\"breadcrumb\":{\"@id\":\"https:\/\/portaltela.pt\/noticias\/2026\/02\/04\/chuva-intensa-vento-forte-e-agitacao-maritima-marcam-o-dia-no-continente\/#breadcrumb\"},\"inLanguage\":\"pt-PT\",\"potentialAction\":[{\"@type\":\"ReadAction\",\"target\":[\"https:\/\/portaltela.pt\/noticias\/2026\/02\/04\/chuva-intensa-vento-forte-e-agitacao-maritima-marcam-o-dia-no-continente\/\"]}]},{\"@type\":\"ImageObject\",\"inLanguage\":\"pt-PT\",\"@id\":\"https:\/\/portaltela.pt\/noticias\/2026\/02\/04\/chuva-intensa-vento-forte-e-agitacao-maritima-marcam-o-dia-no-continente\/#primaryimage\",\"url\":\"https:\/\/portaltela.pt\/s.01k8rhncp4jt1\/2026\/02\/unnamed-file-1087.jpg\",\"contentUrl\":\"https:\/\/portaltela.pt\/s.01k8rhncp4jt1\/2026\/02\/unnamed-file-1087.jpg\",\"width\":796,\"height\":448,\"caption\":\"Chuva\"},{\"@type\":\"BreadcrumbList\",\"@id\":\"https:\/\/portaltela.pt\/noticias\/2026\/02\/04\/chuva-intensa-vento-forte-e-agitacao-maritima-marcam-o-dia-no-continente\/#breadcrumb\",\"itemListElement\":[{\"@type\":\"ListItem\",\"position\":1,\"name\":\"In\u00edcio\",\"item\":\"https:\/\/portaltela.pt\/\"},{\"@type\":\"ListItem\",\"position\":2,\"name\":\"Chuva intensa, vento forte e agita\u00e7\u00e3o mar\u00edtima marcam o dia no continente\"}]},{\"@type\":\"WebSite\",\"@id\":\"https:\/\/portaltela.pt\/#website\",\"url\":\"https:\/\/portaltela.pt\/\",\"name\":\"Portal Tela Portugal\",\"description\":\"\",\"potentialAction\":[{\"@type\":\"SearchAction\",\"target\":{\"@type\":\"EntryPoint\",\"urlTemplate\":\"https:\/\/portaltela.pt\/?s={search_term_string}\"},\"query-input\":{\"@type\":\"PropertyValueSpecification\",\"valueRequired\":true,\"valueName\":\"search_term_string\"}}],\"inLanguage\":\"pt-PT\"},{\"@type\":\"Person\",\"@id\":\"https:\/\/portaltela.pt\/#\/schema\/person\/c4278d4a6028830caff9ee44b42d32ed\",\"name\":\"Telinha\",\"image\":{\"@type\":\"ImageObject\",\"inLanguage\":\"pt-PT\",\"@id\":\"https:\/\/portaltela.pt\/s.01k8rhncp4jt1\/2025\/11\/talking-bot-125x125.png\",\"url\":\"https:\/\/portaltela.pt\/s.01k8rhncp4jt1\/2025\/11\/talking-bot-125x125.png\",\"contentUrl\":\"https:\/\/portaltela.pt\/s.01k8rhncp4jt1\/2025\/11\/talking-bot-125x125.png\",\"caption\":\"Telinha\"},\"sameAs\":[\"https:\/\/portaltela.pt\/\"],\"url\":\"https:\/\/portaltela.pt\/por\/367410592786\/\"}]}<\/script>\n<!-- \/ Yoast SEO plugin. -->","yoast_head_json":{"title":"Chuva intensa, vento forte e agita\u00e7\u00e3o mar\u00edtima marcam o dia no continente - Portal Tela Portugal","robots":{"index":"index","follow":"follow","max-snippet":"max-snippet:-1","max-image-preview":"max-image-preview:large","max-video-preview":"max-video-preview:-1"},"og_locale":"pt_PT","og_type":"article","og_title":"Chuva intensa, vento forte e agita\u00e7\u00e3o mar\u00edtima marcam o dia no continente - Portal Tela Portugal","og_description":"O IPMA prev\u00ea piora das condi\u00e7\u00f5es meteorol\u00f3gicas em Portugal continental na quarta-feira, com chuva generalizada, vento forte, agita\u00e7\u00e3o mar\u00edtima significativa e subida da temperatura. A chuva ser\u00e1 mais intensa no Sul, e no Norte e Centro dever\u00e1 aumentar a partir da tarde; o c\u00e9u estar\u00e1 muito nublado em todo o territ\u00f3rio. No Norte, previs\u00e3o de chuva ou aguaceiros a partir do meio da tarde, com neve acima de 900 a 1.000 metros e poss\u00edvel trovoada junto ao litoral at\u00e9 meio da tarde; o vento ser\u00e1 de oeste\/sudoeste, fraco a moderado, podendo intensificar-se nas zonas costeiras e nas terras altas. No Centro e Sul, c\u00e9u muito nublado com per\u00edodos de chuva, especialmente no Sul; no final da tarde a precipita\u00e7\u00e3o intensifica-se no Centro; neve nas zonas altas da Serra da Estrela at\u00e9 ao in\u00edcio da manh\u00e3; vento moderado a partir do litoral sul do Cabo Espichel, com rajadas de at\u00e9 80 km\/h e nas terras altas podem atingir 110 km\/h; neblina tempor\u00e1ria e subida da temperatura m\u00ednima. A Grande Lisboa e a Grande Porto devem ter per\u00edodos de chuva, com vento moderado a forte junto \u00e0 costa; agita\u00e7\u00e3o mar\u00edtima forte, com ondas de oeste\/noroeste entre cinco e seis metros na costa ocidental, diminuindo a norte do Cabo da Roca, e entre tr\u00eas a quatro metros na costa sul. A \u00e1gua do mar dever\u00e1 situar-se entre 13 \u00b0C e 15 \u00b0C na costa ocidental e entre 14 \u00b0C e 15 \u00b0C na costa sul.","og_url":"https:\/\/portaltela.pt\/noticias\/2026\/02\/04\/chuva-intensa-vento-forte-e-agitacao-maritima-marcam-o-dia-no-continente\/","og_site_name":"Portal Tela Portugal","article_published_time":"2026-02-04T07:27:01+00:00","author":"Telinha","twitter_card":"summary_large_image","twitter_misc":{"Escrito por":"Telinha","Tempo estimado de leitura":"2 minutos"},"schema":{"@context":"https:\/\/schema.org","@graph":[{"@type":"Article","@id":"https:\/\/portaltela.pt\/noticias\/2026\/02\/04\/chuva-intensa-vento-forte-e-agitacao-maritima-marcam-o-dia-no-continente\/#article","isPartOf":{"@id":"https:\/\/portaltela.pt\/noticias\/2026\/02\/04\/chuva-intensa-vento-forte-e-agitacao-maritima-marcam-o-dia-no-continente\/"},"author":{"name":"Telinha","@id":"https:\/\/portaltela.pt\/#\/schema\/person\/c4278d4a6028830caff9ee44b42d32ed"},"headline":"Chuva intensa, vento forte e agita\u00e7\u00e3o mar\u00edtima marcam o dia no continente","datePublished":"2026-02-04T07:27:01+00:00","mainEntityOfPage":{"@id":"https:\/\/portaltela.pt\/noticias\/2026\/02\/04\/chuva-intensa-vento-forte-e-agitacao-maritima-marcam-o-dia-no-continente\/"},"wordCount":378,"image":{"@id":"https:\/\/portaltela.pt\/noticias\/2026\/02\/04\/chuva-intensa-vento-forte-e-agitacao-maritima-marcam-o-dia-no-continente\/#primaryimage"},"thumbnailUrl":"https:\/\/portaltela.pt\/s.01k8rhncp4jt1\/2026\/02\/unnamed-file-1087.jpg","keywords":["agita\u00e7\u00e3o mar\u00edtima","chuva","Grande Lisboa","Grande Porto","Portugal","vento"],"articleSection":["Not\u00edcias"],"inLanguage":"pt-PT"},{"@type":"WebPage","@id":"https:\/\/portaltela.pt\/noticias\/2026\/02\/04\/chuva-intensa-vento-forte-e-agitacao-maritima-marcam-o-dia-no-continente\/","url":"https:\/\/portaltela.pt\/noticias\/2026\/02\/04\/chuva-intensa-vento-forte-e-agitacao-maritima-marcam-o-dia-no-continente\/","name":"Chuva intensa, vento forte e agita\u00e7\u00e3o mar\u00edtima marcam o dia no continente - Portal Tela Portugal","isPartOf":{"@id":"https:\/\/portaltela.pt\/#website"},"primaryImageOfPage":{"@id":"https:\/\/portaltela.pt\/noticias\/2026\/02\/04\/chuva-intensa-vento-forte-e-agitacao-maritima-marcam-o-dia-no-continente\/#primaryimage"},"image":{"@id":"https:\/\/portaltela.pt\/noticias\/2026\/02\/04\/chuva-intensa-vento-forte-e-agitacao-maritima-marcam-o-dia-no-continente\/#primaryimage"},"thumbnailUrl":"https:\/\/portaltela.pt\/s.01k8rhncp4jt1\/2026\/02\/unnamed-file-1087.jpg","datePublished":"2026-02-04T07:27:01+00:00","author":{"@id":"https:\/\/portaltela.pt\/#\/schema\/person\/c4278d4a6028830caff9ee44b42d32ed"},"breadcrumb":{"@id":"https:\/\/portaltela.pt\/noticias\/2026\/02\/04\/chuva-intensa-vento-forte-e-agitacao-maritima-marcam-o-dia-no-continente\/#breadcrumb"},"inLanguage":"pt-PT","potentialAction":[{"@type":"ReadAction","target":["https:\/\/portaltela.pt\/noticias\/2026\/02\/04\/chuva-intensa-vento-forte-e-agitacao-maritima-marcam-o-dia-no-continente\/"]}]},{"@type":"ImageObject","inLanguage":"pt-PT","@id":"https:\/\/portaltela.pt\/noticias\/2026\/02\/04\/chuva-intensa-vento-forte-e-agitacao-maritima-marcam-o-dia-no-continente\/#primaryimage","url":"https:\/\/portaltela.pt\/s.01k8rhncp4jt1\/2026\/02\/unnamed-file-1087.jpg","contentUrl":"https:\/\/portaltela.pt\/s.01k8rhncp4jt1\/2026\/02\/unnamed-file-1087.jpg","width":796,"height":448,"caption":"Chuva"},{"@type":"BreadcrumbList","@id":"https:\/\/portaltela.pt\/noticias\/2026\/02\/04\/chuva-intensa-vento-forte-e-agitacao-maritima-marcam-o-dia-no-continente\/#breadcrumb","itemListElement":[{"@type":"ListItem","position":1,"name":"In\u00edcio","item":"https:\/\/portaltela.pt\/"},{"@type":"ListItem","position":2,"name":"Chuva intensa, vento forte e agita\u00e7\u00e3o mar\u00edtima marcam o dia no continente"}]},{"@type":"WebSite","@id":"https:\/\/portaltela.pt\/#website","url":"https:\/\/portaltela.pt\/","name":"Portal Tela Portugal","description":"","potentialAction":[{"@type":"SearchAction","target":{"@type":"EntryPoint","urlTemplate":"https:\/\/portaltela.pt\/?s={search_term_string}"},"query-input":{"@type":"PropertyValueSpecification","valueRequired":true,"valueName":"search_term_string"}}],"inLanguage":"pt-PT"},{"@type":"Person","@id":"https:\/\/portaltela.pt\/#\/schema\/person\/c4278d4a6028830caff9ee44b42d32ed","name":"Telinha","image":{"@type":"ImageObject","inLanguage":"pt-PT","@id":"https:\/\/portaltela.pt\/s.01k8rhncp4jt1\/2025\/11\/talking-bot-125x125.png","url":"https:\/\/portaltela.pt\/s.01k8rhncp4jt1\/2025\/11\/talking-bot-125x125.png","contentUrl":"https:\/\/portaltela.pt\/s.01k8rhncp4jt1\/2025\/11\/talking-bot-125x125.png","caption":"Telinha"},"sameAs":["https:\/\/portaltela.pt\/"],"url":"https:\/\/portaltela.pt\/por\/367410592786\/"}]}},"_links":{"self":[{"href":"https:\/\/portaltela.pt\/api\/wp\/v2\/posts\/195728","targetHints":{"allow":["GET"]}}],"collection":[{"href":"https:\/\/portaltela.pt\/api\/wp\/v2\/posts"}],"about":[{"href":"https:\/\/portaltela.pt\/api\/wp\/v2\/types\/post"}],"author":[{"embeddable":true,"href":"https:\/\/portaltela.pt\/api\/wp\/v2\/users\/2"}],"replies":[{"embeddable":true,"href":"https:\/\/portaltela.pt\/api\/wp\/v2\/comments?post=195728"}],"version-history":[{"count":0,"href":"https:\/\/portaltela.pt\/api\/wp\/v2\/posts\/195728\/revisions"}],"wp:featuredmedia":[{"embeddable":true,"href":"https:\/\/portaltela.pt\/api\/wp\/v2\/media\/195736"}],"wp:attachment":[{"href":"https:\/\/portaltela.pt\/api\/wp\/v2\/media?parent=195728"}],"wp:term":[{"taxonomy":"category","embeddable":true,"href":"https:\/\/portaltela.pt\/api\/wp\/v2\/categories?post=195728"},{"taxonomy":"post_tag","embeddable":true,"href":"https:\/\/portaltela.pt\/api\/wp\/v2\/tags?post=195728"}],"curies":[{"name":"wp","href":"https:\/\/api.w.org\/{rel}","templated":true}]}}