{"id":195670,"date":"2026-02-04T03:48:00","date_gmt":"2026-02-04T06:48:00","guid":{"rendered":"https:\/\/portaltela.pt\/noticias\/2026\/02\/04\/dia-mundial-do-cancro-avancos-cientificos-e-novos-desafios\/"},"modified":"2026-02-04T03:48:00","modified_gmt":"2026-02-04T06:48:00","slug":"dia-mundial-do-cancro-avancos-cientificos-e-novos-desafios","status":"publish","type":"post","link":"https:\/\/portaltela.pt\/noticias\/2026\/02\/04\/dia-mundial-do-cancro-avancos-cientificos-e-novos-desafios\/","title":{"rendered":"Dia Mundial do Cancro: avan\u00e7os cient\u00edficos e novos desafios"},"content":{"rendered":"<p>O Dia Mundial do Cancro celebrau os progressos da ci\u00eancia na dete\u00e7\u00e3o precoce e no tratamento, mas tamb\u00e9m aponta novos desafios. Dados recentes indicam que hoje h\u00e1 mais sobreviventes de cancro do que nunca.<\/p>\n<p>A American Cancer Society revelou que cerca de 70% das pessoas diagnosticadas com cancro vivem pelo menos cinco anos ap\u00f3s o diagn\u00f3stico. Em 1970, essa taxa rondava 50%, destacando o ganho em cinco d\u00e9cadas.<\/p>\n<p>Nos \u00faltimos cinco anos, a taxa de sobreviv\u00eancia ao cancro do pulm\u00e3o aumentou 26%, fruto de avan\u00e7os tecnol\u00f3gicos e de melhoria nos regimes terap\u00eauticos. O progresso estende-se a v\u00e1rias entidades tumorais.<\/p>\n<p>Este cen\u00e1rio reflete avan\u00e7os cient\u00edficos que permitem detetar o cancro mais cedo e tratar com maior efic\u00e1cia. Contudo, tamb\u00e9m aponta para desafios ainda por resolver.<\/p>\n<p>A preven\u00e7\u00e3o continua relevante: tabagismo e infe\u00e7\u00f5es associadas ao cancro permanecem causas preven\u00edveis. O helicobacter pylori e o HPV s\u00e3o exemplos citados, com a vacina\u00e7\u00e3o e a sa\u00fade p\u00fablica a atuarem como fatores-chave.<\/p>\n<h3>Surgem novos tra\u00e7os de tend\u00eancia<\/h3>\n<p>Globalmente, os diagn\u00f3sticos em pessoas entre 18 e 49 anos aumentaram quase 80% entre 1990 e 2019. No grupo et\u00e1rio mais jovem, o cancro da mama \u00e9 o mais frequente, seguido de tumores do sistema digestivo.<\/p>\n<p>N\u00e3o obstante a melhoria tecnol\u00f3gica, a incid\u00eancia entre jovens n\u00e3o se explica apenas pelo maior acesso a exames. Existem fatores de risco adicionais ainda por esclarecer, que v\u00e3o al\u00e9m do tabagismo.<\/p>\n<p>A alimenta\u00e7\u00e3o moderna, rica em ultraprocessados, carne vermelha e \u00e1lcool, pode contribuir para o fen\u00f3meno. A exposi\u00e7\u00e3o a qu\u00edmicos agr\u00edcolas e de produ\u00e7\u00e3o animal tamb\u00e9m \u00e9 citada como preocupa\u00e7\u00e3o.<\/p>\n<p>A presen\u00e7a generalizada de micropl\u00e1sticos no ambiente levanta novas quest\u00f5es de sa\u00fade. Como se observa na \u00e1gua, nos alimentos e at\u00e9 em tecidos humanos, estes componentes podem ter impacto a longo prazo.<\/p>\n<p>A puberdade precoce em raparigas, hoje mais cedo, tamb\u00e9m \u00e9 apontada como poss\u00edvel fator. O in\u00edcio da fertilidade precoce aumenta a exposi\u00e7\u00e3o hormonal e pode influenciar o cancro da mama.<\/p>\n<p>Quase todas as hip\u00f3teses exigem comprovac\u00f5es r\u00e1pidas, uma vez que a ci\u00eancia levar\u00e1 tempo a esclarecer os mecanismos. O conhecimento cont\u00ednuo permite responder a novos desafios com decis\u00f5es informadas.<\/p>\n<p>O conjunto de evid\u00eancias refor\u00e7a a necessidade de manter a investiga\u00e7\u00e3o em \u00e1reas como qu\u00edmica ambiental, nutri\u00e7\u00e3o e sa\u00fade p\u00fablica. S\u00f3 assim se poder\u00e1 reduzir a incid\u00eancia e melhorar a preven\u00e7\u00e3o.<\/p>\n<p>O texto sublinha que o progresso cient\u00edfico \u00e9 gradual e que n\u00e3o h\u00e1 solu\u00e7\u00f5es instant\u00e2neas. A cont\u00ednua coopera\u00e7\u00e3o entre investigadores, cl\u00ednicos e pol\u00edticas p\u00fablicas \u00e9 determinante para enfrentar o cancro.<\/p>\n","protected":false},"excerpt":{"rendered":"<ul>\n<li>Cerca de 70% das pessoas diagnosticadas com cancro est\u00e3o vivas pelo menos cinco anos ap\u00f3s o diagn\u00f3stico, o valor mais alto j\u00e1 registado; nos anos 1970 era aproximadamente 50%, e a sobreviv\u00eancia ao cancro do pulm\u00e3o aumentou 26% nos \u00faltimos cinco anos.<\/li>\n<li>O progresso deve-se a avan\u00e7os cient\u00edficos que permitem detetar a doen\u00e7a mais cedo e trat\u00e1-la com maior efic\u00e1cia, al\u00e9m de identificar causas externas que podem ser prevenidas, como tabagismo, infe\u00e7\u00e3o por Helicobacter pylori e HPV (vacina\u00e7\u00e3o).<\/li>\n<li>Globalmente, os diagn\u00f3sticos em pessoas com 18 a 49 anos aumentaram quase 80% entre 1990 e 2019, sendo o cancro da mama o mais frequente nesse grupo, seguido por tumores do aparelho digestivo.<\/li>\n<li>Fatores apontados como potenciais explica\u00e7\u00f5es para o aumento em jovens incluem alimenta\u00e7\u00e3o ultraprocessada, carne vermelha, \u00e1lcool, aumento de peso e exposi\u00e7\u00e3o a qu\u00edmicos na agricultura e ind\u00fastria animal, com micropl\u00e1sticos j\u00e1 detectados no ambiente e em tecidos humanos.<\/li>\n<li>A puberdade precoce e a poss\u00edvel interfer\u00eancia de qu\u00edmicos disruptores hormonais, como ftalatos e \u201cqu\u00edmicos eternos\u201d, bem como o stress, podem contribuir para ciclos hormonais que favore\u00e7am o cancro da mama; a compreens\u00e3o destes riscos exige mais ci\u00eancia e investiga\u00e7\u00e3o.<\/li>\n<\/ul>\n","protected":false},"author":2,"featured_media":195673,"comment_status":"closed","ping_status":"closed","sticky":false,"template":"","format":"standard","meta":{"footnotes":""},"categories":[1],"tags":[86,5083,215,45,915,271],"class_list":["post-195670","post","type-post","status-publish","format-standard","has-post-thumbnail","hentry","category-noticias","tag-alimentacao","tag-codigo-europeu-contra-o-cancro","tag-investigacao","tag-meio-ambiente","tag-nutricao","tag-saude-publica"],"yoast_head":"<!-- This site is optimized with the Yoast SEO plugin v27.2 - https:\/\/yoast.com\/product\/yoast-seo-wordpress\/ -->\n<title>Dia Mundial do Cancro: avan\u00e7os cient\u00edficos e novos desafios - Portal Tela Portugal<\/title>\n<meta name=\"robots\" content=\"index, follow, max-snippet:-1, max-image-preview:large, max-video-preview:-1\" \/>\n<meta property=\"og:locale\" content=\"pt_PT\" \/>\n<meta property=\"og:type\" content=\"article\" \/>\n<meta property=\"og:title\" content=\"Dia Mundial do Cancro: avan\u00e7os cient\u00edficos e novos desafios - Portal Tela Portugal\" \/>\n<meta property=\"og:description\" content=\"Cerca de 70% das pessoas diagnosticadas com cancro est\u00e3o vivas pelo menos cinco anos ap\u00f3s o diagn\u00f3stico, o valor mais alto j\u00e1 registado; nos anos 1970 era aproximadamente 50%, e a sobreviv\u00eancia ao cancro do pulm\u00e3o aumentou 26% nos \u00faltimos cinco anos. O progresso deve-se a avan\u00e7os cient\u00edficos que permitem detetar a doen\u00e7a mais cedo e trat\u00e1-la com maior efic\u00e1cia, al\u00e9m de identificar causas externas que podem ser prevenidas, como tabagismo, infe\u00e7\u00e3o por Helicobacter pylori e HPV (vacina\u00e7\u00e3o). Globalmente, os diagn\u00f3sticos em pessoas com 18 a 49 anos aumentaram quase 80% entre 1990 e 2019, sendo o cancro da mama o mais frequente nesse grupo, seguido por tumores do aparelho digestivo. Fatores apontados como potenciais explica\u00e7\u00f5es para o aumento em jovens incluem alimenta\u00e7\u00e3o ultraprocessada, carne vermelha, \u00e1lcool, aumento de peso e exposi\u00e7\u00e3o a qu\u00edmicos na agricultura e ind\u00fastria animal, com micropl\u00e1sticos j\u00e1 detectados no ambiente e em tecidos humanos. A puberdade precoce e a poss\u00edvel interfer\u00eancia de qu\u00edmicos disruptores hormonais, como ftalatos e \u201cqu\u00edmicos eternos\u201d, bem como o stress, podem contribuir para ciclos hormonais que favore\u00e7am o cancro da mama; a compreens\u00e3o destes riscos exige mais ci\u00eancia e investiga\u00e7\u00e3o.\" \/>\n<meta property=\"og:url\" content=\"https:\/\/portaltela.pt\/noticias\/2026\/02\/04\/dia-mundial-do-cancro-avancos-cientificos-e-novos-desafios\/\" \/>\n<meta property=\"og:site_name\" content=\"Portal Tela Portugal\" \/>\n<meta property=\"article:published_time\" content=\"2026-02-04T06:48:00+00:00\" \/>\n<meta name=\"author\" content=\"Telinha\" \/>\n<meta name=\"twitter:card\" content=\"summary_large_image\" \/>\n<meta name=\"twitter:label1\" content=\"Escrito por\" \/>\n\t<meta name=\"twitter:data1\" content=\"Telinha\" \/>\n\t<meta name=\"twitter:label2\" content=\"Tempo estimado de leitura\" \/>\n\t<meta name=\"twitter:data2\" content=\"2 minutos\" \/>\n<script type=\"application\/ld+json\" class=\"yoast-schema-graph\">{\"@context\":\"https:\/\/schema.org\",\"@graph\":[{\"@type\":\"Article\",\"@id\":\"https:\/\/portaltela.pt\/noticias\/2026\/02\/04\/dia-mundial-do-cancro-avancos-cientificos-e-novos-desafios\/#article\",\"isPartOf\":{\"@id\":\"https:\/\/portaltela.pt\/noticias\/2026\/02\/04\/dia-mundial-do-cancro-avancos-cientificos-e-novos-desafios\/\"},\"author\":{\"name\":\"Telinha\",\"@id\":\"https:\/\/portaltela.pt\/#\/schema\/person\/c4278d4a6028830caff9ee44b42d32ed\"},\"headline\":\"Dia Mundial do Cancro: avan\u00e7os cient\u00edficos e novos desafios\",\"datePublished\":\"2026-02-04T06:48:00+00:00\",\"mainEntityOfPage\":{\"@id\":\"https:\/\/portaltela.pt\/noticias\/2026\/02\/04\/dia-mundial-do-cancro-avancos-cientificos-e-novos-desafios\/\"},\"wordCount\":481,\"image\":{\"@id\":\"https:\/\/portaltela.pt\/noticias\/2026\/02\/04\/dia-mundial-do-cancro-avancos-cientificos-e-novos-desafios\/#primaryimage\"},\"thumbnailUrl\":\"https:\/\/portaltela.pt\/s.01k8rhncp4jt1\/2026\/02\/2063763.jpg\",\"keywords\":[\"alimenta\u00e7\u00e3o\",\"C\u00f3digo Europeu Contra o Cancro\",\"investiga\u00e7\u00e3o\",\"meio-ambiente\",\"nutri\u00e7\u00e3o\",\"sa\u00fade p\u00fablica\"],\"articleSection\":[\"Not\u00edcias\"],\"inLanguage\":\"pt-PT\"},{\"@type\":\"WebPage\",\"@id\":\"https:\/\/portaltela.pt\/noticias\/2026\/02\/04\/dia-mundial-do-cancro-avancos-cientificos-e-novos-desafios\/\",\"url\":\"https:\/\/portaltela.pt\/noticias\/2026\/02\/04\/dia-mundial-do-cancro-avancos-cientificos-e-novos-desafios\/\",\"name\":\"Dia Mundial do Cancro: avan\u00e7os cient\u00edficos e novos desafios - Portal Tela Portugal\",\"isPartOf\":{\"@id\":\"https:\/\/portaltela.pt\/#website\"},\"primaryImageOfPage\":{\"@id\":\"https:\/\/portaltela.pt\/noticias\/2026\/02\/04\/dia-mundial-do-cancro-avancos-cientificos-e-novos-desafios\/#primaryimage\"},\"image\":{\"@id\":\"https:\/\/portaltela.pt\/noticias\/2026\/02\/04\/dia-mundial-do-cancro-avancos-cientificos-e-novos-desafios\/#primaryimage\"},\"thumbnailUrl\":\"https:\/\/portaltela.pt\/s.01k8rhncp4jt1\/2026\/02\/2063763.jpg\",\"datePublished\":\"2026-02-04T06:48:00+00:00\",\"author\":{\"@id\":\"https:\/\/portaltela.pt\/#\/schema\/person\/c4278d4a6028830caff9ee44b42d32ed\"},\"breadcrumb\":{\"@id\":\"https:\/\/portaltela.pt\/noticias\/2026\/02\/04\/dia-mundial-do-cancro-avancos-cientificos-e-novos-desafios\/#breadcrumb\"},\"inLanguage\":\"pt-PT\",\"potentialAction\":[{\"@type\":\"ReadAction\",\"target\":[\"https:\/\/portaltela.pt\/noticias\/2026\/02\/04\/dia-mundial-do-cancro-avancos-cientificos-e-novos-desafios\/\"]}]},{\"@type\":\"ImageObject\",\"inLanguage\":\"pt-PT\",\"@id\":\"https:\/\/portaltela.pt\/noticias\/2026\/02\/04\/dia-mundial-do-cancro-avancos-cientificos-e-novos-desafios\/#primaryimage\",\"url\":\"https:\/\/portaltela.pt\/s.01k8rhncp4jt1\/2026\/02\/2063763.jpg\",\"contentUrl\":\"https:\/\/portaltela.pt\/s.01k8rhncp4jt1\/2026\/02\/2063763.jpg\",\"width\":796,\"height\":448,\"caption\":\"Photo\"},{\"@type\":\"BreadcrumbList\",\"@id\":\"https:\/\/portaltela.pt\/noticias\/2026\/02\/04\/dia-mundial-do-cancro-avancos-cientificos-e-novos-desafios\/#breadcrumb\",\"itemListElement\":[{\"@type\":\"ListItem\",\"position\":1,\"name\":\"In\u00edcio\",\"item\":\"https:\/\/portaltela.pt\/\"},{\"@type\":\"ListItem\",\"position\":2,\"name\":\"Dia Mundial do Cancro: avan\u00e7os cient\u00edficos e novos desafios\"}]},{\"@type\":\"WebSite\",\"@id\":\"https:\/\/portaltela.pt\/#website\",\"url\":\"https:\/\/portaltela.pt\/\",\"name\":\"Portal Tela Portugal\",\"description\":\"\",\"potentialAction\":[{\"@type\":\"SearchAction\",\"target\":{\"@type\":\"EntryPoint\",\"urlTemplate\":\"https:\/\/portaltela.pt\/?s={search_term_string}\"},\"query-input\":{\"@type\":\"PropertyValueSpecification\",\"valueRequired\":true,\"valueName\":\"search_term_string\"}}],\"inLanguage\":\"pt-PT\"},{\"@type\":\"Person\",\"@id\":\"https:\/\/portaltela.pt\/#\/schema\/person\/c4278d4a6028830caff9ee44b42d32ed\",\"name\":\"Telinha\",\"image\":{\"@type\":\"ImageObject\",\"inLanguage\":\"pt-PT\",\"@id\":\"https:\/\/portaltela.pt\/s.01k8rhncp4jt1\/2025\/11\/talking-bot-125x125.png\",\"url\":\"https:\/\/portaltela.pt\/s.01k8rhncp4jt1\/2025\/11\/talking-bot-125x125.png\",\"contentUrl\":\"https:\/\/portaltela.pt\/s.01k8rhncp4jt1\/2025\/11\/talking-bot-125x125.png\",\"caption\":\"Telinha\"},\"sameAs\":[\"https:\/\/portaltela.pt\/\"],\"url\":\"https:\/\/portaltela.pt\/por\/367410592786\/\"}]}<\/script>\n<!-- \/ Yoast SEO plugin. -->","yoast_head_json":{"title":"Dia Mundial do Cancro: avan\u00e7os cient\u00edficos e novos desafios - Portal Tela Portugal","robots":{"index":"index","follow":"follow","max-snippet":"max-snippet:-1","max-image-preview":"max-image-preview:large","max-video-preview":"max-video-preview:-1"},"og_locale":"pt_PT","og_type":"article","og_title":"Dia Mundial do Cancro: avan\u00e7os cient\u00edficos e novos desafios - Portal Tela Portugal","og_description":"Cerca de 70% das pessoas diagnosticadas com cancro est\u00e3o vivas pelo menos cinco anos ap\u00f3s o diagn\u00f3stico, o valor mais alto j\u00e1 registado; nos anos 1970 era aproximadamente 50%, e a sobreviv\u00eancia ao cancro do pulm\u00e3o aumentou 26% nos \u00faltimos cinco anos. O progresso deve-se a avan\u00e7os cient\u00edficos que permitem detetar a doen\u00e7a mais cedo e trat\u00e1-la com maior efic\u00e1cia, al\u00e9m de identificar causas externas que podem ser prevenidas, como tabagismo, infe\u00e7\u00e3o por Helicobacter pylori e HPV (vacina\u00e7\u00e3o). Globalmente, os diagn\u00f3sticos em pessoas com 18 a 49 anos aumentaram quase 80% entre 1990 e 2019, sendo o cancro da mama o mais frequente nesse grupo, seguido por tumores do aparelho digestivo. Fatores apontados como potenciais explica\u00e7\u00f5es para o aumento em jovens incluem alimenta\u00e7\u00e3o ultraprocessada, carne vermelha, \u00e1lcool, aumento de peso e exposi\u00e7\u00e3o a qu\u00edmicos na agricultura e ind\u00fastria animal, com micropl\u00e1sticos j\u00e1 detectados no ambiente e em tecidos humanos. A puberdade precoce e a poss\u00edvel interfer\u00eancia de qu\u00edmicos disruptores hormonais, como ftalatos e \u201cqu\u00edmicos eternos\u201d, bem como o stress, podem contribuir para ciclos hormonais que favore\u00e7am o cancro da mama; a compreens\u00e3o destes riscos exige mais ci\u00eancia e investiga\u00e7\u00e3o.","og_url":"https:\/\/portaltela.pt\/noticias\/2026\/02\/04\/dia-mundial-do-cancro-avancos-cientificos-e-novos-desafios\/","og_site_name":"Portal Tela Portugal","article_published_time":"2026-02-04T06:48:00+00:00","author":"Telinha","twitter_card":"summary_large_image","twitter_misc":{"Escrito por":"Telinha","Tempo estimado de leitura":"2 minutos"},"schema":{"@context":"https:\/\/schema.org","@graph":[{"@type":"Article","@id":"https:\/\/portaltela.pt\/noticias\/2026\/02\/04\/dia-mundial-do-cancro-avancos-cientificos-e-novos-desafios\/#article","isPartOf":{"@id":"https:\/\/portaltela.pt\/noticias\/2026\/02\/04\/dia-mundial-do-cancro-avancos-cientificos-e-novos-desafios\/"},"author":{"name":"Telinha","@id":"https:\/\/portaltela.pt\/#\/schema\/person\/c4278d4a6028830caff9ee44b42d32ed"},"headline":"Dia Mundial do Cancro: avan\u00e7os cient\u00edficos e novos desafios","datePublished":"2026-02-04T06:48:00+00:00","mainEntityOfPage":{"@id":"https:\/\/portaltela.pt\/noticias\/2026\/02\/04\/dia-mundial-do-cancro-avancos-cientificos-e-novos-desafios\/"},"wordCount":481,"image":{"@id":"https:\/\/portaltela.pt\/noticias\/2026\/02\/04\/dia-mundial-do-cancro-avancos-cientificos-e-novos-desafios\/#primaryimage"},"thumbnailUrl":"https:\/\/portaltela.pt\/s.01k8rhncp4jt1\/2026\/02\/2063763.jpg","keywords":["alimenta\u00e7\u00e3o","C\u00f3digo Europeu Contra o Cancro","investiga\u00e7\u00e3o","meio-ambiente","nutri\u00e7\u00e3o","sa\u00fade p\u00fablica"],"articleSection":["Not\u00edcias"],"inLanguage":"pt-PT"},{"@type":"WebPage","@id":"https:\/\/portaltela.pt\/noticias\/2026\/02\/04\/dia-mundial-do-cancro-avancos-cientificos-e-novos-desafios\/","url":"https:\/\/portaltela.pt\/noticias\/2026\/02\/04\/dia-mundial-do-cancro-avancos-cientificos-e-novos-desafios\/","name":"Dia Mundial do Cancro: avan\u00e7os cient\u00edficos e novos desafios - Portal Tela Portugal","isPartOf":{"@id":"https:\/\/portaltela.pt\/#website"},"primaryImageOfPage":{"@id":"https:\/\/portaltela.pt\/noticias\/2026\/02\/04\/dia-mundial-do-cancro-avancos-cientificos-e-novos-desafios\/#primaryimage"},"image":{"@id":"https:\/\/portaltela.pt\/noticias\/2026\/02\/04\/dia-mundial-do-cancro-avancos-cientificos-e-novos-desafios\/#primaryimage"},"thumbnailUrl":"https:\/\/portaltela.pt\/s.01k8rhncp4jt1\/2026\/02\/2063763.jpg","datePublished":"2026-02-04T06:48:00+00:00","author":{"@id":"https:\/\/portaltela.pt\/#\/schema\/person\/c4278d4a6028830caff9ee44b42d32ed"},"breadcrumb":{"@id":"https:\/\/portaltela.pt\/noticias\/2026\/02\/04\/dia-mundial-do-cancro-avancos-cientificos-e-novos-desafios\/#breadcrumb"},"inLanguage":"pt-PT","potentialAction":[{"@type":"ReadAction","target":["https:\/\/portaltela.pt\/noticias\/2026\/02\/04\/dia-mundial-do-cancro-avancos-cientificos-e-novos-desafios\/"]}]},{"@type":"ImageObject","inLanguage":"pt-PT","@id":"https:\/\/portaltela.pt\/noticias\/2026\/02\/04\/dia-mundial-do-cancro-avancos-cientificos-e-novos-desafios\/#primaryimage","url":"https:\/\/portaltela.pt\/s.01k8rhncp4jt1\/2026\/02\/2063763.jpg","contentUrl":"https:\/\/portaltela.pt\/s.01k8rhncp4jt1\/2026\/02\/2063763.jpg","width":796,"height":448,"caption":"Photo"},{"@type":"BreadcrumbList","@id":"https:\/\/portaltela.pt\/noticias\/2026\/02\/04\/dia-mundial-do-cancro-avancos-cientificos-e-novos-desafios\/#breadcrumb","itemListElement":[{"@type":"ListItem","position":1,"name":"In\u00edcio","item":"https:\/\/portaltela.pt\/"},{"@type":"ListItem","position":2,"name":"Dia Mundial do Cancro: avan\u00e7os cient\u00edficos e novos desafios"}]},{"@type":"WebSite","@id":"https:\/\/portaltela.pt\/#website","url":"https:\/\/portaltela.pt\/","name":"Portal Tela Portugal","description":"","potentialAction":[{"@type":"SearchAction","target":{"@type":"EntryPoint","urlTemplate":"https:\/\/portaltela.pt\/?s={search_term_string}"},"query-input":{"@type":"PropertyValueSpecification","valueRequired":true,"valueName":"search_term_string"}}],"inLanguage":"pt-PT"},{"@type":"Person","@id":"https:\/\/portaltela.pt\/#\/schema\/person\/c4278d4a6028830caff9ee44b42d32ed","name":"Telinha","image":{"@type":"ImageObject","inLanguage":"pt-PT","@id":"https:\/\/portaltela.pt\/s.01k8rhncp4jt1\/2025\/11\/talking-bot-125x125.png","url":"https:\/\/portaltela.pt\/s.01k8rhncp4jt1\/2025\/11\/talking-bot-125x125.png","contentUrl":"https:\/\/portaltela.pt\/s.01k8rhncp4jt1\/2025\/11\/talking-bot-125x125.png","caption":"Telinha"},"sameAs":["https:\/\/portaltela.pt\/"],"url":"https:\/\/portaltela.pt\/por\/367410592786\/"}]}},"_links":{"self":[{"href":"https:\/\/portaltela.pt\/api\/wp\/v2\/posts\/195670","targetHints":{"allow":["GET"]}}],"collection":[{"href":"https:\/\/portaltela.pt\/api\/wp\/v2\/posts"}],"about":[{"href":"https:\/\/portaltela.pt\/api\/wp\/v2\/types\/post"}],"author":[{"embeddable":true,"href":"https:\/\/portaltela.pt\/api\/wp\/v2\/users\/2"}],"replies":[{"embeddable":true,"href":"https:\/\/portaltela.pt\/api\/wp\/v2\/comments?post=195670"}],"version-history":[{"count":0,"href":"https:\/\/portaltela.pt\/api\/wp\/v2\/posts\/195670\/revisions"}],"wp:featuredmedia":[{"embeddable":true,"href":"https:\/\/portaltela.pt\/api\/wp\/v2\/media\/195673"}],"wp:attachment":[{"href":"https:\/\/portaltela.pt\/api\/wp\/v2\/media?parent=195670"}],"wp:term":[{"taxonomy":"category","embeddable":true,"href":"https:\/\/portaltela.pt\/api\/wp\/v2\/categories?post=195670"},{"taxonomy":"post_tag","embeddable":true,"href":"https:\/\/portaltela.pt\/api\/wp\/v2\/tags?post=195670"}],"curies":[{"name":"wp","href":"https:\/\/api.w.org\/{rel}","templated":true}]}}