{"id":195667,"date":"2026-02-04T00:59:00","date_gmt":"2026-02-04T03:59:00","guid":{"rendered":"https:\/\/portaltela.pt\/noticias\/2026\/02\/04\/panama-anula-concessao-portuaria-pequim-critica-a-decisao-como-absurda\/"},"modified":"2026-02-04T00:59:00","modified_gmt":"2026-02-04T03:59:00","slug":"panama-anula-concessao-portuaria-pequim-critica-a-decisao-como-absurda","status":"publish","type":"post","link":"https:\/\/portaltela.pt\/noticias\/internacional\/2026\/02\/04\/panama-anula-concessao-portuaria-pequim-critica-a-decisao-como-absurda\/","title":{"rendered":"Panam\u00e1 anula concess\u00e3o portu\u00e1ria; Pequim critica a decis\u00e3o como absurda"},"content":{"rendered":"<p>O Conselho de Estado da China descreveu como irracional e totalmente absurda a anula\u00e7\u00e3o judicial da concess\u00e3o portu\u00e1ria no Panam\u00e1, atribu\u00edda \u00e0 subsidi\u00e1ria do grupo CK Hutchison, sediado em Hong Kong. A afirma\u00e7\u00e3o foi apresentada por Pequim em rea\u00e7\u00e3o aos desdobramentos do caso.<\/p>\n<p>Beijing n\u00e3o detalhou os fundamentos da cr\u00edtica, mas refor\u00e7ou a import\u00e2ncia de respeitar contratos e acordos internacionais no \u00e2mbito de investimentos estrangeiros. O texto n\u00e3o especifica datas nem o conte\u00fado exato do processo judicial.<\/p>\n<p>O epis\u00f3dio envolve a CK Hutchison Holdings, por meio da sua subsidi\u00e1ria, e o governo panameiro, com o escrut\u00ednio do seu sistema judicial. A cobertura internacional destaca a a tens\u00e3o entre interesses de investimento e decis\u00f5es judiciais que afetam ativos estrat\u00e9gicos no Panam\u00e1.<\/p>\n","protected":false},"excerpt":{"rendered":"<ul>\n<li>O Conselho de Estado da China qualificou a anula\u00e7\u00e3o judicial da concess\u00e3o portu\u00e1ria no Panam\u00e1 como irracional e totalmente absurda.<\/li>\n<li>A concess\u00e3o envolvia uma subsidi\u00e1ria do grupo CK Hutchison, com base em Hong Kong.<\/li>\n<li>Pequim expressou a sua posi\u00e7\u00e3o sobre a decis\u00e3o tomada no Panam\u00e1, considerando-a injustificada.<\/li>\n<li>O texto disponibilizado indica que o conte\u00fado completo est\u00e1 reservado a subscritores.<\/li>\n<\/ul>\n","protected":false},"author":2,"featured_media":195668,"comment_status":"closed","ping_status":"closed","sticky":false,"template":"","format":"standard","meta":{"footnotes":""},"categories":[4,1],"tags":[3368,1842,2792,316,2156],"class_list":["post-195667","post","type-post","status-publish","format-standard","has-post-thumbnail","hentry","category-internacional","category-noticias","tag-comercio-internacional","tag-concessoes-internacionais","tag-conflito-internacional","tag-investimento","tag-investimento-direto-estrangeiro"],"yoast_head":"<!-- This site is optimized with the Yoast SEO plugin v27.2 - https:\/\/yoast.com\/product\/yoast-seo-wordpress\/ -->\n<title>Panam\u00e1 anula concess\u00e3o portu\u00e1ria; Pequim critica a decis\u00e3o como absurda - Portal Tela Portugal<\/title>\n<meta name=\"robots\" content=\"index, follow, max-snippet:-1, max-image-preview:large, max-video-preview:-1\" \/>\n<meta property=\"og:locale\" content=\"pt_PT\" \/>\n<meta property=\"og:type\" content=\"article\" \/>\n<meta property=\"og:title\" content=\"Panam\u00e1 anula concess\u00e3o portu\u00e1ria; Pequim critica a decis\u00e3o como absurda - Portal Tela Portugal\" \/>\n<meta property=\"og:description\" content=\"O Conselho de Estado da China qualificou a anula\u00e7\u00e3o judicial da concess\u00e3o portu\u00e1ria no Panam\u00e1 como irracional e totalmente absurda. A concess\u00e3o envolvia uma subsidi\u00e1ria do grupo CK Hutchison, com base em Hong Kong. Pequim expressou a sua posi\u00e7\u00e3o sobre a decis\u00e3o tomada no Panam\u00e1, considerando-a injustificada. O texto disponibilizado indica que o conte\u00fado completo est\u00e1 reservado a subscritores.\" \/>\n<meta property=\"og:url\" content=\"https:\/\/portaltela.pt\/noticias\/2026\/02\/04\/panama-anula-concessao-portuaria-pequim-critica-a-decisao-como-absurda\/\" \/>\n<meta property=\"og:site_name\" content=\"Portal Tela Portugal\" \/>\n<meta property=\"article:published_time\" content=\"2026-02-04T03:59:00+00:00\" \/>\n<meta name=\"author\" content=\"Telinha\" \/>\n<meta name=\"twitter:card\" content=\"summary_large_image\" \/>\n<meta name=\"twitter:label1\" content=\"Escrito por\" \/>\n\t<meta name=\"twitter:data1\" content=\"Telinha\" \/>\n\t<meta name=\"twitter:label2\" content=\"Tempo estimado de leitura\" \/>\n\t<meta name=\"twitter:data2\" content=\"1 minuto\" \/>\n<script type=\"application\/ld+json\" class=\"yoast-schema-graph\">{\"@context\":\"https:\/\/schema.org\",\"@graph\":[{\"@type\":\"Article\",\"@id\":\"https:\/\/portaltela.pt\/noticias\/2026\/02\/04\/panama-anula-concessao-portuaria-pequim-critica-a-decisao-como-absurda\/#article\",\"isPartOf\":{\"@id\":\"https:\/\/portaltela.pt\/noticias\/2026\/02\/04\/panama-anula-concessao-portuaria-pequim-critica-a-decisao-como-absurda\/\"},\"author\":{\"name\":\"Telinha\",\"@id\":\"https:\/\/portaltela.pt\/#\/schema\/person\/c4278d4a6028830caff9ee44b42d32ed\"},\"headline\":\"Panam\u00e1 anula concess\u00e3o portu\u00e1ria; Pequim critica a decis\u00e3o como absurda\",\"datePublished\":\"2026-02-04T03:59:00+00:00\",\"mainEntityOfPage\":{\"@id\":\"https:\/\/portaltela.pt\/noticias\/2026\/02\/04\/panama-anula-concessao-portuaria-pequim-critica-a-decisao-como-absurda\/\"},\"wordCount\":151,\"image\":{\"@id\":\"https:\/\/portaltela.pt\/noticias\/2026\/02\/04\/panama-anula-concessao-portuaria-pequim-critica-a-decisao-como-absurda\/#primaryimage\"},\"thumbnailUrl\":\"https:\/\/portaltela.pt\/s.01k8rhncp4jt1\/2026\/02\/CACHE_780X1200_ANALOG_WATERMARKED_46476035_632874724000077.jpg\",\"keywords\":[\"com\u00e9rcio internacional\",\"concess\u00f5es internacionais\",\"conflito internacional\",\"investimento\",\"Investimento Direto Estrangeiro\"],\"articleSection\":[\"Internacional\",\"Not\u00edcias\"],\"inLanguage\":\"pt-PT\"},{\"@type\":\"WebPage\",\"@id\":\"https:\/\/portaltela.pt\/noticias\/2026\/02\/04\/panama-anula-concessao-portuaria-pequim-critica-a-decisao-como-absurda\/\",\"url\":\"https:\/\/portaltela.pt\/noticias\/2026\/02\/04\/panama-anula-concessao-portuaria-pequim-critica-a-decisao-como-absurda\/\",\"name\":\"Panam\u00e1 anula concess\u00e3o portu\u00e1ria; Pequim critica a decis\u00e3o como absurda - Portal Tela Portugal\",\"isPartOf\":{\"@id\":\"https:\/\/portaltela.pt\/#website\"},\"primaryImageOfPage\":{\"@id\":\"https:\/\/portaltela.pt\/noticias\/2026\/02\/04\/panama-anula-concessao-portuaria-pequim-critica-a-decisao-como-absurda\/#primaryimage\"},\"image\":{\"@id\":\"https:\/\/portaltela.pt\/noticias\/2026\/02\/04\/panama-anula-concessao-portuaria-pequim-critica-a-decisao-como-absurda\/#primaryimage\"},\"thumbnailUrl\":\"https:\/\/portaltela.pt\/s.01k8rhncp4jt1\/2026\/02\/CACHE_780X1200_ANALOG_WATERMARKED_46476035_632874724000077.jpg\",\"datePublished\":\"2026-02-04T03:59:00+00:00\",\"author\":{\"@id\":\"https:\/\/portaltela.pt\/#\/schema\/person\/c4278d4a6028830caff9ee44b42d32ed\"},\"breadcrumb\":{\"@id\":\"https:\/\/portaltela.pt\/noticias\/2026\/02\/04\/panama-anula-concessao-portuaria-pequim-critica-a-decisao-como-absurda\/#breadcrumb\"},\"inLanguage\":\"pt-PT\",\"potentialAction\":[{\"@type\":\"ReadAction\",\"target\":[\"https:\/\/portaltela.pt\/noticias\/2026\/02\/04\/panama-anula-concessao-portuaria-pequim-critica-a-decisao-como-absurda\/\"]}]},{\"@type\":\"ImageObject\",\"inLanguage\":\"pt-PT\",\"@id\":\"https:\/\/portaltela.pt\/noticias\/2026\/02\/04\/panama-anula-concessao-portuaria-pequim-critica-a-decisao-como-absurda\/#primaryimage\",\"url\":\"https:\/\/portaltela.pt\/s.01k8rhncp4jt1\/2026\/02\/CACHE_780X1200_ANALOG_WATERMARKED_46476035_632874724000077.jpg\",\"contentUrl\":\"https:\/\/portaltela.pt\/s.01k8rhncp4jt1\/2026\/02\/CACHE_780X1200_ANALOG_WATERMARKED_46476035_632874724000077.jpg\",\"width\":796,\"height\":448,\"caption\":\"Anula\u00e7\u00e3o do Panam\u00e1 de concess\u00e3o portu\u00e1ria totalmente absurda - Pequim\"},{\"@type\":\"BreadcrumbList\",\"@id\":\"https:\/\/portaltela.pt\/noticias\/2026\/02\/04\/panama-anula-concessao-portuaria-pequim-critica-a-decisao-como-absurda\/#breadcrumb\",\"itemListElement\":[{\"@type\":\"ListItem\",\"position\":1,\"name\":\"In\u00edcio\",\"item\":\"https:\/\/portaltela.pt\/\"},{\"@type\":\"ListItem\",\"position\":2,\"name\":\"Panam\u00e1 anula concess\u00e3o portu\u00e1ria; Pequim critica a decis\u00e3o como absurda\"}]},{\"@type\":\"WebSite\",\"@id\":\"https:\/\/portaltela.pt\/#website\",\"url\":\"https:\/\/portaltela.pt\/\",\"name\":\"Portal Tela Portugal\",\"description\":\"\",\"potentialAction\":[{\"@type\":\"SearchAction\",\"target\":{\"@type\":\"EntryPoint\",\"urlTemplate\":\"https:\/\/portaltela.pt\/?s={search_term_string}\"},\"query-input\":{\"@type\":\"PropertyValueSpecification\",\"valueRequired\":true,\"valueName\":\"search_term_string\"}}],\"inLanguage\":\"pt-PT\"},{\"@type\":\"Person\",\"@id\":\"https:\/\/portaltela.pt\/#\/schema\/person\/c4278d4a6028830caff9ee44b42d32ed\",\"name\":\"Telinha\",\"image\":{\"@type\":\"ImageObject\",\"inLanguage\":\"pt-PT\",\"@id\":\"https:\/\/portaltela.pt\/s.01k8rhncp4jt1\/2025\/11\/talking-bot-125x125.png\",\"url\":\"https:\/\/portaltela.pt\/s.01k8rhncp4jt1\/2025\/11\/talking-bot-125x125.png\",\"contentUrl\":\"https:\/\/portaltela.pt\/s.01k8rhncp4jt1\/2025\/11\/talking-bot-125x125.png\",\"caption\":\"Telinha\"},\"sameAs\":[\"https:\/\/portaltela.pt\/\"],\"url\":\"https:\/\/portaltela.pt\/por\/367410592786\/\"}]}<\/script>\n<!-- \/ Yoast SEO plugin. -->","yoast_head_json":{"title":"Panam\u00e1 anula concess\u00e3o portu\u00e1ria; Pequim critica a decis\u00e3o como absurda - Portal Tela Portugal","robots":{"index":"index","follow":"follow","max-snippet":"max-snippet:-1","max-image-preview":"max-image-preview:large","max-video-preview":"max-video-preview:-1"},"og_locale":"pt_PT","og_type":"article","og_title":"Panam\u00e1 anula concess\u00e3o portu\u00e1ria; Pequim critica a decis\u00e3o como absurda - Portal Tela Portugal","og_description":"O Conselho de Estado da China qualificou a anula\u00e7\u00e3o judicial da concess\u00e3o portu\u00e1ria no Panam\u00e1 como irracional e totalmente absurda. A concess\u00e3o envolvia uma subsidi\u00e1ria do grupo CK Hutchison, com base em Hong Kong. Pequim expressou a sua posi\u00e7\u00e3o sobre a decis\u00e3o tomada no Panam\u00e1, considerando-a injustificada. O texto disponibilizado indica que o conte\u00fado completo est\u00e1 reservado a subscritores.","og_url":"https:\/\/portaltela.pt\/noticias\/2026\/02\/04\/panama-anula-concessao-portuaria-pequim-critica-a-decisao-como-absurda\/","og_site_name":"Portal Tela Portugal","article_published_time":"2026-02-04T03:59:00+00:00","author":"Telinha","twitter_card":"summary_large_image","twitter_misc":{"Escrito por":"Telinha","Tempo estimado de leitura":"1 minuto"},"schema":{"@context":"https:\/\/schema.org","@graph":[{"@type":"Article","@id":"https:\/\/portaltela.pt\/noticias\/2026\/02\/04\/panama-anula-concessao-portuaria-pequim-critica-a-decisao-como-absurda\/#article","isPartOf":{"@id":"https:\/\/portaltela.pt\/noticias\/2026\/02\/04\/panama-anula-concessao-portuaria-pequim-critica-a-decisao-como-absurda\/"},"author":{"name":"Telinha","@id":"https:\/\/portaltela.pt\/#\/schema\/person\/c4278d4a6028830caff9ee44b42d32ed"},"headline":"Panam\u00e1 anula concess\u00e3o portu\u00e1ria; Pequim critica a decis\u00e3o como absurda","datePublished":"2026-02-04T03:59:00+00:00","mainEntityOfPage":{"@id":"https:\/\/portaltela.pt\/noticias\/2026\/02\/04\/panama-anula-concessao-portuaria-pequim-critica-a-decisao-como-absurda\/"},"wordCount":151,"image":{"@id":"https:\/\/portaltela.pt\/noticias\/2026\/02\/04\/panama-anula-concessao-portuaria-pequim-critica-a-decisao-como-absurda\/#primaryimage"},"thumbnailUrl":"https:\/\/portaltela.pt\/s.01k8rhncp4jt1\/2026\/02\/CACHE_780X1200_ANALOG_WATERMARKED_46476035_632874724000077.jpg","keywords":["com\u00e9rcio internacional","concess\u00f5es internacionais","conflito internacional","investimento","Investimento Direto Estrangeiro"],"articleSection":["Internacional","Not\u00edcias"],"inLanguage":"pt-PT"},{"@type":"WebPage","@id":"https:\/\/portaltela.pt\/noticias\/2026\/02\/04\/panama-anula-concessao-portuaria-pequim-critica-a-decisao-como-absurda\/","url":"https:\/\/portaltela.pt\/noticias\/2026\/02\/04\/panama-anula-concessao-portuaria-pequim-critica-a-decisao-como-absurda\/","name":"Panam\u00e1 anula concess\u00e3o portu\u00e1ria; Pequim critica a decis\u00e3o como absurda - Portal Tela Portugal","isPartOf":{"@id":"https:\/\/portaltela.pt\/#website"},"primaryImageOfPage":{"@id":"https:\/\/portaltela.pt\/noticias\/2026\/02\/04\/panama-anula-concessao-portuaria-pequim-critica-a-decisao-como-absurda\/#primaryimage"},"image":{"@id":"https:\/\/portaltela.pt\/noticias\/2026\/02\/04\/panama-anula-concessao-portuaria-pequim-critica-a-decisao-como-absurda\/#primaryimage"},"thumbnailUrl":"https:\/\/portaltela.pt\/s.01k8rhncp4jt1\/2026\/02\/CACHE_780X1200_ANALOG_WATERMARKED_46476035_632874724000077.jpg","datePublished":"2026-02-04T03:59:00+00:00","author":{"@id":"https:\/\/portaltela.pt\/#\/schema\/person\/c4278d4a6028830caff9ee44b42d32ed"},"breadcrumb":{"@id":"https:\/\/portaltela.pt\/noticias\/2026\/02\/04\/panama-anula-concessao-portuaria-pequim-critica-a-decisao-como-absurda\/#breadcrumb"},"inLanguage":"pt-PT","potentialAction":[{"@type":"ReadAction","target":["https:\/\/portaltela.pt\/noticias\/2026\/02\/04\/panama-anula-concessao-portuaria-pequim-critica-a-decisao-como-absurda\/"]}]},{"@type":"ImageObject","inLanguage":"pt-PT","@id":"https:\/\/portaltela.pt\/noticias\/2026\/02\/04\/panama-anula-concessao-portuaria-pequim-critica-a-decisao-como-absurda\/#primaryimage","url":"https:\/\/portaltela.pt\/s.01k8rhncp4jt1\/2026\/02\/CACHE_780X1200_ANALOG_WATERMARKED_46476035_632874724000077.jpg","contentUrl":"https:\/\/portaltela.pt\/s.01k8rhncp4jt1\/2026\/02\/CACHE_780X1200_ANALOG_WATERMARKED_46476035_632874724000077.jpg","width":796,"height":448,"caption":"Anula\u00e7\u00e3o do Panam\u00e1 de concess\u00e3o portu\u00e1ria totalmente absurda - Pequim"},{"@type":"BreadcrumbList","@id":"https:\/\/portaltela.pt\/noticias\/2026\/02\/04\/panama-anula-concessao-portuaria-pequim-critica-a-decisao-como-absurda\/#breadcrumb","itemListElement":[{"@type":"ListItem","position":1,"name":"In\u00edcio","item":"https:\/\/portaltela.pt\/"},{"@type":"ListItem","position":2,"name":"Panam\u00e1 anula concess\u00e3o portu\u00e1ria; Pequim critica a decis\u00e3o como absurda"}]},{"@type":"WebSite","@id":"https:\/\/portaltela.pt\/#website","url":"https:\/\/portaltela.pt\/","name":"Portal Tela Portugal","description":"","potentialAction":[{"@type":"SearchAction","target":{"@type":"EntryPoint","urlTemplate":"https:\/\/portaltela.pt\/?s={search_term_string}"},"query-input":{"@type":"PropertyValueSpecification","valueRequired":true,"valueName":"search_term_string"}}],"inLanguage":"pt-PT"},{"@type":"Person","@id":"https:\/\/portaltela.pt\/#\/schema\/person\/c4278d4a6028830caff9ee44b42d32ed","name":"Telinha","image":{"@type":"ImageObject","inLanguage":"pt-PT","@id":"https:\/\/portaltela.pt\/s.01k8rhncp4jt1\/2025\/11\/talking-bot-125x125.png","url":"https:\/\/portaltela.pt\/s.01k8rhncp4jt1\/2025\/11\/talking-bot-125x125.png","contentUrl":"https:\/\/portaltela.pt\/s.01k8rhncp4jt1\/2025\/11\/talking-bot-125x125.png","caption":"Telinha"},"sameAs":["https:\/\/portaltela.pt\/"],"url":"https:\/\/portaltela.pt\/por\/367410592786\/"}]}},"_links":{"self":[{"href":"https:\/\/portaltela.pt\/api\/wp\/v2\/posts\/195667","targetHints":{"allow":["GET"]}}],"collection":[{"href":"https:\/\/portaltela.pt\/api\/wp\/v2\/posts"}],"about":[{"href":"https:\/\/portaltela.pt\/api\/wp\/v2\/types\/post"}],"author":[{"embeddable":true,"href":"https:\/\/portaltela.pt\/api\/wp\/v2\/users\/2"}],"replies":[{"embeddable":true,"href":"https:\/\/portaltela.pt\/api\/wp\/v2\/comments?post=195667"}],"version-history":[{"count":0,"href":"https:\/\/portaltela.pt\/api\/wp\/v2\/posts\/195667\/revisions"}],"wp:featuredmedia":[{"embeddable":true,"href":"https:\/\/portaltela.pt\/api\/wp\/v2\/media\/195668"}],"wp:attachment":[{"href":"https:\/\/portaltela.pt\/api\/wp\/v2\/media?parent=195667"}],"wp:term":[{"taxonomy":"category","embeddable":true,"href":"https:\/\/portaltela.pt\/api\/wp\/v2\/categories?post=195667"},{"taxonomy":"post_tag","embeddable":true,"href":"https:\/\/portaltela.pt\/api\/wp\/v2\/tags?post=195667"}],"curies":[{"name":"wp","href":"https:\/\/api.w.org\/{rel}","templated":true}]}}