{"id":195630,"date":"2026-02-04T03:20:23","date_gmt":"2026-02-04T06:20:23","guid":{"rendered":"https:\/\/portaltela.pt\/noticias\/2026\/02\/04\/pc-chines-e-oposicao-taiwanesa-reforcam-nocao-de-nacao-chinesa-comum\/"},"modified":"2026-02-04T03:20:23","modified_gmt":"2026-02-04T06:20:23","slug":"pc-chines-e-oposicao-taiwanesa-reforcam-nocao-de-nacao-chinesa-comum","status":"publish","type":"post","link":"https:\/\/portaltela.pt\/noticias\/internacional\/2026\/02\/04\/pc-chines-e-oposicao-taiwanesa-reforcam-nocao-de-nacao-chinesa-comum\/","title":{"rendered":"PC chin\u00eas e oposi\u00e7\u00e3o taiwanesa refor\u00e7am no\u00e7\u00e3o de na\u00e7\u00e3o chinesa comum"},"content":{"rendered":"<p>O l\u00edder da principal institui\u00e7\u00e3o consultiva da China, Wang Huning, encontrou-se com um representante da oposi\u00e7\u00e3o em Taiwan, Hsiao Hsu-tsen, em Pequim. O objetivo foi refor\u00e7ar a ideia de uma na\u00e7\u00e3o chinesa comum entre as duas margens do Estreito, num contexto de aproxima\u00e7\u00e3o entre o Partido Comunista Chin\u00eas (PCC) e o Kuomintang (KMT). O encontro ocorreu no Sal\u00e3o Xinjiang do Grande Pal\u00e1cio do Povo.<\/p>\n<p>Wang afirmou que o f\u00f3rum de think tanks entre as partes demonstra o compromisso com o bem-estar dos cidad\u00e3os de ambos os lados e acrescenta energia positiva \u00e0s rela\u00e7\u00f5es atrav\u00e9s do Estreito. Destacou ainda que os habitantes das duas margens pertencem \u00e0 mesma na\u00e7\u00e3o, com sangue, cultura e hist\u00f3ria partilhados, assumindo responsabilidades comuns.<\/p>\n<p>Hsiao Hsu-tsen reiterou que o Consenso de 1992 e a oposi\u00e7\u00e3o \u00e0 independ\u00eancia de Taiwan formam a base pol\u00edtica que sustenta os interc\u00e2mbios. Refor\u00e7ou a ideia de uma \u00fanica China com cada parte a expressar uma s\u00f3 China, rejeitando interpreta\u00e7\u00f5es distintas. Acredita que a consci\u00eancia chinesa \u00e9 a alma, a cultura o corpo, e a na\u00e7\u00e3o a raiz.<\/p>\n<h3>Encontro no cora\u00e7\u00e3o de Pequim<\/h3>\n<p>O encontro decorreu no Sal\u00e3o Xinjiang, no Grande Pal\u00e1cio do Povo, em Pequim, segundo a ag\u00eancia CNA. O evento ocorreu um dia ap\u00f3s o f\u00f3rum entre os dois partidos, que marcou a retoma do interc\u00e2mbio institucional interrompido h\u00e1 quase uma d\u00e9cada.<\/p>\n<h3>Contexto pol\u00edtico<\/h3>\n<p>O di\u00e1logo entre PCC e KMT surge em contraste com a tens\u00e3o entre Pequim e Taip\u00e9, governado pelo Partido Democr\u00e1tico Progressista desde 2016. O Governo de Taiwan defende a soberania e o seu futuro pol\u00edtico cabe aos habitantes da ilha, sem promessa de reunifica\u00e7\u00e3o.<\/p>\n<h3>Rea\u00e7\u00f5es e desdobramentos<\/h3>\n<p>O encontro \u00e9 visto como passo preliminar para uma poss\u00edvel reuni\u00e3o entre Xi Jinping e a nova presidente do KMT, Cheng Li-wun, prevista para o primeiro semestre. O Conselho para Assuntos Continentais criticou a participa\u00e7\u00e3o do KMT no f\u00f3rum, alegando que n\u00e3o reflete a sensibilidade da rela\u00e7\u00e3o com Pequim.<\/p>\n<h3>O que muda para o Estreito<\/h3>\n<p>A reaproxima\u00e7\u00e3o entre PCC e KMT \u00e9 encarada como um sinal de que as rela\u00e7\u00f5es atrav\u00e9s do Estreito podem manter canais de di\u00e1logo, apesar da oposi\u00e7\u00e3o a mudan\u00e7as constitucionais e de pol\u00edticas de cada lado. A situa\u00e7\u00e3o continua a evoluir com impacto potencial no equil\u00edbrio regional.<\/p>\n","protected":false},"excerpt":{"rendered":"<ul>\n<li>Em Pequim, o l\u00edder da Confer\u00eancia Consultiva Pol\u00edtica do Povo Chin\u00eas, Wang Huning, e um representante da oposi\u00e7\u00e3o taiwanesa defenderam a ideia de uma \u201cna\u00e7\u00e3o chinesa comum\u201d entre as duas margens do Estreito.<\/li>\n<li>Wang destacou que cidad\u00e3os de ambos os lados t\u00eam responsabilidades comuns para com a na\u00e7\u00e3o chinesa, no contexto de um aparente esfor\u00e7o de reaproxima\u00e7\u00e3o entre o PCC e o Kuomintang (KMT).<\/li>\n<li>O KMT, representado por Hsiao Hsu-tsen, refor\u00e7ou que o Consenso de 1992 e a oposi\u00e7\u00e3o \u00e0 independ\u00eancia de Taiwan constituem a base para manter interc\u00e2mbios entre as partes.<\/li>\n<li>O encontro ocorreu no Sal\u00e3o Xinjiang do Grande Pal\u00e1cio do Povo, em Pequim, um dia after a retomada do interc\u00e2mbio institucional entre PCC e KMT, visto como passo para poss\u00edvel reuni\u00e3o entre Xi Jinping e a nova presidente do KMT, Cheng Li-wun, no primeiro semestre.<\/li>\n<li>O di\u00e1logo ocorre em contraste com o clima de hostilidade entre Pequim e o Governo de Taiwan, liderado pelo Partido Democr\u00e1tico Progressista, que defende o n\u00e3o a reunifica\u00e7\u00e3o.<\/li>\n<\/ul>\n","protected":false},"author":2,"featured_media":195635,"comment_status":"closed","ping_status":"closed","sticky":false,"template":"","format":"standard","meta":{"footnotes":""},"categories":[4,1],"tags":[637,256,29,2290,2622,27],"class_list":["post-195630","post","type-post","status-publish","format-standard","has-post-thumbnail","hentry","category-internacional","category-noticias","tag-assuntos-internacionais","tag-cooperacao-internacional","tag-diplomacia","tag-intercambios-internacionais","tag-pcc","tag-relacoes-internacionais"],"yoast_head":"<!-- This site is optimized with the Yoast SEO plugin v27.2 - https:\/\/yoast.com\/product\/yoast-seo-wordpress\/ -->\n<title>PC chin\u00eas e oposi\u00e7\u00e3o taiwanesa refor\u00e7am no\u00e7\u00e3o de na\u00e7\u00e3o chinesa comum - Portal Tela Portugal<\/title>\n<meta name=\"robots\" content=\"index, follow, max-snippet:-1, max-image-preview:large, max-video-preview:-1\" \/>\n<meta property=\"og:locale\" content=\"pt_PT\" \/>\n<meta property=\"og:type\" content=\"article\" \/>\n<meta property=\"og:title\" content=\"PC chin\u00eas e oposi\u00e7\u00e3o taiwanesa refor\u00e7am no\u00e7\u00e3o de na\u00e7\u00e3o chinesa comum - Portal Tela Portugal\" \/>\n<meta property=\"og:description\" content=\"Em Pequim, o l\u00edder da Confer\u00eancia Consultiva Pol\u00edtica do Povo Chin\u00eas, Wang Huning, e um representante da oposi\u00e7\u00e3o taiwanesa defenderam a ideia de uma \u201cna\u00e7\u00e3o chinesa comum\u201d entre as duas margens do Estreito. Wang destacou que cidad\u00e3os de ambos os lados t\u00eam responsabilidades comuns para com a na\u00e7\u00e3o chinesa, no contexto de um aparente esfor\u00e7o de reaproxima\u00e7\u00e3o entre o PCC e o Kuomintang (KMT). O KMT, representado por Hsiao Hsu-tsen, refor\u00e7ou que o Consenso de 1992 e a oposi\u00e7\u00e3o \u00e0 independ\u00eancia de Taiwan constituem a base para manter interc\u00e2mbios entre as partes. O encontro ocorreu no Sal\u00e3o Xinjiang do Grande Pal\u00e1cio do Povo, em Pequim, um dia after a retomada do interc\u00e2mbio institucional entre PCC e KMT, visto como passo para poss\u00edvel reuni\u00e3o entre Xi Jinping e a nova presidente do KMT, Cheng Li-wun, no primeiro semestre. O di\u00e1logo ocorre em contraste com o clima de hostilidade entre Pequim e o Governo de Taiwan, liderado pelo Partido Democr\u00e1tico Progressista, que defende o n\u00e3o a reunifica\u00e7\u00e3o.\" \/>\n<meta property=\"og:url\" content=\"https:\/\/portaltela.pt\/noticias\/2026\/02\/04\/pc-chines-e-oposicao-taiwanesa-reforcam-nocao-de-nacao-chinesa-comum\/\" \/>\n<meta property=\"og:site_name\" content=\"Portal Tela Portugal\" \/>\n<meta property=\"article:published_time\" content=\"2026-02-04T06:20:23+00:00\" \/>\n<meta name=\"author\" content=\"Telinha\" \/>\n<meta name=\"twitter:card\" content=\"summary_large_image\" \/>\n<meta name=\"twitter:label1\" content=\"Escrito por\" \/>\n\t<meta name=\"twitter:data1\" content=\"Telinha\" \/>\n\t<meta name=\"twitter:label2\" content=\"Tempo estimado de leitura\" \/>\n\t<meta name=\"twitter:data2\" content=\"2 minutos\" \/>\n<script type=\"application\/ld+json\" class=\"yoast-schema-graph\">{\"@context\":\"https:\/\/schema.org\",\"@graph\":[{\"@type\":\"Article\",\"@id\":\"https:\/\/portaltela.pt\/noticias\/2026\/02\/04\/pc-chines-e-oposicao-taiwanesa-reforcam-nocao-de-nacao-chinesa-comum\/#article\",\"isPartOf\":{\"@id\":\"https:\/\/portaltela.pt\/noticias\/2026\/02\/04\/pc-chines-e-oposicao-taiwanesa-reforcam-nocao-de-nacao-chinesa-comum\/\"},\"author\":{\"name\":\"Telinha\",\"@id\":\"https:\/\/portaltela.pt\/#\/schema\/person\/c4278d4a6028830caff9ee44b42d32ed\"},\"headline\":\"PC chin\u00eas e oposi\u00e7\u00e3o taiwanesa refor\u00e7am no\u00e7\u00e3o de na\u00e7\u00e3o chinesa comum\",\"datePublished\":\"2026-02-04T06:20:23+00:00\",\"mainEntityOfPage\":{\"@id\":\"https:\/\/portaltela.pt\/noticias\/2026\/02\/04\/pc-chines-e-oposicao-taiwanesa-reforcam-nocao-de-nacao-chinesa-comum\/\"},\"wordCount\":433,\"image\":{\"@id\":\"https:\/\/portaltela.pt\/noticias\/2026\/02\/04\/pc-chines-e-oposicao-taiwanesa-reforcam-nocao-de-nacao-chinesa-comum\/#primaryimage\"},\"thumbnailUrl\":\"https:\/\/portaltela.pt\/s.01k8rhncp4jt1\/2026\/02\/45225414.jpg\",\"keywords\":[\"assuntos internacionais\",\"coopera\u00e7\u00e3o internacional\",\"diplomacia\",\"interc\u00e2mbios internacionais\",\"PCC\",\"rela\u00e7\u00f5es internacionais\"],\"articleSection\":[\"Internacional\",\"Not\u00edcias\"],\"inLanguage\":\"pt-PT\"},{\"@type\":\"WebPage\",\"@id\":\"https:\/\/portaltela.pt\/noticias\/2026\/02\/04\/pc-chines-e-oposicao-taiwanesa-reforcam-nocao-de-nacao-chinesa-comum\/\",\"url\":\"https:\/\/portaltela.pt\/noticias\/2026\/02\/04\/pc-chines-e-oposicao-taiwanesa-reforcam-nocao-de-nacao-chinesa-comum\/\",\"name\":\"PC chin\u00eas e oposi\u00e7\u00e3o taiwanesa refor\u00e7am no\u00e7\u00e3o de na\u00e7\u00e3o chinesa comum - Portal Tela Portugal\",\"isPartOf\":{\"@id\":\"https:\/\/portaltela.pt\/#website\"},\"primaryImageOfPage\":{\"@id\":\"https:\/\/portaltela.pt\/noticias\/2026\/02\/04\/pc-chines-e-oposicao-taiwanesa-reforcam-nocao-de-nacao-chinesa-comum\/#primaryimage\"},\"image\":{\"@id\":\"https:\/\/portaltela.pt\/noticias\/2026\/02\/04\/pc-chines-e-oposicao-taiwanesa-reforcam-nocao-de-nacao-chinesa-comum\/#primaryimage\"},\"thumbnailUrl\":\"https:\/\/portaltela.pt\/s.01k8rhncp4jt1\/2026\/02\/45225414.jpg\",\"datePublished\":\"2026-02-04T06:20:23+00:00\",\"author\":{\"@id\":\"https:\/\/portaltela.pt\/#\/schema\/person\/c4278d4a6028830caff9ee44b42d32ed\"},\"breadcrumb\":{\"@id\":\"https:\/\/portaltela.pt\/noticias\/2026\/02\/04\/pc-chines-e-oposicao-taiwanesa-reforcam-nocao-de-nacao-chinesa-comum\/#breadcrumb\"},\"inLanguage\":\"pt-PT\",\"potentialAction\":[{\"@type\":\"ReadAction\",\"target\":[\"https:\/\/portaltela.pt\/noticias\/2026\/02\/04\/pc-chines-e-oposicao-taiwanesa-reforcam-nocao-de-nacao-chinesa-comum\/\"]}]},{\"@type\":\"ImageObject\",\"inLanguage\":\"pt-PT\",\"@id\":\"https:\/\/portaltela.pt\/noticias\/2026\/02\/04\/pc-chines-e-oposicao-taiwanesa-reforcam-nocao-de-nacao-chinesa-comum\/#primaryimage\",\"url\":\"https:\/\/portaltela.pt\/s.01k8rhncp4jt1\/2026\/02\/45225414.jpg\",\"contentUrl\":\"https:\/\/portaltela.pt\/s.01k8rhncp4jt1\/2026\/02\/45225414.jpg\",\"width\":796,\"height\":448,\"caption\":\"PC Chin\u00eas e oposi\u00e7\u00e3o taiwanesa refor\u00e7am no\u00e7\u00e3o de na\u00e7\u00e3o chinesa comum\"},{\"@type\":\"BreadcrumbList\",\"@id\":\"https:\/\/portaltela.pt\/noticias\/2026\/02\/04\/pc-chines-e-oposicao-taiwanesa-reforcam-nocao-de-nacao-chinesa-comum\/#breadcrumb\",\"itemListElement\":[{\"@type\":\"ListItem\",\"position\":1,\"name\":\"In\u00edcio\",\"item\":\"https:\/\/portaltela.pt\/\"},{\"@type\":\"ListItem\",\"position\":2,\"name\":\"PC chin\u00eas e oposi\u00e7\u00e3o taiwanesa refor\u00e7am no\u00e7\u00e3o de na\u00e7\u00e3o chinesa comum\"}]},{\"@type\":\"WebSite\",\"@id\":\"https:\/\/portaltela.pt\/#website\",\"url\":\"https:\/\/portaltela.pt\/\",\"name\":\"Portal Tela Portugal\",\"description\":\"\",\"potentialAction\":[{\"@type\":\"SearchAction\",\"target\":{\"@type\":\"EntryPoint\",\"urlTemplate\":\"https:\/\/portaltela.pt\/?s={search_term_string}\"},\"query-input\":{\"@type\":\"PropertyValueSpecification\",\"valueRequired\":true,\"valueName\":\"search_term_string\"}}],\"inLanguage\":\"pt-PT\"},{\"@type\":\"Person\",\"@id\":\"https:\/\/portaltela.pt\/#\/schema\/person\/c4278d4a6028830caff9ee44b42d32ed\",\"name\":\"Telinha\",\"image\":{\"@type\":\"ImageObject\",\"inLanguage\":\"pt-PT\",\"@id\":\"https:\/\/portaltela.pt\/s.01k8rhncp4jt1\/2025\/11\/talking-bot-125x125.png\",\"url\":\"https:\/\/portaltela.pt\/s.01k8rhncp4jt1\/2025\/11\/talking-bot-125x125.png\",\"contentUrl\":\"https:\/\/portaltela.pt\/s.01k8rhncp4jt1\/2025\/11\/talking-bot-125x125.png\",\"caption\":\"Telinha\"},\"sameAs\":[\"https:\/\/portaltela.pt\/\"],\"url\":\"https:\/\/portaltela.pt\/por\/367410592786\/\"}]}<\/script>\n<!-- \/ Yoast SEO plugin. -->","yoast_head_json":{"title":"PC chin\u00eas e oposi\u00e7\u00e3o taiwanesa refor\u00e7am no\u00e7\u00e3o de na\u00e7\u00e3o chinesa comum - Portal Tela Portugal","robots":{"index":"index","follow":"follow","max-snippet":"max-snippet:-1","max-image-preview":"max-image-preview:large","max-video-preview":"max-video-preview:-1"},"og_locale":"pt_PT","og_type":"article","og_title":"PC chin\u00eas e oposi\u00e7\u00e3o taiwanesa refor\u00e7am no\u00e7\u00e3o de na\u00e7\u00e3o chinesa comum - Portal Tela Portugal","og_description":"Em Pequim, o l\u00edder da Confer\u00eancia Consultiva Pol\u00edtica do Povo Chin\u00eas, Wang Huning, e um representante da oposi\u00e7\u00e3o taiwanesa defenderam a ideia de uma \u201cna\u00e7\u00e3o chinesa comum\u201d entre as duas margens do Estreito. Wang destacou que cidad\u00e3os de ambos os lados t\u00eam responsabilidades comuns para com a na\u00e7\u00e3o chinesa, no contexto de um aparente esfor\u00e7o de reaproxima\u00e7\u00e3o entre o PCC e o Kuomintang (KMT). O KMT, representado por Hsiao Hsu-tsen, refor\u00e7ou que o Consenso de 1992 e a oposi\u00e7\u00e3o \u00e0 independ\u00eancia de Taiwan constituem a base para manter interc\u00e2mbios entre as partes. O encontro ocorreu no Sal\u00e3o Xinjiang do Grande Pal\u00e1cio do Povo, em Pequim, um dia after a retomada do interc\u00e2mbio institucional entre PCC e KMT, visto como passo para poss\u00edvel reuni\u00e3o entre Xi Jinping e a nova presidente do KMT, Cheng Li-wun, no primeiro semestre. O di\u00e1logo ocorre em contraste com o clima de hostilidade entre Pequim e o Governo de Taiwan, liderado pelo Partido Democr\u00e1tico Progressista, que defende o n\u00e3o a reunifica\u00e7\u00e3o.","og_url":"https:\/\/portaltela.pt\/noticias\/2026\/02\/04\/pc-chines-e-oposicao-taiwanesa-reforcam-nocao-de-nacao-chinesa-comum\/","og_site_name":"Portal Tela Portugal","article_published_time":"2026-02-04T06:20:23+00:00","author":"Telinha","twitter_card":"summary_large_image","twitter_misc":{"Escrito por":"Telinha","Tempo estimado de leitura":"2 minutos"},"schema":{"@context":"https:\/\/schema.org","@graph":[{"@type":"Article","@id":"https:\/\/portaltela.pt\/noticias\/2026\/02\/04\/pc-chines-e-oposicao-taiwanesa-reforcam-nocao-de-nacao-chinesa-comum\/#article","isPartOf":{"@id":"https:\/\/portaltela.pt\/noticias\/2026\/02\/04\/pc-chines-e-oposicao-taiwanesa-reforcam-nocao-de-nacao-chinesa-comum\/"},"author":{"name":"Telinha","@id":"https:\/\/portaltela.pt\/#\/schema\/person\/c4278d4a6028830caff9ee44b42d32ed"},"headline":"PC chin\u00eas e oposi\u00e7\u00e3o taiwanesa refor\u00e7am no\u00e7\u00e3o de na\u00e7\u00e3o chinesa comum","datePublished":"2026-02-04T06:20:23+00:00","mainEntityOfPage":{"@id":"https:\/\/portaltela.pt\/noticias\/2026\/02\/04\/pc-chines-e-oposicao-taiwanesa-reforcam-nocao-de-nacao-chinesa-comum\/"},"wordCount":433,"image":{"@id":"https:\/\/portaltela.pt\/noticias\/2026\/02\/04\/pc-chines-e-oposicao-taiwanesa-reforcam-nocao-de-nacao-chinesa-comum\/#primaryimage"},"thumbnailUrl":"https:\/\/portaltela.pt\/s.01k8rhncp4jt1\/2026\/02\/45225414.jpg","keywords":["assuntos internacionais","coopera\u00e7\u00e3o internacional","diplomacia","interc\u00e2mbios internacionais","PCC","rela\u00e7\u00f5es internacionais"],"articleSection":["Internacional","Not\u00edcias"],"inLanguage":"pt-PT"},{"@type":"WebPage","@id":"https:\/\/portaltela.pt\/noticias\/2026\/02\/04\/pc-chines-e-oposicao-taiwanesa-reforcam-nocao-de-nacao-chinesa-comum\/","url":"https:\/\/portaltela.pt\/noticias\/2026\/02\/04\/pc-chines-e-oposicao-taiwanesa-reforcam-nocao-de-nacao-chinesa-comum\/","name":"PC chin\u00eas e oposi\u00e7\u00e3o taiwanesa refor\u00e7am no\u00e7\u00e3o de na\u00e7\u00e3o chinesa comum - Portal Tela Portugal","isPartOf":{"@id":"https:\/\/portaltela.pt\/#website"},"primaryImageOfPage":{"@id":"https:\/\/portaltela.pt\/noticias\/2026\/02\/04\/pc-chines-e-oposicao-taiwanesa-reforcam-nocao-de-nacao-chinesa-comum\/#primaryimage"},"image":{"@id":"https:\/\/portaltela.pt\/noticias\/2026\/02\/04\/pc-chines-e-oposicao-taiwanesa-reforcam-nocao-de-nacao-chinesa-comum\/#primaryimage"},"thumbnailUrl":"https:\/\/portaltela.pt\/s.01k8rhncp4jt1\/2026\/02\/45225414.jpg","datePublished":"2026-02-04T06:20:23+00:00","author":{"@id":"https:\/\/portaltela.pt\/#\/schema\/person\/c4278d4a6028830caff9ee44b42d32ed"},"breadcrumb":{"@id":"https:\/\/portaltela.pt\/noticias\/2026\/02\/04\/pc-chines-e-oposicao-taiwanesa-reforcam-nocao-de-nacao-chinesa-comum\/#breadcrumb"},"inLanguage":"pt-PT","potentialAction":[{"@type":"ReadAction","target":["https:\/\/portaltela.pt\/noticias\/2026\/02\/04\/pc-chines-e-oposicao-taiwanesa-reforcam-nocao-de-nacao-chinesa-comum\/"]}]},{"@type":"ImageObject","inLanguage":"pt-PT","@id":"https:\/\/portaltela.pt\/noticias\/2026\/02\/04\/pc-chines-e-oposicao-taiwanesa-reforcam-nocao-de-nacao-chinesa-comum\/#primaryimage","url":"https:\/\/portaltela.pt\/s.01k8rhncp4jt1\/2026\/02\/45225414.jpg","contentUrl":"https:\/\/portaltela.pt\/s.01k8rhncp4jt1\/2026\/02\/45225414.jpg","width":796,"height":448,"caption":"PC Chin\u00eas e oposi\u00e7\u00e3o taiwanesa refor\u00e7am no\u00e7\u00e3o de na\u00e7\u00e3o chinesa comum"},{"@type":"BreadcrumbList","@id":"https:\/\/portaltela.pt\/noticias\/2026\/02\/04\/pc-chines-e-oposicao-taiwanesa-reforcam-nocao-de-nacao-chinesa-comum\/#breadcrumb","itemListElement":[{"@type":"ListItem","position":1,"name":"In\u00edcio","item":"https:\/\/portaltela.pt\/"},{"@type":"ListItem","position":2,"name":"PC chin\u00eas e oposi\u00e7\u00e3o taiwanesa refor\u00e7am no\u00e7\u00e3o de na\u00e7\u00e3o chinesa comum"}]},{"@type":"WebSite","@id":"https:\/\/portaltela.pt\/#website","url":"https:\/\/portaltela.pt\/","name":"Portal Tela Portugal","description":"","potentialAction":[{"@type":"SearchAction","target":{"@type":"EntryPoint","urlTemplate":"https:\/\/portaltela.pt\/?s={search_term_string}"},"query-input":{"@type":"PropertyValueSpecification","valueRequired":true,"valueName":"search_term_string"}}],"inLanguage":"pt-PT"},{"@type":"Person","@id":"https:\/\/portaltela.pt\/#\/schema\/person\/c4278d4a6028830caff9ee44b42d32ed","name":"Telinha","image":{"@type":"ImageObject","inLanguage":"pt-PT","@id":"https:\/\/portaltela.pt\/s.01k8rhncp4jt1\/2025\/11\/talking-bot-125x125.png","url":"https:\/\/portaltela.pt\/s.01k8rhncp4jt1\/2025\/11\/talking-bot-125x125.png","contentUrl":"https:\/\/portaltela.pt\/s.01k8rhncp4jt1\/2025\/11\/talking-bot-125x125.png","caption":"Telinha"},"sameAs":["https:\/\/portaltela.pt\/"],"url":"https:\/\/portaltela.pt\/por\/367410592786\/"}]}},"_links":{"self":[{"href":"https:\/\/portaltela.pt\/api\/wp\/v2\/posts\/195630","targetHints":{"allow":["GET"]}}],"collection":[{"href":"https:\/\/portaltela.pt\/api\/wp\/v2\/posts"}],"about":[{"href":"https:\/\/portaltela.pt\/api\/wp\/v2\/types\/post"}],"author":[{"embeddable":true,"href":"https:\/\/portaltela.pt\/api\/wp\/v2\/users\/2"}],"replies":[{"embeddable":true,"href":"https:\/\/portaltela.pt\/api\/wp\/v2\/comments?post=195630"}],"version-history":[{"count":0,"href":"https:\/\/portaltela.pt\/api\/wp\/v2\/posts\/195630\/revisions"}],"wp:featuredmedia":[{"embeddable":true,"href":"https:\/\/portaltela.pt\/api\/wp\/v2\/media\/195635"}],"wp:attachment":[{"href":"https:\/\/portaltela.pt\/api\/wp\/v2\/media?parent=195630"}],"wp:term":[{"taxonomy":"category","embeddable":true,"href":"https:\/\/portaltela.pt\/api\/wp\/v2\/categories?post=195630"},{"taxonomy":"post_tag","embeddable":true,"href":"https:\/\/portaltela.pt\/api\/wp\/v2\/tags?post=195630"}],"curies":[{"name":"wp","href":"https:\/\/api.w.org\/{rel}","templated":true}]}}