{"id":195623,"date":"2026-02-04T03:43:00","date_gmt":"2026-02-04T06:43:00","guid":{"rendered":"https:\/\/portaltela.pt\/noticias\/2026\/02\/04\/hrw-acusa-ue-de-tolerar-retrocesso-do-estado-de-direito-e-prejudicar-migrantes\/"},"modified":"2026-02-04T03:43:00","modified_gmt":"2026-02-04T06:43:00","slug":"hrw-acusa-ue-de-tolerar-retrocesso-do-estado-de-direito-e-prejudicar-migrantes","status":"publish","type":"post","link":"https:\/\/portaltela.pt\/noticias\/2026\/02\/04\/hrw-acusa-ue-de-tolerar-retrocesso-do-estado-de-direito-e-prejudicar-migrantes\/","title":{"rendered":"HRW acusa UE de tolerar retrocesso do Estado de Direito e prejudicar migrantes"},"content":{"rendered":"<p>A Human Rights Watch (HRW) acusa a Uni\u00e3o Europeia de tolerar o decl\u00ednio do Estado de direito em 2025, ao mesmo tempo em que adopta regras que, na vis\u00e3o da organiza\u00e7\u00e3o, prejudicam os direitos dos migrantes. O relat\u00f3rio anual da HRW aponta falhas no desempenho do Conselho e da Comiss\u00e3o Europeia.<\/p>\n<p>A HRW sustenta que, no \u00faltimo ano, os Estados-membros continuaram a regredir nos compromissos com o Estado de direito. O documento afirma que o Conselho da UE n\u00e3o adotou medidas eficazes e a Comiss\u00e3o continuou a acompanhar as tend\u00eancias preocupantes sem agir de forma decisiva.<\/p>\n<p>Segundo a HRW, o espa\u00e7o da sociedade civil encolheu parcialmente devido a a\u00e7\u00f5es da UE, o que agrava as restri\u00e7\u00f5es a direitos c\u00edvicos e de participa\u00e7\u00e3o. A organiza\u00e7\u00e3o aponta falhas na resposta institucional aos abusos identificados.<\/p>\n<p>Apesar de efeitos para refor\u00e7ar o Estado de direito, com a UE a propor condi\u00e7\u00f5es mais exigentes para fundos no or\u00e7amento 2028-2034, a HRW diz que n\u00e3o houve resposta suficiente para p\u00f4r fim a abusos graves. O relat\u00f3rio menciona preocupa\u00e7\u00f5es sist\u00e9micas em alguns Estados.<\/p>\n<p>A Comiss\u00e3o Europeia reconheceu preocupa\u00e7\u00f5es com estados, em especial a Bulg\u00e1ria, Hungria e Eslov\u00e1quia, que n\u00e3o implementaram grande parte das recomenda\u00e7\u00f5es da UE sobre o Estado de direito, segundo a HRW.<\/p>\n<p>A organiza\u00e7\u00e3o critica ainda as restri\u00e7\u00f5es \u00e0 imigra\u00e7\u00e3o em 2025, afirmando que as medidas adotadas aumentaram riscos e viola\u00e7\u00f5es de direitos humanos. Entre os pa\u00edses mencionados, alguns reduziram acesso a procedimentos de asilo.<\/p>\n<p>A HRW cita a redu\u00e7\u00e3o de acesso a asilo e a transfer\u00eancia de requerentes para fora da UE, bem como o aumento das deporta\u00e7\u00f5es. A organiza\u00e7\u00e3o tamb\u00e9m comenta a proposta de regulamento de retornos, apresentada pela Comiss\u00e3o em mar\u00e7o, por ampliar a deten\u00e7\u00e3o e eliminar salvaguardas.<\/p>\n<p>Para a HRW, as novas regras sobre tr\u00e1fico de pessoas elevam o risco de criminaliza\u00e7\u00e3o excessiva de migrantes e de quem presta aux\u00edlio humanit\u00e1rio. A organiza\u00e7\u00e3o ainda aponta falhas na responsabiliza\u00e7\u00e3o por viola\u00e7\u00f5es nas fronteiras, conforme a Ag\u00eancia dos Direitos Fundamentais da UE.<\/p>\n<p>Entre os casos citados, a HRW refere decis\u00f5es do Tribunal Europeu dos Direitos Humanos sobre Gr\u00e9cia e It\u00e1lia, relativas a repuls\u00f5es de requerentes de asilo e incidentes com interce\u00e7\u00e3o no mar e com destino \u00e0 L\u00edbia, em 2025.<\/p>\n<p>No relat\u00f3rio, a HRW recorda mortes ou desaparecimentos de pelo menos 1.549 pessoas nas tentativas de chegar \u00e0 UE por via mar\u00edtima nos primeiros nove meses de 2025, a maioria no Mediterr\u00e2neo central.<\/p>\n<p>A organiza\u00e7\u00e3o aponta ainda uma amplia\u00e7\u00e3o da influ\u00eancia de partidos de extrema-direita na pol\u00edtica europeia, contribuindo para discrimina\u00e7\u00e3o contra migrantes, mu\u00e7ulmanos e pessoas LGBTI, com cr\u00edticas aos main parties que teriam adotado pol\u00edticas e ret\u00f3ricas similares.<\/p>\n<p>A HRW afirma que a cobertura medi\u00e1tica e as redes sociais contribu\u00edram para a normaliza\u00e7\u00e3o de narrativas contr\u00e1rias aos direitos humanos e para o aumento de discursos discriminat\u00f3rios, num contexto de menor prote\u00e7\u00e3o para grupos vulner\u00e1veis.<\/p>\n","protected":false},"excerpt":{"rendered":"<ul>\n<li>A HRW afirma que a UE tolerou o decl\u00ednio do Estado de direito em 2025 e adotou regras que prejudicaram os direitos dos migrantes.<\/li>\n<li>O Conselho da UE n\u00e3o tomou medidas eficazes e a Comiss\u00e3o Europeia seguiu tend\u00eancias preocupantes; o espa\u00e7o da sociedade civil diminuiu.<\/li>\n<li>Em mat\u00e9ria de migra\u00e7\u00e3o, houve restri\u00e7\u00f5es para reduzir a entrada de migrantes, com bloqueio de acesso a asilo, transfer\u00eancia de requerentes para fora da UE e aumento de deporta\u00e7\u00f5es.<\/li>\n<li>A Comiss\u00e3o prop\u00f4s um regulamento de retornos que expande a deten\u00e7\u00e3o, alonga prazos e pode criar centros de retorno fora da UE.<\/li>\n<li>Casos espec\u00edficos citados incluem viola\u00e7\u00e3o de direitos na Gr\u00e9cia, decis\u00e3o contra a It\u00e1lia em rela\u00e7\u00e3o a interce\u00e7\u00e3o na L\u00edbia, e mais de 1.549 mortos ou desaparecidos no Mediterr\u00e2neo nos primeiros nove meses.<\/li>\n<\/ul>\n","protected":false},"author":2,"featured_media":195637,"comment_status":"closed","ping_status":"closed","sticky":false,"template":"","format":"standard","meta":{"footnotes":""},"categories":[1],"tags":[212,2633,4002,2846,712,2055],"class_list":["post-195623","post","type-post","status-publish","format-standard","has-post-thumbnail","hentry","category-noticias","tag-abuso-de-poder","tag-direitos-humanos","tag-fronteiras","tag-human-rights-watch","tag-imigracao","tag-uniao-europeia"],"yoast_head":"<!-- This site is optimized with the Yoast SEO plugin v27.2 - https:\/\/yoast.com\/product\/yoast-seo-wordpress\/ -->\n<title>HRW acusa UE de tolerar retrocesso do Estado de Direito e prejudicar migrantes - Portal Tela Portugal<\/title>\n<meta name=\"robots\" content=\"index, follow, max-snippet:-1, max-image-preview:large, max-video-preview:-1\" \/>\n<meta property=\"og:locale\" content=\"pt_PT\" \/>\n<meta property=\"og:type\" content=\"article\" \/>\n<meta property=\"og:title\" content=\"HRW acusa UE de tolerar retrocesso do Estado de Direito e prejudicar migrantes - Portal Tela Portugal\" \/>\n<meta property=\"og:description\" content=\"A HRW afirma que a UE tolerou o decl\u00ednio do Estado de direito em 2025 e adotou regras que prejudicaram os direitos dos migrantes. O Conselho da UE n\u00e3o tomou medidas eficazes e a Comiss\u00e3o Europeia seguiu tend\u00eancias preocupantes; o espa\u00e7o da sociedade civil diminuiu. Em mat\u00e9ria de migra\u00e7\u00e3o, houve restri\u00e7\u00f5es para reduzir a entrada de migrantes, com bloqueio de acesso a asilo, transfer\u00eancia de requerentes para fora da UE e aumento de deporta\u00e7\u00f5es. A Comiss\u00e3o prop\u00f4s um regulamento de retornos que expande a deten\u00e7\u00e3o, alonga prazos e pode criar centros de retorno fora da UE. Casos espec\u00edficos citados incluem viola\u00e7\u00e3o de direitos na Gr\u00e9cia, decis\u00e3o contra a It\u00e1lia em rela\u00e7\u00e3o a interce\u00e7\u00e3o na L\u00edbia, e mais de 1.549 mortos ou desaparecidos no Mediterr\u00e2neo nos primeiros nove meses.\" \/>\n<meta property=\"og:url\" content=\"https:\/\/portaltela.pt\/noticias\/2026\/02\/04\/hrw-acusa-ue-de-tolerar-retrocesso-do-estado-de-direito-e-prejudicar-migrantes\/\" \/>\n<meta property=\"og:site_name\" content=\"Portal Tela Portugal\" \/>\n<meta property=\"article:published_time\" content=\"2026-02-04T06:43:00+00:00\" \/>\n<meta name=\"author\" content=\"Telinha\" \/>\n<meta name=\"twitter:card\" content=\"summary_large_image\" \/>\n<meta name=\"twitter:label1\" content=\"Escrito por\" \/>\n\t<meta name=\"twitter:data1\" content=\"Telinha\" \/>\n\t<meta name=\"twitter:label2\" content=\"Tempo estimado de leitura\" \/>\n\t<meta name=\"twitter:data2\" content=\"3 minutos\" \/>\n<script type=\"application\/ld+json\" class=\"yoast-schema-graph\">{\"@context\":\"https:\/\/schema.org\",\"@graph\":[{\"@type\":\"Article\",\"@id\":\"https:\/\/portaltela.pt\/noticias\/2026\/02\/04\/hrw-acusa-ue-de-tolerar-retrocesso-do-estado-de-direito-e-prejudicar-migrantes\/#article\",\"isPartOf\":{\"@id\":\"https:\/\/portaltela.pt\/noticias\/2026\/02\/04\/hrw-acusa-ue-de-tolerar-retrocesso-do-estado-de-direito-e-prejudicar-migrantes\/\"},\"author\":{\"name\":\"Telinha\",\"@id\":\"https:\/\/portaltela.pt\/#\/schema\/person\/c4278d4a6028830caff9ee44b42d32ed\"},\"headline\":\"HRW acusa UE de tolerar retrocesso do Estado de Direito e prejudicar migrantes\",\"datePublished\":\"2026-02-04T06:43:00+00:00\",\"mainEntityOfPage\":{\"@id\":\"https:\/\/portaltela.pt\/noticias\/2026\/02\/04\/hrw-acusa-ue-de-tolerar-retrocesso-do-estado-de-direito-e-prejudicar-migrantes\/\"},\"wordCount\":552,\"image\":{\"@id\":\"https:\/\/portaltela.pt\/noticias\/2026\/02\/04\/hrw-acusa-ue-de-tolerar-retrocesso-do-estado-de-direito-e-prejudicar-migrantes\/#primaryimage\"},\"thumbnailUrl\":\"https:\/\/portaltela.pt\/s.01k8rhncp4jt1\/2026\/02\/unnamed-file-1074.jpg\",\"keywords\":[\"abuso de poder\",\"direitos humanos\",\"fronteiras\",\"Human Rights Watch\",\"imigra\u00e7\u00e3o\",\"Uni\u00e3o Europeia\"],\"articleSection\":[\"Not\u00edcias\"],\"inLanguage\":\"pt-PT\"},{\"@type\":\"WebPage\",\"@id\":\"https:\/\/portaltela.pt\/noticias\/2026\/02\/04\/hrw-acusa-ue-de-tolerar-retrocesso-do-estado-de-direito-e-prejudicar-migrantes\/\",\"url\":\"https:\/\/portaltela.pt\/noticias\/2026\/02\/04\/hrw-acusa-ue-de-tolerar-retrocesso-do-estado-de-direito-e-prejudicar-migrantes\/\",\"name\":\"HRW acusa UE de tolerar retrocesso do Estado de Direito e prejudicar migrantes - Portal Tela Portugal\",\"isPartOf\":{\"@id\":\"https:\/\/portaltela.pt\/#website\"},\"primaryImageOfPage\":{\"@id\":\"https:\/\/portaltela.pt\/noticias\/2026\/02\/04\/hrw-acusa-ue-de-tolerar-retrocesso-do-estado-de-direito-e-prejudicar-migrantes\/#primaryimage\"},\"image\":{\"@id\":\"https:\/\/portaltela.pt\/noticias\/2026\/02\/04\/hrw-acusa-ue-de-tolerar-retrocesso-do-estado-de-direito-e-prejudicar-migrantes\/#primaryimage\"},\"thumbnailUrl\":\"https:\/\/portaltela.pt\/s.01k8rhncp4jt1\/2026\/02\/unnamed-file-1074.jpg\",\"datePublished\":\"2026-02-04T06:43:00+00:00\",\"author\":{\"@id\":\"https:\/\/portaltela.pt\/#\/schema\/person\/c4278d4a6028830caff9ee44b42d32ed\"},\"breadcrumb\":{\"@id\":\"https:\/\/portaltela.pt\/noticias\/2026\/02\/04\/hrw-acusa-ue-de-tolerar-retrocesso-do-estado-de-direito-e-prejudicar-migrantes\/#breadcrumb\"},\"inLanguage\":\"pt-PT\",\"potentialAction\":[{\"@type\":\"ReadAction\",\"target\":[\"https:\/\/portaltela.pt\/noticias\/2026\/02\/04\/hrw-acusa-ue-de-tolerar-retrocesso-do-estado-de-direito-e-prejudicar-migrantes\/\"]}]},{\"@type\":\"ImageObject\",\"inLanguage\":\"pt-PT\",\"@id\":\"https:\/\/portaltela.pt\/noticias\/2026\/02\/04\/hrw-acusa-ue-de-tolerar-retrocesso-do-estado-de-direito-e-prejudicar-migrantes\/#primaryimage\",\"url\":\"https:\/\/portaltela.pt\/s.01k8rhncp4jt1\/2026\/02\/unnamed-file-1074.jpg\",\"contentUrl\":\"https:\/\/portaltela.pt\/s.01k8rhncp4jt1\/2026\/02\/unnamed-file-1074.jpg\",\"width\":796,\"height\":448,\"caption\":\"UE reativa san\u00e7\u00f5es ao programa nuclear do Ir\u00e3o em linha com a ONU\"},{\"@type\":\"BreadcrumbList\",\"@id\":\"https:\/\/portaltela.pt\/noticias\/2026\/02\/04\/hrw-acusa-ue-de-tolerar-retrocesso-do-estado-de-direito-e-prejudicar-migrantes\/#breadcrumb\",\"itemListElement\":[{\"@type\":\"ListItem\",\"position\":1,\"name\":\"In\u00edcio\",\"item\":\"https:\/\/portaltela.pt\/\"},{\"@type\":\"ListItem\",\"position\":2,\"name\":\"HRW acusa UE de tolerar retrocesso do Estado de Direito e prejudicar migrantes\"}]},{\"@type\":\"WebSite\",\"@id\":\"https:\/\/portaltela.pt\/#website\",\"url\":\"https:\/\/portaltela.pt\/\",\"name\":\"Portal Tela Portugal\",\"description\":\"\",\"potentialAction\":[{\"@type\":\"SearchAction\",\"target\":{\"@type\":\"EntryPoint\",\"urlTemplate\":\"https:\/\/portaltela.pt\/?s={search_term_string}\"},\"query-input\":{\"@type\":\"PropertyValueSpecification\",\"valueRequired\":true,\"valueName\":\"search_term_string\"}}],\"inLanguage\":\"pt-PT\"},{\"@type\":\"Person\",\"@id\":\"https:\/\/portaltela.pt\/#\/schema\/person\/c4278d4a6028830caff9ee44b42d32ed\",\"name\":\"Telinha\",\"image\":{\"@type\":\"ImageObject\",\"inLanguage\":\"pt-PT\",\"@id\":\"https:\/\/portaltela.pt\/s.01k8rhncp4jt1\/2025\/11\/talking-bot-125x125.png\",\"url\":\"https:\/\/portaltela.pt\/s.01k8rhncp4jt1\/2025\/11\/talking-bot-125x125.png\",\"contentUrl\":\"https:\/\/portaltela.pt\/s.01k8rhncp4jt1\/2025\/11\/talking-bot-125x125.png\",\"caption\":\"Telinha\"},\"sameAs\":[\"https:\/\/portaltela.pt\/\"],\"url\":\"https:\/\/portaltela.pt\/por\/367410592786\/\"}]}<\/script>\n<!-- \/ Yoast SEO plugin. -->","yoast_head_json":{"title":"HRW acusa UE de tolerar retrocesso do Estado de Direito e prejudicar migrantes - Portal Tela Portugal","robots":{"index":"index","follow":"follow","max-snippet":"max-snippet:-1","max-image-preview":"max-image-preview:large","max-video-preview":"max-video-preview:-1"},"og_locale":"pt_PT","og_type":"article","og_title":"HRW acusa UE de tolerar retrocesso do Estado de Direito e prejudicar migrantes - Portal Tela Portugal","og_description":"A HRW afirma que a UE tolerou o decl\u00ednio do Estado de direito em 2025 e adotou regras que prejudicaram os direitos dos migrantes. O Conselho da UE n\u00e3o tomou medidas eficazes e a Comiss\u00e3o Europeia seguiu tend\u00eancias preocupantes; o espa\u00e7o da sociedade civil diminuiu. Em mat\u00e9ria de migra\u00e7\u00e3o, houve restri\u00e7\u00f5es para reduzir a entrada de migrantes, com bloqueio de acesso a asilo, transfer\u00eancia de requerentes para fora da UE e aumento de deporta\u00e7\u00f5es. A Comiss\u00e3o prop\u00f4s um regulamento de retornos que expande a deten\u00e7\u00e3o, alonga prazos e pode criar centros de retorno fora da UE. Casos espec\u00edficos citados incluem viola\u00e7\u00e3o de direitos na Gr\u00e9cia, decis\u00e3o contra a It\u00e1lia em rela\u00e7\u00e3o a interce\u00e7\u00e3o na L\u00edbia, e mais de 1.549 mortos ou desaparecidos no Mediterr\u00e2neo nos primeiros nove meses.","og_url":"https:\/\/portaltela.pt\/noticias\/2026\/02\/04\/hrw-acusa-ue-de-tolerar-retrocesso-do-estado-de-direito-e-prejudicar-migrantes\/","og_site_name":"Portal Tela Portugal","article_published_time":"2026-02-04T06:43:00+00:00","author":"Telinha","twitter_card":"summary_large_image","twitter_misc":{"Escrito por":"Telinha","Tempo estimado de leitura":"3 minutos"},"schema":{"@context":"https:\/\/schema.org","@graph":[{"@type":"Article","@id":"https:\/\/portaltela.pt\/noticias\/2026\/02\/04\/hrw-acusa-ue-de-tolerar-retrocesso-do-estado-de-direito-e-prejudicar-migrantes\/#article","isPartOf":{"@id":"https:\/\/portaltela.pt\/noticias\/2026\/02\/04\/hrw-acusa-ue-de-tolerar-retrocesso-do-estado-de-direito-e-prejudicar-migrantes\/"},"author":{"name":"Telinha","@id":"https:\/\/portaltela.pt\/#\/schema\/person\/c4278d4a6028830caff9ee44b42d32ed"},"headline":"HRW acusa UE de tolerar retrocesso do Estado de Direito e prejudicar migrantes","datePublished":"2026-02-04T06:43:00+00:00","mainEntityOfPage":{"@id":"https:\/\/portaltela.pt\/noticias\/2026\/02\/04\/hrw-acusa-ue-de-tolerar-retrocesso-do-estado-de-direito-e-prejudicar-migrantes\/"},"wordCount":552,"image":{"@id":"https:\/\/portaltela.pt\/noticias\/2026\/02\/04\/hrw-acusa-ue-de-tolerar-retrocesso-do-estado-de-direito-e-prejudicar-migrantes\/#primaryimage"},"thumbnailUrl":"https:\/\/portaltela.pt\/s.01k8rhncp4jt1\/2026\/02\/unnamed-file-1074.jpg","keywords":["abuso de poder","direitos humanos","fronteiras","Human Rights Watch","imigra\u00e7\u00e3o","Uni\u00e3o Europeia"],"articleSection":["Not\u00edcias"],"inLanguage":"pt-PT"},{"@type":"WebPage","@id":"https:\/\/portaltela.pt\/noticias\/2026\/02\/04\/hrw-acusa-ue-de-tolerar-retrocesso-do-estado-de-direito-e-prejudicar-migrantes\/","url":"https:\/\/portaltela.pt\/noticias\/2026\/02\/04\/hrw-acusa-ue-de-tolerar-retrocesso-do-estado-de-direito-e-prejudicar-migrantes\/","name":"HRW acusa UE de tolerar retrocesso do Estado de Direito e prejudicar migrantes - Portal Tela Portugal","isPartOf":{"@id":"https:\/\/portaltela.pt\/#website"},"primaryImageOfPage":{"@id":"https:\/\/portaltela.pt\/noticias\/2026\/02\/04\/hrw-acusa-ue-de-tolerar-retrocesso-do-estado-de-direito-e-prejudicar-migrantes\/#primaryimage"},"image":{"@id":"https:\/\/portaltela.pt\/noticias\/2026\/02\/04\/hrw-acusa-ue-de-tolerar-retrocesso-do-estado-de-direito-e-prejudicar-migrantes\/#primaryimage"},"thumbnailUrl":"https:\/\/portaltela.pt\/s.01k8rhncp4jt1\/2026\/02\/unnamed-file-1074.jpg","datePublished":"2026-02-04T06:43:00+00:00","author":{"@id":"https:\/\/portaltela.pt\/#\/schema\/person\/c4278d4a6028830caff9ee44b42d32ed"},"breadcrumb":{"@id":"https:\/\/portaltela.pt\/noticias\/2026\/02\/04\/hrw-acusa-ue-de-tolerar-retrocesso-do-estado-de-direito-e-prejudicar-migrantes\/#breadcrumb"},"inLanguage":"pt-PT","potentialAction":[{"@type":"ReadAction","target":["https:\/\/portaltela.pt\/noticias\/2026\/02\/04\/hrw-acusa-ue-de-tolerar-retrocesso-do-estado-de-direito-e-prejudicar-migrantes\/"]}]},{"@type":"ImageObject","inLanguage":"pt-PT","@id":"https:\/\/portaltela.pt\/noticias\/2026\/02\/04\/hrw-acusa-ue-de-tolerar-retrocesso-do-estado-de-direito-e-prejudicar-migrantes\/#primaryimage","url":"https:\/\/portaltela.pt\/s.01k8rhncp4jt1\/2026\/02\/unnamed-file-1074.jpg","contentUrl":"https:\/\/portaltela.pt\/s.01k8rhncp4jt1\/2026\/02\/unnamed-file-1074.jpg","width":796,"height":448,"caption":"UE reativa san\u00e7\u00f5es ao programa nuclear do Ir\u00e3o em linha com a ONU"},{"@type":"BreadcrumbList","@id":"https:\/\/portaltela.pt\/noticias\/2026\/02\/04\/hrw-acusa-ue-de-tolerar-retrocesso-do-estado-de-direito-e-prejudicar-migrantes\/#breadcrumb","itemListElement":[{"@type":"ListItem","position":1,"name":"In\u00edcio","item":"https:\/\/portaltela.pt\/"},{"@type":"ListItem","position":2,"name":"HRW acusa UE de tolerar retrocesso do Estado de Direito e prejudicar migrantes"}]},{"@type":"WebSite","@id":"https:\/\/portaltela.pt\/#website","url":"https:\/\/portaltela.pt\/","name":"Portal Tela Portugal","description":"","potentialAction":[{"@type":"SearchAction","target":{"@type":"EntryPoint","urlTemplate":"https:\/\/portaltela.pt\/?s={search_term_string}"},"query-input":{"@type":"PropertyValueSpecification","valueRequired":true,"valueName":"search_term_string"}}],"inLanguage":"pt-PT"},{"@type":"Person","@id":"https:\/\/portaltela.pt\/#\/schema\/person\/c4278d4a6028830caff9ee44b42d32ed","name":"Telinha","image":{"@type":"ImageObject","inLanguage":"pt-PT","@id":"https:\/\/portaltela.pt\/s.01k8rhncp4jt1\/2025\/11\/talking-bot-125x125.png","url":"https:\/\/portaltela.pt\/s.01k8rhncp4jt1\/2025\/11\/talking-bot-125x125.png","contentUrl":"https:\/\/portaltela.pt\/s.01k8rhncp4jt1\/2025\/11\/talking-bot-125x125.png","caption":"Telinha"},"sameAs":["https:\/\/portaltela.pt\/"],"url":"https:\/\/portaltela.pt\/por\/367410592786\/"}]}},"_links":{"self":[{"href":"https:\/\/portaltela.pt\/api\/wp\/v2\/posts\/195623","targetHints":{"allow":["GET"]}}],"collection":[{"href":"https:\/\/portaltela.pt\/api\/wp\/v2\/posts"}],"about":[{"href":"https:\/\/portaltela.pt\/api\/wp\/v2\/types\/post"}],"author":[{"embeddable":true,"href":"https:\/\/portaltela.pt\/api\/wp\/v2\/users\/2"}],"replies":[{"embeddable":true,"href":"https:\/\/portaltela.pt\/api\/wp\/v2\/comments?post=195623"}],"version-history":[{"count":0,"href":"https:\/\/portaltela.pt\/api\/wp\/v2\/posts\/195623\/revisions"}],"wp:featuredmedia":[{"embeddable":true,"href":"https:\/\/portaltela.pt\/api\/wp\/v2\/media\/195637"}],"wp:attachment":[{"href":"https:\/\/portaltela.pt\/api\/wp\/v2\/media?parent=195623"}],"wp:term":[{"taxonomy":"category","embeddable":true,"href":"https:\/\/portaltela.pt\/api\/wp\/v2\/categories?post=195623"},{"taxonomy":"post_tag","embeddable":true,"href":"https:\/\/portaltela.pt\/api\/wp\/v2\/tags?post=195623"}],"curies":[{"name":"wp","href":"https:\/\/api.w.org\/{rel}","templated":true}]}}