{"id":195620,"date":"2026-02-04T03:23:00","date_gmt":"2026-02-04T06:23:00","guid":{"rendered":"https:\/\/portaltela.pt\/noticias\/2026\/02\/04\/taiwan-critica-participacao-de-partido-da-oposicao-em-forum-em-pequim\/"},"modified":"2026-02-04T03:23:00","modified_gmt":"2026-02-04T06:23:00","slug":"taiwan-critica-participacao-de-partido-da-oposicao-em-forum-em-pequim","status":"publish","type":"post","link":"https:\/\/portaltela.pt\/noticias\/internacional\/2026\/02\/04\/taiwan-critica-participacao-de-partido-da-oposicao-em-forum-em-pequim\/","title":{"rendered":"Taiwan critica participa\u00e7\u00e3o de partido da oposi\u00e7\u00e3o em f\u00f3rum em Pequim"},"content":{"rendered":"<p>O Governo de Taiwan criticou hoje a participa\u00e7\u00e3o do Kuomintang (KMT), principal partido da oposi\u00e7\u00e3o, num f\u00f3rum em Pequim com representantes do Partido Comunista Chin\u00eas (PCC). O encontro marcou a retomada de interc\u00e2mbios institucionais entre as duas partes ap\u00f3s quase uma d\u00e9cada.<\/p>\n<p>O f\u00f3rum, promovido por institutos de investiga\u00e7\u00e3o ligados aos dois lados, \u00e9 visto como um passo preliminar para uma poss\u00edvel reuni\u00e3o entre Xi Jinping e a nova presidente do KMT, Cheng Li-wun, prevista para o primeiro semestre deste ano. A sess\u00e3o ocorreu em Pequim, China.<\/p>\n<h3>Contexto diplom\u00e1tico<\/h3>\n<p>Song Tao, chefe do Gabinete para os Assuntos de Taiwan do Conselho de Estado, reiterou a oposi\u00e7\u00e3o firme de Pequim \u00e0 independ\u00eancia de Taiwan, deixando claro que n\u00e3o haver\u00e1 toler\u00e2ncia ao secessionismo. O PCC tem reiterado que utiliza press\u00e3o para consolidar a posi\u00e7\u00e3o sobre a ilha.<\/p>\n<p>Hsiao Hsu-tsen, vice-presidente e l\u00edder da delega\u00e7\u00e3o do KMT, afirmou que, apesar das diferen\u00e7as pol\u00edticas, povos de ambos os lados pertencem \u00e0 mesma na\u00e7\u00e3o chinesa e que o conflito n\u00e3o serve o interesse do povo taiwan\u00eas. A fala enfatiza a ret\u00f3rica de uni\u00e3o promovida pelo KMT.<\/p>\n<h3>Rea\u00e7\u00f5es oficiais<\/h3>\n<p>O Conselho para os Assuntos Continentais de Taiwan denunciou que a hostilidade de Pequim aumenta, citando incurs\u00f5es a\u00e9reas e navais ao redor de Taiwan e repress\u00e3o transfronteiri\u00e7a a pol\u00edticos e cidad\u00e3os taiwaneses. O \u00f3rg\u00e3o avaliou que o KMT ignora a inten\u00e7\u00e3o de eliminar a Rep\u00fablica da China e anexar Taiwan.<\/p>\n<p>O Minist\u00e9rio dos Assuntos de Mainland China (MAC) reiterou o apelo para enfrentar a press\u00e3o do PCC, defender a soberania e a dignidade nacionais, e evitar a distor\u00e7\u00e3o da perce\u00e7\u00e3o p\u00fablica sobre a rela\u00e7\u00e3o entre as partes. A comunica\u00e7\u00e3o sublinha a coopera\u00e7\u00e3o entre Taipe e outras institui\u00e7\u00f5es para manter a estabilidade na regi\u00e3o.<\/p>\n<h3>Contexto pol\u00edtico em Taiwan<\/h3>\n<p>As rela\u00e7\u00f5es entre o PCC e o KMT contrastam com o tom dominante entre Pequim e o Governo taiwan\u00eas, liderado desde 2016 pelo Partido Democr\u00e1tico Progressista. Este bloco defende que apenas os 23 milh\u00f5es de habitantes de Taiwan decidem o futuro pol\u00edtico da ilha.<\/p>\n","protected":false},"excerpt":{"rendered":"<ul>\n<li>O Governo de Taiwan criticou a participa\u00e7\u00e3o do Kuomintang (KMT) num f\u00f3rum em Pequim com o Partido Comunista Chin\u00eas (PCC), dizendo que ignora a hostilidade da China para com a ilha.<\/li>\n<li>O evento marca a retoma do interc\u00e2mbio institucional entre PCC e KMT ap\u00f3s quase dez anos de interrup\u00e7\u00e3o, visto como passo pr\u00e9vio a uma poss\u00edvel reuni\u00e3o entre Xi Jinping e a nova presidente do KMT, Cheng Li-wun, no primeiro semestre.<\/li>\n<li>O diretor do Gabinete para os Assuntos de Taiwan, Song Tao, reafirmou a oposi\u00e7\u00e3o de Pequim \u00e0 independ\u00eancia de Taiwan e garantiu que n\u00e3o haver\u00e1 toler\u00e2ncia face ao secessionismo.<\/li>\n<li>O vice-presidente e l\u00edder da delega\u00e7\u00e3o do KMT, Hsiao Hsu-tsen, afirmou que Taiwan e a China partilham uma mesma na\u00e7\u00e3o chinesa, destacando que o conflito n\u00e3o serve os interesses do povo taiwan\u00eas.<\/li>\n<li>O Conselho para os Assuntos Continentais de Taiwan destacou a intensifica\u00e7\u00e3o da hostilidade de Pequim e acusou o PCC de tentar contornar a autoridade taiwanesa e promover a anexa\u00e7\u00e3o da ilha, pedindo firmeza na defesa da soberania.<\/li>\n<\/ul>\n","protected":false},"author":2,"featured_media":195626,"comment_status":"closed","ping_status":"closed","sticky":false,"template":"","format":"standard","meta":{"footnotes":""},"categories":[4,1],"tags":[2198,1293,2290,2622,2832,3936],"class_list":["post-195620","post","type-post","status-publish","format-standard","has-post-thumbnail","hentry","category-internacional","category-noticias","tag-conflitos-internacionais","tag-independencia","tag-intercambios-internacionais","tag-pcc","tag-politica","tag-relacao-internacionais"],"yoast_head":"<!-- This site is optimized with the Yoast SEO plugin v27.2 - https:\/\/yoast.com\/product\/yoast-seo-wordpress\/ -->\n<title>Taiwan critica participa\u00e7\u00e3o de partido da oposi\u00e7\u00e3o em f\u00f3rum em Pequim - Portal Tela Portugal<\/title>\n<meta name=\"robots\" content=\"index, follow, max-snippet:-1, max-image-preview:large, max-video-preview:-1\" \/>\n<meta property=\"og:locale\" content=\"pt_PT\" \/>\n<meta property=\"og:type\" content=\"article\" \/>\n<meta property=\"og:title\" content=\"Taiwan critica participa\u00e7\u00e3o de partido da oposi\u00e7\u00e3o em f\u00f3rum em Pequim - Portal Tela Portugal\" \/>\n<meta property=\"og:description\" content=\"O Governo de Taiwan criticou a participa\u00e7\u00e3o do Kuomintang (KMT) num f\u00f3rum em Pequim com o Partido Comunista Chin\u00eas (PCC), dizendo que ignora a hostilidade da China para com a ilha. O evento marca a retoma do interc\u00e2mbio institucional entre PCC e KMT ap\u00f3s quase dez anos de interrup\u00e7\u00e3o, visto como passo pr\u00e9vio a uma poss\u00edvel reuni\u00e3o entre Xi Jinping e a nova presidente do KMT, Cheng Li-wun, no primeiro semestre. O diretor do Gabinete para os Assuntos de Taiwan, Song Tao, reafirmou a oposi\u00e7\u00e3o de Pequim \u00e0 independ\u00eancia de Taiwan e garantiu que n\u00e3o haver\u00e1 toler\u00e2ncia face ao secessionismo. O vice-presidente e l\u00edder da delega\u00e7\u00e3o do KMT, Hsiao Hsu-tsen, afirmou que Taiwan e a China partilham uma mesma na\u00e7\u00e3o chinesa, destacando que o conflito n\u00e3o serve os interesses do povo taiwan\u00eas. O Conselho para os Assuntos Continentais de Taiwan destacou a intensifica\u00e7\u00e3o da hostilidade de Pequim e acusou o PCC de tentar contornar a autoridade taiwanesa e promover a anexa\u00e7\u00e3o da ilha, pedindo firmeza na defesa da soberania.\" \/>\n<meta property=\"og:url\" content=\"https:\/\/portaltela.pt\/noticias\/2026\/02\/04\/taiwan-critica-participacao-de-partido-da-oposicao-em-forum-em-pequim\/\" \/>\n<meta property=\"og:site_name\" content=\"Portal Tela Portugal\" \/>\n<meta property=\"article:published_time\" content=\"2026-02-04T06:23:00+00:00\" \/>\n<meta name=\"author\" content=\"Telinha\" \/>\n<meta name=\"twitter:card\" content=\"summary_large_image\" \/>\n<meta name=\"twitter:label1\" content=\"Escrito por\" \/>\n\t<meta name=\"twitter:data1\" content=\"Telinha\" \/>\n\t<meta name=\"twitter:label2\" content=\"Tempo estimado de leitura\" \/>\n\t<meta name=\"twitter:data2\" content=\"2 minutos\" \/>\n<script type=\"application\/ld+json\" class=\"yoast-schema-graph\">{\"@context\":\"https:\/\/schema.org\",\"@graph\":[{\"@type\":\"Article\",\"@id\":\"https:\/\/portaltela.pt\/noticias\/2026\/02\/04\/taiwan-critica-participacao-de-partido-da-oposicao-em-forum-em-pequim\/#article\",\"isPartOf\":{\"@id\":\"https:\/\/portaltela.pt\/noticias\/2026\/02\/04\/taiwan-critica-participacao-de-partido-da-oposicao-em-forum-em-pequim\/\"},\"author\":{\"name\":\"Telinha\",\"@id\":\"https:\/\/portaltela.pt\/#\/schema\/person\/c4278d4a6028830caff9ee44b42d32ed\"},\"headline\":\"Taiwan critica participa\u00e7\u00e3o de partido da oposi\u00e7\u00e3o em f\u00f3rum em Pequim\",\"datePublished\":\"2026-02-04T06:23:00+00:00\",\"mainEntityOfPage\":{\"@id\":\"https:\/\/portaltela.pt\/noticias\/2026\/02\/04\/taiwan-critica-participacao-de-partido-da-oposicao-em-forum-em-pequim\/\"},\"wordCount\":397,\"image\":{\"@id\":\"https:\/\/portaltela.pt\/noticias\/2026\/02\/04\/taiwan-critica-participacao-de-partido-da-oposicao-em-forum-em-pequim\/#primaryimage\"},\"thumbnailUrl\":\"https:\/\/portaltela.pt\/s.01k8rhncp4jt1\/2026\/02\/46478643.jpg\",\"keywords\":[\"conflitos internacionais\",\"independ\u00eancia\",\"interc\u00e2mbios internacionais\",\"PCC\",\"pol\u00edtica\",\"rela\u00e7\u00e3o internacionais\"],\"articleSection\":[\"Internacional\",\"Not\u00edcias\"],\"inLanguage\":\"pt-PT\"},{\"@type\":\"WebPage\",\"@id\":\"https:\/\/portaltela.pt\/noticias\/2026\/02\/04\/taiwan-critica-participacao-de-partido-da-oposicao-em-forum-em-pequim\/\",\"url\":\"https:\/\/portaltela.pt\/noticias\/2026\/02\/04\/taiwan-critica-participacao-de-partido-da-oposicao-em-forum-em-pequim\/\",\"name\":\"Taiwan critica participa\u00e7\u00e3o de partido da oposi\u00e7\u00e3o em f\u00f3rum em Pequim - Portal Tela Portugal\",\"isPartOf\":{\"@id\":\"https:\/\/portaltela.pt\/#website\"},\"primaryImageOfPage\":{\"@id\":\"https:\/\/portaltela.pt\/noticias\/2026\/02\/04\/taiwan-critica-participacao-de-partido-da-oposicao-em-forum-em-pequim\/#primaryimage\"},\"image\":{\"@id\":\"https:\/\/portaltela.pt\/noticias\/2026\/02\/04\/taiwan-critica-participacao-de-partido-da-oposicao-em-forum-em-pequim\/#primaryimage\"},\"thumbnailUrl\":\"https:\/\/portaltela.pt\/s.01k8rhncp4jt1\/2026\/02\/46478643.jpg\",\"datePublished\":\"2026-02-04T06:23:00+00:00\",\"author\":{\"@id\":\"https:\/\/portaltela.pt\/#\/schema\/person\/c4278d4a6028830caff9ee44b42d32ed\"},\"breadcrumb\":{\"@id\":\"https:\/\/portaltela.pt\/noticias\/2026\/02\/04\/taiwan-critica-participacao-de-partido-da-oposicao-em-forum-em-pequim\/#breadcrumb\"},\"inLanguage\":\"pt-PT\",\"potentialAction\":[{\"@type\":\"ReadAction\",\"target\":[\"https:\/\/portaltela.pt\/noticias\/2026\/02\/04\/taiwan-critica-participacao-de-partido-da-oposicao-em-forum-em-pequim\/\"]}]},{\"@type\":\"ImageObject\",\"inLanguage\":\"pt-PT\",\"@id\":\"https:\/\/portaltela.pt\/noticias\/2026\/02\/04\/taiwan-critica-participacao-de-partido-da-oposicao-em-forum-em-pequim\/#primaryimage\",\"url\":\"https:\/\/portaltela.pt\/s.01k8rhncp4jt1\/2026\/02\/46478643.jpg\",\"contentUrl\":\"https:\/\/portaltela.pt\/s.01k8rhncp4jt1\/2026\/02\/46478643.jpg\",\"width\":796,\"height\":448,\"caption\":\"Taiwan critica participa\u00e7\u00e3o de partido da oposi\u00e7\u00e3o em f\u00f3rum em Pequim\"},{\"@type\":\"BreadcrumbList\",\"@id\":\"https:\/\/portaltela.pt\/noticias\/2026\/02\/04\/taiwan-critica-participacao-de-partido-da-oposicao-em-forum-em-pequim\/#breadcrumb\",\"itemListElement\":[{\"@type\":\"ListItem\",\"position\":1,\"name\":\"In\u00edcio\",\"item\":\"https:\/\/portaltela.pt\/\"},{\"@type\":\"ListItem\",\"position\":2,\"name\":\"Taiwan critica participa\u00e7\u00e3o de partido da oposi\u00e7\u00e3o em f\u00f3rum em Pequim\"}]},{\"@type\":\"WebSite\",\"@id\":\"https:\/\/portaltela.pt\/#website\",\"url\":\"https:\/\/portaltela.pt\/\",\"name\":\"Portal Tela Portugal\",\"description\":\"\",\"potentialAction\":[{\"@type\":\"SearchAction\",\"target\":{\"@type\":\"EntryPoint\",\"urlTemplate\":\"https:\/\/portaltela.pt\/?s={search_term_string}\"},\"query-input\":{\"@type\":\"PropertyValueSpecification\",\"valueRequired\":true,\"valueName\":\"search_term_string\"}}],\"inLanguage\":\"pt-PT\"},{\"@type\":\"Person\",\"@id\":\"https:\/\/portaltela.pt\/#\/schema\/person\/c4278d4a6028830caff9ee44b42d32ed\",\"name\":\"Telinha\",\"image\":{\"@type\":\"ImageObject\",\"inLanguage\":\"pt-PT\",\"@id\":\"https:\/\/portaltela.pt\/s.01k8rhncp4jt1\/2025\/11\/talking-bot-125x125.png\",\"url\":\"https:\/\/portaltela.pt\/s.01k8rhncp4jt1\/2025\/11\/talking-bot-125x125.png\",\"contentUrl\":\"https:\/\/portaltela.pt\/s.01k8rhncp4jt1\/2025\/11\/talking-bot-125x125.png\",\"caption\":\"Telinha\"},\"sameAs\":[\"https:\/\/portaltela.pt\/\"],\"url\":\"https:\/\/portaltela.pt\/por\/367410592786\/\"}]}<\/script>\n<!-- \/ Yoast SEO plugin. -->","yoast_head_json":{"title":"Taiwan critica participa\u00e7\u00e3o de partido da oposi\u00e7\u00e3o em f\u00f3rum em Pequim - Portal Tela Portugal","robots":{"index":"index","follow":"follow","max-snippet":"max-snippet:-1","max-image-preview":"max-image-preview:large","max-video-preview":"max-video-preview:-1"},"og_locale":"pt_PT","og_type":"article","og_title":"Taiwan critica participa\u00e7\u00e3o de partido da oposi\u00e7\u00e3o em f\u00f3rum em Pequim - Portal Tela Portugal","og_description":"O Governo de Taiwan criticou a participa\u00e7\u00e3o do Kuomintang (KMT) num f\u00f3rum em Pequim com o Partido Comunista Chin\u00eas (PCC), dizendo que ignora a hostilidade da China para com a ilha. O evento marca a retoma do interc\u00e2mbio institucional entre PCC e KMT ap\u00f3s quase dez anos de interrup\u00e7\u00e3o, visto como passo pr\u00e9vio a uma poss\u00edvel reuni\u00e3o entre Xi Jinping e a nova presidente do KMT, Cheng Li-wun, no primeiro semestre. O diretor do Gabinete para os Assuntos de Taiwan, Song Tao, reafirmou a oposi\u00e7\u00e3o de Pequim \u00e0 independ\u00eancia de Taiwan e garantiu que n\u00e3o haver\u00e1 toler\u00e2ncia face ao secessionismo. O vice-presidente e l\u00edder da delega\u00e7\u00e3o do KMT, Hsiao Hsu-tsen, afirmou que Taiwan e a China partilham uma mesma na\u00e7\u00e3o chinesa, destacando que o conflito n\u00e3o serve os interesses do povo taiwan\u00eas. O Conselho para os Assuntos Continentais de Taiwan destacou a intensifica\u00e7\u00e3o da hostilidade de Pequim e acusou o PCC de tentar contornar a autoridade taiwanesa e promover a anexa\u00e7\u00e3o da ilha, pedindo firmeza na defesa da soberania.","og_url":"https:\/\/portaltela.pt\/noticias\/2026\/02\/04\/taiwan-critica-participacao-de-partido-da-oposicao-em-forum-em-pequim\/","og_site_name":"Portal Tela Portugal","article_published_time":"2026-02-04T06:23:00+00:00","author":"Telinha","twitter_card":"summary_large_image","twitter_misc":{"Escrito por":"Telinha","Tempo estimado de leitura":"2 minutos"},"schema":{"@context":"https:\/\/schema.org","@graph":[{"@type":"Article","@id":"https:\/\/portaltela.pt\/noticias\/2026\/02\/04\/taiwan-critica-participacao-de-partido-da-oposicao-em-forum-em-pequim\/#article","isPartOf":{"@id":"https:\/\/portaltela.pt\/noticias\/2026\/02\/04\/taiwan-critica-participacao-de-partido-da-oposicao-em-forum-em-pequim\/"},"author":{"name":"Telinha","@id":"https:\/\/portaltela.pt\/#\/schema\/person\/c4278d4a6028830caff9ee44b42d32ed"},"headline":"Taiwan critica participa\u00e7\u00e3o de partido da oposi\u00e7\u00e3o em f\u00f3rum em Pequim","datePublished":"2026-02-04T06:23:00+00:00","mainEntityOfPage":{"@id":"https:\/\/portaltela.pt\/noticias\/2026\/02\/04\/taiwan-critica-participacao-de-partido-da-oposicao-em-forum-em-pequim\/"},"wordCount":397,"image":{"@id":"https:\/\/portaltela.pt\/noticias\/2026\/02\/04\/taiwan-critica-participacao-de-partido-da-oposicao-em-forum-em-pequim\/#primaryimage"},"thumbnailUrl":"https:\/\/portaltela.pt\/s.01k8rhncp4jt1\/2026\/02\/46478643.jpg","keywords":["conflitos internacionais","independ\u00eancia","interc\u00e2mbios internacionais","PCC","pol\u00edtica","rela\u00e7\u00e3o internacionais"],"articleSection":["Internacional","Not\u00edcias"],"inLanguage":"pt-PT"},{"@type":"WebPage","@id":"https:\/\/portaltela.pt\/noticias\/2026\/02\/04\/taiwan-critica-participacao-de-partido-da-oposicao-em-forum-em-pequim\/","url":"https:\/\/portaltela.pt\/noticias\/2026\/02\/04\/taiwan-critica-participacao-de-partido-da-oposicao-em-forum-em-pequim\/","name":"Taiwan critica participa\u00e7\u00e3o de partido da oposi\u00e7\u00e3o em f\u00f3rum em Pequim - Portal Tela Portugal","isPartOf":{"@id":"https:\/\/portaltela.pt\/#website"},"primaryImageOfPage":{"@id":"https:\/\/portaltela.pt\/noticias\/2026\/02\/04\/taiwan-critica-participacao-de-partido-da-oposicao-em-forum-em-pequim\/#primaryimage"},"image":{"@id":"https:\/\/portaltela.pt\/noticias\/2026\/02\/04\/taiwan-critica-participacao-de-partido-da-oposicao-em-forum-em-pequim\/#primaryimage"},"thumbnailUrl":"https:\/\/portaltela.pt\/s.01k8rhncp4jt1\/2026\/02\/46478643.jpg","datePublished":"2026-02-04T06:23:00+00:00","author":{"@id":"https:\/\/portaltela.pt\/#\/schema\/person\/c4278d4a6028830caff9ee44b42d32ed"},"breadcrumb":{"@id":"https:\/\/portaltela.pt\/noticias\/2026\/02\/04\/taiwan-critica-participacao-de-partido-da-oposicao-em-forum-em-pequim\/#breadcrumb"},"inLanguage":"pt-PT","potentialAction":[{"@type":"ReadAction","target":["https:\/\/portaltela.pt\/noticias\/2026\/02\/04\/taiwan-critica-participacao-de-partido-da-oposicao-em-forum-em-pequim\/"]}]},{"@type":"ImageObject","inLanguage":"pt-PT","@id":"https:\/\/portaltela.pt\/noticias\/2026\/02\/04\/taiwan-critica-participacao-de-partido-da-oposicao-em-forum-em-pequim\/#primaryimage","url":"https:\/\/portaltela.pt\/s.01k8rhncp4jt1\/2026\/02\/46478643.jpg","contentUrl":"https:\/\/portaltela.pt\/s.01k8rhncp4jt1\/2026\/02\/46478643.jpg","width":796,"height":448,"caption":"Taiwan critica participa\u00e7\u00e3o de partido da oposi\u00e7\u00e3o em f\u00f3rum em Pequim"},{"@type":"BreadcrumbList","@id":"https:\/\/portaltela.pt\/noticias\/2026\/02\/04\/taiwan-critica-participacao-de-partido-da-oposicao-em-forum-em-pequim\/#breadcrumb","itemListElement":[{"@type":"ListItem","position":1,"name":"In\u00edcio","item":"https:\/\/portaltela.pt\/"},{"@type":"ListItem","position":2,"name":"Taiwan critica participa\u00e7\u00e3o de partido da oposi\u00e7\u00e3o em f\u00f3rum em Pequim"}]},{"@type":"WebSite","@id":"https:\/\/portaltela.pt\/#website","url":"https:\/\/portaltela.pt\/","name":"Portal Tela Portugal","description":"","potentialAction":[{"@type":"SearchAction","target":{"@type":"EntryPoint","urlTemplate":"https:\/\/portaltela.pt\/?s={search_term_string}"},"query-input":{"@type":"PropertyValueSpecification","valueRequired":true,"valueName":"search_term_string"}}],"inLanguage":"pt-PT"},{"@type":"Person","@id":"https:\/\/portaltela.pt\/#\/schema\/person\/c4278d4a6028830caff9ee44b42d32ed","name":"Telinha","image":{"@type":"ImageObject","inLanguage":"pt-PT","@id":"https:\/\/portaltela.pt\/s.01k8rhncp4jt1\/2025\/11\/talking-bot-125x125.png","url":"https:\/\/portaltela.pt\/s.01k8rhncp4jt1\/2025\/11\/talking-bot-125x125.png","contentUrl":"https:\/\/portaltela.pt\/s.01k8rhncp4jt1\/2025\/11\/talking-bot-125x125.png","caption":"Telinha"},"sameAs":["https:\/\/portaltela.pt\/"],"url":"https:\/\/portaltela.pt\/por\/367410592786\/"}]}},"_links":{"self":[{"href":"https:\/\/portaltela.pt\/api\/wp\/v2\/posts\/195620","targetHints":{"allow":["GET"]}}],"collection":[{"href":"https:\/\/portaltela.pt\/api\/wp\/v2\/posts"}],"about":[{"href":"https:\/\/portaltela.pt\/api\/wp\/v2\/types\/post"}],"author":[{"embeddable":true,"href":"https:\/\/portaltela.pt\/api\/wp\/v2\/users\/2"}],"replies":[{"embeddable":true,"href":"https:\/\/portaltela.pt\/api\/wp\/v2\/comments?post=195620"}],"version-history":[{"count":0,"href":"https:\/\/portaltela.pt\/api\/wp\/v2\/posts\/195620\/revisions"}],"wp:featuredmedia":[{"embeddable":true,"href":"https:\/\/portaltela.pt\/api\/wp\/v2\/media\/195626"}],"wp:attachment":[{"href":"https:\/\/portaltela.pt\/api\/wp\/v2\/media?parent=195620"}],"wp:term":[{"taxonomy":"category","embeddable":true,"href":"https:\/\/portaltela.pt\/api\/wp\/v2\/categories?post=195620"},{"taxonomy":"post_tag","embeddable":true,"href":"https:\/\/portaltela.pt\/api\/wp\/v2\/tags?post=195620"}],"curies":[{"name":"wp","href":"https:\/\/api.w.org\/{rel}","templated":true}]}}