{"id":195607,"date":"2026-02-04T03:05:00","date_gmt":"2026-02-04T06:05:00","guid":{"rendered":"https:\/\/portaltela.pt\/noticias\/2026\/02\/04\/um-quarto-dos-portugueses-ja-foi-afetado-por-fogos-florestais-2\/"},"modified":"2026-02-04T03:05:00","modified_gmt":"2026-02-04T06:05:00","slug":"um-quarto-dos-portugueses-ja-foi-afetado-por-fogos-florestais-2","status":"publish","type":"post","link":"https:\/\/portaltela.pt\/noticias\/2026\/02\/04\/um-quarto-dos-portugueses-ja-foi-afetado-por-fogos-florestais-2\/","title":{"rendered":"Um quarto dos portugueses j\u00e1 foi afetado por fogos florestais"},"content":{"rendered":"<p>Duas a tr\u00eas par\u00e1grafos iniciais apresentam o essencial: o que aconteceu, quem est\u00e1 envolvido, quando, onde e porqu\u00ea, de forma objetiva.<\/p>\n<p>Um quarto da popula\u00e7\u00e3o portuguesa j\u00e1 sentiu os impactos de fogos florestais, segundo um relat\u00f3rio da Ag\u00eancia Europeia do Ambiente (AEA) divulgado hoje. O estudo analisa efeitos das altera\u00e7\u00f5es clim\u00e1ticas a n\u00edvel da UE e posiciona Portugal como o segundo pa\u00eds mais afetado.<\/p>\n<p>O inqu\u00e9rito, realizado em 2025 pela AEA em parceria com a Eurofound, mostra que os gregos lideram a perce\u00e7\u00e3o de impactos (41%), seguidos de portugueses (25%) e cipriotas (20%).<\/p>\n<h3>Disparidades e campanhas de alerta<\/h3>\n<p>Portugal e a Litu\u00e2nia registam a maior cobertura de campanhas de alerta para fen\u00f3menos meteorol\u00f3gicos extremos, com 73% de ades\u00e3o. Junto com a Pol\u00f3nia (90%), estes pa\u00edses destacam-se pela comunica\u00e7\u00e3o preventiva.<\/p>\n<p>O inqu\u00e9rito revela ainda que dois ter\u00e7os dos portugueses atribuem os seus receios a calor extremo: 64% sentiram-se demasiado quentes para sair de casa, 57% calor dentro de casa e 52% calor no local de trabalho ou escola.<\/p>\n<h3>Medidas de prote\u00e7\u00e3o e efeitos materiais<\/h3>\n<p>Apenas 22% dos portugueses t\u00eam seguro que cubra fen\u00f3menos clim\u00e1ticos extremos, face \u00e0 m\u00e9dia UE de 40,8%. Diversas medidas de adapta\u00e7\u00e3o s\u00e3o menos comuns nas habita\u00e7\u00f5es nacionais.<\/p>\n<p>Quase metade dos inquiridos (45%) afirma n\u00e3o conseguir aquecer adequadamente a casa, contrastando com uma m\u00e9dia UE de 38%.<\/p>\n<h3>Contexto de cat\u00e1strofe em Portugal<\/h3>\n<p>Coincide com epis\u00f3dios de tempestades no pa\u00eds, que provocaram dezenas de \u00f3bitos desde a \u00faltima semana. A Prote\u00e7\u00e3o Civil reporta cinco mortes ligadas \u00e0 depress\u00e3o Kristin e uma v\u00edtima adicional na Marinha Grande.<\/p>\n<p>Outros \u00f3bitos resultaram de quedas de telhados durante repara\u00e7\u00f5es e de intoxica\u00e7\u00e3o por gerador, segundo entidades locais.<\/p>\n<h3>Custos e resposta governamental<\/h3>\n<p>Os temporais causaram danos significativos em infraestruturas, habita\u00e7\u00f5es, empresas e redes de transporte. Distritos de Leiria, Coimbra e Santar\u00e9m aparecem entre os mais afetados.<\/p>\n<p>O Governo declarou situa\u00e7\u00e3o de calamidade em 68 concelhos e anunciou medidas de apoio at\u00e9 2,5 mil milh\u00f5es de euros. A Uni\u00e3o Europeia j\u00e1 indicou disponibilidade para ajudar Portugal.<\/p>\n","protected":false},"excerpt":{"rendered":"<ul>\n<li>Um quarto da popula\u00e7\u00e3o portuguesa j\u00e1 sofreu com fogos florestais, colocando Portugal como o segundo pa\u00eds mais afetado da Uni\u00e3o Europeia, segundo a Ag\u00eancia Europeia do Ambiente.<\/li>\n<li>O inqu\u00e9rito de 2025 revela que 41% dos gregos, 25% dos portugueses e 20% dos cipriotas reportaram impactos dos fogos florestais.<\/li>\n<li>Portugal e a Litu\u00e2nia destacam-se pela maior cobertura de campanhas de alerta em casos de fen\u00f3menos clim\u00e1ticos extremos, com 73%.<\/li>\n<li>Em Portugal, dois ter\u00e7os dos inquiridos disseram ter sentido calor extremo, com 64% a sentir-se demasiado quentes para sair \u00e0 rua, 57% em casa e 52% no trabalho ou escola.<\/li>\n<li>O Governo abriu medidas de apoio em consequ\u00eancia de fen\u00f3menos extremos, com o reconhecimento de que muitos n\u00e3o t\u00eam capacidade de aquecer adequadamente a casa e com medidas de prote\u00e7\u00e3o social em implementa\u00e7\u00e3o.<\/li>\n<\/ul>\n","protected":false},"author":2,"featured_media":195608,"comment_status":"closed","ping_status":"closed","sticky":false,"template":"","format":"standard","meta":{"footnotes":""},"categories":[1],"tags":[2665,5215,713,1438,1014,320],"class_list":["post-195607","post","type-post","status-publish","format-standard","has-post-thumbnail","hentry","category-noticias","tag-alteracoes-climaticas","tag-catastrofes-naturais","tag-fogos","tag-incendio","tag-portugal","tag-protecao-civil"],"yoast_head":"<!-- This site is optimized with the Yoast SEO plugin v27.2 - https:\/\/yoast.com\/product\/yoast-seo-wordpress\/ -->\n<title>Um quarto dos portugueses j\u00e1 foi afetado por fogos florestais - Portal Tela Portugal<\/title>\n<meta name=\"robots\" content=\"index, follow, max-snippet:-1, max-image-preview:large, max-video-preview:-1\" \/>\n<meta property=\"og:locale\" content=\"pt_PT\" \/>\n<meta property=\"og:type\" content=\"article\" \/>\n<meta property=\"og:title\" content=\"Um quarto dos portugueses j\u00e1 foi afetado por fogos florestais - Portal Tela Portugal\" \/>\n<meta property=\"og:description\" content=\"Um quarto da popula\u00e7\u00e3o portuguesa j\u00e1 sofreu com fogos florestais, colocando Portugal como o segundo pa\u00eds mais afetado da Uni\u00e3o Europeia, segundo a Ag\u00eancia Europeia do Ambiente. O inqu\u00e9rito de 2025 revela que 41% dos gregos, 25% dos portugueses e 20% dos cipriotas reportaram impactos dos fogos florestais. Portugal e a Litu\u00e2nia destacam-se pela maior cobertura de campanhas de alerta em casos de fen\u00f3menos clim\u00e1ticos extremos, com 73%. Em Portugal, dois ter\u00e7os dos inquiridos disseram ter sentido calor extremo, com 64% a sentir-se demasiado quentes para sair \u00e0 rua, 57% em casa e 52% no trabalho ou escola. O Governo abriu medidas de apoio em consequ\u00eancia de fen\u00f3menos extremos, com o reconhecimento de que muitos n\u00e3o t\u00eam capacidade de aquecer adequadamente a casa e com medidas de prote\u00e7\u00e3o social em implementa\u00e7\u00e3o.\" \/>\n<meta property=\"og:url\" content=\"https:\/\/portaltela.pt\/noticias\/2026\/02\/04\/um-quarto-dos-portugueses-ja-foi-afetado-por-fogos-florestais-2\/\" \/>\n<meta property=\"og:site_name\" content=\"Portal Tela Portugal\" \/>\n<meta property=\"article:published_time\" content=\"2026-02-04T06:05:00+00:00\" \/>\n<meta name=\"author\" content=\"Telinha\" \/>\n<meta name=\"twitter:card\" content=\"summary_large_image\" \/>\n<meta name=\"twitter:label1\" content=\"Escrito por\" \/>\n\t<meta name=\"twitter:data1\" content=\"Telinha\" \/>\n\t<meta name=\"twitter:label2\" content=\"Tempo estimado de leitura\" \/>\n\t<meta name=\"twitter:data2\" content=\"2 minutos\" \/>\n<script type=\"application\/ld+json\" class=\"yoast-schema-graph\">{\"@context\":\"https:\/\/schema.org\",\"@graph\":[{\"@type\":\"Article\",\"@id\":\"https:\/\/portaltela.pt\/noticias\/2026\/02\/04\/um-quarto-dos-portugueses-ja-foi-afetado-por-fogos-florestais-2\/#article\",\"isPartOf\":{\"@id\":\"https:\/\/portaltela.pt\/noticias\/2026\/02\/04\/um-quarto-dos-portugueses-ja-foi-afetado-por-fogos-florestais-2\/\"},\"author\":{\"name\":\"Telinha\",\"@id\":\"https:\/\/portaltela.pt\/#\/schema\/person\/c4278d4a6028830caff9ee44b42d32ed\"},\"headline\":\"Um quarto dos portugueses j\u00e1 foi afetado por fogos florestais\",\"datePublished\":\"2026-02-04T06:05:00+00:00\",\"mainEntityOfPage\":{\"@id\":\"https:\/\/portaltela.pt\/noticias\/2026\/02\/04\/um-quarto-dos-portugueses-ja-foi-afetado-por-fogos-florestais-2\/\"},\"wordCount\":367,\"image\":{\"@id\":\"https:\/\/portaltela.pt\/noticias\/2026\/02\/04\/um-quarto-dos-portugueses-ja-foi-afetado-por-fogos-florestais-2\/#primaryimage\"},\"thumbnailUrl\":\"https:\/\/portaltela.pt\/s.01k8rhncp4jt1\/2026\/02\/DOC.20240918.43579627.JC0004779_VX79bk8_xxSDKUQ.jpg\",\"keywords\":[\"Altera\u00e7\u00f5es Clim\u00e1ticas\",\"cat\u00e1strofes naturais\",\"fogos\",\"inc\u00eandio\",\"Portugal\",\"prote\u00e7\u00e3o civil\"],\"articleSection\":[\"Not\u00edcias\"],\"inLanguage\":\"pt-PT\"},{\"@type\":\"WebPage\",\"@id\":\"https:\/\/portaltela.pt\/noticias\/2026\/02\/04\/um-quarto-dos-portugueses-ja-foi-afetado-por-fogos-florestais-2\/\",\"url\":\"https:\/\/portaltela.pt\/noticias\/2026\/02\/04\/um-quarto-dos-portugueses-ja-foi-afetado-por-fogos-florestais-2\/\",\"name\":\"Um quarto dos portugueses j\u00e1 foi afetado por fogos florestais - Portal Tela Portugal\",\"isPartOf\":{\"@id\":\"https:\/\/portaltela.pt\/#website\"},\"primaryImageOfPage\":{\"@id\":\"https:\/\/portaltela.pt\/noticias\/2026\/02\/04\/um-quarto-dos-portugueses-ja-foi-afetado-por-fogos-florestais-2\/#primaryimage\"},\"image\":{\"@id\":\"https:\/\/portaltela.pt\/noticias\/2026\/02\/04\/um-quarto-dos-portugueses-ja-foi-afetado-por-fogos-florestais-2\/#primaryimage\"},\"thumbnailUrl\":\"https:\/\/portaltela.pt\/s.01k8rhncp4jt1\/2026\/02\/DOC.20240918.43579627.JC0004779_VX79bk8_xxSDKUQ.jpg\",\"datePublished\":\"2026-02-04T06:05:00+00:00\",\"author\":{\"@id\":\"https:\/\/portaltela.pt\/#\/schema\/person\/c4278d4a6028830caff9ee44b42d32ed\"},\"breadcrumb\":{\"@id\":\"https:\/\/portaltela.pt\/noticias\/2026\/02\/04\/um-quarto-dos-portugueses-ja-foi-afetado-por-fogos-florestais-2\/#breadcrumb\"},\"inLanguage\":\"pt-PT\",\"potentialAction\":[{\"@type\":\"ReadAction\",\"target\":[\"https:\/\/portaltela.pt\/noticias\/2026\/02\/04\/um-quarto-dos-portugueses-ja-foi-afetado-por-fogos-florestais-2\/\"]}]},{\"@type\":\"ImageObject\",\"inLanguage\":\"pt-PT\",\"@id\":\"https:\/\/portaltela.pt\/noticias\/2026\/02\/04\/um-quarto-dos-portugueses-ja-foi-afetado-por-fogos-florestais-2\/#primaryimage\",\"url\":\"https:\/\/portaltela.pt\/s.01k8rhncp4jt1\/2026\/02\/DOC.20240918.43579627.JC0004779_VX79bk8_xxSDKUQ.jpg\",\"contentUrl\":\"https:\/\/portaltela.pt\/s.01k8rhncp4jt1\/2026\/02\/DOC.20240918.43579627.JC0004779_VX79bk8_xxSDKUQ.jpg\",\"width\":796,\"height\":448,\"caption\":\"Um quarto dos portugueses dizem j\u00e1 ter sido afectados por fogos florestais\"},{\"@type\":\"BreadcrumbList\",\"@id\":\"https:\/\/portaltela.pt\/noticias\/2026\/02\/04\/um-quarto-dos-portugueses-ja-foi-afetado-por-fogos-florestais-2\/#breadcrumb\",\"itemListElement\":[{\"@type\":\"ListItem\",\"position\":1,\"name\":\"In\u00edcio\",\"item\":\"https:\/\/portaltela.pt\/\"},{\"@type\":\"ListItem\",\"position\":2,\"name\":\"Um quarto dos portugueses j\u00e1 foi afetado por fogos florestais\"}]},{\"@type\":\"WebSite\",\"@id\":\"https:\/\/portaltela.pt\/#website\",\"url\":\"https:\/\/portaltela.pt\/\",\"name\":\"Portal Tela Portugal\",\"description\":\"\",\"potentialAction\":[{\"@type\":\"SearchAction\",\"target\":{\"@type\":\"EntryPoint\",\"urlTemplate\":\"https:\/\/portaltela.pt\/?s={search_term_string}\"},\"query-input\":{\"@type\":\"PropertyValueSpecification\",\"valueRequired\":true,\"valueName\":\"search_term_string\"}}],\"inLanguage\":\"pt-PT\"},{\"@type\":\"Person\",\"@id\":\"https:\/\/portaltela.pt\/#\/schema\/person\/c4278d4a6028830caff9ee44b42d32ed\",\"name\":\"Telinha\",\"image\":{\"@type\":\"ImageObject\",\"inLanguage\":\"pt-PT\",\"@id\":\"https:\/\/portaltela.pt\/s.01k8rhncp4jt1\/2025\/11\/talking-bot-125x125.png\",\"url\":\"https:\/\/portaltela.pt\/s.01k8rhncp4jt1\/2025\/11\/talking-bot-125x125.png\",\"contentUrl\":\"https:\/\/portaltela.pt\/s.01k8rhncp4jt1\/2025\/11\/talking-bot-125x125.png\",\"caption\":\"Telinha\"},\"sameAs\":[\"https:\/\/portaltela.pt\/\"],\"url\":\"https:\/\/portaltela.pt\/por\/367410592786\/\"}]}<\/script>\n<!-- \/ Yoast SEO plugin. -->","yoast_head_json":{"title":"Um quarto dos portugueses j\u00e1 foi afetado por fogos florestais - Portal Tela Portugal","robots":{"index":"index","follow":"follow","max-snippet":"max-snippet:-1","max-image-preview":"max-image-preview:large","max-video-preview":"max-video-preview:-1"},"og_locale":"pt_PT","og_type":"article","og_title":"Um quarto dos portugueses j\u00e1 foi afetado por fogos florestais - Portal Tela Portugal","og_description":"Um quarto da popula\u00e7\u00e3o portuguesa j\u00e1 sofreu com fogos florestais, colocando Portugal como o segundo pa\u00eds mais afetado da Uni\u00e3o Europeia, segundo a Ag\u00eancia Europeia do Ambiente. O inqu\u00e9rito de 2025 revela que 41% dos gregos, 25% dos portugueses e 20% dos cipriotas reportaram impactos dos fogos florestais. Portugal e a Litu\u00e2nia destacam-se pela maior cobertura de campanhas de alerta em casos de fen\u00f3menos clim\u00e1ticos extremos, com 73%. Em Portugal, dois ter\u00e7os dos inquiridos disseram ter sentido calor extremo, com 64% a sentir-se demasiado quentes para sair \u00e0 rua, 57% em casa e 52% no trabalho ou escola. O Governo abriu medidas de apoio em consequ\u00eancia de fen\u00f3menos extremos, com o reconhecimento de que muitos n\u00e3o t\u00eam capacidade de aquecer adequadamente a casa e com medidas de prote\u00e7\u00e3o social em implementa\u00e7\u00e3o.","og_url":"https:\/\/portaltela.pt\/noticias\/2026\/02\/04\/um-quarto-dos-portugueses-ja-foi-afetado-por-fogos-florestais-2\/","og_site_name":"Portal Tela Portugal","article_published_time":"2026-02-04T06:05:00+00:00","author":"Telinha","twitter_card":"summary_large_image","twitter_misc":{"Escrito por":"Telinha","Tempo estimado de leitura":"2 minutos"},"schema":{"@context":"https:\/\/schema.org","@graph":[{"@type":"Article","@id":"https:\/\/portaltela.pt\/noticias\/2026\/02\/04\/um-quarto-dos-portugueses-ja-foi-afetado-por-fogos-florestais-2\/#article","isPartOf":{"@id":"https:\/\/portaltela.pt\/noticias\/2026\/02\/04\/um-quarto-dos-portugueses-ja-foi-afetado-por-fogos-florestais-2\/"},"author":{"name":"Telinha","@id":"https:\/\/portaltela.pt\/#\/schema\/person\/c4278d4a6028830caff9ee44b42d32ed"},"headline":"Um quarto dos portugueses j\u00e1 foi afetado por fogos florestais","datePublished":"2026-02-04T06:05:00+00:00","mainEntityOfPage":{"@id":"https:\/\/portaltela.pt\/noticias\/2026\/02\/04\/um-quarto-dos-portugueses-ja-foi-afetado-por-fogos-florestais-2\/"},"wordCount":367,"image":{"@id":"https:\/\/portaltela.pt\/noticias\/2026\/02\/04\/um-quarto-dos-portugueses-ja-foi-afetado-por-fogos-florestais-2\/#primaryimage"},"thumbnailUrl":"https:\/\/portaltela.pt\/s.01k8rhncp4jt1\/2026\/02\/DOC.20240918.43579627.JC0004779_VX79bk8_xxSDKUQ.jpg","keywords":["Altera\u00e7\u00f5es Clim\u00e1ticas","cat\u00e1strofes naturais","fogos","inc\u00eandio","Portugal","prote\u00e7\u00e3o civil"],"articleSection":["Not\u00edcias"],"inLanguage":"pt-PT"},{"@type":"WebPage","@id":"https:\/\/portaltela.pt\/noticias\/2026\/02\/04\/um-quarto-dos-portugueses-ja-foi-afetado-por-fogos-florestais-2\/","url":"https:\/\/portaltela.pt\/noticias\/2026\/02\/04\/um-quarto-dos-portugueses-ja-foi-afetado-por-fogos-florestais-2\/","name":"Um quarto dos portugueses j\u00e1 foi afetado por fogos florestais - Portal Tela Portugal","isPartOf":{"@id":"https:\/\/portaltela.pt\/#website"},"primaryImageOfPage":{"@id":"https:\/\/portaltela.pt\/noticias\/2026\/02\/04\/um-quarto-dos-portugueses-ja-foi-afetado-por-fogos-florestais-2\/#primaryimage"},"image":{"@id":"https:\/\/portaltela.pt\/noticias\/2026\/02\/04\/um-quarto-dos-portugueses-ja-foi-afetado-por-fogos-florestais-2\/#primaryimage"},"thumbnailUrl":"https:\/\/portaltela.pt\/s.01k8rhncp4jt1\/2026\/02\/DOC.20240918.43579627.JC0004779_VX79bk8_xxSDKUQ.jpg","datePublished":"2026-02-04T06:05:00+00:00","author":{"@id":"https:\/\/portaltela.pt\/#\/schema\/person\/c4278d4a6028830caff9ee44b42d32ed"},"breadcrumb":{"@id":"https:\/\/portaltela.pt\/noticias\/2026\/02\/04\/um-quarto-dos-portugueses-ja-foi-afetado-por-fogos-florestais-2\/#breadcrumb"},"inLanguage":"pt-PT","potentialAction":[{"@type":"ReadAction","target":["https:\/\/portaltela.pt\/noticias\/2026\/02\/04\/um-quarto-dos-portugueses-ja-foi-afetado-por-fogos-florestais-2\/"]}]},{"@type":"ImageObject","inLanguage":"pt-PT","@id":"https:\/\/portaltela.pt\/noticias\/2026\/02\/04\/um-quarto-dos-portugueses-ja-foi-afetado-por-fogos-florestais-2\/#primaryimage","url":"https:\/\/portaltela.pt\/s.01k8rhncp4jt1\/2026\/02\/DOC.20240918.43579627.JC0004779_VX79bk8_xxSDKUQ.jpg","contentUrl":"https:\/\/portaltela.pt\/s.01k8rhncp4jt1\/2026\/02\/DOC.20240918.43579627.JC0004779_VX79bk8_xxSDKUQ.jpg","width":796,"height":448,"caption":"Um quarto dos portugueses dizem j\u00e1 ter sido afectados por fogos florestais"},{"@type":"BreadcrumbList","@id":"https:\/\/portaltela.pt\/noticias\/2026\/02\/04\/um-quarto-dos-portugueses-ja-foi-afetado-por-fogos-florestais-2\/#breadcrumb","itemListElement":[{"@type":"ListItem","position":1,"name":"In\u00edcio","item":"https:\/\/portaltela.pt\/"},{"@type":"ListItem","position":2,"name":"Um quarto dos portugueses j\u00e1 foi afetado por fogos florestais"}]},{"@type":"WebSite","@id":"https:\/\/portaltela.pt\/#website","url":"https:\/\/portaltela.pt\/","name":"Portal Tela Portugal","description":"","potentialAction":[{"@type":"SearchAction","target":{"@type":"EntryPoint","urlTemplate":"https:\/\/portaltela.pt\/?s={search_term_string}"},"query-input":{"@type":"PropertyValueSpecification","valueRequired":true,"valueName":"search_term_string"}}],"inLanguage":"pt-PT"},{"@type":"Person","@id":"https:\/\/portaltela.pt\/#\/schema\/person\/c4278d4a6028830caff9ee44b42d32ed","name":"Telinha","image":{"@type":"ImageObject","inLanguage":"pt-PT","@id":"https:\/\/portaltela.pt\/s.01k8rhncp4jt1\/2025\/11\/talking-bot-125x125.png","url":"https:\/\/portaltela.pt\/s.01k8rhncp4jt1\/2025\/11\/talking-bot-125x125.png","contentUrl":"https:\/\/portaltela.pt\/s.01k8rhncp4jt1\/2025\/11\/talking-bot-125x125.png","caption":"Telinha"},"sameAs":["https:\/\/portaltela.pt\/"],"url":"https:\/\/portaltela.pt\/por\/367410592786\/"}]}},"_links":{"self":[{"href":"https:\/\/portaltela.pt\/api\/wp\/v2\/posts\/195607","targetHints":{"allow":["GET"]}}],"collection":[{"href":"https:\/\/portaltela.pt\/api\/wp\/v2\/posts"}],"about":[{"href":"https:\/\/portaltela.pt\/api\/wp\/v2\/types\/post"}],"author":[{"embeddable":true,"href":"https:\/\/portaltela.pt\/api\/wp\/v2\/users\/2"}],"replies":[{"embeddable":true,"href":"https:\/\/portaltela.pt\/api\/wp\/v2\/comments?post=195607"}],"version-history":[{"count":0,"href":"https:\/\/portaltela.pt\/api\/wp\/v2\/posts\/195607\/revisions"}],"wp:featuredmedia":[{"embeddable":true,"href":"https:\/\/portaltela.pt\/api\/wp\/v2\/media\/195608"}],"wp:attachment":[{"href":"https:\/\/portaltela.pt\/api\/wp\/v2\/media?parent=195607"}],"wp:term":[{"taxonomy":"category","embeddable":true,"href":"https:\/\/portaltela.pt\/api\/wp\/v2\/categories?post=195607"},{"taxonomy":"post_tag","embeddable":true,"href":"https:\/\/portaltela.pt\/api\/wp\/v2\/tags?post=195607"}],"curies":[{"name":"wp","href":"https:\/\/api.w.org\/{rel}","templated":true}]}}