{"id":195563,"date":"2026-02-03T20:36:00","date_gmt":"2026-02-03T23:36:00","guid":{"rendered":"https:\/\/portaltela.pt\/noticias\/2026\/02\/03\/presidente-admite-falha-na-explicacao-do-governo-as-populacoes\/"},"modified":"2026-02-03T20:36:00","modified_gmt":"2026-02-03T23:36:00","slug":"presidente-admite-falha-na-explicacao-do-governo-as-populacoes","status":"publish","type":"post","link":"https:\/\/portaltela.pt\/noticias\/politica\/2026\/02\/03\/presidente-admite-falha-na-explicacao-do-governo-as-populacoes\/","title":{"rendered":"Presidente admite falha na explica\u00e7\u00e3o do Governo \u00e0s popula\u00e7\u00f5es"},"content":{"rendered":"<p>O Presidente da Rep\u00fablica afirma que a explica\u00e7\u00e3o do Governo \u00e0s popula\u00e7\u00f5es n\u00e3o correu bem. As declara\u00e7\u00f5es foram feitas em forum p\u00fablico, sem mencionar datas espec\u00edficas ou locais oficiais.<\/p>\n<p>Segundo o chefe de Estado, a comunica\u00e7\u00e3o do Executivo n\u00e3o atingiu o objetivo de esclarecer a popula\u00e7\u00e3o. A avalia\u00e7\u00e3o surge num momento de tens\u00e3o pol\u00edtica e de desconfian\u00e7a entre setores sociais.<\/p>\n<p>A interven\u00e7\u00e3o envolve o Presidente e elementos do Executivo, em particular quem gere a comunica\u00e7\u00e3o p\u00fablica. A declara\u00e7\u00e3o aponta para falhas na forma de transmiss\u00e3o da mensagem.<\/p>\n<p>N\u00e3o existem detalhes adicionais no momento sobre o contexto, hor\u00e1rios ou eventos que antecederam o discurso. O jornal acompanha o desenrolar da situa\u00e7\u00e3o para confirmar informa\u00e7\u00f5es oficiais.<\/p>\n","protected":false},"excerpt":{"rendered":"<ul>\n<li>O Presidente da Rep\u00fablica afirmou que a explica\u00e7\u00e3o do Governo \u00e0s popula\u00e7\u00f5es \u201cn\u00e3o correu bem\u201d.<\/li>\n<li>A afirma\u00e7\u00e3o \u00e9 apresentada no contexto de comunica\u00e7\u00e3o de medidas governamentais.<\/li>\n<li>O conte\u00fado completo da not\u00edcia est\u00e1 dispon\u00edvel apenas para subscritores.<\/li>\n<\/ul>\n","protected":false},"author":2,"featured_media":195565,"comment_status":"closed","ping_status":"closed","sticky":false,"template":"","format":"standard","meta":{"footnotes":""},"categories":[1,5],"tags":[2607,34,195,2832,30,4614],"class_list":["post-195563","post","type-post","status-publish","format-standard","has-post-thumbnail","hentry","category-noticias","category-politica","tag-comunicacao","tag-governo","tag-informacao","tag-politica","tag-presidente","tag-situacoes-sociais"],"yoast_head":"<!-- This site is optimized with the Yoast SEO plugin v27.2 - https:\/\/yoast.com\/product\/yoast-seo-wordpress\/ -->\n<title>Presidente admite falha na explica\u00e7\u00e3o do Governo \u00e0s popula\u00e7\u00f5es - Portal Tela Portugal<\/title>\n<meta name=\"robots\" content=\"index, follow, max-snippet:-1, max-image-preview:large, max-video-preview:-1\" \/>\n<meta property=\"og:locale\" content=\"pt_PT\" \/>\n<meta property=\"og:type\" content=\"article\" \/>\n<meta property=\"og:title\" content=\"Presidente admite falha na explica\u00e7\u00e3o do Governo \u00e0s popula\u00e7\u00f5es - Portal Tela Portugal\" \/>\n<meta property=\"og:description\" content=\"O Presidente da Rep\u00fablica afirmou que a explica\u00e7\u00e3o do Governo \u00e0s popula\u00e7\u00f5es \u201cn\u00e3o correu bem\u201d. A afirma\u00e7\u00e3o \u00e9 apresentada no contexto de comunica\u00e7\u00e3o de medidas governamentais. O conte\u00fado completo da not\u00edcia est\u00e1 dispon\u00edvel apenas para subscritores.\" \/>\n<meta property=\"og:url\" content=\"https:\/\/portaltela.pt\/noticias\/2026\/02\/03\/presidente-admite-falha-na-explicacao-do-governo-as-populacoes\/\" \/>\n<meta property=\"og:site_name\" content=\"Portal Tela Portugal\" \/>\n<meta property=\"article:published_time\" content=\"2026-02-03T23:36:00+00:00\" \/>\n<meta name=\"author\" content=\"Telinha\" \/>\n<meta name=\"twitter:card\" content=\"summary_large_image\" \/>\n<meta name=\"twitter:label1\" content=\"Escrito por\" \/>\n\t<meta name=\"twitter:data1\" content=\"Telinha\" \/>\n\t<meta name=\"twitter:label2\" content=\"Tempo estimado de leitura\" \/>\n\t<meta name=\"twitter:data2\" content=\"1 minuto\" \/>\n<script type=\"application\/ld+json\" class=\"yoast-schema-graph\">{\"@context\":\"https:\/\/schema.org\",\"@graph\":[{\"@type\":\"Article\",\"@id\":\"https:\/\/portaltela.pt\/noticias\/2026\/02\/03\/presidente-admite-falha-na-explicacao-do-governo-as-populacoes\/#article\",\"isPartOf\":{\"@id\":\"https:\/\/portaltela.pt\/noticias\/2026\/02\/03\/presidente-admite-falha-na-explicacao-do-governo-as-populacoes\/\"},\"author\":{\"name\":\"Telinha\",\"@id\":\"https:\/\/portaltela.pt\/#\/schema\/person\/c4278d4a6028830caff9ee44b42d32ed\"},\"headline\":\"Presidente admite falha na explica\u00e7\u00e3o do Governo \u00e0s popula\u00e7\u00f5es\",\"datePublished\":\"2026-02-03T23:36:00+00:00\",\"mainEntityOfPage\":{\"@id\":\"https:\/\/portaltela.pt\/noticias\/2026\/02\/03\/presidente-admite-falha-na-explicacao-do-governo-as-populacoes\/\"},\"wordCount\":148,\"image\":{\"@id\":\"https:\/\/portaltela.pt\/noticias\/2026\/02\/03\/presidente-admite-falha-na-explicacao-do-governo-as-populacoes\/#primaryimage\"},\"thumbnailUrl\":\"https:\/\/portaltela.pt\/s.01k8rhncp4jt1\/2026\/02\/CACHE_780X1200_ANALOG_WATERMARKED_46485159_3967466_03022026103413.jpg\",\"keywords\":[\"comunica\u00e7\u00e3o\",\"governo\",\"informa\u00e7\u00e3o\",\"pol\u00edtica\",\"presidente\",\"situa\u00e7\u00f5es sociais\"],\"articleSection\":[\"Not\u00edcias\",\"Pol\u00edtica\"],\"inLanguage\":\"pt-PT\"},{\"@type\":\"WebPage\",\"@id\":\"https:\/\/portaltela.pt\/noticias\/2026\/02\/03\/presidente-admite-falha-na-explicacao-do-governo-as-populacoes\/\",\"url\":\"https:\/\/portaltela.pt\/noticias\/2026\/02\/03\/presidente-admite-falha-na-explicacao-do-governo-as-populacoes\/\",\"name\":\"Presidente admite falha na explica\u00e7\u00e3o do Governo \u00e0s popula\u00e7\u00f5es - Portal Tela Portugal\",\"isPartOf\":{\"@id\":\"https:\/\/portaltela.pt\/#website\"},\"primaryImageOfPage\":{\"@id\":\"https:\/\/portaltela.pt\/noticias\/2026\/02\/03\/presidente-admite-falha-na-explicacao-do-governo-as-populacoes\/#primaryimage\"},\"image\":{\"@id\":\"https:\/\/portaltela.pt\/noticias\/2026\/02\/03\/presidente-admite-falha-na-explicacao-do-governo-as-populacoes\/#primaryimage\"},\"thumbnailUrl\":\"https:\/\/portaltela.pt\/s.01k8rhncp4jt1\/2026\/02\/CACHE_780X1200_ANALOG_WATERMARKED_46485159_3967466_03022026103413.jpg\",\"datePublished\":\"2026-02-03T23:36:00+00:00\",\"author\":{\"@id\":\"https:\/\/portaltela.pt\/#\/schema\/person\/c4278d4a6028830caff9ee44b42d32ed\"},\"breadcrumb\":{\"@id\":\"https:\/\/portaltela.pt\/noticias\/2026\/02\/03\/presidente-admite-falha-na-explicacao-do-governo-as-populacoes\/#breadcrumb\"},\"inLanguage\":\"pt-PT\",\"potentialAction\":[{\"@type\":\"ReadAction\",\"target\":[\"https:\/\/portaltela.pt\/noticias\/2026\/02\/03\/presidente-admite-falha-na-explicacao-do-governo-as-populacoes\/\"]}]},{\"@type\":\"ImageObject\",\"inLanguage\":\"pt-PT\",\"@id\":\"https:\/\/portaltela.pt\/noticias\/2026\/02\/03\/presidente-admite-falha-na-explicacao-do-governo-as-populacoes\/#primaryimage\",\"url\":\"https:\/\/portaltela.pt\/s.01k8rhncp4jt1\/2026\/02\/CACHE_780X1200_ANALOG_WATERMARKED_46485159_3967466_03022026103413.jpg\",\"contentUrl\":\"https:\/\/portaltela.pt\/s.01k8rhncp4jt1\/2026\/02\/CACHE_780X1200_ANALOG_WATERMARKED_46485159_3967466_03022026103413.jpg\",\"width\":796,\"height\":448,\"caption\":\"Presidente da Rep\u00fablica diz que explica\u00e7\u00e3o do Governo \u00e0s popula\u00e7\u00f5es \u201cn\u00e3o correu bem\u201d\"},{\"@type\":\"BreadcrumbList\",\"@id\":\"https:\/\/portaltela.pt\/noticias\/2026\/02\/03\/presidente-admite-falha-na-explicacao-do-governo-as-populacoes\/#breadcrumb\",\"itemListElement\":[{\"@type\":\"ListItem\",\"position\":1,\"name\":\"In\u00edcio\",\"item\":\"https:\/\/portaltela.pt\/\"},{\"@type\":\"ListItem\",\"position\":2,\"name\":\"Presidente admite falha na explica\u00e7\u00e3o do Governo \u00e0s popula\u00e7\u00f5es\"}]},{\"@type\":\"WebSite\",\"@id\":\"https:\/\/portaltela.pt\/#website\",\"url\":\"https:\/\/portaltela.pt\/\",\"name\":\"Portal Tela Portugal\",\"description\":\"\",\"potentialAction\":[{\"@type\":\"SearchAction\",\"target\":{\"@type\":\"EntryPoint\",\"urlTemplate\":\"https:\/\/portaltela.pt\/?s={search_term_string}\"},\"query-input\":{\"@type\":\"PropertyValueSpecification\",\"valueRequired\":true,\"valueName\":\"search_term_string\"}}],\"inLanguage\":\"pt-PT\"},{\"@type\":\"Person\",\"@id\":\"https:\/\/portaltela.pt\/#\/schema\/person\/c4278d4a6028830caff9ee44b42d32ed\",\"name\":\"Telinha\",\"image\":{\"@type\":\"ImageObject\",\"inLanguage\":\"pt-PT\",\"@id\":\"https:\/\/portaltela.pt\/s.01k8rhncp4jt1\/2025\/11\/talking-bot-125x125.png\",\"url\":\"https:\/\/portaltela.pt\/s.01k8rhncp4jt1\/2025\/11\/talking-bot-125x125.png\",\"contentUrl\":\"https:\/\/portaltela.pt\/s.01k8rhncp4jt1\/2025\/11\/talking-bot-125x125.png\",\"caption\":\"Telinha\"},\"sameAs\":[\"https:\/\/portaltela.pt\/\"],\"url\":\"https:\/\/portaltela.pt\/por\/367410592786\/\"}]}<\/script>\n<!-- \/ Yoast SEO plugin. -->","yoast_head_json":{"title":"Presidente admite falha na explica\u00e7\u00e3o do Governo \u00e0s popula\u00e7\u00f5es - Portal Tela Portugal","robots":{"index":"index","follow":"follow","max-snippet":"max-snippet:-1","max-image-preview":"max-image-preview:large","max-video-preview":"max-video-preview:-1"},"og_locale":"pt_PT","og_type":"article","og_title":"Presidente admite falha na explica\u00e7\u00e3o do Governo \u00e0s popula\u00e7\u00f5es - Portal Tela Portugal","og_description":"O Presidente da Rep\u00fablica afirmou que a explica\u00e7\u00e3o do Governo \u00e0s popula\u00e7\u00f5es \u201cn\u00e3o correu bem\u201d. A afirma\u00e7\u00e3o \u00e9 apresentada no contexto de comunica\u00e7\u00e3o de medidas governamentais. O conte\u00fado completo da not\u00edcia est\u00e1 dispon\u00edvel apenas para subscritores.","og_url":"https:\/\/portaltela.pt\/noticias\/2026\/02\/03\/presidente-admite-falha-na-explicacao-do-governo-as-populacoes\/","og_site_name":"Portal Tela Portugal","article_published_time":"2026-02-03T23:36:00+00:00","author":"Telinha","twitter_card":"summary_large_image","twitter_misc":{"Escrito por":"Telinha","Tempo estimado de leitura":"1 minuto"},"schema":{"@context":"https:\/\/schema.org","@graph":[{"@type":"Article","@id":"https:\/\/portaltela.pt\/noticias\/2026\/02\/03\/presidente-admite-falha-na-explicacao-do-governo-as-populacoes\/#article","isPartOf":{"@id":"https:\/\/portaltela.pt\/noticias\/2026\/02\/03\/presidente-admite-falha-na-explicacao-do-governo-as-populacoes\/"},"author":{"name":"Telinha","@id":"https:\/\/portaltela.pt\/#\/schema\/person\/c4278d4a6028830caff9ee44b42d32ed"},"headline":"Presidente admite falha na explica\u00e7\u00e3o do Governo \u00e0s popula\u00e7\u00f5es","datePublished":"2026-02-03T23:36:00+00:00","mainEntityOfPage":{"@id":"https:\/\/portaltela.pt\/noticias\/2026\/02\/03\/presidente-admite-falha-na-explicacao-do-governo-as-populacoes\/"},"wordCount":148,"image":{"@id":"https:\/\/portaltela.pt\/noticias\/2026\/02\/03\/presidente-admite-falha-na-explicacao-do-governo-as-populacoes\/#primaryimage"},"thumbnailUrl":"https:\/\/portaltela.pt\/s.01k8rhncp4jt1\/2026\/02\/CACHE_780X1200_ANALOG_WATERMARKED_46485159_3967466_03022026103413.jpg","keywords":["comunica\u00e7\u00e3o","governo","informa\u00e7\u00e3o","pol\u00edtica","presidente","situa\u00e7\u00f5es sociais"],"articleSection":["Not\u00edcias","Pol\u00edtica"],"inLanguage":"pt-PT"},{"@type":"WebPage","@id":"https:\/\/portaltela.pt\/noticias\/2026\/02\/03\/presidente-admite-falha-na-explicacao-do-governo-as-populacoes\/","url":"https:\/\/portaltela.pt\/noticias\/2026\/02\/03\/presidente-admite-falha-na-explicacao-do-governo-as-populacoes\/","name":"Presidente admite falha na explica\u00e7\u00e3o do Governo \u00e0s popula\u00e7\u00f5es - Portal Tela Portugal","isPartOf":{"@id":"https:\/\/portaltela.pt\/#website"},"primaryImageOfPage":{"@id":"https:\/\/portaltela.pt\/noticias\/2026\/02\/03\/presidente-admite-falha-na-explicacao-do-governo-as-populacoes\/#primaryimage"},"image":{"@id":"https:\/\/portaltela.pt\/noticias\/2026\/02\/03\/presidente-admite-falha-na-explicacao-do-governo-as-populacoes\/#primaryimage"},"thumbnailUrl":"https:\/\/portaltela.pt\/s.01k8rhncp4jt1\/2026\/02\/CACHE_780X1200_ANALOG_WATERMARKED_46485159_3967466_03022026103413.jpg","datePublished":"2026-02-03T23:36:00+00:00","author":{"@id":"https:\/\/portaltela.pt\/#\/schema\/person\/c4278d4a6028830caff9ee44b42d32ed"},"breadcrumb":{"@id":"https:\/\/portaltela.pt\/noticias\/2026\/02\/03\/presidente-admite-falha-na-explicacao-do-governo-as-populacoes\/#breadcrumb"},"inLanguage":"pt-PT","potentialAction":[{"@type":"ReadAction","target":["https:\/\/portaltela.pt\/noticias\/2026\/02\/03\/presidente-admite-falha-na-explicacao-do-governo-as-populacoes\/"]}]},{"@type":"ImageObject","inLanguage":"pt-PT","@id":"https:\/\/portaltela.pt\/noticias\/2026\/02\/03\/presidente-admite-falha-na-explicacao-do-governo-as-populacoes\/#primaryimage","url":"https:\/\/portaltela.pt\/s.01k8rhncp4jt1\/2026\/02\/CACHE_780X1200_ANALOG_WATERMARKED_46485159_3967466_03022026103413.jpg","contentUrl":"https:\/\/portaltela.pt\/s.01k8rhncp4jt1\/2026\/02\/CACHE_780X1200_ANALOG_WATERMARKED_46485159_3967466_03022026103413.jpg","width":796,"height":448,"caption":"Presidente da Rep\u00fablica diz que explica\u00e7\u00e3o do Governo \u00e0s popula\u00e7\u00f5es \u201cn\u00e3o correu bem\u201d"},{"@type":"BreadcrumbList","@id":"https:\/\/portaltela.pt\/noticias\/2026\/02\/03\/presidente-admite-falha-na-explicacao-do-governo-as-populacoes\/#breadcrumb","itemListElement":[{"@type":"ListItem","position":1,"name":"In\u00edcio","item":"https:\/\/portaltela.pt\/"},{"@type":"ListItem","position":2,"name":"Presidente admite falha na explica\u00e7\u00e3o do Governo \u00e0s popula\u00e7\u00f5es"}]},{"@type":"WebSite","@id":"https:\/\/portaltela.pt\/#website","url":"https:\/\/portaltela.pt\/","name":"Portal Tela Portugal","description":"","potentialAction":[{"@type":"SearchAction","target":{"@type":"EntryPoint","urlTemplate":"https:\/\/portaltela.pt\/?s={search_term_string}"},"query-input":{"@type":"PropertyValueSpecification","valueRequired":true,"valueName":"search_term_string"}}],"inLanguage":"pt-PT"},{"@type":"Person","@id":"https:\/\/portaltela.pt\/#\/schema\/person\/c4278d4a6028830caff9ee44b42d32ed","name":"Telinha","image":{"@type":"ImageObject","inLanguage":"pt-PT","@id":"https:\/\/portaltela.pt\/s.01k8rhncp4jt1\/2025\/11\/talking-bot-125x125.png","url":"https:\/\/portaltela.pt\/s.01k8rhncp4jt1\/2025\/11\/talking-bot-125x125.png","contentUrl":"https:\/\/portaltela.pt\/s.01k8rhncp4jt1\/2025\/11\/talking-bot-125x125.png","caption":"Telinha"},"sameAs":["https:\/\/portaltela.pt\/"],"url":"https:\/\/portaltela.pt\/por\/367410592786\/"}]}},"_links":{"self":[{"href":"https:\/\/portaltela.pt\/api\/wp\/v2\/posts\/195563","targetHints":{"allow":["GET"]}}],"collection":[{"href":"https:\/\/portaltela.pt\/api\/wp\/v2\/posts"}],"about":[{"href":"https:\/\/portaltela.pt\/api\/wp\/v2\/types\/post"}],"author":[{"embeddable":true,"href":"https:\/\/portaltela.pt\/api\/wp\/v2\/users\/2"}],"replies":[{"embeddable":true,"href":"https:\/\/portaltela.pt\/api\/wp\/v2\/comments?post=195563"}],"version-history":[{"count":0,"href":"https:\/\/portaltela.pt\/api\/wp\/v2\/posts\/195563\/revisions"}],"wp:featuredmedia":[{"embeddable":true,"href":"https:\/\/portaltela.pt\/api\/wp\/v2\/media\/195565"}],"wp:attachment":[{"href":"https:\/\/portaltela.pt\/api\/wp\/v2\/media?parent=195563"}],"wp:term":[{"taxonomy":"category","embeddable":true,"href":"https:\/\/portaltela.pt\/api\/wp\/v2\/categories?post=195563"},{"taxonomy":"post_tag","embeddable":true,"href":"https:\/\/portaltela.pt\/api\/wp\/v2\/tags?post=195563"}],"curies":[{"name":"wp","href":"https:\/\/api.w.org\/{rel}","templated":true}]}}