{"id":195541,"date":"2026-02-03T22:30:00","date_gmt":"2026-02-04T01:30:00","guid":{"rendered":"https:\/\/portaltela.pt\/noticias\/2026\/02\/03\/pensoes-pagas-na-sexta-feira-com-alivio-fiscal\/"},"modified":"2026-02-03T22:30:00","modified_gmt":"2026-02-04T01:30:00","slug":"pensoes-pagas-na-sexta-feira-com-alivio-fiscal","status":"publish","type":"post","link":"https:\/\/portaltela.pt\/noticias\/economia\/2026\/02\/03\/pensoes-pagas-na-sexta-feira-com-alivio-fiscal\/","title":{"rendered":"Pens\u00f5es pagas na sexta-feira com al\u00edvio fiscal"},"content":{"rendered":"<p>A Seguran\u00e7a Social vai pagar as pens\u00f5es de fevereiro na sexta-feira, antecipando o dia 8, j\u00e1 que \u00e9 domingo. As pens\u00f5es receber\u00e3o o pagamento conforme o calend\u00e1rio de fevereiro.<\/p>\n<p>Os acertos incluem a devolu\u00e7\u00e3o da reten\u00e7\u00e3o de IRS cobrada em excesso em janeiro, devido \u00e0s novas tabelas de reten\u00e7\u00e3o. O objetivo \u00e9 aliviar a liquidez dos pensionistas.<\/p>\n<p>Todos os pensionistas, seja por transfer\u00eancia banc\u00e1ria ou vale postal, recebem na sexta-feira. O CSI, complemento para quem ganha menos, tamb\u00e9m \u00e9 pago nesse dia.<\/p>\n<h3>Detalhes do pagamento<\/h3>\n<p>Para quem \u00e9 da Caixa Geral de Aposenta\u00e7\u00e3o (CGA), o pagamento fica para o dia 19 de fevereiro, com a devolu\u00e7\u00e3o da reten\u00e7\u00e3o do IRS cobrada em excesso em janeiro.<\/p>\n<p>A keb, o Governo mant\u00e9m a pr\u00e1tica de adiantar pagamentos quando o dia coincide com fim de semana ou feriado, assegurando recebimento regular.<\/p>\n","protected":false},"excerpt":{"rendered":"<ul>\n<li>A Seguran\u00e7a Social vai pagar as pens\u00f5es de fevereiro na sexta-feira, antecipando o dia habitual (8 de fevereiro) porque cai a domingo.<\/li>\n<li>Os pagamentos incluem acertos na reten\u00e7\u00e3o na fonte do IRS com retroativos a janeiro, devolvendo o imposto cobrado a mais.<\/li>\n<li>Todos os pensionistas recebem na sexta-feira, seja por transfer\u00eancia banc\u00e1ria ou por vale postal, e o Complemento Solid\u00e1rio para Idosos (CSI) \u00e9 tamb\u00e9m pago.<\/li>\n<li>O valor retido vai ficando mais baixo, aumentando a liquidez das pens\u00f5es, e a isen\u00e7\u00e3o passa a ser de 920 euros.<\/li>\n<li>Os pensionistas da Caixa Geral de Aposenta\u00e7\u00e3o ficam pagos no dia 19 de fevereiro, com a devolu\u00e7\u00e3o da reten\u00e7\u00e3o na fonte do IRS cobrada em excesso em janeiro.<\/li>\n<\/ul>\n","protected":false},"author":2,"featured_media":195546,"comment_status":"closed","ping_status":"closed","sticky":false,"template":"","format":"standard","meta":{"footnotes":""},"categories":[2,1],"tags":[1896,2169,3613,4693,2205,243],"class_list":["post-195541","post","type-post","status-publish","format-standard","has-post-thumbnail","hentry","category-economia","category-noticias","tag-caixa-geral-de-aposentacoes","tag-complemento-solidario-para-idosos","tag-impostos","tag-pagamentos","tag-pensionistas","tag-seguranca-social"],"yoast_head":"<!-- This site is optimized with the Yoast SEO plugin v27.2 - https:\/\/yoast.com\/product\/yoast-seo-wordpress\/ -->\n<title>Pens\u00f5es pagas na sexta-feira com al\u00edvio fiscal - Portal Tela Portugal<\/title>\n<meta name=\"robots\" content=\"index, follow, max-snippet:-1, max-image-preview:large, max-video-preview:-1\" \/>\n<meta property=\"og:locale\" content=\"pt_PT\" \/>\n<meta property=\"og:type\" content=\"article\" \/>\n<meta property=\"og:title\" content=\"Pens\u00f5es pagas na sexta-feira com al\u00edvio fiscal - Portal Tela Portugal\" \/>\n<meta property=\"og:description\" content=\"A Seguran\u00e7a Social vai pagar as pens\u00f5es de fevereiro na sexta-feira, antecipando o dia habitual (8 de fevereiro) porque cai a domingo. Os pagamentos incluem acertos na reten\u00e7\u00e3o na fonte do IRS com retroativos a janeiro, devolvendo o imposto cobrado a mais. Todos os pensionistas recebem na sexta-feira, seja por transfer\u00eancia banc\u00e1ria ou por vale postal, e o Complemento Solid\u00e1rio para Idosos (CSI) \u00e9 tamb\u00e9m pago. O valor retido vai ficando mais baixo, aumentando a liquidez das pens\u00f5es, e a isen\u00e7\u00e3o passa a ser de 920 euros. Os pensionistas da Caixa Geral de Aposenta\u00e7\u00e3o ficam pagos no dia 19 de fevereiro, com a devolu\u00e7\u00e3o da reten\u00e7\u00e3o na fonte do IRS cobrada em excesso em janeiro.\" \/>\n<meta property=\"og:url\" content=\"https:\/\/portaltela.pt\/noticias\/2026\/02\/03\/pensoes-pagas-na-sexta-feira-com-alivio-fiscal\/\" \/>\n<meta property=\"og:site_name\" content=\"Portal Tela Portugal\" \/>\n<meta property=\"article:published_time\" content=\"2026-02-04T01:30:00+00:00\" \/>\n<meta name=\"author\" content=\"Telinha\" \/>\n<meta name=\"twitter:card\" content=\"summary_large_image\" \/>\n<meta name=\"twitter:label1\" content=\"Escrito por\" \/>\n\t<meta name=\"twitter:data1\" content=\"Telinha\" \/>\n\t<meta name=\"twitter:label2\" content=\"Tempo estimado de leitura\" \/>\n\t<meta name=\"twitter:data2\" content=\"1 minuto\" \/>\n<script type=\"application\/ld+json\" class=\"yoast-schema-graph\">{\"@context\":\"https:\/\/schema.org\",\"@graph\":[{\"@type\":\"Article\",\"@id\":\"https:\/\/portaltela.pt\/noticias\/2026\/02\/03\/pensoes-pagas-na-sexta-feira-com-alivio-fiscal\/#article\",\"isPartOf\":{\"@id\":\"https:\/\/portaltela.pt\/noticias\/2026\/02\/03\/pensoes-pagas-na-sexta-feira-com-alivio-fiscal\/\"},\"author\":{\"name\":\"Telinha\",\"@id\":\"https:\/\/portaltela.pt\/#\/schema\/person\/c4278d4a6028830caff9ee44b42d32ed\"},\"headline\":\"Pens\u00f5es pagas na sexta-feira com al\u00edvio fiscal\",\"datePublished\":\"2026-02-04T01:30:00+00:00\",\"mainEntityOfPage\":{\"@id\":\"https:\/\/portaltela.pt\/noticias\/2026\/02\/03\/pensoes-pagas-na-sexta-feira-com-alivio-fiscal\/\"},\"wordCount\":157,\"image\":{\"@id\":\"https:\/\/portaltela.pt\/noticias\/2026\/02\/03\/pensoes-pagas-na-sexta-feira-com-alivio-fiscal\/#primaryimage\"},\"thumbnailUrl\":\"https:\/\/portaltela.pt\/s.01k8rhncp4jt1\/2026\/02\/img_1500x1000uu2023-04-18-21-36-52-1327833.jpg\",\"keywords\":[\"Caixa Geral de Aposenta\u00e7\u00f5es\",\"Complemento Solid\u00e1rio para Idosos\",\"impostos\",\"pagamentos\",\"pensionistas\",\"seguran\u00e7a social\"],\"articleSection\":[\"Economia\",\"Not\u00edcias\"],\"inLanguage\":\"pt-PT\"},{\"@type\":\"WebPage\",\"@id\":\"https:\/\/portaltela.pt\/noticias\/2026\/02\/03\/pensoes-pagas-na-sexta-feira-com-alivio-fiscal\/\",\"url\":\"https:\/\/portaltela.pt\/noticias\/2026\/02\/03\/pensoes-pagas-na-sexta-feira-com-alivio-fiscal\/\",\"name\":\"Pens\u00f5es pagas na sexta-feira com al\u00edvio fiscal - Portal Tela Portugal\",\"isPartOf\":{\"@id\":\"https:\/\/portaltela.pt\/#website\"},\"primaryImageOfPage\":{\"@id\":\"https:\/\/portaltela.pt\/noticias\/2026\/02\/03\/pensoes-pagas-na-sexta-feira-com-alivio-fiscal\/#primaryimage\"},\"image\":{\"@id\":\"https:\/\/portaltela.pt\/noticias\/2026\/02\/03\/pensoes-pagas-na-sexta-feira-com-alivio-fiscal\/#primaryimage\"},\"thumbnailUrl\":\"https:\/\/portaltela.pt\/s.01k8rhncp4jt1\/2026\/02\/img_1500x1000uu2023-04-18-21-36-52-1327833.jpg\",\"datePublished\":\"2026-02-04T01:30:00+00:00\",\"author\":{\"@id\":\"https:\/\/portaltela.pt\/#\/schema\/person\/c4278d4a6028830caff9ee44b42d32ed\"},\"breadcrumb\":{\"@id\":\"https:\/\/portaltela.pt\/noticias\/2026\/02\/03\/pensoes-pagas-na-sexta-feira-com-alivio-fiscal\/#breadcrumb\"},\"inLanguage\":\"pt-PT\",\"potentialAction\":[{\"@type\":\"ReadAction\",\"target\":[\"https:\/\/portaltela.pt\/noticias\/2026\/02\/03\/pensoes-pagas-na-sexta-feira-com-alivio-fiscal\/\"]}]},{\"@type\":\"ImageObject\",\"inLanguage\":\"pt-PT\",\"@id\":\"https:\/\/portaltela.pt\/noticias\/2026\/02\/03\/pensoes-pagas-na-sexta-feira-com-alivio-fiscal\/#primaryimage\",\"url\":\"https:\/\/portaltela.pt\/s.01k8rhncp4jt1\/2026\/02\/img_1500x1000uu2023-04-18-21-36-52-1327833.jpg\",\"contentUrl\":\"https:\/\/portaltela.pt\/s.01k8rhncp4jt1\/2026\/02\/img_1500x1000uu2023-04-18-21-36-52-1327833.jpg\",\"width\":796,\"height\":448,\"caption\":\"Reformados\"},{\"@type\":\"BreadcrumbList\",\"@id\":\"https:\/\/portaltela.pt\/noticias\/2026\/02\/03\/pensoes-pagas-na-sexta-feira-com-alivio-fiscal\/#breadcrumb\",\"itemListElement\":[{\"@type\":\"ListItem\",\"position\":1,\"name\":\"In\u00edcio\",\"item\":\"https:\/\/portaltela.pt\/\"},{\"@type\":\"ListItem\",\"position\":2,\"name\":\"Pens\u00f5es pagas na sexta-feira com al\u00edvio fiscal\"}]},{\"@type\":\"WebSite\",\"@id\":\"https:\/\/portaltela.pt\/#website\",\"url\":\"https:\/\/portaltela.pt\/\",\"name\":\"Portal Tela Portugal\",\"description\":\"\",\"potentialAction\":[{\"@type\":\"SearchAction\",\"target\":{\"@type\":\"EntryPoint\",\"urlTemplate\":\"https:\/\/portaltela.pt\/?s={search_term_string}\"},\"query-input\":{\"@type\":\"PropertyValueSpecification\",\"valueRequired\":true,\"valueName\":\"search_term_string\"}}],\"inLanguage\":\"pt-PT\"},{\"@type\":\"Person\",\"@id\":\"https:\/\/portaltela.pt\/#\/schema\/person\/c4278d4a6028830caff9ee44b42d32ed\",\"name\":\"Telinha\",\"image\":{\"@type\":\"ImageObject\",\"inLanguage\":\"pt-PT\",\"@id\":\"https:\/\/portaltela.pt\/s.01k8rhncp4jt1\/2025\/11\/talking-bot-125x125.png\",\"url\":\"https:\/\/portaltela.pt\/s.01k8rhncp4jt1\/2025\/11\/talking-bot-125x125.png\",\"contentUrl\":\"https:\/\/portaltela.pt\/s.01k8rhncp4jt1\/2025\/11\/talking-bot-125x125.png\",\"caption\":\"Telinha\"},\"sameAs\":[\"https:\/\/portaltela.pt\/\"],\"url\":\"https:\/\/portaltela.pt\/por\/367410592786\/\"}]}<\/script>\n<!-- \/ Yoast SEO plugin. -->","yoast_head_json":{"title":"Pens\u00f5es pagas na sexta-feira com al\u00edvio fiscal - Portal Tela Portugal","robots":{"index":"index","follow":"follow","max-snippet":"max-snippet:-1","max-image-preview":"max-image-preview:large","max-video-preview":"max-video-preview:-1"},"og_locale":"pt_PT","og_type":"article","og_title":"Pens\u00f5es pagas na sexta-feira com al\u00edvio fiscal - Portal Tela Portugal","og_description":"A Seguran\u00e7a Social vai pagar as pens\u00f5es de fevereiro na sexta-feira, antecipando o dia habitual (8 de fevereiro) porque cai a domingo. Os pagamentos incluem acertos na reten\u00e7\u00e3o na fonte do IRS com retroativos a janeiro, devolvendo o imposto cobrado a mais. Todos os pensionistas recebem na sexta-feira, seja por transfer\u00eancia banc\u00e1ria ou por vale postal, e o Complemento Solid\u00e1rio para Idosos (CSI) \u00e9 tamb\u00e9m pago. O valor retido vai ficando mais baixo, aumentando a liquidez das pens\u00f5es, e a isen\u00e7\u00e3o passa a ser de 920 euros. Os pensionistas da Caixa Geral de Aposenta\u00e7\u00e3o ficam pagos no dia 19 de fevereiro, com a devolu\u00e7\u00e3o da reten\u00e7\u00e3o na fonte do IRS cobrada em excesso em janeiro.","og_url":"https:\/\/portaltela.pt\/noticias\/2026\/02\/03\/pensoes-pagas-na-sexta-feira-com-alivio-fiscal\/","og_site_name":"Portal Tela Portugal","article_published_time":"2026-02-04T01:30:00+00:00","author":"Telinha","twitter_card":"summary_large_image","twitter_misc":{"Escrito por":"Telinha","Tempo estimado de leitura":"1 minuto"},"schema":{"@context":"https:\/\/schema.org","@graph":[{"@type":"Article","@id":"https:\/\/portaltela.pt\/noticias\/2026\/02\/03\/pensoes-pagas-na-sexta-feira-com-alivio-fiscal\/#article","isPartOf":{"@id":"https:\/\/portaltela.pt\/noticias\/2026\/02\/03\/pensoes-pagas-na-sexta-feira-com-alivio-fiscal\/"},"author":{"name":"Telinha","@id":"https:\/\/portaltela.pt\/#\/schema\/person\/c4278d4a6028830caff9ee44b42d32ed"},"headline":"Pens\u00f5es pagas na sexta-feira com al\u00edvio fiscal","datePublished":"2026-02-04T01:30:00+00:00","mainEntityOfPage":{"@id":"https:\/\/portaltela.pt\/noticias\/2026\/02\/03\/pensoes-pagas-na-sexta-feira-com-alivio-fiscal\/"},"wordCount":157,"image":{"@id":"https:\/\/portaltela.pt\/noticias\/2026\/02\/03\/pensoes-pagas-na-sexta-feira-com-alivio-fiscal\/#primaryimage"},"thumbnailUrl":"https:\/\/portaltela.pt\/s.01k8rhncp4jt1\/2026\/02\/img_1500x1000uu2023-04-18-21-36-52-1327833.jpg","keywords":["Caixa Geral de Aposenta\u00e7\u00f5es","Complemento Solid\u00e1rio para Idosos","impostos","pagamentos","pensionistas","seguran\u00e7a social"],"articleSection":["Economia","Not\u00edcias"],"inLanguage":"pt-PT"},{"@type":"WebPage","@id":"https:\/\/portaltela.pt\/noticias\/2026\/02\/03\/pensoes-pagas-na-sexta-feira-com-alivio-fiscal\/","url":"https:\/\/portaltela.pt\/noticias\/2026\/02\/03\/pensoes-pagas-na-sexta-feira-com-alivio-fiscal\/","name":"Pens\u00f5es pagas na sexta-feira com al\u00edvio fiscal - Portal Tela Portugal","isPartOf":{"@id":"https:\/\/portaltela.pt\/#website"},"primaryImageOfPage":{"@id":"https:\/\/portaltela.pt\/noticias\/2026\/02\/03\/pensoes-pagas-na-sexta-feira-com-alivio-fiscal\/#primaryimage"},"image":{"@id":"https:\/\/portaltela.pt\/noticias\/2026\/02\/03\/pensoes-pagas-na-sexta-feira-com-alivio-fiscal\/#primaryimage"},"thumbnailUrl":"https:\/\/portaltela.pt\/s.01k8rhncp4jt1\/2026\/02\/img_1500x1000uu2023-04-18-21-36-52-1327833.jpg","datePublished":"2026-02-04T01:30:00+00:00","author":{"@id":"https:\/\/portaltela.pt\/#\/schema\/person\/c4278d4a6028830caff9ee44b42d32ed"},"breadcrumb":{"@id":"https:\/\/portaltela.pt\/noticias\/2026\/02\/03\/pensoes-pagas-na-sexta-feira-com-alivio-fiscal\/#breadcrumb"},"inLanguage":"pt-PT","potentialAction":[{"@type":"ReadAction","target":["https:\/\/portaltela.pt\/noticias\/2026\/02\/03\/pensoes-pagas-na-sexta-feira-com-alivio-fiscal\/"]}]},{"@type":"ImageObject","inLanguage":"pt-PT","@id":"https:\/\/portaltela.pt\/noticias\/2026\/02\/03\/pensoes-pagas-na-sexta-feira-com-alivio-fiscal\/#primaryimage","url":"https:\/\/portaltela.pt\/s.01k8rhncp4jt1\/2026\/02\/img_1500x1000uu2023-04-18-21-36-52-1327833.jpg","contentUrl":"https:\/\/portaltela.pt\/s.01k8rhncp4jt1\/2026\/02\/img_1500x1000uu2023-04-18-21-36-52-1327833.jpg","width":796,"height":448,"caption":"Reformados"},{"@type":"BreadcrumbList","@id":"https:\/\/portaltela.pt\/noticias\/2026\/02\/03\/pensoes-pagas-na-sexta-feira-com-alivio-fiscal\/#breadcrumb","itemListElement":[{"@type":"ListItem","position":1,"name":"In\u00edcio","item":"https:\/\/portaltela.pt\/"},{"@type":"ListItem","position":2,"name":"Pens\u00f5es pagas na sexta-feira com al\u00edvio fiscal"}]},{"@type":"WebSite","@id":"https:\/\/portaltela.pt\/#website","url":"https:\/\/portaltela.pt\/","name":"Portal Tela Portugal","description":"","potentialAction":[{"@type":"SearchAction","target":{"@type":"EntryPoint","urlTemplate":"https:\/\/portaltela.pt\/?s={search_term_string}"},"query-input":{"@type":"PropertyValueSpecification","valueRequired":true,"valueName":"search_term_string"}}],"inLanguage":"pt-PT"},{"@type":"Person","@id":"https:\/\/portaltela.pt\/#\/schema\/person\/c4278d4a6028830caff9ee44b42d32ed","name":"Telinha","image":{"@type":"ImageObject","inLanguage":"pt-PT","@id":"https:\/\/portaltela.pt\/s.01k8rhncp4jt1\/2025\/11\/talking-bot-125x125.png","url":"https:\/\/portaltela.pt\/s.01k8rhncp4jt1\/2025\/11\/talking-bot-125x125.png","contentUrl":"https:\/\/portaltela.pt\/s.01k8rhncp4jt1\/2025\/11\/talking-bot-125x125.png","caption":"Telinha"},"sameAs":["https:\/\/portaltela.pt\/"],"url":"https:\/\/portaltela.pt\/por\/367410592786\/"}]}},"_links":{"self":[{"href":"https:\/\/portaltela.pt\/api\/wp\/v2\/posts\/195541","targetHints":{"allow":["GET"]}}],"collection":[{"href":"https:\/\/portaltela.pt\/api\/wp\/v2\/posts"}],"about":[{"href":"https:\/\/portaltela.pt\/api\/wp\/v2\/types\/post"}],"author":[{"embeddable":true,"href":"https:\/\/portaltela.pt\/api\/wp\/v2\/users\/2"}],"replies":[{"embeddable":true,"href":"https:\/\/portaltela.pt\/api\/wp\/v2\/comments?post=195541"}],"version-history":[{"count":0,"href":"https:\/\/portaltela.pt\/api\/wp\/v2\/posts\/195541\/revisions"}],"wp:featuredmedia":[{"embeddable":true,"href":"https:\/\/portaltela.pt\/api\/wp\/v2\/media\/195546"}],"wp:attachment":[{"href":"https:\/\/portaltela.pt\/api\/wp\/v2\/media?parent=195541"}],"wp:term":[{"taxonomy":"category","embeddable":true,"href":"https:\/\/portaltela.pt\/api\/wp\/v2\/categories?post=195541"},{"taxonomy":"post_tag","embeddable":true,"href":"https:\/\/portaltela.pt\/api\/wp\/v2\/tags?post=195541"}],"curies":[{"name":"wp","href":"https:\/\/api.w.org\/{rel}","templated":true}]}}