{"id":195529,"date":"2026-02-03T22:30:00","date_gmt":"2026-02-04T01:30:00","guid":{"rendered":"https:\/\/portaltela.pt\/noticias\/2026\/02\/03\/opcoes-de-farioli-geram-discordia-no-dragao\/"},"modified":"2026-02-03T22:30:00","modified_gmt":"2026-02-04T01:30:00","slug":"opcoes-de-farioli-geram-discordia-no-dragao","status":"publish","type":"post","link":"https:\/\/portaltela.pt\/desporto\/futebol\/2026\/02\/03\/opcoes-de-farioli-geram-discordia-no-dragao\/","title":{"rendered":"Op\u00e7\u00f5es de Farioli geram disc\u00f3rdia no Drag\u00e3o"},"content":{"rendered":"<p>O FC Porto sofreu a derrota frente ao Casa Pia em Rio Maior, na jornada que marcou o fim de uma sequ\u00eancia de onze vit\u00f3rias. A derrota ocorreu num momento de import\u00e2ncia para a equipa, antes do pr\u00f3ximo cl\u00e1ssico.<\/p>\n<p>Entre as aus\u00eancias mais notadas estiveram Kiwior e Rodrigo Mora, que n\u00e3o jogaram nem um minuto na visita aos &#8216;gansos&#8217;. A falta de oportunidade gerou cr\u00edticas entre adeptos e parte da estrutura dirigente.<\/p>\n<p>Segundo o Correio da Manh\u00e3, a disc\u00f3rdia ganhou for\u00e7a nas redes e em f\u00f3runs de apoio, com foco nas op\u00e7\u00f5es tomadas por Francesco Farioli antes e durante o encontro. O jornal aponta descontentamento dentro da fam\u00edlia azul e branca.<\/p>\n<h3>Repercuss\u00f5es e leitura do jogo<\/h3>\n<p>H\u00e1 quem sublinhe que a derrota quebra um ciclo vitorioso e coloca em evid\u00eancia gestos estrat\u00e9gicos para a fase de dois jogos decisivos que se avizinham. A an\u00e1lise de fontes associadas ao clube indica que as decis\u00f5es de Farioli passam a ser tema de debate interno.<\/p>\n","protected":false},"excerpt":{"rendered":"<ul>\n<li>O FC Porto perdeu em Rio Maior frente ao Casa Pia, a primeira derrota da \u00e9poca no campeonato.<\/li>\n<li>A derrota ocorreu num momento chave, antes do cl\u00e1ssico.<\/li>\n<li>Ausentes ficaram Kiwior e Rodrigo Mora, que n\u00e3o jogaram sequer um minuto.<\/li>\n<li>As cr\u00edticas originaram-se sobretudo entre estruturas dirigentes e adeptos, que contestam as op\u00e7\u00f5es tomadas por Francesco Farioli.<\/li>\n<li>A informa\u00e7\u00e3o \u00e9 do Correio da Manh\u00e3 (CM), com relatos de insatisfa\u00e7\u00e3o divulgados em f\u00f3runs.<\/li>\n<\/ul>\n","protected":false},"author":2,"featured_media":195530,"comment_status":"closed","ping_status":"closed","sticky":false,"template":"","format":"standard","meta":{"footnotes":""},"categories":[21,24],"tags":[206,5176,5339,2028,32,982],"class_list":["post-195529","post","type-post","status-publish","format-standard","has-post-thumbnail","hentry","category-desporto","category-futebol","tag-analise","tag-casa-pia","tag-derrotas","tag-fc-porto","tag-futebol","tag-porto"],"yoast_head":"<!-- This site is optimized with the Yoast SEO plugin v27.2 - https:\/\/yoast.com\/product\/yoast-seo-wordpress\/ -->\n<title>Op\u00e7\u00f5es de Farioli geram disc\u00f3rdia no Drag\u00e3o - Portal Tela Portugal<\/title>\n<meta name=\"robots\" content=\"index, follow, max-snippet:-1, max-image-preview:large, max-video-preview:-1\" \/>\n<meta property=\"og:locale\" content=\"pt_PT\" \/>\n<meta property=\"og:type\" content=\"article\" \/>\n<meta property=\"og:title\" content=\"Op\u00e7\u00f5es de Farioli geram disc\u00f3rdia no Drag\u00e3o - Portal Tela Portugal\" \/>\n<meta property=\"og:description\" content=\"O FC Porto perdeu em Rio Maior frente ao Casa Pia, a primeira derrota da \u00e9poca no campeonato. A derrota ocorreu num momento chave, antes do cl\u00e1ssico. Ausentes ficaram Kiwior e Rodrigo Mora, que n\u00e3o jogaram sequer um minuto. As cr\u00edticas originaram-se sobretudo entre estruturas dirigentes e adeptos, que contestam as op\u00e7\u00f5es tomadas por Francesco Farioli. A informa\u00e7\u00e3o \u00e9 do Correio da Manh\u00e3 (CM), com relatos de insatisfa\u00e7\u00e3o divulgados em f\u00f3runs.\" \/>\n<meta property=\"og:url\" content=\"https:\/\/portaltela.pt\/noticias\/2026\/02\/03\/opcoes-de-farioli-geram-discordia-no-dragao\/\" \/>\n<meta property=\"og:site_name\" content=\"Portal Tela Portugal\" \/>\n<meta property=\"article:published_time\" content=\"2026-02-04T01:30:00+00:00\" \/>\n<meta name=\"author\" content=\"Telinha\" \/>\n<meta name=\"twitter:card\" content=\"summary_large_image\" \/>\n<meta name=\"twitter:label1\" content=\"Escrito por\" \/>\n\t<meta name=\"twitter:data1\" content=\"Telinha\" \/>\n\t<meta name=\"twitter:label2\" content=\"Tempo estimado de leitura\" \/>\n\t<meta name=\"twitter:data2\" content=\"1 minuto\" \/>\n<script type=\"application\/ld+json\" class=\"yoast-schema-graph\">{\"@context\":\"https:\/\/schema.org\",\"@graph\":[{\"@type\":\"Article\",\"@id\":\"https:\/\/portaltela.pt\/noticias\/2026\/02\/03\/opcoes-de-farioli-geram-discordia-no-dragao\/#article\",\"isPartOf\":{\"@id\":\"https:\/\/portaltela.pt\/noticias\/2026\/02\/03\/opcoes-de-farioli-geram-discordia-no-dragao\/\"},\"author\":{\"name\":\"Telinha\",\"@id\":\"https:\/\/portaltela.pt\/#\/schema\/person\/c4278d4a6028830caff9ee44b42d32ed\"},\"headline\":\"Op\u00e7\u00f5es de Farioli geram disc\u00f3rdia no Drag\u00e3o\",\"datePublished\":\"2026-02-04T01:30:00+00:00\",\"mainEntityOfPage\":{\"@id\":\"https:\/\/portaltela.pt\/noticias\/2026\/02\/03\/opcoes-de-farioli-geram-discordia-no-dragao\/\"},\"wordCount\":190,\"image\":{\"@id\":\"https:\/\/portaltela.pt\/noticias\/2026\/02\/03\/opcoes-de-farioli-geram-discordia-no-dragao\/#primaryimage\"},\"thumbnailUrl\":\"https:\/\/portaltela.pt\/s.01k8rhncp4jt1\/2026\/02\/img_1280x721uu2026-02-03-22-25-35-2264587.jpg\",\"keywords\":[\"an\u00e1lise\",\"Casa Pia\",\"derrotas\",\"FC Porto\",\"futebol\",\"Porto\"],\"articleSection\":[\"Desporto\",\"Futebol\"],\"inLanguage\":\"pt-PT\"},{\"@type\":\"WebPage\",\"@id\":\"https:\/\/portaltela.pt\/noticias\/2026\/02\/03\/opcoes-de-farioli-geram-discordia-no-dragao\/\",\"url\":\"https:\/\/portaltela.pt\/noticias\/2026\/02\/03\/opcoes-de-farioli-geram-discordia-no-dragao\/\",\"name\":\"Op\u00e7\u00f5es de Farioli geram disc\u00f3rdia no Drag\u00e3o - Portal Tela Portugal\",\"isPartOf\":{\"@id\":\"https:\/\/portaltela.pt\/#website\"},\"primaryImageOfPage\":{\"@id\":\"https:\/\/portaltela.pt\/noticias\/2026\/02\/03\/opcoes-de-farioli-geram-discordia-no-dragao\/#primaryimage\"},\"image\":{\"@id\":\"https:\/\/portaltela.pt\/noticias\/2026\/02\/03\/opcoes-de-farioli-geram-discordia-no-dragao\/#primaryimage\"},\"thumbnailUrl\":\"https:\/\/portaltela.pt\/s.01k8rhncp4jt1\/2026\/02\/img_1280x721uu2026-02-03-22-25-35-2264587.jpg\",\"datePublished\":\"2026-02-04T01:30:00+00:00\",\"author\":{\"@id\":\"https:\/\/portaltela.pt\/#\/schema\/person\/c4278d4a6028830caff9ee44b42d32ed\"},\"breadcrumb\":{\"@id\":\"https:\/\/portaltela.pt\/noticias\/2026\/02\/03\/opcoes-de-farioli-geram-discordia-no-dragao\/#breadcrumb\"},\"inLanguage\":\"pt-PT\",\"potentialAction\":[{\"@type\":\"ReadAction\",\"target\":[\"https:\/\/portaltela.pt\/noticias\/2026\/02\/03\/opcoes-de-farioli-geram-discordia-no-dragao\/\"]}]},{\"@type\":\"ImageObject\",\"inLanguage\":\"pt-PT\",\"@id\":\"https:\/\/portaltela.pt\/noticias\/2026\/02\/03\/opcoes-de-farioli-geram-discordia-no-dragao\/#primaryimage\",\"url\":\"https:\/\/portaltela.pt\/s.01k8rhncp4jt1\/2026\/02\/img_1280x721uu2026-02-03-22-25-35-2264587.jpg\",\"contentUrl\":\"https:\/\/portaltela.pt\/s.01k8rhncp4jt1\/2026\/02\/img_1280x721uu2026-02-03-22-25-35-2264587.jpg\",\"width\":796,\"height\":448,\"caption\":\"Photo\"},{\"@type\":\"BreadcrumbList\",\"@id\":\"https:\/\/portaltela.pt\/noticias\/2026\/02\/03\/opcoes-de-farioli-geram-discordia-no-dragao\/#breadcrumb\",\"itemListElement\":[{\"@type\":\"ListItem\",\"position\":1,\"name\":\"In\u00edcio\",\"item\":\"https:\/\/portaltela.pt\/\"},{\"@type\":\"ListItem\",\"position\":2,\"name\":\"Op\u00e7\u00f5es de Farioli geram disc\u00f3rdia no Drag\u00e3o\"}]},{\"@type\":\"WebSite\",\"@id\":\"https:\/\/portaltela.pt\/#website\",\"url\":\"https:\/\/portaltela.pt\/\",\"name\":\"Portal Tela Portugal\",\"description\":\"\",\"potentialAction\":[{\"@type\":\"SearchAction\",\"target\":{\"@type\":\"EntryPoint\",\"urlTemplate\":\"https:\/\/portaltela.pt\/?s={search_term_string}\"},\"query-input\":{\"@type\":\"PropertyValueSpecification\",\"valueRequired\":true,\"valueName\":\"search_term_string\"}}],\"inLanguage\":\"pt-PT\"},{\"@type\":\"Person\",\"@id\":\"https:\/\/portaltela.pt\/#\/schema\/person\/c4278d4a6028830caff9ee44b42d32ed\",\"name\":\"Telinha\",\"image\":{\"@type\":\"ImageObject\",\"inLanguage\":\"pt-PT\",\"@id\":\"https:\/\/portaltela.pt\/s.01k8rhncp4jt1\/2025\/11\/talking-bot-125x125.png\",\"url\":\"https:\/\/portaltela.pt\/s.01k8rhncp4jt1\/2025\/11\/talking-bot-125x125.png\",\"contentUrl\":\"https:\/\/portaltela.pt\/s.01k8rhncp4jt1\/2025\/11\/talking-bot-125x125.png\",\"caption\":\"Telinha\"},\"sameAs\":[\"https:\/\/portaltela.pt\/\"],\"url\":\"https:\/\/portaltela.pt\/por\/367410592786\/\"}]}<\/script>\n<!-- \/ Yoast SEO plugin. -->","yoast_head_json":{"title":"Op\u00e7\u00f5es de Farioli geram disc\u00f3rdia no Drag\u00e3o - Portal Tela Portugal","robots":{"index":"index","follow":"follow","max-snippet":"max-snippet:-1","max-image-preview":"max-image-preview:large","max-video-preview":"max-video-preview:-1"},"og_locale":"pt_PT","og_type":"article","og_title":"Op\u00e7\u00f5es de Farioli geram disc\u00f3rdia no Drag\u00e3o - Portal Tela Portugal","og_description":"O FC Porto perdeu em Rio Maior frente ao Casa Pia, a primeira derrota da \u00e9poca no campeonato. A derrota ocorreu num momento chave, antes do cl\u00e1ssico. Ausentes ficaram Kiwior e Rodrigo Mora, que n\u00e3o jogaram sequer um minuto. As cr\u00edticas originaram-se sobretudo entre estruturas dirigentes e adeptos, que contestam as op\u00e7\u00f5es tomadas por Francesco Farioli. A informa\u00e7\u00e3o \u00e9 do Correio da Manh\u00e3 (CM), com relatos de insatisfa\u00e7\u00e3o divulgados em f\u00f3runs.","og_url":"https:\/\/portaltela.pt\/noticias\/2026\/02\/03\/opcoes-de-farioli-geram-discordia-no-dragao\/","og_site_name":"Portal Tela Portugal","article_published_time":"2026-02-04T01:30:00+00:00","author":"Telinha","twitter_card":"summary_large_image","twitter_misc":{"Escrito por":"Telinha","Tempo estimado de leitura":"1 minuto"},"schema":{"@context":"https:\/\/schema.org","@graph":[{"@type":"Article","@id":"https:\/\/portaltela.pt\/noticias\/2026\/02\/03\/opcoes-de-farioli-geram-discordia-no-dragao\/#article","isPartOf":{"@id":"https:\/\/portaltela.pt\/noticias\/2026\/02\/03\/opcoes-de-farioli-geram-discordia-no-dragao\/"},"author":{"name":"Telinha","@id":"https:\/\/portaltela.pt\/#\/schema\/person\/c4278d4a6028830caff9ee44b42d32ed"},"headline":"Op\u00e7\u00f5es de Farioli geram disc\u00f3rdia no Drag\u00e3o","datePublished":"2026-02-04T01:30:00+00:00","mainEntityOfPage":{"@id":"https:\/\/portaltela.pt\/noticias\/2026\/02\/03\/opcoes-de-farioli-geram-discordia-no-dragao\/"},"wordCount":190,"image":{"@id":"https:\/\/portaltela.pt\/noticias\/2026\/02\/03\/opcoes-de-farioli-geram-discordia-no-dragao\/#primaryimage"},"thumbnailUrl":"https:\/\/portaltela.pt\/s.01k8rhncp4jt1\/2026\/02\/img_1280x721uu2026-02-03-22-25-35-2264587.jpg","keywords":["an\u00e1lise","Casa Pia","derrotas","FC Porto","futebol","Porto"],"articleSection":["Desporto","Futebol"],"inLanguage":"pt-PT"},{"@type":"WebPage","@id":"https:\/\/portaltela.pt\/noticias\/2026\/02\/03\/opcoes-de-farioli-geram-discordia-no-dragao\/","url":"https:\/\/portaltela.pt\/noticias\/2026\/02\/03\/opcoes-de-farioli-geram-discordia-no-dragao\/","name":"Op\u00e7\u00f5es de Farioli geram disc\u00f3rdia no Drag\u00e3o - Portal Tela Portugal","isPartOf":{"@id":"https:\/\/portaltela.pt\/#website"},"primaryImageOfPage":{"@id":"https:\/\/portaltela.pt\/noticias\/2026\/02\/03\/opcoes-de-farioli-geram-discordia-no-dragao\/#primaryimage"},"image":{"@id":"https:\/\/portaltela.pt\/noticias\/2026\/02\/03\/opcoes-de-farioli-geram-discordia-no-dragao\/#primaryimage"},"thumbnailUrl":"https:\/\/portaltela.pt\/s.01k8rhncp4jt1\/2026\/02\/img_1280x721uu2026-02-03-22-25-35-2264587.jpg","datePublished":"2026-02-04T01:30:00+00:00","author":{"@id":"https:\/\/portaltela.pt\/#\/schema\/person\/c4278d4a6028830caff9ee44b42d32ed"},"breadcrumb":{"@id":"https:\/\/portaltela.pt\/noticias\/2026\/02\/03\/opcoes-de-farioli-geram-discordia-no-dragao\/#breadcrumb"},"inLanguage":"pt-PT","potentialAction":[{"@type":"ReadAction","target":["https:\/\/portaltela.pt\/noticias\/2026\/02\/03\/opcoes-de-farioli-geram-discordia-no-dragao\/"]}]},{"@type":"ImageObject","inLanguage":"pt-PT","@id":"https:\/\/portaltela.pt\/noticias\/2026\/02\/03\/opcoes-de-farioli-geram-discordia-no-dragao\/#primaryimage","url":"https:\/\/portaltela.pt\/s.01k8rhncp4jt1\/2026\/02\/img_1280x721uu2026-02-03-22-25-35-2264587.jpg","contentUrl":"https:\/\/portaltela.pt\/s.01k8rhncp4jt1\/2026\/02\/img_1280x721uu2026-02-03-22-25-35-2264587.jpg","width":796,"height":448,"caption":"Photo"},{"@type":"BreadcrumbList","@id":"https:\/\/portaltela.pt\/noticias\/2026\/02\/03\/opcoes-de-farioli-geram-discordia-no-dragao\/#breadcrumb","itemListElement":[{"@type":"ListItem","position":1,"name":"In\u00edcio","item":"https:\/\/portaltela.pt\/"},{"@type":"ListItem","position":2,"name":"Op\u00e7\u00f5es de Farioli geram disc\u00f3rdia no Drag\u00e3o"}]},{"@type":"WebSite","@id":"https:\/\/portaltela.pt\/#website","url":"https:\/\/portaltela.pt\/","name":"Portal Tela Portugal","description":"","potentialAction":[{"@type":"SearchAction","target":{"@type":"EntryPoint","urlTemplate":"https:\/\/portaltela.pt\/?s={search_term_string}"},"query-input":{"@type":"PropertyValueSpecification","valueRequired":true,"valueName":"search_term_string"}}],"inLanguage":"pt-PT"},{"@type":"Person","@id":"https:\/\/portaltela.pt\/#\/schema\/person\/c4278d4a6028830caff9ee44b42d32ed","name":"Telinha","image":{"@type":"ImageObject","inLanguage":"pt-PT","@id":"https:\/\/portaltela.pt\/s.01k8rhncp4jt1\/2025\/11\/talking-bot-125x125.png","url":"https:\/\/portaltela.pt\/s.01k8rhncp4jt1\/2025\/11\/talking-bot-125x125.png","contentUrl":"https:\/\/portaltela.pt\/s.01k8rhncp4jt1\/2025\/11\/talking-bot-125x125.png","caption":"Telinha"},"sameAs":["https:\/\/portaltela.pt\/"],"url":"https:\/\/portaltela.pt\/por\/367410592786\/"}]}},"_links":{"self":[{"href":"https:\/\/portaltela.pt\/api\/wp\/v2\/posts\/195529","targetHints":{"allow":["GET"]}}],"collection":[{"href":"https:\/\/portaltela.pt\/api\/wp\/v2\/posts"}],"about":[{"href":"https:\/\/portaltela.pt\/api\/wp\/v2\/types\/post"}],"author":[{"embeddable":true,"href":"https:\/\/portaltela.pt\/api\/wp\/v2\/users\/2"}],"replies":[{"embeddable":true,"href":"https:\/\/portaltela.pt\/api\/wp\/v2\/comments?post=195529"}],"version-history":[{"count":0,"href":"https:\/\/portaltela.pt\/api\/wp\/v2\/posts\/195529\/revisions"}],"wp:featuredmedia":[{"embeddable":true,"href":"https:\/\/portaltela.pt\/api\/wp\/v2\/media\/195530"}],"wp:attachment":[{"href":"https:\/\/portaltela.pt\/api\/wp\/v2\/media?parent=195529"}],"wp:term":[{"taxonomy":"category","embeddable":true,"href":"https:\/\/portaltela.pt\/api\/wp\/v2\/categories?post=195529"},{"taxonomy":"post_tag","embeddable":true,"href":"https:\/\/portaltela.pt\/api\/wp\/v2\/tags?post=195529"}],"curies":[{"name":"wp","href":"https:\/\/api.w.org\/{rel}","templated":true}]}}