{"id":195527,"date":"2026-02-03T22:30:00","date_gmt":"2026-02-04T01:30:00","guid":{"rendered":"https:\/\/portaltela.pt\/noticias\/2026\/02\/03\/um-terco-das-anomalias-congenitas-resulta-em-interrupcao-da-gravidez\/"},"modified":"2026-02-03T22:30:00","modified_gmt":"2026-02-04T01:30:00","slug":"um-terco-das-anomalias-congenitas-resulta-em-interrupcao-da-gravidez","status":"publish","type":"post","link":"https:\/\/portaltela.pt\/noticias\/2026\/02\/03\/um-terco-das-anomalias-congenitas-resulta-em-interrupcao-da-gravidez\/","title":{"rendered":"Um ter\u00e7o das anomalias cong\u00e9nitas resulta em interrup\u00e7\u00e3o da gravidez"},"content":{"rendered":"<p>Em 2020 e 2021 o Registo Nacional de Anomalias Cong\u00e9nitas (AC) recebeu 2271 notifica\u00e7\u00f5es, com uma preval\u00eancia de 137,9 casos por 100 mil nascimentos. O conjunto de dados foi divulgado pelo Instituto Nacional de Sa\u00fade Dr. Ricardo Jorge (INSA) na \u00faltima semana.<\/p>\n<p>Entre os casos, dois ter\u00e7os resultaram no nascimento dos beb\u00e9s, totalizando 1501. Em 723 situa\u00e7\u00f5es (31,8%), os pais optaram pela interrup\u00e7\u00e3o m\u00e9dica da gravidez (IMG). As decis\u00f5es decorreram no \u00e2mbito de avalia\u00e7\u00f5es cl\u00ednicas e de sa\u00fade materna.<\/p>\n<p>Registaram-se ainda 30 mortes fetais e 16 abortos espont\u00e2neos. O relat\u00f3rio do INSA sublinha a import\u00e2ncia de exames de gravidez para detetar anomalias cong\u00e9nitas precocemente e orientar decis\u00f5es m\u00e9dicas e familiares.<\/p>\n<h3>Dados-chave<\/h3>\n<ul>\n<li>Notifica\u00e7\u00f5es AC: 2271 (2020-2021)<\/li>\n<li>Preval\u00eancia: 137,9 por 100 mil nascimentos<\/li>\n<li>Nascimentos: 1501<\/li>\n<li>IMG: 723 (31,8%)<\/li>\n<li>Mortes fetais: 30<\/li>\n<li>Abortos espont\u00e2neos: 16<\/li>\n<\/ul>\n<p>A divulga\u00e7\u00e3o dos n\u00fameros refor\u00e7a a necessidade de acompanhamento pr\u00e9-natal e de acesso a informa\u00e7\u00f5es de sa\u00fade de qualidade para as fam\u00edlias. O INSA recomenda continuidade de monitoriza\u00e7\u00e3o e de investimentos em exames de dete\u00e7\u00e3o.<\/p>\n","protected":false},"excerpt":{"rendered":"<ul>\n<li>Em 2020 e 2021 houve 2.271 notifica\u00e7\u00f5es de anomalias cong\u00e9nitas (AC) no Registo Nacional.<\/li>\n<li>A preval\u00eancia foi de 137,9 casos por 100 mil nascimentos.<\/li>\n<li>Desses, 1.501 beb\u00e9s nasceram (65,9%), enquanto 723 casos (31,8%) seguiram para interrup\u00e7\u00e3o m\u00e9dica da gravidez.<\/li>\n<li>Registaram-se 30 mortes fetais e 16 abortos espont\u00e2neos.<\/li>\n<li>O relat\u00f3rio foi publicado pelo Instituto Nacional de Sa\u00fade Doutor Ricardo Jorge (INSA) na \u00faltima semana.<\/li>\n<\/ul>\n","protected":false},"author":2,"featured_media":195528,"comment_status":"closed","ping_status":"closed","sticky":false,"template":"","format":"standard","meta":{"footnotes":""},"categories":[1],"tags":[5337,5336,4661,5338,271],"class_list":["post-195527","post","type-post","status-publish","format-standard","has-post-thumbnail","hentry","category-noticias","tag-abortos-espontaneos","tag-anomalias-congenitas","tag-interrupcoes","tag-mortes-fetais","tag-saude-publica"],"yoast_head":"<!-- This site is optimized with the Yoast SEO plugin v27.2 - https:\/\/yoast.com\/product\/yoast-seo-wordpress\/ -->\n<title>Um ter\u00e7o das anomalias cong\u00e9nitas resulta em interrup\u00e7\u00e3o da gravidez - Portal Tela Portugal<\/title>\n<meta name=\"robots\" content=\"index, follow, max-snippet:-1, max-image-preview:large, max-video-preview:-1\" \/>\n<meta property=\"og:locale\" content=\"pt_PT\" \/>\n<meta property=\"og:type\" content=\"article\" \/>\n<meta property=\"og:title\" content=\"Um ter\u00e7o das anomalias cong\u00e9nitas resulta em interrup\u00e7\u00e3o da gravidez - Portal Tela Portugal\" \/>\n<meta property=\"og:description\" content=\"Em 2020 e 2021 houve 2.271 notifica\u00e7\u00f5es de anomalias cong\u00e9nitas (AC) no Registo Nacional. A preval\u00eancia foi de 137,9 casos por 100 mil nascimentos. Desses, 1.501 beb\u00e9s nasceram (65,9%), enquanto 723 casos (31,8%) seguiram para interrup\u00e7\u00e3o m\u00e9dica da gravidez. Registaram-se 30 mortes fetais e 16 abortos espont\u00e2neos. O relat\u00f3rio foi publicado pelo Instituto Nacional de Sa\u00fade Doutor Ricardo Jorge (INSA) na \u00faltima semana.\" \/>\n<meta property=\"og:url\" content=\"https:\/\/portaltela.pt\/noticias\/2026\/02\/03\/um-terco-das-anomalias-congenitas-resulta-em-interrupcao-da-gravidez\/\" \/>\n<meta property=\"og:site_name\" content=\"Portal Tela Portugal\" \/>\n<meta property=\"article:published_time\" content=\"2026-02-04T01:30:00+00:00\" \/>\n<meta name=\"author\" content=\"Telinha\" \/>\n<meta name=\"twitter:card\" content=\"summary_large_image\" \/>\n<meta name=\"twitter:label1\" content=\"Escrito por\" \/>\n\t<meta name=\"twitter:data1\" content=\"Telinha\" \/>\n\t<meta name=\"twitter:label2\" content=\"Tempo estimado de leitura\" \/>\n\t<meta name=\"twitter:data2\" content=\"1 minuto\" \/>\n<script type=\"application\/ld+json\" class=\"yoast-schema-graph\">{\"@context\":\"https:\/\/schema.org\",\"@graph\":[{\"@type\":\"Article\",\"@id\":\"https:\/\/portaltela.pt\/noticias\/2026\/02\/03\/um-terco-das-anomalias-congenitas-resulta-em-interrupcao-da-gravidez\/#article\",\"isPartOf\":{\"@id\":\"https:\/\/portaltela.pt\/noticias\/2026\/02\/03\/um-terco-das-anomalias-congenitas-resulta-em-interrupcao-da-gravidez\/\"},\"author\":{\"name\":\"Telinha\",\"@id\":\"https:\/\/portaltela.pt\/#\/schema\/person\/c4278d4a6028830caff9ee44b42d32ed\"},\"headline\":\"Um ter\u00e7o das anomalias cong\u00e9nitas resulta em interrup\u00e7\u00e3o da gravidez\",\"datePublished\":\"2026-02-04T01:30:00+00:00\",\"mainEntityOfPage\":{\"@id\":\"https:\/\/portaltela.pt\/noticias\/2026\/02\/03\/um-terco-das-anomalias-congenitas-resulta-em-interrupcao-da-gravidez\/\"},\"wordCount\":193,\"image\":{\"@id\":\"https:\/\/portaltela.pt\/noticias\/2026\/02\/03\/um-terco-das-anomalias-congenitas-resulta-em-interrupcao-da-gravidez\/#primaryimage\"},\"thumbnailUrl\":\"https:\/\/portaltela.pt\/s.01k8rhncp4jt1\/2026\/02\/img_1500x1000uu2025-12-09-23-43-54-2253557-im-639057520640651474.jpg\",\"keywords\":[\"Abortos espont\u00e2neos\",\"anomalias cong\u00e9nitas\",\"interrup\u00e7\u00f5es\",\"Mortes fetais\",\"sa\u00fade p\u00fablica\"],\"articleSection\":[\"Not\u00edcias\"],\"inLanguage\":\"pt-PT\"},{\"@type\":\"WebPage\",\"@id\":\"https:\/\/portaltela.pt\/noticias\/2026\/02\/03\/um-terco-das-anomalias-congenitas-resulta-em-interrupcao-da-gravidez\/\",\"url\":\"https:\/\/portaltela.pt\/noticias\/2026\/02\/03\/um-terco-das-anomalias-congenitas-resulta-em-interrupcao-da-gravidez\/\",\"name\":\"Um ter\u00e7o das anomalias cong\u00e9nitas resulta em interrup\u00e7\u00e3o da gravidez - Portal Tela Portugal\",\"isPartOf\":{\"@id\":\"https:\/\/portaltela.pt\/#website\"},\"primaryImageOfPage\":{\"@id\":\"https:\/\/portaltela.pt\/noticias\/2026\/02\/03\/um-terco-das-anomalias-congenitas-resulta-em-interrupcao-da-gravidez\/#primaryimage\"},\"image\":{\"@id\":\"https:\/\/portaltela.pt\/noticias\/2026\/02\/03\/um-terco-das-anomalias-congenitas-resulta-em-interrupcao-da-gravidez\/#primaryimage\"},\"thumbnailUrl\":\"https:\/\/portaltela.pt\/s.01k8rhncp4jt1\/2026\/02\/img_1500x1000uu2025-12-09-23-43-54-2253557-im-639057520640651474.jpg\",\"datePublished\":\"2026-02-04T01:30:00+00:00\",\"author\":{\"@id\":\"https:\/\/portaltela.pt\/#\/schema\/person\/c4278d4a6028830caff9ee44b42d32ed\"},\"breadcrumb\":{\"@id\":\"https:\/\/portaltela.pt\/noticias\/2026\/02\/03\/um-terco-das-anomalias-congenitas-resulta-em-interrupcao-da-gravidez\/#breadcrumb\"},\"inLanguage\":\"pt-PT\",\"potentialAction\":[{\"@type\":\"ReadAction\",\"target\":[\"https:\/\/portaltela.pt\/noticias\/2026\/02\/03\/um-terco-das-anomalias-congenitas-resulta-em-interrupcao-da-gravidez\/\"]}]},{\"@type\":\"ImageObject\",\"inLanguage\":\"pt-PT\",\"@id\":\"https:\/\/portaltela.pt\/noticias\/2026\/02\/03\/um-terco-das-anomalias-congenitas-resulta-em-interrupcao-da-gravidez\/#primaryimage\",\"url\":\"https:\/\/portaltela.pt\/s.01k8rhncp4jt1\/2026\/02\/img_1500x1000uu2025-12-09-23-43-54-2253557-im-639057520640651474.jpg\",\"contentUrl\":\"https:\/\/portaltela.pt\/s.01k8rhncp4jt1\/2026\/02\/img_1500x1000uu2025-12-09-23-43-54-2253557-im-639057520640651474.jpg\",\"width\":796,\"height\":448,\"caption\":\"Exames na gravidez s\u00e3o essenciais para detetar anomalias cong\u00e9nitas\"},{\"@type\":\"BreadcrumbList\",\"@id\":\"https:\/\/portaltela.pt\/noticias\/2026\/02\/03\/um-terco-das-anomalias-congenitas-resulta-em-interrupcao-da-gravidez\/#breadcrumb\",\"itemListElement\":[{\"@type\":\"ListItem\",\"position\":1,\"name\":\"In\u00edcio\",\"item\":\"https:\/\/portaltela.pt\/\"},{\"@type\":\"ListItem\",\"position\":2,\"name\":\"Um ter\u00e7o das anomalias cong\u00e9nitas resulta em interrup\u00e7\u00e3o da gravidez\"}]},{\"@type\":\"WebSite\",\"@id\":\"https:\/\/portaltela.pt\/#website\",\"url\":\"https:\/\/portaltela.pt\/\",\"name\":\"Portal Tela Portugal\",\"description\":\"\",\"potentialAction\":[{\"@type\":\"SearchAction\",\"target\":{\"@type\":\"EntryPoint\",\"urlTemplate\":\"https:\/\/portaltela.pt\/?s={search_term_string}\"},\"query-input\":{\"@type\":\"PropertyValueSpecification\",\"valueRequired\":true,\"valueName\":\"search_term_string\"}}],\"inLanguage\":\"pt-PT\"},{\"@type\":\"Person\",\"@id\":\"https:\/\/portaltela.pt\/#\/schema\/person\/c4278d4a6028830caff9ee44b42d32ed\",\"name\":\"Telinha\",\"image\":{\"@type\":\"ImageObject\",\"inLanguage\":\"pt-PT\",\"@id\":\"https:\/\/portaltela.pt\/s.01k8rhncp4jt1\/2025\/11\/talking-bot-125x125.png\",\"url\":\"https:\/\/portaltela.pt\/s.01k8rhncp4jt1\/2025\/11\/talking-bot-125x125.png\",\"contentUrl\":\"https:\/\/portaltela.pt\/s.01k8rhncp4jt1\/2025\/11\/talking-bot-125x125.png\",\"caption\":\"Telinha\"},\"sameAs\":[\"https:\/\/portaltela.pt\/\"],\"url\":\"https:\/\/portaltela.pt\/por\/367410592786\/\"}]}<\/script>\n<!-- \/ Yoast SEO plugin. -->","yoast_head_json":{"title":"Um ter\u00e7o das anomalias cong\u00e9nitas resulta em interrup\u00e7\u00e3o da gravidez - Portal Tela Portugal","robots":{"index":"index","follow":"follow","max-snippet":"max-snippet:-1","max-image-preview":"max-image-preview:large","max-video-preview":"max-video-preview:-1"},"og_locale":"pt_PT","og_type":"article","og_title":"Um ter\u00e7o das anomalias cong\u00e9nitas resulta em interrup\u00e7\u00e3o da gravidez - Portal Tela Portugal","og_description":"Em 2020 e 2021 houve 2.271 notifica\u00e7\u00f5es de anomalias cong\u00e9nitas (AC) no Registo Nacional. A preval\u00eancia foi de 137,9 casos por 100 mil nascimentos. Desses, 1.501 beb\u00e9s nasceram (65,9%), enquanto 723 casos (31,8%) seguiram para interrup\u00e7\u00e3o m\u00e9dica da gravidez. Registaram-se 30 mortes fetais e 16 abortos espont\u00e2neos. O relat\u00f3rio foi publicado pelo Instituto Nacional de Sa\u00fade Doutor Ricardo Jorge (INSA) na \u00faltima semana.","og_url":"https:\/\/portaltela.pt\/noticias\/2026\/02\/03\/um-terco-das-anomalias-congenitas-resulta-em-interrupcao-da-gravidez\/","og_site_name":"Portal Tela Portugal","article_published_time":"2026-02-04T01:30:00+00:00","author":"Telinha","twitter_card":"summary_large_image","twitter_misc":{"Escrito por":"Telinha","Tempo estimado de leitura":"1 minuto"},"schema":{"@context":"https:\/\/schema.org","@graph":[{"@type":"Article","@id":"https:\/\/portaltela.pt\/noticias\/2026\/02\/03\/um-terco-das-anomalias-congenitas-resulta-em-interrupcao-da-gravidez\/#article","isPartOf":{"@id":"https:\/\/portaltela.pt\/noticias\/2026\/02\/03\/um-terco-das-anomalias-congenitas-resulta-em-interrupcao-da-gravidez\/"},"author":{"name":"Telinha","@id":"https:\/\/portaltela.pt\/#\/schema\/person\/c4278d4a6028830caff9ee44b42d32ed"},"headline":"Um ter\u00e7o das anomalias cong\u00e9nitas resulta em interrup\u00e7\u00e3o da gravidez","datePublished":"2026-02-04T01:30:00+00:00","mainEntityOfPage":{"@id":"https:\/\/portaltela.pt\/noticias\/2026\/02\/03\/um-terco-das-anomalias-congenitas-resulta-em-interrupcao-da-gravidez\/"},"wordCount":193,"image":{"@id":"https:\/\/portaltela.pt\/noticias\/2026\/02\/03\/um-terco-das-anomalias-congenitas-resulta-em-interrupcao-da-gravidez\/#primaryimage"},"thumbnailUrl":"https:\/\/portaltela.pt\/s.01k8rhncp4jt1\/2026\/02\/img_1500x1000uu2025-12-09-23-43-54-2253557-im-639057520640651474.jpg","keywords":["Abortos espont\u00e2neos","anomalias cong\u00e9nitas","interrup\u00e7\u00f5es","Mortes fetais","sa\u00fade p\u00fablica"],"articleSection":["Not\u00edcias"],"inLanguage":"pt-PT"},{"@type":"WebPage","@id":"https:\/\/portaltela.pt\/noticias\/2026\/02\/03\/um-terco-das-anomalias-congenitas-resulta-em-interrupcao-da-gravidez\/","url":"https:\/\/portaltela.pt\/noticias\/2026\/02\/03\/um-terco-das-anomalias-congenitas-resulta-em-interrupcao-da-gravidez\/","name":"Um ter\u00e7o das anomalias cong\u00e9nitas resulta em interrup\u00e7\u00e3o da gravidez - Portal Tela Portugal","isPartOf":{"@id":"https:\/\/portaltela.pt\/#website"},"primaryImageOfPage":{"@id":"https:\/\/portaltela.pt\/noticias\/2026\/02\/03\/um-terco-das-anomalias-congenitas-resulta-em-interrupcao-da-gravidez\/#primaryimage"},"image":{"@id":"https:\/\/portaltela.pt\/noticias\/2026\/02\/03\/um-terco-das-anomalias-congenitas-resulta-em-interrupcao-da-gravidez\/#primaryimage"},"thumbnailUrl":"https:\/\/portaltela.pt\/s.01k8rhncp4jt1\/2026\/02\/img_1500x1000uu2025-12-09-23-43-54-2253557-im-639057520640651474.jpg","datePublished":"2026-02-04T01:30:00+00:00","author":{"@id":"https:\/\/portaltela.pt\/#\/schema\/person\/c4278d4a6028830caff9ee44b42d32ed"},"breadcrumb":{"@id":"https:\/\/portaltela.pt\/noticias\/2026\/02\/03\/um-terco-das-anomalias-congenitas-resulta-em-interrupcao-da-gravidez\/#breadcrumb"},"inLanguage":"pt-PT","potentialAction":[{"@type":"ReadAction","target":["https:\/\/portaltela.pt\/noticias\/2026\/02\/03\/um-terco-das-anomalias-congenitas-resulta-em-interrupcao-da-gravidez\/"]}]},{"@type":"ImageObject","inLanguage":"pt-PT","@id":"https:\/\/portaltela.pt\/noticias\/2026\/02\/03\/um-terco-das-anomalias-congenitas-resulta-em-interrupcao-da-gravidez\/#primaryimage","url":"https:\/\/portaltela.pt\/s.01k8rhncp4jt1\/2026\/02\/img_1500x1000uu2025-12-09-23-43-54-2253557-im-639057520640651474.jpg","contentUrl":"https:\/\/portaltela.pt\/s.01k8rhncp4jt1\/2026\/02\/img_1500x1000uu2025-12-09-23-43-54-2253557-im-639057520640651474.jpg","width":796,"height":448,"caption":"Exames na gravidez s\u00e3o essenciais para detetar anomalias cong\u00e9nitas"},{"@type":"BreadcrumbList","@id":"https:\/\/portaltela.pt\/noticias\/2026\/02\/03\/um-terco-das-anomalias-congenitas-resulta-em-interrupcao-da-gravidez\/#breadcrumb","itemListElement":[{"@type":"ListItem","position":1,"name":"In\u00edcio","item":"https:\/\/portaltela.pt\/"},{"@type":"ListItem","position":2,"name":"Um ter\u00e7o das anomalias cong\u00e9nitas resulta em interrup\u00e7\u00e3o da gravidez"}]},{"@type":"WebSite","@id":"https:\/\/portaltela.pt\/#website","url":"https:\/\/portaltela.pt\/","name":"Portal Tela Portugal","description":"","potentialAction":[{"@type":"SearchAction","target":{"@type":"EntryPoint","urlTemplate":"https:\/\/portaltela.pt\/?s={search_term_string}"},"query-input":{"@type":"PropertyValueSpecification","valueRequired":true,"valueName":"search_term_string"}}],"inLanguage":"pt-PT"},{"@type":"Person","@id":"https:\/\/portaltela.pt\/#\/schema\/person\/c4278d4a6028830caff9ee44b42d32ed","name":"Telinha","image":{"@type":"ImageObject","inLanguage":"pt-PT","@id":"https:\/\/portaltela.pt\/s.01k8rhncp4jt1\/2025\/11\/talking-bot-125x125.png","url":"https:\/\/portaltela.pt\/s.01k8rhncp4jt1\/2025\/11\/talking-bot-125x125.png","contentUrl":"https:\/\/portaltela.pt\/s.01k8rhncp4jt1\/2025\/11\/talking-bot-125x125.png","caption":"Telinha"},"sameAs":["https:\/\/portaltela.pt\/"],"url":"https:\/\/portaltela.pt\/por\/367410592786\/"}]}},"_links":{"self":[{"href":"https:\/\/portaltela.pt\/api\/wp\/v2\/posts\/195527","targetHints":{"allow":["GET"]}}],"collection":[{"href":"https:\/\/portaltela.pt\/api\/wp\/v2\/posts"}],"about":[{"href":"https:\/\/portaltela.pt\/api\/wp\/v2\/types\/post"}],"author":[{"embeddable":true,"href":"https:\/\/portaltela.pt\/api\/wp\/v2\/users\/2"}],"replies":[{"embeddable":true,"href":"https:\/\/portaltela.pt\/api\/wp\/v2\/comments?post=195527"}],"version-history":[{"count":0,"href":"https:\/\/portaltela.pt\/api\/wp\/v2\/posts\/195527\/revisions"}],"wp:featuredmedia":[{"embeddable":true,"href":"https:\/\/portaltela.pt\/api\/wp\/v2\/media\/195528"}],"wp:attachment":[{"href":"https:\/\/portaltela.pt\/api\/wp\/v2\/media?parent=195527"}],"wp:term":[{"taxonomy":"category","embeddable":true,"href":"https:\/\/portaltela.pt\/api\/wp\/v2\/categories?post=195527"},{"taxonomy":"post_tag","embeddable":true,"href":"https:\/\/portaltela.pt\/api\/wp\/v2\/tags?post=195527"}],"curies":[{"name":"wp","href":"https:\/\/api.w.org\/{rel}","templated":true}]}}