{"id":195492,"date":"2026-02-03T21:19:24","date_gmt":"2026-02-04T00:19:24","guid":{"rendered":"https:\/\/portaltela.pt\/noticias\/2026\/02\/03\/mp-acusa-jovens-influencers-de-violacao-agravada-e-27-crimes-de-pornografia-em-loures\/"},"modified":"2026-02-03T21:19:24","modified_gmt":"2026-02-04T00:19:24","slug":"mp-acusa-jovens-influencers-de-violacao-agravada-e-27-crimes-de-pornografia-em-loures","status":"publish","type":"post","link":"https:\/\/portaltela.pt\/noticias\/2026\/02\/03\/mp-acusa-jovens-influencers-de-violacao-agravada-e-27-crimes-de-pornografia-em-loures\/","title":{"rendered":"MP acusa jovens influencers de viola\u00e7\u00e3o agravada e 27 crimes de pornografia em Loures"},"content":{"rendered":"<p>O Minist\u00e9rio P\u00fablico (MP) deu acusa\u00e7\u00e3o formal a quatro jovens \u201cinfluencers\u201d, com idades entre 19 e 21 anos, pela pr\u00e1tica de viola\u00e7\u00e3o agravada e de 27 crimes de pornografia de menores. A v\u00edtima \u00e9 uma menor de 16 anos, e os factos ocorreram em Loures, a 12 de fevereiro de 2025. A acusa\u00e7\u00e3o foi tornada p\u00fablica esta ter\u00e7a-feira pelo Expresso.<\/p>\n<p>Segundo o MP, o encontro come\u00e7ou num jardim p\u00fablico, onde a menor consentiu manter rela\u00e7\u00f5es sexuais e autorizou a grava\u00e7\u00e3o das imagens. Esse consentimento acabou por cessar, quando o grupo seguiu para um espa\u00e7o fechado atr\u00e1s de um pr\u00e9dio.<\/p>\n<p>A acusa\u00e7\u00e3o sustenta que, nesse local, a v\u00edtima quis sair, mas foi impedida pelos arguidos. Dois deles teriam praticado a viola\u00e7\u00e3o, enquanto os restantes seriam coautores, por contribu\u00edrem para a restri\u00e7\u00e3o da liberdade da menor.<\/p>\n<p>As imagens foram registadas em v\u00eddeo e depois partilhadas online. Um dos v\u00eddeos ter\u00e1 ultrapassado as 32 mil visualiza\u00e7\u00f5es no TikTok antes de ser removido, sem que as autoridades fossem avisadas na altura.<\/p>\n<p>A investiga\u00e7\u00e3o, conduzida pela Pol\u00edcia Judici\u00e1ria, baseia-se nos depoimentos da v\u00edtima e da m\u00e3e, em exames m\u00e9dico-legais realizados no Hospital Beatriz \u00c2ngelo, em Loures, e na an\u00e1lise de conte\u00fados digitais apreendidos aos suspeitos. O TikTok colaborou com as autoridades.<\/p>\n<p>Um dos arguidos confirmou o encontro com a v\u00edtima em declara\u00e7\u00f5es ao juiz de instru\u00e7\u00e3o, mas negou qualquer agress\u00e3o sexual. Numa entrevista anterior, antes de ser detido, outro investigado afirmou que a v\u00edtima n\u00e3o estava num estado adequado.<\/p>\n","protected":false},"excerpt":{"rendered":"<ul>\n<li>O Minist\u00e9rio P\u00fablico acusa quatro jovens influencers, com idades entre 19 e 21 anos, de viola\u00e7\u00e3o agravada e de 27 crimes de pornografia de menores, envolvendo uma menor de 16 anos em Loures, a 12 de fevereiro de 2025.<\/li>\n<li>O encontro come\u00e7ou num jardim p\u00fablico com consentimento para rela\u00e7\u00f5es sexuais e para a grava\u00e7\u00e3o das imagens; o consentimento ter\u00e1 terminado quando o grupo se deslocou para um espa\u00e7o fechado, onde, alegadamente, ocorreu a viola\u00e7\u00e3o por dois arguidos, com os restantes coautores a\/d contribu\u00edrem para a restri\u00e7\u00e3o da liberdade da menor.<\/li>\n<li>As a\u00e7\u00f5es foram gravadas e partilhadas nas redes sociais; um v\u00eddeo ter\u00e1 ultrapassado as 32 mil visualiza\u00e7\u00f5es no TikTok antes de ser removido.<\/li>\n<li>A investiga\u00e7\u00e3o, conduzida pela Pol\u00edcia Judici\u00e1ria, baseia-se em depoimentos da v\u00edtima e da m\u00e3e, em exames m\u00e9dico-legais e na an\u00e1lise de conte\u00fados digitais apreendidos nos telem\u00f3veis dos suspeitos; o TikTok colaborou na investiga\u00e7\u00e3o.<\/li>\n<li>Um arguido confirmou o encontro em tribunal, negando a pr\u00e1tica da agress\u00e3o sexual; outro j\u00e1 tinha admitido, em entrevista a um canal na internet, que \u201cEla n\u00e3o ficou fixe.\u201d<\/li>\n<\/ul>\n","protected":false},"author":2,"featured_media":195497,"comment_status":"closed","ping_status":"closed","sticky":false,"template":"","format":"standard","meta":{"footnotes":""},"categories":[1],"tags":[147,3990,5194,1432,3599,1103],"class_list":["post-195492","post","type-post","status-publish","format-standard","has-post-thumbnail","hentry","category-noticias","tag-crime","tag-crimes-sexuais","tag-exploracao-de-menores","tag-pornografia-de-menores","tag-violacao-agravada","tag-violacao-de-menor-dependente-ou-em-situacao-vulneravel"],"yoast_head":"<!-- This site is optimized with the Yoast SEO plugin v27.2 - https:\/\/yoast.com\/product\/yoast-seo-wordpress\/ -->\n<title>MP acusa jovens influencers de viola\u00e7\u00e3o agravada e 27 crimes de pornografia em Loures - Portal Tela Portugal<\/title>\n<meta name=\"robots\" content=\"index, follow, max-snippet:-1, max-image-preview:large, max-video-preview:-1\" \/>\n<meta property=\"og:locale\" content=\"pt_PT\" \/>\n<meta property=\"og:type\" content=\"article\" \/>\n<meta property=\"og:title\" content=\"MP acusa jovens influencers de viola\u00e7\u00e3o agravada e 27 crimes de pornografia em Loures - Portal Tela Portugal\" \/>\n<meta property=\"og:description\" content=\"O Minist\u00e9rio P\u00fablico acusa quatro jovens influencers, com idades entre 19 e 21 anos, de viola\u00e7\u00e3o agravada e de 27 crimes de pornografia de menores, envolvendo uma menor de 16 anos em Loures, a 12 de fevereiro de 2025. O encontro come\u00e7ou num jardim p\u00fablico com consentimento para rela\u00e7\u00f5es sexuais e para a grava\u00e7\u00e3o das imagens; o consentimento ter\u00e1 terminado quando o grupo se deslocou para um espa\u00e7o fechado, onde, alegadamente, ocorreu a viola\u00e7\u00e3o por dois arguidos, com os restantes coautores a\/d contribu\u00edrem para a restri\u00e7\u00e3o da liberdade da menor. As a\u00e7\u00f5es foram gravadas e partilhadas nas redes sociais; um v\u00eddeo ter\u00e1 ultrapassado as 32 mil visualiza\u00e7\u00f5es no TikTok antes de ser removido. A investiga\u00e7\u00e3o, conduzida pela Pol\u00edcia Judici\u00e1ria, baseia-se em depoimentos da v\u00edtima e da m\u00e3e, em exames m\u00e9dico-legais e na an\u00e1lise de conte\u00fados digitais apreendidos nos telem\u00f3veis dos suspeitos; o TikTok colaborou na investiga\u00e7\u00e3o. Um arguido confirmou o encontro em tribunal, negando a pr\u00e1tica da agress\u00e3o sexual; outro j\u00e1 tinha admitido, em entrevista a um canal na internet, que \u201cEla n\u00e3o ficou fixe.\u201d\" \/>\n<meta property=\"og:url\" content=\"https:\/\/portaltela.pt\/noticias\/2026\/02\/03\/mp-acusa-jovens-influencers-de-violacao-agravada-e-27-crimes-de-pornografia-em-loures\/\" \/>\n<meta property=\"og:site_name\" content=\"Portal Tela Portugal\" \/>\n<meta property=\"article:published_time\" content=\"2026-02-04T00:19:24+00:00\" \/>\n<meta name=\"author\" content=\"Telinha\" \/>\n<meta name=\"twitter:card\" content=\"summary_large_image\" \/>\n<meta name=\"twitter:label1\" content=\"Escrito por\" \/>\n\t<meta name=\"twitter:data1\" content=\"Telinha\" \/>\n\t<meta name=\"twitter:label2\" content=\"Tempo estimado de leitura\" \/>\n\t<meta name=\"twitter:data2\" content=\"1 minuto\" \/>\n<script type=\"application\/ld+json\" class=\"yoast-schema-graph\">{\"@context\":\"https:\/\/schema.org\",\"@graph\":[{\"@type\":\"Article\",\"@id\":\"https:\/\/portaltela.pt\/noticias\/2026\/02\/03\/mp-acusa-jovens-influencers-de-violacao-agravada-e-27-crimes-de-pornografia-em-loures\/#article\",\"isPartOf\":{\"@id\":\"https:\/\/portaltela.pt\/noticias\/2026\/02\/03\/mp-acusa-jovens-influencers-de-violacao-agravada-e-27-crimes-de-pornografia-em-loures\/\"},\"author\":{\"name\":\"Telinha\",\"@id\":\"https:\/\/portaltela.pt\/#\/schema\/person\/c4278d4a6028830caff9ee44b42d32ed\"},\"headline\":\"MP acusa jovens influencers de viola\u00e7\u00e3o agravada e 27 crimes de pornografia em Loures\",\"datePublished\":\"2026-02-04T00:19:24+00:00\",\"mainEntityOfPage\":{\"@id\":\"https:\/\/portaltela.pt\/noticias\/2026\/02\/03\/mp-acusa-jovens-influencers-de-violacao-agravada-e-27-crimes-de-pornografia-em-loures\/\"},\"wordCount\":288,\"image\":{\"@id\":\"https:\/\/portaltela.pt\/noticias\/2026\/02\/03\/mp-acusa-jovens-influencers-de-violacao-agravada-e-27-crimes-de-pornografia-em-loures\/#primaryimage\"},\"thumbnailUrl\":\"https:\/\/portaltela.pt\/s.01k8rhncp4jt1\/2026\/02\/unnamed-file-1056.jpg\",\"keywords\":[\"crime\",\"crimes sexuais\",\"explora\u00e7\u00e3o de menores\",\"pornografia de menores\",\"viola\u00e7\u00e3o agravada\",\"viola\u00e7\u00e3o de menor dependente ou em situa\u00e7\u00e3o vulner\u00e1vel\"],\"articleSection\":[\"Not\u00edcias\"],\"inLanguage\":\"pt-PT\"},{\"@type\":\"WebPage\",\"@id\":\"https:\/\/portaltela.pt\/noticias\/2026\/02\/03\/mp-acusa-jovens-influencers-de-violacao-agravada-e-27-crimes-de-pornografia-em-loures\/\",\"url\":\"https:\/\/portaltela.pt\/noticias\/2026\/02\/03\/mp-acusa-jovens-influencers-de-violacao-agravada-e-27-crimes-de-pornografia-em-loures\/\",\"name\":\"MP acusa jovens influencers de viola\u00e7\u00e3o agravada e 27 crimes de pornografia em Loures - Portal Tela Portugal\",\"isPartOf\":{\"@id\":\"https:\/\/portaltela.pt\/#website\"},\"primaryImageOfPage\":{\"@id\":\"https:\/\/portaltela.pt\/noticias\/2026\/02\/03\/mp-acusa-jovens-influencers-de-violacao-agravada-e-27-crimes-de-pornografia-em-loures\/#primaryimage\"},\"image\":{\"@id\":\"https:\/\/portaltela.pt\/noticias\/2026\/02\/03\/mp-acusa-jovens-influencers-de-violacao-agravada-e-27-crimes-de-pornografia-em-loures\/#primaryimage\"},\"thumbnailUrl\":\"https:\/\/portaltela.pt\/s.01k8rhncp4jt1\/2026\/02\/unnamed-file-1056.jpg\",\"datePublished\":\"2026-02-04T00:19:24+00:00\",\"author\":{\"@id\":\"https:\/\/portaltela.pt\/#\/schema\/person\/c4278d4a6028830caff9ee44b42d32ed\"},\"breadcrumb\":{\"@id\":\"https:\/\/portaltela.pt\/noticias\/2026\/02\/03\/mp-acusa-jovens-influencers-de-violacao-agravada-e-27-crimes-de-pornografia-em-loures\/#breadcrumb\"},\"inLanguage\":\"pt-PT\",\"potentialAction\":[{\"@type\":\"ReadAction\",\"target\":[\"https:\/\/portaltela.pt\/noticias\/2026\/02\/03\/mp-acusa-jovens-influencers-de-violacao-agravada-e-27-crimes-de-pornografia-em-loures\/\"]}]},{\"@type\":\"ImageObject\",\"inLanguage\":\"pt-PT\",\"@id\":\"https:\/\/portaltela.pt\/noticias\/2026\/02\/03\/mp-acusa-jovens-influencers-de-violacao-agravada-e-27-crimes-de-pornografia-em-loures\/#primaryimage\",\"url\":\"https:\/\/portaltela.pt\/s.01k8rhncp4jt1\/2026\/02\/unnamed-file-1056.jpg\",\"contentUrl\":\"https:\/\/portaltela.pt\/s.01k8rhncp4jt1\/2026\/02\/unnamed-file-1056.jpg\",\"width\":796,\"height\":448,\"caption\":\"Inqu\u00e9ritos por crimes de persegui\u00e7\u00e3o aumentaram 25% em cinco anos\"},{\"@type\":\"BreadcrumbList\",\"@id\":\"https:\/\/portaltela.pt\/noticias\/2026\/02\/03\/mp-acusa-jovens-influencers-de-violacao-agravada-e-27-crimes-de-pornografia-em-loures\/#breadcrumb\",\"itemListElement\":[{\"@type\":\"ListItem\",\"position\":1,\"name\":\"In\u00edcio\",\"item\":\"https:\/\/portaltela.pt\/\"},{\"@type\":\"ListItem\",\"position\":2,\"name\":\"MP acusa jovens influencers de viola\u00e7\u00e3o agravada e 27 crimes de pornografia em Loures\"}]},{\"@type\":\"WebSite\",\"@id\":\"https:\/\/portaltela.pt\/#website\",\"url\":\"https:\/\/portaltela.pt\/\",\"name\":\"Portal Tela Portugal\",\"description\":\"\",\"potentialAction\":[{\"@type\":\"SearchAction\",\"target\":{\"@type\":\"EntryPoint\",\"urlTemplate\":\"https:\/\/portaltela.pt\/?s={search_term_string}\"},\"query-input\":{\"@type\":\"PropertyValueSpecification\",\"valueRequired\":true,\"valueName\":\"search_term_string\"}}],\"inLanguage\":\"pt-PT\"},{\"@type\":\"Person\",\"@id\":\"https:\/\/portaltela.pt\/#\/schema\/person\/c4278d4a6028830caff9ee44b42d32ed\",\"name\":\"Telinha\",\"image\":{\"@type\":\"ImageObject\",\"inLanguage\":\"pt-PT\",\"@id\":\"https:\/\/portaltela.pt\/s.01k8rhncp4jt1\/2025\/11\/talking-bot-125x125.png\",\"url\":\"https:\/\/portaltela.pt\/s.01k8rhncp4jt1\/2025\/11\/talking-bot-125x125.png\",\"contentUrl\":\"https:\/\/portaltela.pt\/s.01k8rhncp4jt1\/2025\/11\/talking-bot-125x125.png\",\"caption\":\"Telinha\"},\"sameAs\":[\"https:\/\/portaltela.pt\/\"],\"url\":\"https:\/\/portaltela.pt\/por\/367410592786\/\"}]}<\/script>\n<!-- \/ Yoast SEO plugin. -->","yoast_head_json":{"title":"MP acusa jovens influencers de viola\u00e7\u00e3o agravada e 27 crimes de pornografia em Loures - Portal Tela Portugal","robots":{"index":"index","follow":"follow","max-snippet":"max-snippet:-1","max-image-preview":"max-image-preview:large","max-video-preview":"max-video-preview:-1"},"og_locale":"pt_PT","og_type":"article","og_title":"MP acusa jovens influencers de viola\u00e7\u00e3o agravada e 27 crimes de pornografia em Loures - Portal Tela Portugal","og_description":"O Minist\u00e9rio P\u00fablico acusa quatro jovens influencers, com idades entre 19 e 21 anos, de viola\u00e7\u00e3o agravada e de 27 crimes de pornografia de menores, envolvendo uma menor de 16 anos em Loures, a 12 de fevereiro de 2025. O encontro come\u00e7ou num jardim p\u00fablico com consentimento para rela\u00e7\u00f5es sexuais e para a grava\u00e7\u00e3o das imagens; o consentimento ter\u00e1 terminado quando o grupo se deslocou para um espa\u00e7o fechado, onde, alegadamente, ocorreu a viola\u00e7\u00e3o por dois arguidos, com os restantes coautores a\/d contribu\u00edrem para a restri\u00e7\u00e3o da liberdade da menor. As a\u00e7\u00f5es foram gravadas e partilhadas nas redes sociais; um v\u00eddeo ter\u00e1 ultrapassado as 32 mil visualiza\u00e7\u00f5es no TikTok antes de ser removido. A investiga\u00e7\u00e3o, conduzida pela Pol\u00edcia Judici\u00e1ria, baseia-se em depoimentos da v\u00edtima e da m\u00e3e, em exames m\u00e9dico-legais e na an\u00e1lise de conte\u00fados digitais apreendidos nos telem\u00f3veis dos suspeitos; o TikTok colaborou na investiga\u00e7\u00e3o. Um arguido confirmou o encontro em tribunal, negando a pr\u00e1tica da agress\u00e3o sexual; outro j\u00e1 tinha admitido, em entrevista a um canal na internet, que \u201cEla n\u00e3o ficou fixe.\u201d","og_url":"https:\/\/portaltela.pt\/noticias\/2026\/02\/03\/mp-acusa-jovens-influencers-de-violacao-agravada-e-27-crimes-de-pornografia-em-loures\/","og_site_name":"Portal Tela Portugal","article_published_time":"2026-02-04T00:19:24+00:00","author":"Telinha","twitter_card":"summary_large_image","twitter_misc":{"Escrito por":"Telinha","Tempo estimado de leitura":"1 minuto"},"schema":{"@context":"https:\/\/schema.org","@graph":[{"@type":"Article","@id":"https:\/\/portaltela.pt\/noticias\/2026\/02\/03\/mp-acusa-jovens-influencers-de-violacao-agravada-e-27-crimes-de-pornografia-em-loures\/#article","isPartOf":{"@id":"https:\/\/portaltela.pt\/noticias\/2026\/02\/03\/mp-acusa-jovens-influencers-de-violacao-agravada-e-27-crimes-de-pornografia-em-loures\/"},"author":{"name":"Telinha","@id":"https:\/\/portaltela.pt\/#\/schema\/person\/c4278d4a6028830caff9ee44b42d32ed"},"headline":"MP acusa jovens influencers de viola\u00e7\u00e3o agravada e 27 crimes de pornografia em Loures","datePublished":"2026-02-04T00:19:24+00:00","mainEntityOfPage":{"@id":"https:\/\/portaltela.pt\/noticias\/2026\/02\/03\/mp-acusa-jovens-influencers-de-violacao-agravada-e-27-crimes-de-pornografia-em-loures\/"},"wordCount":288,"image":{"@id":"https:\/\/portaltela.pt\/noticias\/2026\/02\/03\/mp-acusa-jovens-influencers-de-violacao-agravada-e-27-crimes-de-pornografia-em-loures\/#primaryimage"},"thumbnailUrl":"https:\/\/portaltela.pt\/s.01k8rhncp4jt1\/2026\/02\/unnamed-file-1056.jpg","keywords":["crime","crimes sexuais","explora\u00e7\u00e3o de menores","pornografia de menores","viola\u00e7\u00e3o agravada","viola\u00e7\u00e3o de menor dependente ou em situa\u00e7\u00e3o vulner\u00e1vel"],"articleSection":["Not\u00edcias"],"inLanguage":"pt-PT"},{"@type":"WebPage","@id":"https:\/\/portaltela.pt\/noticias\/2026\/02\/03\/mp-acusa-jovens-influencers-de-violacao-agravada-e-27-crimes-de-pornografia-em-loures\/","url":"https:\/\/portaltela.pt\/noticias\/2026\/02\/03\/mp-acusa-jovens-influencers-de-violacao-agravada-e-27-crimes-de-pornografia-em-loures\/","name":"MP acusa jovens influencers de viola\u00e7\u00e3o agravada e 27 crimes de pornografia em Loures - Portal Tela Portugal","isPartOf":{"@id":"https:\/\/portaltela.pt\/#website"},"primaryImageOfPage":{"@id":"https:\/\/portaltela.pt\/noticias\/2026\/02\/03\/mp-acusa-jovens-influencers-de-violacao-agravada-e-27-crimes-de-pornografia-em-loures\/#primaryimage"},"image":{"@id":"https:\/\/portaltela.pt\/noticias\/2026\/02\/03\/mp-acusa-jovens-influencers-de-violacao-agravada-e-27-crimes-de-pornografia-em-loures\/#primaryimage"},"thumbnailUrl":"https:\/\/portaltela.pt\/s.01k8rhncp4jt1\/2026\/02\/unnamed-file-1056.jpg","datePublished":"2026-02-04T00:19:24+00:00","author":{"@id":"https:\/\/portaltela.pt\/#\/schema\/person\/c4278d4a6028830caff9ee44b42d32ed"},"breadcrumb":{"@id":"https:\/\/portaltela.pt\/noticias\/2026\/02\/03\/mp-acusa-jovens-influencers-de-violacao-agravada-e-27-crimes-de-pornografia-em-loures\/#breadcrumb"},"inLanguage":"pt-PT","potentialAction":[{"@type":"ReadAction","target":["https:\/\/portaltela.pt\/noticias\/2026\/02\/03\/mp-acusa-jovens-influencers-de-violacao-agravada-e-27-crimes-de-pornografia-em-loures\/"]}]},{"@type":"ImageObject","inLanguage":"pt-PT","@id":"https:\/\/portaltela.pt\/noticias\/2026\/02\/03\/mp-acusa-jovens-influencers-de-violacao-agravada-e-27-crimes-de-pornografia-em-loures\/#primaryimage","url":"https:\/\/portaltela.pt\/s.01k8rhncp4jt1\/2026\/02\/unnamed-file-1056.jpg","contentUrl":"https:\/\/portaltela.pt\/s.01k8rhncp4jt1\/2026\/02\/unnamed-file-1056.jpg","width":796,"height":448,"caption":"Inqu\u00e9ritos por crimes de persegui\u00e7\u00e3o aumentaram 25% em cinco anos"},{"@type":"BreadcrumbList","@id":"https:\/\/portaltela.pt\/noticias\/2026\/02\/03\/mp-acusa-jovens-influencers-de-violacao-agravada-e-27-crimes-de-pornografia-em-loures\/#breadcrumb","itemListElement":[{"@type":"ListItem","position":1,"name":"In\u00edcio","item":"https:\/\/portaltela.pt\/"},{"@type":"ListItem","position":2,"name":"MP acusa jovens influencers de viola\u00e7\u00e3o agravada e 27 crimes de pornografia em Loures"}]},{"@type":"WebSite","@id":"https:\/\/portaltela.pt\/#website","url":"https:\/\/portaltela.pt\/","name":"Portal Tela Portugal","description":"","potentialAction":[{"@type":"SearchAction","target":{"@type":"EntryPoint","urlTemplate":"https:\/\/portaltela.pt\/?s={search_term_string}"},"query-input":{"@type":"PropertyValueSpecification","valueRequired":true,"valueName":"search_term_string"}}],"inLanguage":"pt-PT"},{"@type":"Person","@id":"https:\/\/portaltela.pt\/#\/schema\/person\/c4278d4a6028830caff9ee44b42d32ed","name":"Telinha","image":{"@type":"ImageObject","inLanguage":"pt-PT","@id":"https:\/\/portaltela.pt\/s.01k8rhncp4jt1\/2025\/11\/talking-bot-125x125.png","url":"https:\/\/portaltela.pt\/s.01k8rhncp4jt1\/2025\/11\/talking-bot-125x125.png","contentUrl":"https:\/\/portaltela.pt\/s.01k8rhncp4jt1\/2025\/11\/talking-bot-125x125.png","caption":"Telinha"},"sameAs":["https:\/\/portaltela.pt\/"],"url":"https:\/\/portaltela.pt\/por\/367410592786\/"}]}},"_links":{"self":[{"href":"https:\/\/portaltela.pt\/api\/wp\/v2\/posts\/195492","targetHints":{"allow":["GET"]}}],"collection":[{"href":"https:\/\/portaltela.pt\/api\/wp\/v2\/posts"}],"about":[{"href":"https:\/\/portaltela.pt\/api\/wp\/v2\/types\/post"}],"author":[{"embeddable":true,"href":"https:\/\/portaltela.pt\/api\/wp\/v2\/users\/2"}],"replies":[{"embeddable":true,"href":"https:\/\/portaltela.pt\/api\/wp\/v2\/comments?post=195492"}],"version-history":[{"count":0,"href":"https:\/\/portaltela.pt\/api\/wp\/v2\/posts\/195492\/revisions"}],"wp:featuredmedia":[{"embeddable":true,"href":"https:\/\/portaltela.pt\/api\/wp\/v2\/media\/195497"}],"wp:attachment":[{"href":"https:\/\/portaltela.pt\/api\/wp\/v2\/media?parent=195492"}],"wp:term":[{"taxonomy":"category","embeddable":true,"href":"https:\/\/portaltela.pt\/api\/wp\/v2\/categories?post=195492"},{"taxonomy":"post_tag","embeddable":true,"href":"https:\/\/portaltela.pt\/api\/wp\/v2\/tags?post=195492"}],"curies":[{"name":"wp","href":"https:\/\/api.w.org\/{rel}","templated":true}]}}