{"id":195455,"date":"2026-02-03T21:08:21","date_gmt":"2026-02-04T00:08:21","guid":{"rendered":"https:\/\/portaltela.pt\/noticias\/2026\/02\/03\/mocambique-apreende-carvao-vegetal-de-exploracao-ilegal\/"},"modified":"2026-02-03T21:08:21","modified_gmt":"2026-02-04T00:08:21","slug":"mocambique-apreende-carvao-vegetal-de-exploracao-ilegal","status":"publish","type":"post","link":"https:\/\/portaltela.pt\/noticias\/2026\/02\/03\/mocambique-apreende-carvao-vegetal-de-exploracao-ilegal\/","title":{"rendered":"Mo\u00e7ambique apreende carv\u00e3o vegetal de explora\u00e7\u00e3o ilegal"},"content":{"rendered":"<p>Dois a 150 sacos de carv\u00e3o vegetal foram apreendidos na cidade e prov\u00edncia de Maputo, no \u00e2mbito de a\u00e7\u00f5es de fiscaliza\u00e7\u00e3o florestal. A viatura pesada foi intercetada pela Ag\u00eancia Nacional para o Controlo da Qualidade Ambiental sem a devida documenta\u00e7\u00e3o legal, configurando uma opera\u00e7\u00e3o de natureza ilegal. Os ocupantes da viatura fugiram e abandonaram o ve\u00edculo na via p\u00fablica.<\/p>\n<p>A opera\u00e7\u00e3o ocorreu numa manh\u00e3 de ter\u00e7a-feira, durante fiscaliza\u00e7\u00f5es rotineiras do sector ambiental. A ag\u00eancia refor\u00e7ou o compromisso de proteger os recursos florestais e de combater a explora\u00e7\u00e3o e comercializa\u00e7\u00e3o ilegal de produtos florestais em todo o territ\u00f3rio.<\/p>\n<p>Contexto e indicadores nacionais<\/p>\n<p>Em dezembro, a Lusa informou que Mo\u00e7ambique perde de forma estimada cerca de 500 milh\u00f5es de d\u00f3lares por ano devido a pr\u00e1ticas insustent\u00e1veis no setor florestal, incluindo explora\u00e7\u00e3o madeireira ilegal e agricultura de corte e queima, segundo o Forest Stewardship Council (FSC).<\/p>\n<p>Segundo o FSC, o setor florestal sustenta milh\u00f5es de mo\u00e7ambicanos que vivem ruralmente atrav\u00e9s da madeira, do carv\u00e3o vegetal, do emprego e de outras atividades ligadas \u00e0s florestas. A not\u00edcia refor\u00e7a a necessidade de medidas firmes para impedir a degrada\u00e7\u00e3o ambiental.<\/p>\n<p>Perspetiva institucional<\/p>\n<p>Em agosto de 2024, o Procurador-Geral de Mo\u00e7ambique afirmou a inten\u00e7\u00e3o de substituir discursos por a\u00e7\u00f5es, anunciando medidas punitivas contra fiscais e entidades envolvidas no desflorestamento e na explora\u00e7\u00e3o ilegal de recursos naturais.<\/p>\n<p>Recorde-se que, no ano anterior, o Governo j\u00e1 sinalizava a contrata\u00e7\u00e3o de centenas de fiscais para refor\u00e7ar a fiscaliza\u00e7\u00e3o em portos, postos fronteiri\u00e7os e \u00e1reas de conserva\u00e7\u00e3o, numa tentativa de intensificar o controlo ambiental.<\/p>\n","protected":false},"excerpt":{"rendered":"<ul>\n<li>A Ag\u00eancia Nacional para o Controlo da Qualidade Ambiental apreendeu 150 sacos de carv\u00e3o vegetal fruto de explora\u00e7\u00e3o ilegal de florestas, na cidade e prov\u00edncia de Maputo, Mo\u00e7ambique.<\/li>\n<li>O transporte ocorreu sem a devida documenta\u00e7\u00e3o legal e a viatura foi intercetada durante a\u00e7\u00f5es de fiscaliza\u00e7\u00e3o florestal de rotina.<\/li>\n<li>Os ocupantes da viatura abandonaram o ve\u00edculo e fugiram no momento da interpela\u00e7\u00e3o.<\/li>\n<li>A ag\u00eancia reitera o compromisso de proteger os recursos florestais e de combater a explora\u00e7\u00e3o ilegal de produtos florestais.<\/li>\n<li>O pa\u00eds estima perder cerca de 500 milh\u00f5es de d\u00f3lares por ano em pr\u00e1ticas insustent\u00e1veis no setor florestal, segundo o Forest Stewardship Council (FSC).<\/li>\n<\/ul>\n","protected":false},"author":2,"featured_media":195461,"comment_status":"closed","ping_status":"closed","sticky":false,"template":"","format":"standard","meta":{"footnotes":""},"categories":[1],"tags":[167,3241,695,4576,1911,811],"class_list":["post-195455","post","type-post","status-publish","format-standard","has-post-thumbnail","hentry","category-noticias","tag-ambiente","tag-desflorestacao","tag-fiscalizacao","tag-florestal","tag-mocambique","tag-protecao-ambiental"],"yoast_head":"<!-- This site is optimized with the Yoast SEO plugin v27.2 - https:\/\/yoast.com\/product\/yoast-seo-wordpress\/ -->\n<title>Mo\u00e7ambique apreende carv\u00e3o vegetal de explora\u00e7\u00e3o ilegal - Portal Tela Portugal<\/title>\n<meta name=\"robots\" content=\"index, follow, max-snippet:-1, max-image-preview:large, max-video-preview:-1\" \/>\n<meta property=\"og:locale\" content=\"pt_PT\" \/>\n<meta property=\"og:type\" content=\"article\" \/>\n<meta property=\"og:title\" content=\"Mo\u00e7ambique apreende carv\u00e3o vegetal de explora\u00e7\u00e3o ilegal - Portal Tela Portugal\" \/>\n<meta property=\"og:description\" content=\"A Ag\u00eancia Nacional para o Controlo da Qualidade Ambiental apreendeu 150 sacos de carv\u00e3o vegetal fruto de explora\u00e7\u00e3o ilegal de florestas, na cidade e prov\u00edncia de Maputo, Mo\u00e7ambique. O transporte ocorreu sem a devida documenta\u00e7\u00e3o legal e a viatura foi intercetada durante a\u00e7\u00f5es de fiscaliza\u00e7\u00e3o florestal de rotina. Os ocupantes da viatura abandonaram o ve\u00edculo e fugiram no momento da interpela\u00e7\u00e3o. A ag\u00eancia reitera o compromisso de proteger os recursos florestais e de combater a explora\u00e7\u00e3o ilegal de produtos florestais. O pa\u00eds estima perder cerca de 500 milh\u00f5es de d\u00f3lares por ano em pr\u00e1ticas insustent\u00e1veis no setor florestal, segundo o Forest Stewardship Council (FSC).\" \/>\n<meta property=\"og:url\" content=\"https:\/\/portaltela.pt\/noticias\/2026\/02\/03\/mocambique-apreende-carvao-vegetal-de-exploracao-ilegal\/\" \/>\n<meta property=\"og:site_name\" content=\"Portal Tela Portugal\" \/>\n<meta property=\"article:published_time\" content=\"2026-02-04T00:08:21+00:00\" \/>\n<meta name=\"author\" content=\"Telinha\" \/>\n<meta name=\"twitter:card\" content=\"summary_large_image\" \/>\n<meta name=\"twitter:label1\" content=\"Escrito por\" \/>\n\t<meta name=\"twitter:data1\" content=\"Telinha\" \/>\n\t<meta name=\"twitter:label2\" content=\"Tempo estimado de leitura\" \/>\n\t<meta name=\"twitter:data2\" content=\"1 minuto\" \/>\n<script type=\"application\/ld+json\" class=\"yoast-schema-graph\">{\"@context\":\"https:\/\/schema.org\",\"@graph\":[{\"@type\":\"Article\",\"@id\":\"https:\/\/portaltela.pt\/noticias\/2026\/02\/03\/mocambique-apreende-carvao-vegetal-de-exploracao-ilegal\/#article\",\"isPartOf\":{\"@id\":\"https:\/\/portaltela.pt\/noticias\/2026\/02\/03\/mocambique-apreende-carvao-vegetal-de-exploracao-ilegal\/\"},\"author\":{\"name\":\"Telinha\",\"@id\":\"https:\/\/portaltela.pt\/#\/schema\/person\/c4278d4a6028830caff9ee44b42d32ed\"},\"headline\":\"Mo\u00e7ambique apreende carv\u00e3o vegetal de explora\u00e7\u00e3o ilegal\",\"datePublished\":\"2026-02-04T00:08:21+00:00\",\"mainEntityOfPage\":{\"@id\":\"https:\/\/portaltela.pt\/noticias\/2026\/02\/03\/mocambique-apreende-carvao-vegetal-de-exploracao-ilegal\/\"},\"wordCount\":299,\"image\":{\"@id\":\"https:\/\/portaltela.pt\/noticias\/2026\/02\/03\/mocambique-apreende-carvao-vegetal-de-exploracao-ilegal\/#primaryimage\"},\"thumbnailUrl\":\"https:\/\/portaltela.pt\/s.01k8rhncp4jt1\/2026\/02\/unnamed-file-1047.jpg\",\"keywords\":[\"ambiente\",\"desfloresta\u00e7\u00e3o\",\"fiscaliza\u00e7\u00e3o\",\"florestal\",\"Mo\u00e7ambique\",\"prote\u00e7\u00e3o ambiental\"],\"articleSection\":[\"Not\u00edcias\"],\"inLanguage\":\"pt-PT\"},{\"@type\":\"WebPage\",\"@id\":\"https:\/\/portaltela.pt\/noticias\/2026\/02\/03\/mocambique-apreende-carvao-vegetal-de-exploracao-ilegal\/\",\"url\":\"https:\/\/portaltela.pt\/noticias\/2026\/02\/03\/mocambique-apreende-carvao-vegetal-de-exploracao-ilegal\/\",\"name\":\"Mo\u00e7ambique apreende carv\u00e3o vegetal de explora\u00e7\u00e3o ilegal - Portal Tela Portugal\",\"isPartOf\":{\"@id\":\"https:\/\/portaltela.pt\/#website\"},\"primaryImageOfPage\":{\"@id\":\"https:\/\/portaltela.pt\/noticias\/2026\/02\/03\/mocambique-apreende-carvao-vegetal-de-exploracao-ilegal\/#primaryimage\"},\"image\":{\"@id\":\"https:\/\/portaltela.pt\/noticias\/2026\/02\/03\/mocambique-apreende-carvao-vegetal-de-exploracao-ilegal\/#primaryimage\"},\"thumbnailUrl\":\"https:\/\/portaltela.pt\/s.01k8rhncp4jt1\/2026\/02\/unnamed-file-1047.jpg\",\"datePublished\":\"2026-02-04T00:08:21+00:00\",\"author\":{\"@id\":\"https:\/\/portaltela.pt\/#\/schema\/person\/c4278d4a6028830caff9ee44b42d32ed\"},\"breadcrumb\":{\"@id\":\"https:\/\/portaltela.pt\/noticias\/2026\/02\/03\/mocambique-apreende-carvao-vegetal-de-exploracao-ilegal\/#breadcrumb\"},\"inLanguage\":\"pt-PT\",\"potentialAction\":[{\"@type\":\"ReadAction\",\"target\":[\"https:\/\/portaltela.pt\/noticias\/2026\/02\/03\/mocambique-apreende-carvao-vegetal-de-exploracao-ilegal\/\"]}]},{\"@type\":\"ImageObject\",\"inLanguage\":\"pt-PT\",\"@id\":\"https:\/\/portaltela.pt\/noticias\/2026\/02\/03\/mocambique-apreende-carvao-vegetal-de-exploracao-ilegal\/#primaryimage\",\"url\":\"https:\/\/portaltela.pt\/s.01k8rhncp4jt1\/2026\/02\/unnamed-file-1047.jpg\",\"contentUrl\":\"https:\/\/portaltela.pt\/s.01k8rhncp4jt1\/2026\/02\/unnamed-file-1047.jpg\",\"width\":796,\"height\":448,\"caption\":\"Foram apreendidos150 sacos de carv\u00e3o vegetal frutos de explora\u00e7\u00e3o ilegal de florestas\"},{\"@type\":\"BreadcrumbList\",\"@id\":\"https:\/\/portaltela.pt\/noticias\/2026\/02\/03\/mocambique-apreende-carvao-vegetal-de-exploracao-ilegal\/#breadcrumb\",\"itemListElement\":[{\"@type\":\"ListItem\",\"position\":1,\"name\":\"In\u00edcio\",\"item\":\"https:\/\/portaltela.pt\/\"},{\"@type\":\"ListItem\",\"position\":2,\"name\":\"Mo\u00e7ambique apreende carv\u00e3o vegetal de explora\u00e7\u00e3o ilegal\"}]},{\"@type\":\"WebSite\",\"@id\":\"https:\/\/portaltela.pt\/#website\",\"url\":\"https:\/\/portaltela.pt\/\",\"name\":\"Portal Tela Portugal\",\"description\":\"\",\"potentialAction\":[{\"@type\":\"SearchAction\",\"target\":{\"@type\":\"EntryPoint\",\"urlTemplate\":\"https:\/\/portaltela.pt\/?s={search_term_string}\"},\"query-input\":{\"@type\":\"PropertyValueSpecification\",\"valueRequired\":true,\"valueName\":\"search_term_string\"}}],\"inLanguage\":\"pt-PT\"},{\"@type\":\"Person\",\"@id\":\"https:\/\/portaltela.pt\/#\/schema\/person\/c4278d4a6028830caff9ee44b42d32ed\",\"name\":\"Telinha\",\"image\":{\"@type\":\"ImageObject\",\"inLanguage\":\"pt-PT\",\"@id\":\"https:\/\/portaltela.pt\/s.01k8rhncp4jt1\/2025\/11\/talking-bot-125x125.png\",\"url\":\"https:\/\/portaltela.pt\/s.01k8rhncp4jt1\/2025\/11\/talking-bot-125x125.png\",\"contentUrl\":\"https:\/\/portaltela.pt\/s.01k8rhncp4jt1\/2025\/11\/talking-bot-125x125.png\",\"caption\":\"Telinha\"},\"sameAs\":[\"https:\/\/portaltela.pt\/\"],\"url\":\"https:\/\/portaltela.pt\/por\/367410592786\/\"}]}<\/script>\n<!-- \/ Yoast SEO plugin. -->","yoast_head_json":{"title":"Mo\u00e7ambique apreende carv\u00e3o vegetal de explora\u00e7\u00e3o ilegal - Portal Tela Portugal","robots":{"index":"index","follow":"follow","max-snippet":"max-snippet:-1","max-image-preview":"max-image-preview:large","max-video-preview":"max-video-preview:-1"},"og_locale":"pt_PT","og_type":"article","og_title":"Mo\u00e7ambique apreende carv\u00e3o vegetal de explora\u00e7\u00e3o ilegal - Portal Tela Portugal","og_description":"A Ag\u00eancia Nacional para o Controlo da Qualidade Ambiental apreendeu 150 sacos de carv\u00e3o vegetal fruto de explora\u00e7\u00e3o ilegal de florestas, na cidade e prov\u00edncia de Maputo, Mo\u00e7ambique. O transporte ocorreu sem a devida documenta\u00e7\u00e3o legal e a viatura foi intercetada durante a\u00e7\u00f5es de fiscaliza\u00e7\u00e3o florestal de rotina. Os ocupantes da viatura abandonaram o ve\u00edculo e fugiram no momento da interpela\u00e7\u00e3o. A ag\u00eancia reitera o compromisso de proteger os recursos florestais e de combater a explora\u00e7\u00e3o ilegal de produtos florestais. O pa\u00eds estima perder cerca de 500 milh\u00f5es de d\u00f3lares por ano em pr\u00e1ticas insustent\u00e1veis no setor florestal, segundo o Forest Stewardship Council (FSC).","og_url":"https:\/\/portaltela.pt\/noticias\/2026\/02\/03\/mocambique-apreende-carvao-vegetal-de-exploracao-ilegal\/","og_site_name":"Portal Tela Portugal","article_published_time":"2026-02-04T00:08:21+00:00","author":"Telinha","twitter_card":"summary_large_image","twitter_misc":{"Escrito por":"Telinha","Tempo estimado de leitura":"1 minuto"},"schema":{"@context":"https:\/\/schema.org","@graph":[{"@type":"Article","@id":"https:\/\/portaltela.pt\/noticias\/2026\/02\/03\/mocambique-apreende-carvao-vegetal-de-exploracao-ilegal\/#article","isPartOf":{"@id":"https:\/\/portaltela.pt\/noticias\/2026\/02\/03\/mocambique-apreende-carvao-vegetal-de-exploracao-ilegal\/"},"author":{"name":"Telinha","@id":"https:\/\/portaltela.pt\/#\/schema\/person\/c4278d4a6028830caff9ee44b42d32ed"},"headline":"Mo\u00e7ambique apreende carv\u00e3o vegetal de explora\u00e7\u00e3o ilegal","datePublished":"2026-02-04T00:08:21+00:00","mainEntityOfPage":{"@id":"https:\/\/portaltela.pt\/noticias\/2026\/02\/03\/mocambique-apreende-carvao-vegetal-de-exploracao-ilegal\/"},"wordCount":299,"image":{"@id":"https:\/\/portaltela.pt\/noticias\/2026\/02\/03\/mocambique-apreende-carvao-vegetal-de-exploracao-ilegal\/#primaryimage"},"thumbnailUrl":"https:\/\/portaltela.pt\/s.01k8rhncp4jt1\/2026\/02\/unnamed-file-1047.jpg","keywords":["ambiente","desfloresta\u00e7\u00e3o","fiscaliza\u00e7\u00e3o","florestal","Mo\u00e7ambique","prote\u00e7\u00e3o ambiental"],"articleSection":["Not\u00edcias"],"inLanguage":"pt-PT"},{"@type":"WebPage","@id":"https:\/\/portaltela.pt\/noticias\/2026\/02\/03\/mocambique-apreende-carvao-vegetal-de-exploracao-ilegal\/","url":"https:\/\/portaltela.pt\/noticias\/2026\/02\/03\/mocambique-apreende-carvao-vegetal-de-exploracao-ilegal\/","name":"Mo\u00e7ambique apreende carv\u00e3o vegetal de explora\u00e7\u00e3o ilegal - Portal Tela Portugal","isPartOf":{"@id":"https:\/\/portaltela.pt\/#website"},"primaryImageOfPage":{"@id":"https:\/\/portaltela.pt\/noticias\/2026\/02\/03\/mocambique-apreende-carvao-vegetal-de-exploracao-ilegal\/#primaryimage"},"image":{"@id":"https:\/\/portaltela.pt\/noticias\/2026\/02\/03\/mocambique-apreende-carvao-vegetal-de-exploracao-ilegal\/#primaryimage"},"thumbnailUrl":"https:\/\/portaltela.pt\/s.01k8rhncp4jt1\/2026\/02\/unnamed-file-1047.jpg","datePublished":"2026-02-04T00:08:21+00:00","author":{"@id":"https:\/\/portaltela.pt\/#\/schema\/person\/c4278d4a6028830caff9ee44b42d32ed"},"breadcrumb":{"@id":"https:\/\/portaltela.pt\/noticias\/2026\/02\/03\/mocambique-apreende-carvao-vegetal-de-exploracao-ilegal\/#breadcrumb"},"inLanguage":"pt-PT","potentialAction":[{"@type":"ReadAction","target":["https:\/\/portaltela.pt\/noticias\/2026\/02\/03\/mocambique-apreende-carvao-vegetal-de-exploracao-ilegal\/"]}]},{"@type":"ImageObject","inLanguage":"pt-PT","@id":"https:\/\/portaltela.pt\/noticias\/2026\/02\/03\/mocambique-apreende-carvao-vegetal-de-exploracao-ilegal\/#primaryimage","url":"https:\/\/portaltela.pt\/s.01k8rhncp4jt1\/2026\/02\/unnamed-file-1047.jpg","contentUrl":"https:\/\/portaltela.pt\/s.01k8rhncp4jt1\/2026\/02\/unnamed-file-1047.jpg","width":796,"height":448,"caption":"Foram apreendidos150 sacos de carv\u00e3o vegetal frutos de explora\u00e7\u00e3o ilegal de florestas"},{"@type":"BreadcrumbList","@id":"https:\/\/portaltela.pt\/noticias\/2026\/02\/03\/mocambique-apreende-carvao-vegetal-de-exploracao-ilegal\/#breadcrumb","itemListElement":[{"@type":"ListItem","position":1,"name":"In\u00edcio","item":"https:\/\/portaltela.pt\/"},{"@type":"ListItem","position":2,"name":"Mo\u00e7ambique apreende carv\u00e3o vegetal de explora\u00e7\u00e3o ilegal"}]},{"@type":"WebSite","@id":"https:\/\/portaltela.pt\/#website","url":"https:\/\/portaltela.pt\/","name":"Portal Tela Portugal","description":"","potentialAction":[{"@type":"SearchAction","target":{"@type":"EntryPoint","urlTemplate":"https:\/\/portaltela.pt\/?s={search_term_string}"},"query-input":{"@type":"PropertyValueSpecification","valueRequired":true,"valueName":"search_term_string"}}],"inLanguage":"pt-PT"},{"@type":"Person","@id":"https:\/\/portaltela.pt\/#\/schema\/person\/c4278d4a6028830caff9ee44b42d32ed","name":"Telinha","image":{"@type":"ImageObject","inLanguage":"pt-PT","@id":"https:\/\/portaltela.pt\/s.01k8rhncp4jt1\/2025\/11\/talking-bot-125x125.png","url":"https:\/\/portaltela.pt\/s.01k8rhncp4jt1\/2025\/11\/talking-bot-125x125.png","contentUrl":"https:\/\/portaltela.pt\/s.01k8rhncp4jt1\/2025\/11\/talking-bot-125x125.png","caption":"Telinha"},"sameAs":["https:\/\/portaltela.pt\/"],"url":"https:\/\/portaltela.pt\/por\/367410592786\/"}]}},"_links":{"self":[{"href":"https:\/\/portaltela.pt\/api\/wp\/v2\/posts\/195455","targetHints":{"allow":["GET"]}}],"collection":[{"href":"https:\/\/portaltela.pt\/api\/wp\/v2\/posts"}],"about":[{"href":"https:\/\/portaltela.pt\/api\/wp\/v2\/types\/post"}],"author":[{"embeddable":true,"href":"https:\/\/portaltela.pt\/api\/wp\/v2\/users\/2"}],"replies":[{"embeddable":true,"href":"https:\/\/portaltela.pt\/api\/wp\/v2\/comments?post=195455"}],"version-history":[{"count":0,"href":"https:\/\/portaltela.pt\/api\/wp\/v2\/posts\/195455\/revisions"}],"wp:featuredmedia":[{"embeddable":true,"href":"https:\/\/portaltela.pt\/api\/wp\/v2\/media\/195461"}],"wp:attachment":[{"href":"https:\/\/portaltela.pt\/api\/wp\/v2\/media?parent=195455"}],"wp:term":[{"taxonomy":"category","embeddable":true,"href":"https:\/\/portaltela.pt\/api\/wp\/v2\/categories?post=195455"},{"taxonomy":"post_tag","embeddable":true,"href":"https:\/\/portaltela.pt\/api\/wp\/v2\/tags?post=195455"}],"curies":[{"name":"wp","href":"https:\/\/api.w.org\/{rel}","templated":true}]}}