{"id":195430,"date":"2026-02-03T21:00:00","date_gmt":"2026-02-04T00:00:00","guid":{"rendered":"https:\/\/portaltela.pt\/noticias\/2026\/02\/03\/luta-contra-o-cancro-exige-mais-inovacao-e-colaboracao\/"},"modified":"2026-02-03T21:00:00","modified_gmt":"2026-02-04T00:00:00","slug":"luta-contra-o-cancro-exige-mais-inovacao-e-colaboracao","status":"publish","type":"post","link":"https:\/\/portaltela.pt\/noticias\/2026\/02\/03\/luta-contra-o-cancro-exige-mais-inovacao-e-colaboracao\/","title":{"rendered":"Luta contra o cancro exige mais inova\u00e7\u00e3o e colabora\u00e7\u00e3o"},"content":{"rendered":"<p>O Dia Mundial do Cancro, celebrado a 4 de fevereiro, serve de marco para refor\u00e7ar a necessidade de inova\u00e7\u00e3o e colabora\u00e7\u00e3o no combate \u00e0 doen\u00e7a. Organiza\u00e7\u00f5es de sa\u00fade, p\u00fablicas e privadas, destacam que cada experi\u00eancia com o cancro \u00e9 \u00fanica e requer respostas personalizadas.<\/p>\n<p>Segundo a IARC, o n\u00famero de novos casos na Europa deve subir mais de 22% at\u00e9 2045, devido ao envelhecimento e a estilos de vida. Em Portugal, o Registo Europeu das Desigualdades no Cancro aponta um aumento de cerca de 20% at\u00e9 2040.<\/p>\n<p>O texto refor\u00e7a que o cancro continua a ser a segunda principal causa de morte em Portugal, aumentando a urg\u00eancia de estrat\u00e9gias integradas de preven\u00e7\u00e3o, rastreio e tratamento. A humaniza\u00e7\u00e3o dos cuidados aparece como princ\u00edpio orientador.<\/p>\n<p>A tecnologia \u00e9 apontada como motor de melhoria. Imagiologia avan\u00e7ada e intelig\u00eancia artificial ajudam no diagn\u00f3stico precoce, com decis\u00f5es cl\u00ednicas mais personalizadas e interven\u00e7\u00f5es mais r\u00e1pidas. O objetivo \u00e9 reduzir a agressividade do tratamento.<\/p>\n<p>A sustentabilidade do sistema de sa\u00fade tamb\u00e9m \u00e9 destacada. Equipamentos eficientes, plataformas digitais e ferramentas de apoio aos profissionais s\u00e3o cruciais para enfrentar o aumento previsto da incid\u00eancia sem sobrecarregar recursos.<\/p>\n<p>As organiza\u00e7\u00f5es enfatizam que as solu\u00e7\u00f5es devem adaptar-se \u00e0 trajet\u00f3ria de cada pessoa, respeitando o contexto individual. A inova\u00e7\u00e3o tecnol\u00f3gica e as pol\u00edticas de sa\u00fade devem ter esse princ\u00edpio como refer\u00eancia.<\/p>\n<p>Inovar com humanidade \u00e9 apresentado como requisito imprescind\u00edvel. A converg\u00eancia entre ci\u00eancia e humanismo nos cuidados de sa\u00fade \u00e9 apontada como caminho para respostas cl\u00ednicas, apoio e respeito ao longo de toda a jornada do doente.<\/p>\n<p>Fonte: Dire\u00e7\u00e3o-Geral da Fujifilm para Espanha e Portugal.<\/p>\n","protected":false},"excerpt":{"rendered":"<ul>\n<li>No Dia Mundial do Cancro, a 4 de fevereiro, \u00e9 sublinhada a necessidade de inova\u00e7\u00e3o e de cuidados centrados na pessoa, envolvendo o setor p\u00fablico, privado e a tecnologia.<\/li>\n<li>A Ag\u00eancia Internacional para a Investiga\u00e7\u00e3o do Cancro prev\u00ea mais de 22% de novos casos na Europa at\u00e9 2045, com Portugal estimando um aumento de cerca de 20% at\u00e9 2040.<\/li>\n<li>O cancro continua a ser a segunda principal causa de morte em Portugal, sendo essencial investir em preven\u00e7\u00e3o, rastreio e tratamento para reduzir desigualdades no acesso aos cuidados.<\/li>\n<li>A tecnologia, desde imagiologia m\u00e9dica avan\u00e7ada at\u00e9 intelig\u00eancia artificial, tem permitido diagn\u00f3sticos mais r\u00e1pidos e precisos, interven\u00e7\u00f5es precoces e decis\u00f5es cl\u00ednicas mais personalizadas.<\/li>\n<li>Al\u00e9m de inova\u00e7\u00e3o tecnol\u00f3gica, \u00e9 fundamental refor\u00e7ar estrat\u00e9gias de preven\u00e7\u00e3o e diagn\u00f3stico precoce, assegurando sustentabilidade do sistema de sa\u00fade e melhoria da experi\u00eancia do doente.<\/li>\n<\/ul>\n","protected":false},"author":2,"featured_media":195436,"comment_status":"closed","ping_status":"closed","sticky":false,"template":"","format":"standard","meta":{"footnotes":""},"categories":[1],"tags":[5083,33,51,215,172,153],"class_list":["post-195430","post","type-post","status-publish","format-standard","has-post-thumbnail","hentry","category-noticias","tag-codigo-europeu-contra-o-cancro","tag-inovacao","tag-inteligencia-artificial","tag-investigacao","tag-saude","tag-tecnologia"],"yoast_head":"<!-- This site is optimized with the Yoast SEO plugin v27.2 - https:\/\/yoast.com\/product\/yoast-seo-wordpress\/ -->\n<title>Luta contra o cancro exige mais inova\u00e7\u00e3o e colabora\u00e7\u00e3o - Portal Tela Portugal<\/title>\n<meta name=\"robots\" content=\"index, follow, max-snippet:-1, max-image-preview:large, max-video-preview:-1\" \/>\n<meta property=\"og:locale\" content=\"pt_PT\" \/>\n<meta property=\"og:type\" content=\"article\" \/>\n<meta property=\"og:title\" content=\"Luta contra o cancro exige mais inova\u00e7\u00e3o e colabora\u00e7\u00e3o - Portal Tela Portugal\" \/>\n<meta property=\"og:description\" content=\"No Dia Mundial do Cancro, a 4 de fevereiro, \u00e9 sublinhada a necessidade de inova\u00e7\u00e3o e de cuidados centrados na pessoa, envolvendo o setor p\u00fablico, privado e a tecnologia. A Ag\u00eancia Internacional para a Investiga\u00e7\u00e3o do Cancro prev\u00ea mais de 22% de novos casos na Europa at\u00e9 2045, com Portugal estimando um aumento de cerca de 20% at\u00e9 2040. O cancro continua a ser a segunda principal causa de morte em Portugal, sendo essencial investir em preven\u00e7\u00e3o, rastreio e tratamento para reduzir desigualdades no acesso aos cuidados. A tecnologia, desde imagiologia m\u00e9dica avan\u00e7ada at\u00e9 intelig\u00eancia artificial, tem permitido diagn\u00f3sticos mais r\u00e1pidos e precisos, interven\u00e7\u00f5es precoces e decis\u00f5es cl\u00ednicas mais personalizadas. Al\u00e9m de inova\u00e7\u00e3o tecnol\u00f3gica, \u00e9 fundamental refor\u00e7ar estrat\u00e9gias de preven\u00e7\u00e3o e diagn\u00f3stico precoce, assegurando sustentabilidade do sistema de sa\u00fade e melhoria da experi\u00eancia do doente.\" \/>\n<meta property=\"og:url\" content=\"https:\/\/portaltela.pt\/noticias\/2026\/02\/03\/luta-contra-o-cancro-exige-mais-inovacao-e-colaboracao\/\" \/>\n<meta property=\"og:site_name\" content=\"Portal Tela Portugal\" \/>\n<meta property=\"article:published_time\" content=\"2026-02-04T00:00:00+00:00\" \/>\n<meta name=\"author\" content=\"Telinha\" \/>\n<meta name=\"twitter:card\" content=\"summary_large_image\" \/>\n<meta name=\"twitter:label1\" content=\"Escrito por\" \/>\n\t<meta name=\"twitter:data1\" content=\"Telinha\" \/>\n\t<meta name=\"twitter:label2\" content=\"Tempo estimado de leitura\" \/>\n\t<meta name=\"twitter:data2\" content=\"1 minuto\" \/>\n<script type=\"application\/ld+json\" class=\"yoast-schema-graph\">{\"@context\":\"https:\/\/schema.org\",\"@graph\":[{\"@type\":\"Article\",\"@id\":\"https:\/\/portaltela.pt\/noticias\/2026\/02\/03\/luta-contra-o-cancro-exige-mais-inovacao-e-colaboracao\/#article\",\"isPartOf\":{\"@id\":\"https:\/\/portaltela.pt\/noticias\/2026\/02\/03\/luta-contra-o-cancro-exige-mais-inovacao-e-colaboracao\/\"},\"author\":{\"name\":\"Telinha\",\"@id\":\"https:\/\/portaltela.pt\/#\/schema\/person\/c4278d4a6028830caff9ee44b42d32ed\"},\"headline\":\"Luta contra o cancro exige mais inova\u00e7\u00e3o e colabora\u00e7\u00e3o\",\"datePublished\":\"2026-02-04T00:00:00+00:00\",\"mainEntityOfPage\":{\"@id\":\"https:\/\/portaltela.pt\/noticias\/2026\/02\/03\/luta-contra-o-cancro-exige-mais-inovacao-e-colaboracao\/\"},\"wordCount\":302,\"image\":{\"@id\":\"https:\/\/portaltela.pt\/noticias\/2026\/02\/03\/luta-contra-o-cancro-exige-mais-inovacao-e-colaboracao\/#primaryimage\"},\"thumbnailUrl\":\"https:\/\/portaltela.pt\/s.01k8rhncp4jt1\/2026\/02\/e50cf70d381d801b270706d00074b317a6d4ed4e.jpg\",\"keywords\":[\"C\u00f3digo Europeu Contra o Cancro\",\"inova\u00e7\u00e3o\",\"intelig\u00eancia artificial\",\"investiga\u00e7\u00e3o\",\"sa\u00fade\",\"tecnologia\"],\"articleSection\":[\"Not\u00edcias\"],\"inLanguage\":\"pt-PT\"},{\"@type\":\"WebPage\",\"@id\":\"https:\/\/portaltela.pt\/noticias\/2026\/02\/03\/luta-contra-o-cancro-exige-mais-inovacao-e-colaboracao\/\",\"url\":\"https:\/\/portaltela.pt\/noticias\/2026\/02\/03\/luta-contra-o-cancro-exige-mais-inovacao-e-colaboracao\/\",\"name\":\"Luta contra o cancro exige mais inova\u00e7\u00e3o e colabora\u00e7\u00e3o - Portal Tela Portugal\",\"isPartOf\":{\"@id\":\"https:\/\/portaltela.pt\/#website\"},\"primaryImageOfPage\":{\"@id\":\"https:\/\/portaltela.pt\/noticias\/2026\/02\/03\/luta-contra-o-cancro-exige-mais-inovacao-e-colaboracao\/#primaryimage\"},\"image\":{\"@id\":\"https:\/\/portaltela.pt\/noticias\/2026\/02\/03\/luta-contra-o-cancro-exige-mais-inovacao-e-colaboracao\/#primaryimage\"},\"thumbnailUrl\":\"https:\/\/portaltela.pt\/s.01k8rhncp4jt1\/2026\/02\/e50cf70d381d801b270706d00074b317a6d4ed4e.jpg\",\"datePublished\":\"2026-02-04T00:00:00+00:00\",\"author\":{\"@id\":\"https:\/\/portaltela.pt\/#\/schema\/person\/c4278d4a6028830caff9ee44b42d32ed\"},\"breadcrumb\":{\"@id\":\"https:\/\/portaltela.pt\/noticias\/2026\/02\/03\/luta-contra-o-cancro-exige-mais-inovacao-e-colaboracao\/#breadcrumb\"},\"inLanguage\":\"pt-PT\",\"potentialAction\":[{\"@type\":\"ReadAction\",\"target\":[\"https:\/\/portaltela.pt\/noticias\/2026\/02\/03\/luta-contra-o-cancro-exige-mais-inovacao-e-colaboracao\/\"]}]},{\"@type\":\"ImageObject\",\"inLanguage\":\"pt-PT\",\"@id\":\"https:\/\/portaltela.pt\/noticias\/2026\/02\/03\/luta-contra-o-cancro-exige-mais-inovacao-e-colaboracao\/#primaryimage\",\"url\":\"https:\/\/portaltela.pt\/s.01k8rhncp4jt1\/2026\/02\/e50cf70d381d801b270706d00074b317a6d4ed4e.jpg\",\"contentUrl\":\"https:\/\/portaltela.pt\/s.01k8rhncp4jt1\/2026\/02\/e50cf70d381d801b270706d00074b317a6d4ed4e.jpg\",\"width\":796,\"height\":448,\"caption\":\"Photo\"},{\"@type\":\"BreadcrumbList\",\"@id\":\"https:\/\/portaltela.pt\/noticias\/2026\/02\/03\/luta-contra-o-cancro-exige-mais-inovacao-e-colaboracao\/#breadcrumb\",\"itemListElement\":[{\"@type\":\"ListItem\",\"position\":1,\"name\":\"In\u00edcio\",\"item\":\"https:\/\/portaltela.pt\/\"},{\"@type\":\"ListItem\",\"position\":2,\"name\":\"Luta contra o cancro exige mais inova\u00e7\u00e3o e colabora\u00e7\u00e3o\"}]},{\"@type\":\"WebSite\",\"@id\":\"https:\/\/portaltela.pt\/#website\",\"url\":\"https:\/\/portaltela.pt\/\",\"name\":\"Portal Tela Portugal\",\"description\":\"\",\"potentialAction\":[{\"@type\":\"SearchAction\",\"target\":{\"@type\":\"EntryPoint\",\"urlTemplate\":\"https:\/\/portaltela.pt\/?s={search_term_string}\"},\"query-input\":{\"@type\":\"PropertyValueSpecification\",\"valueRequired\":true,\"valueName\":\"search_term_string\"}}],\"inLanguage\":\"pt-PT\"},{\"@type\":\"Person\",\"@id\":\"https:\/\/portaltela.pt\/#\/schema\/person\/c4278d4a6028830caff9ee44b42d32ed\",\"name\":\"Telinha\",\"image\":{\"@type\":\"ImageObject\",\"inLanguage\":\"pt-PT\",\"@id\":\"https:\/\/portaltela.pt\/s.01k8rhncp4jt1\/2025\/11\/talking-bot-125x125.png\",\"url\":\"https:\/\/portaltela.pt\/s.01k8rhncp4jt1\/2025\/11\/talking-bot-125x125.png\",\"contentUrl\":\"https:\/\/portaltela.pt\/s.01k8rhncp4jt1\/2025\/11\/talking-bot-125x125.png\",\"caption\":\"Telinha\"},\"sameAs\":[\"https:\/\/portaltela.pt\/\"],\"url\":\"https:\/\/portaltela.pt\/por\/367410592786\/\"}]}<\/script>\n<!-- \/ Yoast SEO plugin. -->","yoast_head_json":{"title":"Luta contra o cancro exige mais inova\u00e7\u00e3o e colabora\u00e7\u00e3o - Portal Tela Portugal","robots":{"index":"index","follow":"follow","max-snippet":"max-snippet:-1","max-image-preview":"max-image-preview:large","max-video-preview":"max-video-preview:-1"},"og_locale":"pt_PT","og_type":"article","og_title":"Luta contra o cancro exige mais inova\u00e7\u00e3o e colabora\u00e7\u00e3o - Portal Tela Portugal","og_description":"No Dia Mundial do Cancro, a 4 de fevereiro, \u00e9 sublinhada a necessidade de inova\u00e7\u00e3o e de cuidados centrados na pessoa, envolvendo o setor p\u00fablico, privado e a tecnologia. A Ag\u00eancia Internacional para a Investiga\u00e7\u00e3o do Cancro prev\u00ea mais de 22% de novos casos na Europa at\u00e9 2045, com Portugal estimando um aumento de cerca de 20% at\u00e9 2040. O cancro continua a ser a segunda principal causa de morte em Portugal, sendo essencial investir em preven\u00e7\u00e3o, rastreio e tratamento para reduzir desigualdades no acesso aos cuidados. A tecnologia, desde imagiologia m\u00e9dica avan\u00e7ada at\u00e9 intelig\u00eancia artificial, tem permitido diagn\u00f3sticos mais r\u00e1pidos e precisos, interven\u00e7\u00f5es precoces e decis\u00f5es cl\u00ednicas mais personalizadas. Al\u00e9m de inova\u00e7\u00e3o tecnol\u00f3gica, \u00e9 fundamental refor\u00e7ar estrat\u00e9gias de preven\u00e7\u00e3o e diagn\u00f3stico precoce, assegurando sustentabilidade do sistema de sa\u00fade e melhoria da experi\u00eancia do doente.","og_url":"https:\/\/portaltela.pt\/noticias\/2026\/02\/03\/luta-contra-o-cancro-exige-mais-inovacao-e-colaboracao\/","og_site_name":"Portal Tela Portugal","article_published_time":"2026-02-04T00:00:00+00:00","author":"Telinha","twitter_card":"summary_large_image","twitter_misc":{"Escrito por":"Telinha","Tempo estimado de leitura":"1 minuto"},"schema":{"@context":"https:\/\/schema.org","@graph":[{"@type":"Article","@id":"https:\/\/portaltela.pt\/noticias\/2026\/02\/03\/luta-contra-o-cancro-exige-mais-inovacao-e-colaboracao\/#article","isPartOf":{"@id":"https:\/\/portaltela.pt\/noticias\/2026\/02\/03\/luta-contra-o-cancro-exige-mais-inovacao-e-colaboracao\/"},"author":{"name":"Telinha","@id":"https:\/\/portaltela.pt\/#\/schema\/person\/c4278d4a6028830caff9ee44b42d32ed"},"headline":"Luta contra o cancro exige mais inova\u00e7\u00e3o e colabora\u00e7\u00e3o","datePublished":"2026-02-04T00:00:00+00:00","mainEntityOfPage":{"@id":"https:\/\/portaltela.pt\/noticias\/2026\/02\/03\/luta-contra-o-cancro-exige-mais-inovacao-e-colaboracao\/"},"wordCount":302,"image":{"@id":"https:\/\/portaltela.pt\/noticias\/2026\/02\/03\/luta-contra-o-cancro-exige-mais-inovacao-e-colaboracao\/#primaryimage"},"thumbnailUrl":"https:\/\/portaltela.pt\/s.01k8rhncp4jt1\/2026\/02\/e50cf70d381d801b270706d00074b317a6d4ed4e.jpg","keywords":["C\u00f3digo Europeu Contra o Cancro","inova\u00e7\u00e3o","intelig\u00eancia artificial","investiga\u00e7\u00e3o","sa\u00fade","tecnologia"],"articleSection":["Not\u00edcias"],"inLanguage":"pt-PT"},{"@type":"WebPage","@id":"https:\/\/portaltela.pt\/noticias\/2026\/02\/03\/luta-contra-o-cancro-exige-mais-inovacao-e-colaboracao\/","url":"https:\/\/portaltela.pt\/noticias\/2026\/02\/03\/luta-contra-o-cancro-exige-mais-inovacao-e-colaboracao\/","name":"Luta contra o cancro exige mais inova\u00e7\u00e3o e colabora\u00e7\u00e3o - Portal Tela Portugal","isPartOf":{"@id":"https:\/\/portaltela.pt\/#website"},"primaryImageOfPage":{"@id":"https:\/\/portaltela.pt\/noticias\/2026\/02\/03\/luta-contra-o-cancro-exige-mais-inovacao-e-colaboracao\/#primaryimage"},"image":{"@id":"https:\/\/portaltela.pt\/noticias\/2026\/02\/03\/luta-contra-o-cancro-exige-mais-inovacao-e-colaboracao\/#primaryimage"},"thumbnailUrl":"https:\/\/portaltela.pt\/s.01k8rhncp4jt1\/2026\/02\/e50cf70d381d801b270706d00074b317a6d4ed4e.jpg","datePublished":"2026-02-04T00:00:00+00:00","author":{"@id":"https:\/\/portaltela.pt\/#\/schema\/person\/c4278d4a6028830caff9ee44b42d32ed"},"breadcrumb":{"@id":"https:\/\/portaltela.pt\/noticias\/2026\/02\/03\/luta-contra-o-cancro-exige-mais-inovacao-e-colaboracao\/#breadcrumb"},"inLanguage":"pt-PT","potentialAction":[{"@type":"ReadAction","target":["https:\/\/portaltela.pt\/noticias\/2026\/02\/03\/luta-contra-o-cancro-exige-mais-inovacao-e-colaboracao\/"]}]},{"@type":"ImageObject","inLanguage":"pt-PT","@id":"https:\/\/portaltela.pt\/noticias\/2026\/02\/03\/luta-contra-o-cancro-exige-mais-inovacao-e-colaboracao\/#primaryimage","url":"https:\/\/portaltela.pt\/s.01k8rhncp4jt1\/2026\/02\/e50cf70d381d801b270706d00074b317a6d4ed4e.jpg","contentUrl":"https:\/\/portaltela.pt\/s.01k8rhncp4jt1\/2026\/02\/e50cf70d381d801b270706d00074b317a6d4ed4e.jpg","width":796,"height":448,"caption":"Photo"},{"@type":"BreadcrumbList","@id":"https:\/\/portaltela.pt\/noticias\/2026\/02\/03\/luta-contra-o-cancro-exige-mais-inovacao-e-colaboracao\/#breadcrumb","itemListElement":[{"@type":"ListItem","position":1,"name":"In\u00edcio","item":"https:\/\/portaltela.pt\/"},{"@type":"ListItem","position":2,"name":"Luta contra o cancro exige mais inova\u00e7\u00e3o e colabora\u00e7\u00e3o"}]},{"@type":"WebSite","@id":"https:\/\/portaltela.pt\/#website","url":"https:\/\/portaltela.pt\/","name":"Portal Tela Portugal","description":"","potentialAction":[{"@type":"SearchAction","target":{"@type":"EntryPoint","urlTemplate":"https:\/\/portaltela.pt\/?s={search_term_string}"},"query-input":{"@type":"PropertyValueSpecification","valueRequired":true,"valueName":"search_term_string"}}],"inLanguage":"pt-PT"},{"@type":"Person","@id":"https:\/\/portaltela.pt\/#\/schema\/person\/c4278d4a6028830caff9ee44b42d32ed","name":"Telinha","image":{"@type":"ImageObject","inLanguage":"pt-PT","@id":"https:\/\/portaltela.pt\/s.01k8rhncp4jt1\/2025\/11\/talking-bot-125x125.png","url":"https:\/\/portaltela.pt\/s.01k8rhncp4jt1\/2025\/11\/talking-bot-125x125.png","contentUrl":"https:\/\/portaltela.pt\/s.01k8rhncp4jt1\/2025\/11\/talking-bot-125x125.png","caption":"Telinha"},"sameAs":["https:\/\/portaltela.pt\/"],"url":"https:\/\/portaltela.pt\/por\/367410592786\/"}]}},"_links":{"self":[{"href":"https:\/\/portaltela.pt\/api\/wp\/v2\/posts\/195430","targetHints":{"allow":["GET"]}}],"collection":[{"href":"https:\/\/portaltela.pt\/api\/wp\/v2\/posts"}],"about":[{"href":"https:\/\/portaltela.pt\/api\/wp\/v2\/types\/post"}],"author":[{"embeddable":true,"href":"https:\/\/portaltela.pt\/api\/wp\/v2\/users\/2"}],"replies":[{"embeddable":true,"href":"https:\/\/portaltela.pt\/api\/wp\/v2\/comments?post=195430"}],"version-history":[{"count":0,"href":"https:\/\/portaltela.pt\/api\/wp\/v2\/posts\/195430\/revisions"}],"wp:featuredmedia":[{"embeddable":true,"href":"https:\/\/portaltela.pt\/api\/wp\/v2\/media\/195436"}],"wp:attachment":[{"href":"https:\/\/portaltela.pt\/api\/wp\/v2\/media?parent=195430"}],"wp:term":[{"taxonomy":"category","embeddable":true,"href":"https:\/\/portaltela.pt\/api\/wp\/v2\/categories?post=195430"},{"taxonomy":"post_tag","embeddable":true,"href":"https:\/\/portaltela.pt\/api\/wp\/v2\/tags?post=195430"}],"curies":[{"name":"wp","href":"https:\/\/api.w.org\/{rel}","templated":true}]}}