{"id":195424,"date":"2026-02-03T20:50:43","date_gmt":"2026-02-03T23:50:43","guid":{"rendered":"https:\/\/portaltela.pt\/noticias\/2026\/02\/03\/mp-solicita-inabilitacao-de-le-pen-sem-aplicacao-imediata\/"},"modified":"2026-02-03T20:50:43","modified_gmt":"2026-02-03T23:50:43","slug":"mp-solicita-inabilitacao-de-le-pen-sem-aplicacao-imediata","status":"publish","type":"post","link":"https:\/\/portaltela.pt\/noticias\/internacional\/2026\/02\/03\/mp-solicita-inabilitacao-de-le-pen-sem-aplicacao-imediata\/","title":{"rendered":"MP solicita inabilita\u00e7\u00e3o de Le Pen sem aplica\u00e7\u00e3o imediata"},"content":{"rendered":"<p>O Minist\u00e9rio P\u00fablico franc\u00eas pediu nesta ter\u00e7a-feira a confirma\u00e7\u00e3o em segunda inst\u00e2ncia da condena\u00e7\u00e3o de Marine Le Pen, l\u00edder da Uni\u00e3o Nacional, a cinco anos de inibi\u00e7\u00e3o de cargos p\u00fablicos, sem aplica\u00e7\u00e3o imediata.<\/p>\n<p>Solicitou tamb\u00e9m uma pena de four anos de pris\u00e3o, com apenas um ano efetivo, monitoriza\u00e7\u00e3o eletr\u00f3nica, e uma multa de 100 mil euros, no \u00e2mbito do recurso da dirigente em Paris.<\/p>\n<p>A decis\u00e3o sobre o recurso deve chegar neste ver\u00e3o, mantendo a inibi\u00e7\u00e3o pendente de decis\u00e3o imediata.<\/p>\n<p>Le Pen foi condenada em primeira inst\u00e2ncia, em mar\u00e7o de 2025, por desvio de fundos do Parlamento Europeu, na sequ\u00eancia do caso dos assistentes dos eurodeputados da Frente Nacional.<\/p>\n<p>O veredito apontou que o partido, hoje designado RN, utilizou assistentes para trabalhar para a forma\u00e7\u00e3o, em vez de fun\u00e7\u00f5es no Parlamento Europeu.<\/p>\n<p>A san\u00e7\u00e3o de inibi\u00e7\u00e3o aplicada na primeira inst\u00e2ncia era j\u00e1 exequ\u00edvel, o que a tornaria ineleg\u00edvel para a presid\u00eancia se n\u00e3o houver revers\u00e3o.<\/p>\n<p>Os dois procuradores que apresentaram a acusa\u00e7\u00e3o destacaram a exist\u00eancia de um esquema de financiamento ilegal do partido, envolvendo cerca de 20 pessoas condenadas na primeira inst\u00e2ncia, metade das quais atuais membros do RN.<\/p>\n<p>Criticaram a gest\u00e3o de Le Pen e sublinharam que um mandat\u00e1rio eleito n\u00e3o est\u00e1 acima da lei, refletindo sobre responsabilidade p\u00fablica.<\/p>\n<p>Defenderam que o Parlamento Europeu, financiado por impostos da UE, foi o principal alvo do desvio.<\/p>\n<p>Durante o julgamento do recurso, Le Pen defendeu-se, alegando erro involunt\u00e1rio, falta de inten\u00e7\u00e3o criminosa e boa-f\u00e9 nas a\u00e7\u00f5es.<\/p>\n<p>Argumentou que as medidas foram p\u00fablicas, e que o Parlamento Europeu n\u00e3o teria alertado para irregularidades.<\/p>\n<p>A defesa sustentou ainda que n\u00e3o houve intuito de criar um sistema para financiar ilegalmente o partido com fundos europeus.<\/p>\n<p>Em primeira inst\u00e2ncia, os ju\u00edzes entenderam comprovado que Le Pen herdou do pai um sistema de financiamento ilegal atrav\u00e9s de fundos destinados a assistentes parlamentares entre 2004 e 2016.<\/p>\n<p>O preju\u00edzo estimado para o Parlamento Europeu superou os quatro milh\u00f5es de euros, conforme o veredito de 2025.<\/p>\n<p>O caso envolve tamb\u00e9m a discuss\u00e3o sobre a responsabilidade de l\u00edderes eleitos perante a lei e as institui\u00e7\u00f5es comunit\u00e1rias.<\/p>\n","protected":false},"excerpt":{"rendered":"<ul>\n<li>O Minist\u00e9rio P\u00fablico franc\u00eas pediu confirma\u00e7\u00e3o em segunda inst\u00e2ncia da condena\u00e7\u00e3o de Marine Le Pen \u00e0 inibi\u00e7\u00e3o de cargos p\u00fablicos por cinco anos, mas n\u00e3o com aplica\u00e7\u00e3o imediata.<\/li>\n<li>Requer tamb\u00e9m uma pena de pris\u00e3o de quatro anos, com apenas um ano efetivo de pris\u00e3o com monitoriza\u00e7\u00e3o eletr\u00f3nica, e uma coima de 100 mil euros, no recurso em Paris.<\/li>\n<li>A decis\u00e3o do recurso est\u00e1 prevista para este ver\u00e3o. Le Pen saiu do tribunal sem declara\u00e7\u00f5es.<\/li>\n<li>Em primeira inst\u00e2ncia, em mar\u00e7o de 2025, Le Pen foi considerada culpada de desvio de fundos do Parlamento Europeu atrav\u00e9s de assistentes parlamentares para fins partid\u00e1rios, com preju\u00edzo superior a quatro milh\u00f5es de euros.<\/li>\n<li>Os procuradores criticaram o esquema envolvendo cerca de 20 pessoas ligadas \u00e0 Uni\u00e3o Nacional, destacando que o facto de ser eleito n\u00e3o a isenta da responsabilidade.<\/li>\n<\/ul>\n","protected":false},"author":2,"featured_media":195425,"comment_status":"closed","ping_status":"closed","sticky":false,"template":"","format":"standard","meta":{"footnotes":""},"categories":[4,1],"tags":[83,865,1856,215,2571,2832],"class_list":["post-195424","post","type-post","status-publish","format-standard","has-post-thumbnail","hentry","category-internacional","category-noticias","tag-corrupcao","tag-desvio-de-fundos","tag-franca","tag-investigacao","tag-marine-le-pen","tag-politica"],"yoast_head":"<!-- This site is optimized with the Yoast SEO plugin v27.2 - https:\/\/yoast.com\/product\/yoast-seo-wordpress\/ -->\n<title>MP solicita inabilita\u00e7\u00e3o de Le Pen sem aplica\u00e7\u00e3o imediata - Portal Tela Portugal<\/title>\n<meta name=\"robots\" content=\"index, follow, max-snippet:-1, max-image-preview:large, max-video-preview:-1\" \/>\n<meta property=\"og:locale\" content=\"pt_PT\" \/>\n<meta property=\"og:type\" content=\"article\" \/>\n<meta property=\"og:title\" content=\"MP solicita inabilita\u00e7\u00e3o de Le Pen sem aplica\u00e7\u00e3o imediata - Portal Tela Portugal\" \/>\n<meta property=\"og:description\" content=\"O Minist\u00e9rio P\u00fablico franc\u00eas pediu confirma\u00e7\u00e3o em segunda inst\u00e2ncia da condena\u00e7\u00e3o de Marine Le Pen \u00e0 inibi\u00e7\u00e3o de cargos p\u00fablicos por cinco anos, mas n\u00e3o com aplica\u00e7\u00e3o imediata. Requer tamb\u00e9m uma pena de pris\u00e3o de quatro anos, com apenas um ano efetivo de pris\u00e3o com monitoriza\u00e7\u00e3o eletr\u00f3nica, e uma coima de 100 mil euros, no recurso em Paris. A decis\u00e3o do recurso est\u00e1 prevista para este ver\u00e3o. Le Pen saiu do tribunal sem declara\u00e7\u00f5es. Em primeira inst\u00e2ncia, em mar\u00e7o de 2025, Le Pen foi considerada culpada de desvio de fundos do Parlamento Europeu atrav\u00e9s de assistentes parlamentares para fins partid\u00e1rios, com preju\u00edzo superior a quatro milh\u00f5es de euros. Os procuradores criticaram o esquema envolvendo cerca de 20 pessoas ligadas \u00e0 Uni\u00e3o Nacional, destacando que o facto de ser eleito n\u00e3o a isenta da responsabilidade.\" \/>\n<meta property=\"og:url\" content=\"https:\/\/portaltela.pt\/noticias\/2026\/02\/03\/mp-solicita-inabilitacao-de-le-pen-sem-aplicacao-imediata\/\" \/>\n<meta property=\"og:site_name\" content=\"Portal Tela Portugal\" \/>\n<meta property=\"article:published_time\" content=\"2026-02-03T23:50:43+00:00\" \/>\n<meta name=\"author\" content=\"Telinha\" \/>\n<meta name=\"twitter:card\" content=\"summary_large_image\" \/>\n<meta name=\"twitter:label1\" content=\"Escrito por\" \/>\n\t<meta name=\"twitter:data1\" content=\"Telinha\" \/>\n\t<meta name=\"twitter:label2\" content=\"Tempo estimado de leitura\" \/>\n\t<meta name=\"twitter:data2\" content=\"2 minutos\" \/>\n<script type=\"application\/ld+json\" class=\"yoast-schema-graph\">{\"@context\":\"https:\/\/schema.org\",\"@graph\":[{\"@type\":\"Article\",\"@id\":\"https:\/\/portaltela.pt\/noticias\/2026\/02\/03\/mp-solicita-inabilitacao-de-le-pen-sem-aplicacao-imediata\/#article\",\"isPartOf\":{\"@id\":\"https:\/\/portaltela.pt\/noticias\/2026\/02\/03\/mp-solicita-inabilitacao-de-le-pen-sem-aplicacao-imediata\/\"},\"author\":{\"name\":\"Telinha\",\"@id\":\"https:\/\/portaltela.pt\/#\/schema\/person\/c4278d4a6028830caff9ee44b42d32ed\"},\"headline\":\"MP solicita inabilita\u00e7\u00e3o de Le Pen sem aplica\u00e7\u00e3o imediata\",\"datePublished\":\"2026-02-03T23:50:43+00:00\",\"mainEntityOfPage\":{\"@id\":\"https:\/\/portaltela.pt\/noticias\/2026\/02\/03\/mp-solicita-inabilitacao-de-le-pen-sem-aplicacao-imediata\/\"},\"wordCount\":408,\"image\":{\"@id\":\"https:\/\/portaltela.pt\/noticias\/2026\/02\/03\/mp-solicita-inabilitacao-de-le-pen-sem-aplicacao-imediata\/#primaryimage\"},\"thumbnailUrl\":\"https:\/\/portaltela.pt\/s.01k8rhncp4jt1\/2026\/02\/unnamed-file-1041.jpg\",\"keywords\":[\"corrup\u00e7\u00e3o\",\"desvio de fundos\",\"Fran\u00e7a\",\"investiga\u00e7\u00e3o\",\"Marine Le Pen\",\"pol\u00edtica\"],\"articleSection\":[\"Internacional\",\"Not\u00edcias\"],\"inLanguage\":\"pt-PT\"},{\"@type\":\"WebPage\",\"@id\":\"https:\/\/portaltela.pt\/noticias\/2026\/02\/03\/mp-solicita-inabilitacao-de-le-pen-sem-aplicacao-imediata\/\",\"url\":\"https:\/\/portaltela.pt\/noticias\/2026\/02\/03\/mp-solicita-inabilitacao-de-le-pen-sem-aplicacao-imediata\/\",\"name\":\"MP solicita inabilita\u00e7\u00e3o de Le Pen sem aplica\u00e7\u00e3o imediata - Portal Tela Portugal\",\"isPartOf\":{\"@id\":\"https:\/\/portaltela.pt\/#website\"},\"primaryImageOfPage\":{\"@id\":\"https:\/\/portaltela.pt\/noticias\/2026\/02\/03\/mp-solicita-inabilitacao-de-le-pen-sem-aplicacao-imediata\/#primaryimage\"},\"image\":{\"@id\":\"https:\/\/portaltela.pt\/noticias\/2026\/02\/03\/mp-solicita-inabilitacao-de-le-pen-sem-aplicacao-imediata\/#primaryimage\"},\"thumbnailUrl\":\"https:\/\/portaltela.pt\/s.01k8rhncp4jt1\/2026\/02\/unnamed-file-1041.jpg\",\"datePublished\":\"2026-02-03T23:50:43+00:00\",\"author\":{\"@id\":\"https:\/\/portaltela.pt\/#\/schema\/person\/c4278d4a6028830caff9ee44b42d32ed\"},\"breadcrumb\":{\"@id\":\"https:\/\/portaltela.pt\/noticias\/2026\/02\/03\/mp-solicita-inabilitacao-de-le-pen-sem-aplicacao-imediata\/#breadcrumb\"},\"inLanguage\":\"pt-PT\",\"potentialAction\":[{\"@type\":\"ReadAction\",\"target\":[\"https:\/\/portaltela.pt\/noticias\/2026\/02\/03\/mp-solicita-inabilitacao-de-le-pen-sem-aplicacao-imediata\/\"]}]},{\"@type\":\"ImageObject\",\"inLanguage\":\"pt-PT\",\"@id\":\"https:\/\/portaltela.pt\/noticias\/2026\/02\/03\/mp-solicita-inabilitacao-de-le-pen-sem-aplicacao-imediata\/#primaryimage\",\"url\":\"https:\/\/portaltela.pt\/s.01k8rhncp4jt1\/2026\/02\/unnamed-file-1041.jpg\",\"contentUrl\":\"https:\/\/portaltela.pt\/s.01k8rhncp4jt1\/2026\/02\/unnamed-file-1041.jpg\",\"width\":796,\"height\":448,\"caption\":\"Marine Le Pen deixou o tribunal sem prestar declara\u00e7\u00f5es\"},{\"@type\":\"BreadcrumbList\",\"@id\":\"https:\/\/portaltela.pt\/noticias\/2026\/02\/03\/mp-solicita-inabilitacao-de-le-pen-sem-aplicacao-imediata\/#breadcrumb\",\"itemListElement\":[{\"@type\":\"ListItem\",\"position\":1,\"name\":\"In\u00edcio\",\"item\":\"https:\/\/portaltela.pt\/\"},{\"@type\":\"ListItem\",\"position\":2,\"name\":\"MP solicita inabilita\u00e7\u00e3o de Le Pen sem aplica\u00e7\u00e3o imediata\"}]},{\"@type\":\"WebSite\",\"@id\":\"https:\/\/portaltela.pt\/#website\",\"url\":\"https:\/\/portaltela.pt\/\",\"name\":\"Portal Tela Portugal\",\"description\":\"\",\"potentialAction\":[{\"@type\":\"SearchAction\",\"target\":{\"@type\":\"EntryPoint\",\"urlTemplate\":\"https:\/\/portaltela.pt\/?s={search_term_string}\"},\"query-input\":{\"@type\":\"PropertyValueSpecification\",\"valueRequired\":true,\"valueName\":\"search_term_string\"}}],\"inLanguage\":\"pt-PT\"},{\"@type\":\"Person\",\"@id\":\"https:\/\/portaltela.pt\/#\/schema\/person\/c4278d4a6028830caff9ee44b42d32ed\",\"name\":\"Telinha\",\"image\":{\"@type\":\"ImageObject\",\"inLanguage\":\"pt-PT\",\"@id\":\"https:\/\/portaltela.pt\/s.01k8rhncp4jt1\/2025\/11\/talking-bot-125x125.png\",\"url\":\"https:\/\/portaltela.pt\/s.01k8rhncp4jt1\/2025\/11\/talking-bot-125x125.png\",\"contentUrl\":\"https:\/\/portaltela.pt\/s.01k8rhncp4jt1\/2025\/11\/talking-bot-125x125.png\",\"caption\":\"Telinha\"},\"sameAs\":[\"https:\/\/portaltela.pt\/\"],\"url\":\"https:\/\/portaltela.pt\/por\/367410592786\/\"}]}<\/script>\n<!-- \/ Yoast SEO plugin. -->","yoast_head_json":{"title":"MP solicita inabilita\u00e7\u00e3o de Le Pen sem aplica\u00e7\u00e3o imediata - Portal Tela Portugal","robots":{"index":"index","follow":"follow","max-snippet":"max-snippet:-1","max-image-preview":"max-image-preview:large","max-video-preview":"max-video-preview:-1"},"og_locale":"pt_PT","og_type":"article","og_title":"MP solicita inabilita\u00e7\u00e3o de Le Pen sem aplica\u00e7\u00e3o imediata - Portal Tela Portugal","og_description":"O Minist\u00e9rio P\u00fablico franc\u00eas pediu confirma\u00e7\u00e3o em segunda inst\u00e2ncia da condena\u00e7\u00e3o de Marine Le Pen \u00e0 inibi\u00e7\u00e3o de cargos p\u00fablicos por cinco anos, mas n\u00e3o com aplica\u00e7\u00e3o imediata. Requer tamb\u00e9m uma pena de pris\u00e3o de quatro anos, com apenas um ano efetivo de pris\u00e3o com monitoriza\u00e7\u00e3o eletr\u00f3nica, e uma coima de 100 mil euros, no recurso em Paris. A decis\u00e3o do recurso est\u00e1 prevista para este ver\u00e3o. Le Pen saiu do tribunal sem declara\u00e7\u00f5es. Em primeira inst\u00e2ncia, em mar\u00e7o de 2025, Le Pen foi considerada culpada de desvio de fundos do Parlamento Europeu atrav\u00e9s de assistentes parlamentares para fins partid\u00e1rios, com preju\u00edzo superior a quatro milh\u00f5es de euros. Os procuradores criticaram o esquema envolvendo cerca de 20 pessoas ligadas \u00e0 Uni\u00e3o Nacional, destacando que o facto de ser eleito n\u00e3o a isenta da responsabilidade.","og_url":"https:\/\/portaltela.pt\/noticias\/2026\/02\/03\/mp-solicita-inabilitacao-de-le-pen-sem-aplicacao-imediata\/","og_site_name":"Portal Tela Portugal","article_published_time":"2026-02-03T23:50:43+00:00","author":"Telinha","twitter_card":"summary_large_image","twitter_misc":{"Escrito por":"Telinha","Tempo estimado de leitura":"2 minutos"},"schema":{"@context":"https:\/\/schema.org","@graph":[{"@type":"Article","@id":"https:\/\/portaltela.pt\/noticias\/2026\/02\/03\/mp-solicita-inabilitacao-de-le-pen-sem-aplicacao-imediata\/#article","isPartOf":{"@id":"https:\/\/portaltela.pt\/noticias\/2026\/02\/03\/mp-solicita-inabilitacao-de-le-pen-sem-aplicacao-imediata\/"},"author":{"name":"Telinha","@id":"https:\/\/portaltela.pt\/#\/schema\/person\/c4278d4a6028830caff9ee44b42d32ed"},"headline":"MP solicita inabilita\u00e7\u00e3o de Le Pen sem aplica\u00e7\u00e3o imediata","datePublished":"2026-02-03T23:50:43+00:00","mainEntityOfPage":{"@id":"https:\/\/portaltela.pt\/noticias\/2026\/02\/03\/mp-solicita-inabilitacao-de-le-pen-sem-aplicacao-imediata\/"},"wordCount":408,"image":{"@id":"https:\/\/portaltela.pt\/noticias\/2026\/02\/03\/mp-solicita-inabilitacao-de-le-pen-sem-aplicacao-imediata\/#primaryimage"},"thumbnailUrl":"https:\/\/portaltela.pt\/s.01k8rhncp4jt1\/2026\/02\/unnamed-file-1041.jpg","keywords":["corrup\u00e7\u00e3o","desvio de fundos","Fran\u00e7a","investiga\u00e7\u00e3o","Marine Le Pen","pol\u00edtica"],"articleSection":["Internacional","Not\u00edcias"],"inLanguage":"pt-PT"},{"@type":"WebPage","@id":"https:\/\/portaltela.pt\/noticias\/2026\/02\/03\/mp-solicita-inabilitacao-de-le-pen-sem-aplicacao-imediata\/","url":"https:\/\/portaltela.pt\/noticias\/2026\/02\/03\/mp-solicita-inabilitacao-de-le-pen-sem-aplicacao-imediata\/","name":"MP solicita inabilita\u00e7\u00e3o de Le Pen sem aplica\u00e7\u00e3o imediata - Portal Tela Portugal","isPartOf":{"@id":"https:\/\/portaltela.pt\/#website"},"primaryImageOfPage":{"@id":"https:\/\/portaltela.pt\/noticias\/2026\/02\/03\/mp-solicita-inabilitacao-de-le-pen-sem-aplicacao-imediata\/#primaryimage"},"image":{"@id":"https:\/\/portaltela.pt\/noticias\/2026\/02\/03\/mp-solicita-inabilitacao-de-le-pen-sem-aplicacao-imediata\/#primaryimage"},"thumbnailUrl":"https:\/\/portaltela.pt\/s.01k8rhncp4jt1\/2026\/02\/unnamed-file-1041.jpg","datePublished":"2026-02-03T23:50:43+00:00","author":{"@id":"https:\/\/portaltela.pt\/#\/schema\/person\/c4278d4a6028830caff9ee44b42d32ed"},"breadcrumb":{"@id":"https:\/\/portaltela.pt\/noticias\/2026\/02\/03\/mp-solicita-inabilitacao-de-le-pen-sem-aplicacao-imediata\/#breadcrumb"},"inLanguage":"pt-PT","potentialAction":[{"@type":"ReadAction","target":["https:\/\/portaltela.pt\/noticias\/2026\/02\/03\/mp-solicita-inabilitacao-de-le-pen-sem-aplicacao-imediata\/"]}]},{"@type":"ImageObject","inLanguage":"pt-PT","@id":"https:\/\/portaltela.pt\/noticias\/2026\/02\/03\/mp-solicita-inabilitacao-de-le-pen-sem-aplicacao-imediata\/#primaryimage","url":"https:\/\/portaltela.pt\/s.01k8rhncp4jt1\/2026\/02\/unnamed-file-1041.jpg","contentUrl":"https:\/\/portaltela.pt\/s.01k8rhncp4jt1\/2026\/02\/unnamed-file-1041.jpg","width":796,"height":448,"caption":"Marine Le Pen deixou o tribunal sem prestar declara\u00e7\u00f5es"},{"@type":"BreadcrumbList","@id":"https:\/\/portaltela.pt\/noticias\/2026\/02\/03\/mp-solicita-inabilitacao-de-le-pen-sem-aplicacao-imediata\/#breadcrumb","itemListElement":[{"@type":"ListItem","position":1,"name":"In\u00edcio","item":"https:\/\/portaltela.pt\/"},{"@type":"ListItem","position":2,"name":"MP solicita inabilita\u00e7\u00e3o de Le Pen sem aplica\u00e7\u00e3o imediata"}]},{"@type":"WebSite","@id":"https:\/\/portaltela.pt\/#website","url":"https:\/\/portaltela.pt\/","name":"Portal Tela Portugal","description":"","potentialAction":[{"@type":"SearchAction","target":{"@type":"EntryPoint","urlTemplate":"https:\/\/portaltela.pt\/?s={search_term_string}"},"query-input":{"@type":"PropertyValueSpecification","valueRequired":true,"valueName":"search_term_string"}}],"inLanguage":"pt-PT"},{"@type":"Person","@id":"https:\/\/portaltela.pt\/#\/schema\/person\/c4278d4a6028830caff9ee44b42d32ed","name":"Telinha","image":{"@type":"ImageObject","inLanguage":"pt-PT","@id":"https:\/\/portaltela.pt\/s.01k8rhncp4jt1\/2025\/11\/talking-bot-125x125.png","url":"https:\/\/portaltela.pt\/s.01k8rhncp4jt1\/2025\/11\/talking-bot-125x125.png","contentUrl":"https:\/\/portaltela.pt\/s.01k8rhncp4jt1\/2025\/11\/talking-bot-125x125.png","caption":"Telinha"},"sameAs":["https:\/\/portaltela.pt\/"],"url":"https:\/\/portaltela.pt\/por\/367410592786\/"}]}},"_links":{"self":[{"href":"https:\/\/portaltela.pt\/api\/wp\/v2\/posts\/195424","targetHints":{"allow":["GET"]}}],"collection":[{"href":"https:\/\/portaltela.pt\/api\/wp\/v2\/posts"}],"about":[{"href":"https:\/\/portaltela.pt\/api\/wp\/v2\/types\/post"}],"author":[{"embeddable":true,"href":"https:\/\/portaltela.pt\/api\/wp\/v2\/users\/2"}],"replies":[{"embeddable":true,"href":"https:\/\/portaltela.pt\/api\/wp\/v2\/comments?post=195424"}],"version-history":[{"count":0,"href":"https:\/\/portaltela.pt\/api\/wp\/v2\/posts\/195424\/revisions"}],"wp:featuredmedia":[{"embeddable":true,"href":"https:\/\/portaltela.pt\/api\/wp\/v2\/media\/195425"}],"wp:attachment":[{"href":"https:\/\/portaltela.pt\/api\/wp\/v2\/media?parent=195424"}],"wp:term":[{"taxonomy":"category","embeddable":true,"href":"https:\/\/portaltela.pt\/api\/wp\/v2\/categories?post=195424"},{"taxonomy":"post_tag","embeddable":true,"href":"https:\/\/portaltela.pt\/api\/wp\/v2\/tags?post=195424"}],"curies":[{"name":"wp","href":"https:\/\/api.w.org\/{rel}","templated":true}]}}