{"id":195411,"date":"2026-02-03T20:38:31","date_gmt":"2026-02-03T23:38:31","guid":{"rendered":"https:\/\/portaltela.pt\/noticias\/2026\/02\/03\/letonia-e-lituania-investigam-cidadaos-citados-no-caso-epstein\/"},"modified":"2026-02-03T20:38:31","modified_gmt":"2026-02-03T23:38:31","slug":"letonia-e-lituania-investigam-cidadaos-citados-no-caso-epstein","status":"publish","type":"post","link":"https:\/\/portaltela.pt\/noticias\/politica\/2026\/02\/03\/letonia-e-lituania-investigam-cidadaos-citados-no-caso-epstein\/","title":{"rendered":"Let\u00f3nia e Litu\u00e2nia investigam cidad\u00e3os citados no caso Epstein"},"content":{"rendered":"<p>As autoridades da Let\u00f3nia e da Litu\u00e2nia abriram investiga\u00e7\u00f5es sobre potenciais liga\u00e7\u00f5es de cidad\u00e3os, empresas e organiza\u00e7\u00f5es dos dois pa\u00edses aos ficheiros do condenado Jeffrey Epstein. O objetivo \u00e9 avaliar poss\u00edveis crimes associados \u00e0s informa\u00e7\u00f5es divulgadas pelo caso Epstein.<\/p>\n<p>Na Let\u00f3nia, a pol\u00edcia iniciou o processo de investiga\u00e7\u00e3o, com a Procuradoria a coordenar e a apoiar a recolha de dados. V\u00e1rias entidades let\u00e3s podem ser alvo, \u00e0 medida que se analisa a conex\u00e3o com Epstein nos ficheiros.<\/p>\n<p>Na Litu\u00e2nia, a Procuradoria-Geral anunciou o arranque de uma investiga\u00e7\u00e3o em conjunto com a pol\u00edcia, para apurar poss\u00edveis crimes de tr\u00e1fico humano com base nos dados p\u00fablicos relacionados com o pa\u00eds. Est\u00e1 ainda em avalia\u00e7\u00e3o a necessidade de assist\u00eancia internacional.<\/p>\n<p>O pa\u00eds b\u00e1ltico aparece repetidamente nos documentos: a Let\u00f3nia surge 507 vezes, a Litu\u00e2nia 1 216 e a Est\u00f3nia 234. A an\u00e1lise inicial tamb\u00e9m envolve o contacto com autoridades dos EUA para informa\u00e7\u00f5es adicionais.<\/p>\n<p>Entre os casos mencionados, destaca-se Valdas Petreikis, empres\u00e1rio lituano que encerrou atividades de organiza\u00e7\u00e3o de eventos ap\u00f3s surgir ligado a Epstein. Petreikis nega conhecimento de crimes na altura dos pagamentos, entre 2017 e 2018.<\/p>\n<p>Na Let\u00f3nia, relat\u00f3rios indicam liga\u00e7\u00f5es entre pessoas associadas a Epstein e modelos let\u00e3s, com refer\u00eancias a uma ag\u00eancia de modelos. Existem ind\u00edcios de que Epstein possa ter visitado a Let\u00f3nia por volta de 2009.<\/p>\n<p>Em Est\u00f3nia, a comunica\u00e7\u00e3o p\u00fablica referiu uma alegada refer\u00eancia a um Primeiro-Ministro estoniano num email de 2014. O Primeiro-Ministro Taavi Roivas negou qualquer contacto com Epstein ou conhecimento da fotografia.<\/p>\n<p>Na Pol\u00f3nia, o Governo anunciou a cria\u00e7\u00e3o de uma task-force para mapear a extens\u00e3o da rede. O primeiro-ministro Donald Tusk indicou que, se necess\u00e1rio, Vars\u00f3via poder\u00e1 solicitar aos EUA acesso a ficheiros n\u00e3o publicados ligados a potenciais v\u00edtimas polacas.<\/p>\n<p>Epstein foi encontrado morto em 2019 numa pris\u00e3o federal de Nova Iorque, enquanto aguardava julgamento por acusa\u00e7\u00f5es de explora\u00e7\u00e3o sexual. As investiga\u00e7\u00f5es em v\u00e1rios Estados-maros continuam com foco em liga\u00e7\u00f5es internacionais.<\/p>\n","protected":false},"excerpt":{"rendered":"<ul>\n<li>Let\u00f3nia, Litu\u00e2nia e Est\u00f3nia iniciaram investiga\u00e7\u00f5es sobre poss\u00edveis crimes de cidad\u00e3os, organiza\u00e7\u00f5es e empresas mencionados nos ficheiros de Jeffrey Epstein, conforme divulgado recentemente.<\/li>\n<li>A Let\u00f3nia aparece 507 vezes, a Litu\u00e2nia 1.216 vezes e a Est\u00f3nia 234 vezes nos documentos. As autoridades estudam se \u00e9 necess\u00e1rio solicitar assist\u00eancia aos EUA.<\/li>\n<li>Na Let\u00f3nia, h\u00e1 refer\u00eancias a liga\u00e7\u00f5es com modelos let\u00e3os, incluindo um e-mail que elogia a beleza das modelos; alguns contactos teriam ocorrido por meio de uma ag\u00eancia de modelos.<\/li>\n<li>Em Litu\u00e2nia, o procurador-geral indicou que existe uma investiga\u00e7\u00e3o preliminar para avaliar crimes de tr\u00e1fico humano, com coordena\u00e7\u00e3o entre a pol\u00edcia e o Minist\u00e9rio P\u00fablico; pode haver pedidos de coopera\u00e7\u00e3o internacional.<\/li>\n<li>Na Pol\u00f3nia, foi criada uma equipa de trabalho para monitorizar o alcance da rede; o primeiro-ministro Donald Tusk disse que, se necess\u00e1rio, Vars\u00f3via pedir\u00e1 aos EUA acesso a ficheiros n\u00e3o tornados p\u00fablicos que possam envolver polacos.<\/li>\n<\/ul>\n","protected":false},"author":2,"featured_media":195423,"comment_status":"closed","ping_status":"closed","sticky":false,"template":"","format":"standard","meta":{"footnotes":""},"categories":[1,5],"tags":[3486,1318,215,2297,2166,473],"class_list":["post-195411","post","type-post","status-publish","format-standard","has-post-thumbnail","hentry","category-noticias","category-politica","tag-estonia","tag-exploracao-sexual-de-menor-dependente-ou-em-situacao-vulneravel","tag-investigacao","tag-investigacoes-internacionais","tag-letonia","tag-trafico-de-pessoas"],"yoast_head":"<!-- This site is optimized with the Yoast SEO plugin v27.2 - https:\/\/yoast.com\/product\/yoast-seo-wordpress\/ -->\n<title>Let\u00f3nia e Litu\u00e2nia investigam cidad\u00e3os citados no caso Epstein - Portal Tela Portugal<\/title>\n<meta name=\"robots\" content=\"index, follow, max-snippet:-1, max-image-preview:large, max-video-preview:-1\" \/>\n<meta property=\"og:locale\" content=\"pt_PT\" \/>\n<meta property=\"og:type\" content=\"article\" \/>\n<meta property=\"og:title\" content=\"Let\u00f3nia e Litu\u00e2nia investigam cidad\u00e3os citados no caso Epstein - Portal Tela Portugal\" \/>\n<meta property=\"og:description\" content=\"Let\u00f3nia, Litu\u00e2nia e Est\u00f3nia iniciaram investiga\u00e7\u00f5es sobre poss\u00edveis crimes de cidad\u00e3os, organiza\u00e7\u00f5es e empresas mencionados nos ficheiros de Jeffrey Epstein, conforme divulgado recentemente. A Let\u00f3nia aparece 507 vezes, a Litu\u00e2nia 1.216 vezes e a Est\u00f3nia 234 vezes nos documentos. As autoridades estudam se \u00e9 necess\u00e1rio solicitar assist\u00eancia aos EUA. Na Let\u00f3nia, h\u00e1 refer\u00eancias a liga\u00e7\u00f5es com modelos let\u00e3os, incluindo um e-mail que elogia a beleza das modelos; alguns contactos teriam ocorrido por meio de uma ag\u00eancia de modelos. Em Litu\u00e2nia, o procurador-geral indicou que existe uma investiga\u00e7\u00e3o preliminar para avaliar crimes de tr\u00e1fico humano, com coordena\u00e7\u00e3o entre a pol\u00edcia e o Minist\u00e9rio P\u00fablico; pode haver pedidos de coopera\u00e7\u00e3o internacional. Na Pol\u00f3nia, foi criada uma equipa de trabalho para monitorizar o alcance da rede; o primeiro-ministro Donald Tusk disse que, se necess\u00e1rio, Vars\u00f3via pedir\u00e1 aos EUA acesso a ficheiros n\u00e3o tornados p\u00fablicos que possam envolver polacos.\" \/>\n<meta property=\"og:url\" content=\"https:\/\/portaltela.pt\/noticias\/2026\/02\/03\/letonia-e-lituania-investigam-cidadaos-citados-no-caso-epstein\/\" \/>\n<meta property=\"og:site_name\" content=\"Portal Tela Portugal\" \/>\n<meta property=\"article:published_time\" content=\"2026-02-03T23:38:31+00:00\" \/>\n<meta name=\"author\" content=\"Telinha\" \/>\n<meta name=\"twitter:card\" content=\"summary_large_image\" \/>\n<meta name=\"twitter:label1\" content=\"Escrito por\" \/>\n\t<meta name=\"twitter:data1\" content=\"Telinha\" \/>\n\t<meta name=\"twitter:label2\" content=\"Tempo estimado de leitura\" \/>\n\t<meta name=\"twitter:data2\" content=\"2 minutos\" \/>\n<script type=\"application\/ld+json\" class=\"yoast-schema-graph\">{\"@context\":\"https:\/\/schema.org\",\"@graph\":[{\"@type\":\"Article\",\"@id\":\"https:\/\/portaltela.pt\/noticias\/2026\/02\/03\/letonia-e-lituania-investigam-cidadaos-citados-no-caso-epstein\/#article\",\"isPartOf\":{\"@id\":\"https:\/\/portaltela.pt\/noticias\/2026\/02\/03\/letonia-e-lituania-investigam-cidadaos-citados-no-caso-epstein\/\"},\"author\":{\"name\":\"Telinha\",\"@id\":\"https:\/\/portaltela.pt\/#\/schema\/person\/c4278d4a6028830caff9ee44b42d32ed\"},\"headline\":\"Let\u00f3nia e Litu\u00e2nia investigam cidad\u00e3os citados no caso Epstein\",\"datePublished\":\"2026-02-03T23:38:31+00:00\",\"mainEntityOfPage\":{\"@id\":\"https:\/\/portaltela.pt\/noticias\/2026\/02\/03\/letonia-e-lituania-investigam-cidadaos-citados-no-caso-epstein\/\"},\"wordCount\":380,\"image\":{\"@id\":\"https:\/\/portaltela.pt\/noticias\/2026\/02\/03\/letonia-e-lituania-investigam-cidadaos-citados-no-caso-epstein\/#primaryimage\"},\"thumbnailUrl\":\"https:\/\/portaltela.pt\/s.01k8rhncp4jt1\/2026\/02\/unnamed-file-1040.jpg\",\"keywords\":[\"Est\u00f3nia\",\"explora\u00e7\u00e3o sexual de menor dependente ou em situa\u00e7\u00e3o vulner\u00e1vel\",\"investiga\u00e7\u00e3o\",\"investiga\u00e7\u00f5es internacionais\",\"Let\u00f3nia\",\"tr\u00e1fico de pessoas\"],\"articleSection\":[\"Not\u00edcias\",\"Pol\u00edtica\"],\"inLanguage\":\"pt-PT\"},{\"@type\":\"WebPage\",\"@id\":\"https:\/\/portaltela.pt\/noticias\/2026\/02\/03\/letonia-e-lituania-investigam-cidadaos-citados-no-caso-epstein\/\",\"url\":\"https:\/\/portaltela.pt\/noticias\/2026\/02\/03\/letonia-e-lituania-investigam-cidadaos-citados-no-caso-epstein\/\",\"name\":\"Let\u00f3nia e Litu\u00e2nia investigam cidad\u00e3os citados no caso Epstein - Portal Tela Portugal\",\"isPartOf\":{\"@id\":\"https:\/\/portaltela.pt\/#website\"},\"primaryImageOfPage\":{\"@id\":\"https:\/\/portaltela.pt\/noticias\/2026\/02\/03\/letonia-e-lituania-investigam-cidadaos-citados-no-caso-epstein\/#primaryimage\"},\"image\":{\"@id\":\"https:\/\/portaltela.pt\/noticias\/2026\/02\/03\/letonia-e-lituania-investigam-cidadaos-citados-no-caso-epstein\/#primaryimage\"},\"thumbnailUrl\":\"https:\/\/portaltela.pt\/s.01k8rhncp4jt1\/2026\/02\/unnamed-file-1040.jpg\",\"datePublished\":\"2026-02-03T23:38:31+00:00\",\"author\":{\"@id\":\"https:\/\/portaltela.pt\/#\/schema\/person\/c4278d4a6028830caff9ee44b42d32ed\"},\"breadcrumb\":{\"@id\":\"https:\/\/portaltela.pt\/noticias\/2026\/02\/03\/letonia-e-lituania-investigam-cidadaos-citados-no-caso-epstein\/#breadcrumb\"},\"inLanguage\":\"pt-PT\",\"potentialAction\":[{\"@type\":\"ReadAction\",\"target\":[\"https:\/\/portaltela.pt\/noticias\/2026\/02\/03\/letonia-e-lituania-investigam-cidadaos-citados-no-caso-epstein\/\"]}]},{\"@type\":\"ImageObject\",\"inLanguage\":\"pt-PT\",\"@id\":\"https:\/\/portaltela.pt\/noticias\/2026\/02\/03\/letonia-e-lituania-investigam-cidadaos-citados-no-caso-epstein\/#primaryimage\",\"url\":\"https:\/\/portaltela.pt\/s.01k8rhncp4jt1\/2026\/02\/unnamed-file-1040.jpg\",\"contentUrl\":\"https:\/\/portaltela.pt\/s.01k8rhncp4jt1\/2026\/02\/unnamed-file-1040.jpg\",\"width\":796,\"height\":448,\"caption\":\"Let\u00f3nia e Litu\u00e2nia investigam cidad\u00e3os mencionados no caso Epstein\"},{\"@type\":\"BreadcrumbList\",\"@id\":\"https:\/\/portaltela.pt\/noticias\/2026\/02\/03\/letonia-e-lituania-investigam-cidadaos-citados-no-caso-epstein\/#breadcrumb\",\"itemListElement\":[{\"@type\":\"ListItem\",\"position\":1,\"name\":\"In\u00edcio\",\"item\":\"https:\/\/portaltela.pt\/\"},{\"@type\":\"ListItem\",\"position\":2,\"name\":\"Let\u00f3nia e Litu\u00e2nia investigam cidad\u00e3os citados no caso Epstein\"}]},{\"@type\":\"WebSite\",\"@id\":\"https:\/\/portaltela.pt\/#website\",\"url\":\"https:\/\/portaltela.pt\/\",\"name\":\"Portal Tela Portugal\",\"description\":\"\",\"potentialAction\":[{\"@type\":\"SearchAction\",\"target\":{\"@type\":\"EntryPoint\",\"urlTemplate\":\"https:\/\/portaltela.pt\/?s={search_term_string}\"},\"query-input\":{\"@type\":\"PropertyValueSpecification\",\"valueRequired\":true,\"valueName\":\"search_term_string\"}}],\"inLanguage\":\"pt-PT\"},{\"@type\":\"Person\",\"@id\":\"https:\/\/portaltela.pt\/#\/schema\/person\/c4278d4a6028830caff9ee44b42d32ed\",\"name\":\"Telinha\",\"image\":{\"@type\":\"ImageObject\",\"inLanguage\":\"pt-PT\",\"@id\":\"https:\/\/portaltela.pt\/s.01k8rhncp4jt1\/2025\/11\/talking-bot-125x125.png\",\"url\":\"https:\/\/portaltela.pt\/s.01k8rhncp4jt1\/2025\/11\/talking-bot-125x125.png\",\"contentUrl\":\"https:\/\/portaltela.pt\/s.01k8rhncp4jt1\/2025\/11\/talking-bot-125x125.png\",\"caption\":\"Telinha\"},\"sameAs\":[\"https:\/\/portaltela.pt\/\"],\"url\":\"https:\/\/portaltela.pt\/por\/367410592786\/\"}]}<\/script>\n<!-- \/ Yoast SEO plugin. -->","yoast_head_json":{"title":"Let\u00f3nia e Litu\u00e2nia investigam cidad\u00e3os citados no caso Epstein - Portal Tela Portugal","robots":{"index":"index","follow":"follow","max-snippet":"max-snippet:-1","max-image-preview":"max-image-preview:large","max-video-preview":"max-video-preview:-1"},"og_locale":"pt_PT","og_type":"article","og_title":"Let\u00f3nia e Litu\u00e2nia investigam cidad\u00e3os citados no caso Epstein - Portal Tela Portugal","og_description":"Let\u00f3nia, Litu\u00e2nia e Est\u00f3nia iniciaram investiga\u00e7\u00f5es sobre poss\u00edveis crimes de cidad\u00e3os, organiza\u00e7\u00f5es e empresas mencionados nos ficheiros de Jeffrey Epstein, conforme divulgado recentemente. A Let\u00f3nia aparece 507 vezes, a Litu\u00e2nia 1.216 vezes e a Est\u00f3nia 234 vezes nos documentos. As autoridades estudam se \u00e9 necess\u00e1rio solicitar assist\u00eancia aos EUA. Na Let\u00f3nia, h\u00e1 refer\u00eancias a liga\u00e7\u00f5es com modelos let\u00e3os, incluindo um e-mail que elogia a beleza das modelos; alguns contactos teriam ocorrido por meio de uma ag\u00eancia de modelos. Em Litu\u00e2nia, o procurador-geral indicou que existe uma investiga\u00e7\u00e3o preliminar para avaliar crimes de tr\u00e1fico humano, com coordena\u00e7\u00e3o entre a pol\u00edcia e o Minist\u00e9rio P\u00fablico; pode haver pedidos de coopera\u00e7\u00e3o internacional. Na Pol\u00f3nia, foi criada uma equipa de trabalho para monitorizar o alcance da rede; o primeiro-ministro Donald Tusk disse que, se necess\u00e1rio, Vars\u00f3via pedir\u00e1 aos EUA acesso a ficheiros n\u00e3o tornados p\u00fablicos que possam envolver polacos.","og_url":"https:\/\/portaltela.pt\/noticias\/2026\/02\/03\/letonia-e-lituania-investigam-cidadaos-citados-no-caso-epstein\/","og_site_name":"Portal Tela Portugal","article_published_time":"2026-02-03T23:38:31+00:00","author":"Telinha","twitter_card":"summary_large_image","twitter_misc":{"Escrito por":"Telinha","Tempo estimado de leitura":"2 minutos"},"schema":{"@context":"https:\/\/schema.org","@graph":[{"@type":"Article","@id":"https:\/\/portaltela.pt\/noticias\/2026\/02\/03\/letonia-e-lituania-investigam-cidadaos-citados-no-caso-epstein\/#article","isPartOf":{"@id":"https:\/\/portaltela.pt\/noticias\/2026\/02\/03\/letonia-e-lituania-investigam-cidadaos-citados-no-caso-epstein\/"},"author":{"name":"Telinha","@id":"https:\/\/portaltela.pt\/#\/schema\/person\/c4278d4a6028830caff9ee44b42d32ed"},"headline":"Let\u00f3nia e Litu\u00e2nia investigam cidad\u00e3os citados no caso Epstein","datePublished":"2026-02-03T23:38:31+00:00","mainEntityOfPage":{"@id":"https:\/\/portaltela.pt\/noticias\/2026\/02\/03\/letonia-e-lituania-investigam-cidadaos-citados-no-caso-epstein\/"},"wordCount":380,"image":{"@id":"https:\/\/portaltela.pt\/noticias\/2026\/02\/03\/letonia-e-lituania-investigam-cidadaos-citados-no-caso-epstein\/#primaryimage"},"thumbnailUrl":"https:\/\/portaltela.pt\/s.01k8rhncp4jt1\/2026\/02\/unnamed-file-1040.jpg","keywords":["Est\u00f3nia","explora\u00e7\u00e3o sexual de menor dependente ou em situa\u00e7\u00e3o vulner\u00e1vel","investiga\u00e7\u00e3o","investiga\u00e7\u00f5es internacionais","Let\u00f3nia","tr\u00e1fico de pessoas"],"articleSection":["Not\u00edcias","Pol\u00edtica"],"inLanguage":"pt-PT"},{"@type":"WebPage","@id":"https:\/\/portaltela.pt\/noticias\/2026\/02\/03\/letonia-e-lituania-investigam-cidadaos-citados-no-caso-epstein\/","url":"https:\/\/portaltela.pt\/noticias\/2026\/02\/03\/letonia-e-lituania-investigam-cidadaos-citados-no-caso-epstein\/","name":"Let\u00f3nia e Litu\u00e2nia investigam cidad\u00e3os citados no caso Epstein - Portal Tela Portugal","isPartOf":{"@id":"https:\/\/portaltela.pt\/#website"},"primaryImageOfPage":{"@id":"https:\/\/portaltela.pt\/noticias\/2026\/02\/03\/letonia-e-lituania-investigam-cidadaos-citados-no-caso-epstein\/#primaryimage"},"image":{"@id":"https:\/\/portaltela.pt\/noticias\/2026\/02\/03\/letonia-e-lituania-investigam-cidadaos-citados-no-caso-epstein\/#primaryimage"},"thumbnailUrl":"https:\/\/portaltela.pt\/s.01k8rhncp4jt1\/2026\/02\/unnamed-file-1040.jpg","datePublished":"2026-02-03T23:38:31+00:00","author":{"@id":"https:\/\/portaltela.pt\/#\/schema\/person\/c4278d4a6028830caff9ee44b42d32ed"},"breadcrumb":{"@id":"https:\/\/portaltela.pt\/noticias\/2026\/02\/03\/letonia-e-lituania-investigam-cidadaos-citados-no-caso-epstein\/#breadcrumb"},"inLanguage":"pt-PT","potentialAction":[{"@type":"ReadAction","target":["https:\/\/portaltela.pt\/noticias\/2026\/02\/03\/letonia-e-lituania-investigam-cidadaos-citados-no-caso-epstein\/"]}]},{"@type":"ImageObject","inLanguage":"pt-PT","@id":"https:\/\/portaltela.pt\/noticias\/2026\/02\/03\/letonia-e-lituania-investigam-cidadaos-citados-no-caso-epstein\/#primaryimage","url":"https:\/\/portaltela.pt\/s.01k8rhncp4jt1\/2026\/02\/unnamed-file-1040.jpg","contentUrl":"https:\/\/portaltela.pt\/s.01k8rhncp4jt1\/2026\/02\/unnamed-file-1040.jpg","width":796,"height":448,"caption":"Let\u00f3nia e Litu\u00e2nia investigam cidad\u00e3os mencionados no caso Epstein"},{"@type":"BreadcrumbList","@id":"https:\/\/portaltela.pt\/noticias\/2026\/02\/03\/letonia-e-lituania-investigam-cidadaos-citados-no-caso-epstein\/#breadcrumb","itemListElement":[{"@type":"ListItem","position":1,"name":"In\u00edcio","item":"https:\/\/portaltela.pt\/"},{"@type":"ListItem","position":2,"name":"Let\u00f3nia e Litu\u00e2nia investigam cidad\u00e3os citados no caso Epstein"}]},{"@type":"WebSite","@id":"https:\/\/portaltela.pt\/#website","url":"https:\/\/portaltela.pt\/","name":"Portal Tela Portugal","description":"","potentialAction":[{"@type":"SearchAction","target":{"@type":"EntryPoint","urlTemplate":"https:\/\/portaltela.pt\/?s={search_term_string}"},"query-input":{"@type":"PropertyValueSpecification","valueRequired":true,"valueName":"search_term_string"}}],"inLanguage":"pt-PT"},{"@type":"Person","@id":"https:\/\/portaltela.pt\/#\/schema\/person\/c4278d4a6028830caff9ee44b42d32ed","name":"Telinha","image":{"@type":"ImageObject","inLanguage":"pt-PT","@id":"https:\/\/portaltela.pt\/s.01k8rhncp4jt1\/2025\/11\/talking-bot-125x125.png","url":"https:\/\/portaltela.pt\/s.01k8rhncp4jt1\/2025\/11\/talking-bot-125x125.png","contentUrl":"https:\/\/portaltela.pt\/s.01k8rhncp4jt1\/2025\/11\/talking-bot-125x125.png","caption":"Telinha"},"sameAs":["https:\/\/portaltela.pt\/"],"url":"https:\/\/portaltela.pt\/por\/367410592786\/"}]}},"_links":{"self":[{"href":"https:\/\/portaltela.pt\/api\/wp\/v2\/posts\/195411","targetHints":{"allow":["GET"]}}],"collection":[{"href":"https:\/\/portaltela.pt\/api\/wp\/v2\/posts"}],"about":[{"href":"https:\/\/portaltela.pt\/api\/wp\/v2\/types\/post"}],"author":[{"embeddable":true,"href":"https:\/\/portaltela.pt\/api\/wp\/v2\/users\/2"}],"replies":[{"embeddable":true,"href":"https:\/\/portaltela.pt\/api\/wp\/v2\/comments?post=195411"}],"version-history":[{"count":0,"href":"https:\/\/portaltela.pt\/api\/wp\/v2\/posts\/195411\/revisions"}],"wp:featuredmedia":[{"embeddable":true,"href":"https:\/\/portaltela.pt\/api\/wp\/v2\/media\/195423"}],"wp:attachment":[{"href":"https:\/\/portaltela.pt\/api\/wp\/v2\/media?parent=195411"}],"wp:term":[{"taxonomy":"category","embeddable":true,"href":"https:\/\/portaltela.pt\/api\/wp\/v2\/categories?post=195411"},{"taxonomy":"post_tag","embeddable":true,"href":"https:\/\/portaltela.pt\/api\/wp\/v2\/tags?post=195411"}],"curies":[{"name":"wp","href":"https:\/\/api.w.org\/{rel}","templated":true}]}}