{"id":195360,"date":"2026-02-03T20:01:41","date_gmt":"2026-02-03T23:01:41","guid":{"rendered":"https:\/\/portaltela.pt\/noticias\/2026\/02\/03\/colisao-mortal-no-coracao-da-cidade-deixa-vitima-em-borba\/"},"modified":"2026-02-03T20:01:41","modified_gmt":"2026-02-03T23:01:41","slug":"colisao-mortal-no-coracao-da-cidade-deixa-vitima-em-borba","status":"publish","type":"post","link":"https:\/\/portaltela.pt\/noticias\/2026\/02\/03\/colisao-mortal-no-coracao-da-cidade-deixa-vitima-em-borba\/","title":{"rendered":"Colis\u00e3o mortal no cora\u00e7\u00e3o da cidade deixa v\u00edtima em Borba"},"content":{"rendered":"<p>Um acidente rodovi\u00e1rio na Pra\u00e7a da Rep\u00fablica, em Borba, ao final da tarde de ter\u00e7a-feira, provocou uma morte de 61 anos e dois feridos, incluindo uma crian\u00e7a de sete anos em estado grave. O \u00f3bito foi declarado no local pelo m\u00e9dico da Viatura M\u00e9dica de Emerg\u00eancia e Reanima\u00e7\u00e3o de \u00c9vora.<\/p>\n<p>A colis\u00e3o envolveu dois ve\u00edculos ligeiros, em uma zona central da cidade. A Guarda Nacional Republicana confirmou que, para al\u00e9m da v\u00edtima mortal, houve uma crian\u00e7a de sete anos ferida grave e um homem de 37 anos com ferimentos ligeiros. Ambos foram estabilizados no local e transferidos para o Hospital do Esp\u00edrito Santo, em \u00c9vora.<\/p>\n<p>O corpo da v\u00edtima foi encaminhado para o servi\u00e7o de Medicina Legal do Hospital de \u00c9vora, para os procedimentos legais usuais. O alerta foi dado \u00e0s 18h34, mobilizando um aparato consider\u00e1vel de socorro. Estiveram no local 21 operacionais, entre Bombeiros de Borba e Vila Vi\u00e7osa, IMAN\/GNR, com nove viaturas, incluindo VMER e uma ambul\u00e2ncia de Suporte Imediato de Vida de Estremoz.<\/p>\n<h3>Investiga\u00e7\u00e3o em curso<\/h3>\n<p>As circunst\u00e2ncias do acidente est\u00e3o a ser apuradas pelas autoridades competentes, que trabalham no local para reconstruir o que levou \u00e0 colis\u00e3o entre os dois ve\u00edculos. O caso est\u00e1 sujeito a averigua\u00e7\u00f5es segundo os procedimentos habituais.<\/p>\n","protected":false},"excerpt":{"rendered":"<ul>\n<li>Acidente na Pra\u00e7a da Rep\u00fablica, em Borba, ocorreu \u00e0s 18h34 e envolve dois ve\u00edculos ligeiros.<\/li>\n<li>Um homem de 61 anos morreu no local; a v\u00edtima foi encaminhada para Medicina Legal do Hospital de \u00c9vora.<\/li>\n<li>Um menor de sete anos ficou ferido grave e um homem de 37 anos teve ferimentos ligeiros; ambos encaminhados ao Hospital do Esp\u00edrito Santo, em \u00c9vora.<\/li>\n<li>O dispositivo contou com 21 operacionais, 9 viaturas e apoio de VMER, Bombeiros de Borba e Vila Vi\u00e7osa, GNR e Institut Nacional de Emerg\u00eancia M\u00e9dica.<\/li>\n<li>As circunst\u00e2ncias do acidente est\u00e3o a ser apuradas pelas autoridades.<\/li>\n<\/ul>\n","protected":false},"author":2,"featured_media":195363,"comment_status":"closed","ping_status":"closed","sticky":false,"template":"","format":"standard","meta":{"footnotes":""},"categories":[1],"tags":[4169,971,4070,1074,1398,4462],"class_list":["post-195360","post","type-post","status-publish","format-standard","has-post-thumbnail","hentry","category-noticias","tag-acidente-rodoviario","tag-bombeiros","tag-borba","tag-evora","tag-guarda-nacional-republicana","tag-vmer"],"yoast_head":"<!-- This site is optimized with the Yoast SEO plugin v27.2 - https:\/\/yoast.com\/product\/yoast-seo-wordpress\/ -->\n<title>Colis\u00e3o mortal no cora\u00e7\u00e3o da cidade deixa v\u00edtima em Borba - Portal Tela Portugal<\/title>\n<meta name=\"robots\" content=\"index, follow, max-snippet:-1, max-image-preview:large, max-video-preview:-1\" \/>\n<meta property=\"og:locale\" content=\"pt_PT\" \/>\n<meta property=\"og:type\" content=\"article\" \/>\n<meta property=\"og:title\" content=\"Colis\u00e3o mortal no cora\u00e7\u00e3o da cidade deixa v\u00edtima em Borba - Portal Tela Portugal\" \/>\n<meta property=\"og:description\" content=\"Acidente na Pra\u00e7a da Rep\u00fablica, em Borba, ocorreu \u00e0s 18h34 e envolve dois ve\u00edculos ligeiros. Um homem de 61 anos morreu no local; a v\u00edtima foi encaminhada para Medicina Legal do Hospital de \u00c9vora. Um menor de sete anos ficou ferido grave e um homem de 37 anos teve ferimentos ligeiros; ambos encaminhados ao Hospital do Esp\u00edrito Santo, em \u00c9vora. O dispositivo contou com 21 operacionais, 9 viaturas e apoio de VMER, Bombeiros de Borba e Vila Vi\u00e7osa, GNR e Institut Nacional de Emerg\u00eancia M\u00e9dica. As circunst\u00e2ncias do acidente est\u00e3o a ser apuradas pelas autoridades.\" \/>\n<meta property=\"og:url\" content=\"https:\/\/portaltela.pt\/noticias\/2026\/02\/03\/colisao-mortal-no-coracao-da-cidade-deixa-vitima-em-borba\/\" \/>\n<meta property=\"og:site_name\" content=\"Portal Tela Portugal\" \/>\n<meta property=\"article:published_time\" content=\"2026-02-03T23:01:41+00:00\" \/>\n<meta name=\"author\" content=\"Telinha\" \/>\n<meta name=\"twitter:card\" content=\"summary_large_image\" \/>\n<meta name=\"twitter:label1\" content=\"Escrito por\" \/>\n\t<meta name=\"twitter:data1\" content=\"Telinha\" \/>\n\t<meta name=\"twitter:label2\" content=\"Tempo estimado de leitura\" \/>\n\t<meta name=\"twitter:data2\" content=\"1 minuto\" \/>\n<script type=\"application\/ld+json\" class=\"yoast-schema-graph\">{\"@context\":\"https:\/\/schema.org\",\"@graph\":[{\"@type\":\"Article\",\"@id\":\"https:\/\/portaltela.pt\/noticias\/2026\/02\/03\/colisao-mortal-no-coracao-da-cidade-deixa-vitima-em-borba\/#article\",\"isPartOf\":{\"@id\":\"https:\/\/portaltela.pt\/noticias\/2026\/02\/03\/colisao-mortal-no-coracao-da-cidade-deixa-vitima-em-borba\/\"},\"author\":{\"name\":\"Telinha\",\"@id\":\"https:\/\/portaltela.pt\/#\/schema\/person\/c4278d4a6028830caff9ee44b42d32ed\"},\"headline\":\"Colis\u00e3o mortal no cora\u00e7\u00e3o da cidade deixa v\u00edtima em Borba\",\"datePublished\":\"2026-02-03T23:01:41+00:00\",\"mainEntityOfPage\":{\"@id\":\"https:\/\/portaltela.pt\/noticias\/2026\/02\/03\/colisao-mortal-no-coracao-da-cidade-deixa-vitima-em-borba\/\"},\"wordCount\":241,\"image\":{\"@id\":\"https:\/\/portaltela.pt\/noticias\/2026\/02\/03\/colisao-mortal-no-coracao-da-cidade-deixa-vitima-em-borba\/#primaryimage\"},\"thumbnailUrl\":\"https:\/\/portaltela.pt\/s.01k8rhncp4jt1\/2026\/02\/Acidente-scaled-1.jpg\",\"keywords\":[\"acidente rodovi\u00e1rio\",\"bombeiros\",\"Borba\",\"\u00c9vora\",\"Guarda Nacional Republicana\",\"VMER\"],\"articleSection\":[\"Not\u00edcias\"],\"inLanguage\":\"pt-PT\"},{\"@type\":\"WebPage\",\"@id\":\"https:\/\/portaltela.pt\/noticias\/2026\/02\/03\/colisao-mortal-no-coracao-da-cidade-deixa-vitima-em-borba\/\",\"url\":\"https:\/\/portaltela.pt\/noticias\/2026\/02\/03\/colisao-mortal-no-coracao-da-cidade-deixa-vitima-em-borba\/\",\"name\":\"Colis\u00e3o mortal no cora\u00e7\u00e3o da cidade deixa v\u00edtima em Borba - Portal Tela Portugal\",\"isPartOf\":{\"@id\":\"https:\/\/portaltela.pt\/#website\"},\"primaryImageOfPage\":{\"@id\":\"https:\/\/portaltela.pt\/noticias\/2026\/02\/03\/colisao-mortal-no-coracao-da-cidade-deixa-vitima-em-borba\/#primaryimage\"},\"image\":{\"@id\":\"https:\/\/portaltela.pt\/noticias\/2026\/02\/03\/colisao-mortal-no-coracao-da-cidade-deixa-vitima-em-borba\/#primaryimage\"},\"thumbnailUrl\":\"https:\/\/portaltela.pt\/s.01k8rhncp4jt1\/2026\/02\/Acidente-scaled-1.jpg\",\"datePublished\":\"2026-02-03T23:01:41+00:00\",\"author\":{\"@id\":\"https:\/\/portaltela.pt\/#\/schema\/person\/c4278d4a6028830caff9ee44b42d32ed\"},\"breadcrumb\":{\"@id\":\"https:\/\/portaltela.pt\/noticias\/2026\/02\/03\/colisao-mortal-no-coracao-da-cidade-deixa-vitima-em-borba\/#breadcrumb\"},\"inLanguage\":\"pt-PT\",\"potentialAction\":[{\"@type\":\"ReadAction\",\"target\":[\"https:\/\/portaltela.pt\/noticias\/2026\/02\/03\/colisao-mortal-no-coracao-da-cidade-deixa-vitima-em-borba\/\"]}]},{\"@type\":\"ImageObject\",\"inLanguage\":\"pt-PT\",\"@id\":\"https:\/\/portaltela.pt\/noticias\/2026\/02\/03\/colisao-mortal-no-coracao-da-cidade-deixa-vitima-em-borba\/#primaryimage\",\"url\":\"https:\/\/portaltela.pt\/s.01k8rhncp4jt1\/2026\/02\/Acidente-scaled-1.jpg\",\"contentUrl\":\"https:\/\/portaltela.pt\/s.01k8rhncp4jt1\/2026\/02\/Acidente-scaled-1.jpg\",\"width\":796,\"height\":448,\"caption\":\"Colis\u00e3o entre mota e autom\u00f3vel faz um ferido grave no concelho de Sines\"},{\"@type\":\"BreadcrumbList\",\"@id\":\"https:\/\/portaltela.pt\/noticias\/2026\/02\/03\/colisao-mortal-no-coracao-da-cidade-deixa-vitima-em-borba\/#breadcrumb\",\"itemListElement\":[{\"@type\":\"ListItem\",\"position\":1,\"name\":\"In\u00edcio\",\"item\":\"https:\/\/portaltela.pt\/\"},{\"@type\":\"ListItem\",\"position\":2,\"name\":\"Colis\u00e3o mortal no cora\u00e7\u00e3o da cidade deixa v\u00edtima em Borba\"}]},{\"@type\":\"WebSite\",\"@id\":\"https:\/\/portaltela.pt\/#website\",\"url\":\"https:\/\/portaltela.pt\/\",\"name\":\"Portal Tela Portugal\",\"description\":\"\",\"potentialAction\":[{\"@type\":\"SearchAction\",\"target\":{\"@type\":\"EntryPoint\",\"urlTemplate\":\"https:\/\/portaltela.pt\/?s={search_term_string}\"},\"query-input\":{\"@type\":\"PropertyValueSpecification\",\"valueRequired\":true,\"valueName\":\"search_term_string\"}}],\"inLanguage\":\"pt-PT\"},{\"@type\":\"Person\",\"@id\":\"https:\/\/portaltela.pt\/#\/schema\/person\/c4278d4a6028830caff9ee44b42d32ed\",\"name\":\"Telinha\",\"image\":{\"@type\":\"ImageObject\",\"inLanguage\":\"pt-PT\",\"@id\":\"https:\/\/portaltela.pt\/s.01k8rhncp4jt1\/2025\/11\/talking-bot-125x125.png\",\"url\":\"https:\/\/portaltela.pt\/s.01k8rhncp4jt1\/2025\/11\/talking-bot-125x125.png\",\"contentUrl\":\"https:\/\/portaltela.pt\/s.01k8rhncp4jt1\/2025\/11\/talking-bot-125x125.png\",\"caption\":\"Telinha\"},\"sameAs\":[\"https:\/\/portaltela.pt\/\"],\"url\":\"https:\/\/portaltela.pt\/por\/367410592786\/\"}]}<\/script>\n<!-- \/ Yoast SEO plugin. -->","yoast_head_json":{"title":"Colis\u00e3o mortal no cora\u00e7\u00e3o da cidade deixa v\u00edtima em Borba - Portal Tela Portugal","robots":{"index":"index","follow":"follow","max-snippet":"max-snippet:-1","max-image-preview":"max-image-preview:large","max-video-preview":"max-video-preview:-1"},"og_locale":"pt_PT","og_type":"article","og_title":"Colis\u00e3o mortal no cora\u00e7\u00e3o da cidade deixa v\u00edtima em Borba - Portal Tela Portugal","og_description":"Acidente na Pra\u00e7a da Rep\u00fablica, em Borba, ocorreu \u00e0s 18h34 e envolve dois ve\u00edculos ligeiros. Um homem de 61 anos morreu no local; a v\u00edtima foi encaminhada para Medicina Legal do Hospital de \u00c9vora. Um menor de sete anos ficou ferido grave e um homem de 37 anos teve ferimentos ligeiros; ambos encaminhados ao Hospital do Esp\u00edrito Santo, em \u00c9vora. O dispositivo contou com 21 operacionais, 9 viaturas e apoio de VMER, Bombeiros de Borba e Vila Vi\u00e7osa, GNR e Institut Nacional de Emerg\u00eancia M\u00e9dica. As circunst\u00e2ncias do acidente est\u00e3o a ser apuradas pelas autoridades.","og_url":"https:\/\/portaltela.pt\/noticias\/2026\/02\/03\/colisao-mortal-no-coracao-da-cidade-deixa-vitima-em-borba\/","og_site_name":"Portal Tela Portugal","article_published_time":"2026-02-03T23:01:41+00:00","author":"Telinha","twitter_card":"summary_large_image","twitter_misc":{"Escrito por":"Telinha","Tempo estimado de leitura":"1 minuto"},"schema":{"@context":"https:\/\/schema.org","@graph":[{"@type":"Article","@id":"https:\/\/portaltela.pt\/noticias\/2026\/02\/03\/colisao-mortal-no-coracao-da-cidade-deixa-vitima-em-borba\/#article","isPartOf":{"@id":"https:\/\/portaltela.pt\/noticias\/2026\/02\/03\/colisao-mortal-no-coracao-da-cidade-deixa-vitima-em-borba\/"},"author":{"name":"Telinha","@id":"https:\/\/portaltela.pt\/#\/schema\/person\/c4278d4a6028830caff9ee44b42d32ed"},"headline":"Colis\u00e3o mortal no cora\u00e7\u00e3o da cidade deixa v\u00edtima em Borba","datePublished":"2026-02-03T23:01:41+00:00","mainEntityOfPage":{"@id":"https:\/\/portaltela.pt\/noticias\/2026\/02\/03\/colisao-mortal-no-coracao-da-cidade-deixa-vitima-em-borba\/"},"wordCount":241,"image":{"@id":"https:\/\/portaltela.pt\/noticias\/2026\/02\/03\/colisao-mortal-no-coracao-da-cidade-deixa-vitima-em-borba\/#primaryimage"},"thumbnailUrl":"https:\/\/portaltela.pt\/s.01k8rhncp4jt1\/2026\/02\/Acidente-scaled-1.jpg","keywords":["acidente rodovi\u00e1rio","bombeiros","Borba","\u00c9vora","Guarda Nacional Republicana","VMER"],"articleSection":["Not\u00edcias"],"inLanguage":"pt-PT"},{"@type":"WebPage","@id":"https:\/\/portaltela.pt\/noticias\/2026\/02\/03\/colisao-mortal-no-coracao-da-cidade-deixa-vitima-em-borba\/","url":"https:\/\/portaltela.pt\/noticias\/2026\/02\/03\/colisao-mortal-no-coracao-da-cidade-deixa-vitima-em-borba\/","name":"Colis\u00e3o mortal no cora\u00e7\u00e3o da cidade deixa v\u00edtima em Borba - Portal Tela Portugal","isPartOf":{"@id":"https:\/\/portaltela.pt\/#website"},"primaryImageOfPage":{"@id":"https:\/\/portaltela.pt\/noticias\/2026\/02\/03\/colisao-mortal-no-coracao-da-cidade-deixa-vitima-em-borba\/#primaryimage"},"image":{"@id":"https:\/\/portaltela.pt\/noticias\/2026\/02\/03\/colisao-mortal-no-coracao-da-cidade-deixa-vitima-em-borba\/#primaryimage"},"thumbnailUrl":"https:\/\/portaltela.pt\/s.01k8rhncp4jt1\/2026\/02\/Acidente-scaled-1.jpg","datePublished":"2026-02-03T23:01:41+00:00","author":{"@id":"https:\/\/portaltela.pt\/#\/schema\/person\/c4278d4a6028830caff9ee44b42d32ed"},"breadcrumb":{"@id":"https:\/\/portaltela.pt\/noticias\/2026\/02\/03\/colisao-mortal-no-coracao-da-cidade-deixa-vitima-em-borba\/#breadcrumb"},"inLanguage":"pt-PT","potentialAction":[{"@type":"ReadAction","target":["https:\/\/portaltela.pt\/noticias\/2026\/02\/03\/colisao-mortal-no-coracao-da-cidade-deixa-vitima-em-borba\/"]}]},{"@type":"ImageObject","inLanguage":"pt-PT","@id":"https:\/\/portaltela.pt\/noticias\/2026\/02\/03\/colisao-mortal-no-coracao-da-cidade-deixa-vitima-em-borba\/#primaryimage","url":"https:\/\/portaltela.pt\/s.01k8rhncp4jt1\/2026\/02\/Acidente-scaled-1.jpg","contentUrl":"https:\/\/portaltela.pt\/s.01k8rhncp4jt1\/2026\/02\/Acidente-scaled-1.jpg","width":796,"height":448,"caption":"Colis\u00e3o entre mota e autom\u00f3vel faz um ferido grave no concelho de Sines"},{"@type":"BreadcrumbList","@id":"https:\/\/portaltela.pt\/noticias\/2026\/02\/03\/colisao-mortal-no-coracao-da-cidade-deixa-vitima-em-borba\/#breadcrumb","itemListElement":[{"@type":"ListItem","position":1,"name":"In\u00edcio","item":"https:\/\/portaltela.pt\/"},{"@type":"ListItem","position":2,"name":"Colis\u00e3o mortal no cora\u00e7\u00e3o da cidade deixa v\u00edtima em Borba"}]},{"@type":"WebSite","@id":"https:\/\/portaltela.pt\/#website","url":"https:\/\/portaltela.pt\/","name":"Portal Tela Portugal","description":"","potentialAction":[{"@type":"SearchAction","target":{"@type":"EntryPoint","urlTemplate":"https:\/\/portaltela.pt\/?s={search_term_string}"},"query-input":{"@type":"PropertyValueSpecification","valueRequired":true,"valueName":"search_term_string"}}],"inLanguage":"pt-PT"},{"@type":"Person","@id":"https:\/\/portaltela.pt\/#\/schema\/person\/c4278d4a6028830caff9ee44b42d32ed","name":"Telinha","image":{"@type":"ImageObject","inLanguage":"pt-PT","@id":"https:\/\/portaltela.pt\/s.01k8rhncp4jt1\/2025\/11\/talking-bot-125x125.png","url":"https:\/\/portaltela.pt\/s.01k8rhncp4jt1\/2025\/11\/talking-bot-125x125.png","contentUrl":"https:\/\/portaltela.pt\/s.01k8rhncp4jt1\/2025\/11\/talking-bot-125x125.png","caption":"Telinha"},"sameAs":["https:\/\/portaltela.pt\/"],"url":"https:\/\/portaltela.pt\/por\/367410592786\/"}]}},"_links":{"self":[{"href":"https:\/\/portaltela.pt\/api\/wp\/v2\/posts\/195360","targetHints":{"allow":["GET"]}}],"collection":[{"href":"https:\/\/portaltela.pt\/api\/wp\/v2\/posts"}],"about":[{"href":"https:\/\/portaltela.pt\/api\/wp\/v2\/types\/post"}],"author":[{"embeddable":true,"href":"https:\/\/portaltela.pt\/api\/wp\/v2\/users\/2"}],"replies":[{"embeddable":true,"href":"https:\/\/portaltela.pt\/api\/wp\/v2\/comments?post=195360"}],"version-history":[{"count":0,"href":"https:\/\/portaltela.pt\/api\/wp\/v2\/posts\/195360\/revisions"}],"wp:featuredmedia":[{"embeddable":true,"href":"https:\/\/portaltela.pt\/api\/wp\/v2\/media\/195363"}],"wp:attachment":[{"href":"https:\/\/portaltela.pt\/api\/wp\/v2\/media?parent=195360"}],"wp:term":[{"taxonomy":"category","embeddable":true,"href":"https:\/\/portaltela.pt\/api\/wp\/v2\/categories?post=195360"},{"taxonomy":"post_tag","embeddable":true,"href":"https:\/\/portaltela.pt\/api\/wp\/v2\/tags?post=195360"}],"curies":[{"name":"wp","href":"https:\/\/api.w.org\/{rel}","templated":true}]}}