{"id":195356,"date":"2026-02-03T20:32:06","date_gmt":"2026-02-03T23:32:06","guid":{"rendered":"https:\/\/portaltela.pt\/noticias\/2026\/02\/03\/colisao-em-borba-deixa-um-morto-e-dois-feridos\/"},"modified":"2026-02-03T20:32:06","modified_gmt":"2026-02-03T23:32:06","slug":"colisao-em-borba-deixa-um-morto-e-dois-feridos","status":"publish","type":"post","link":"https:\/\/portaltela.pt\/noticias\/2026\/02\/03\/colisao-em-borba-deixa-um-morto-e-dois-feridos\/","title":{"rendered":"Colis\u00e3o em Borba deixa um morto e dois feridos"},"content":{"rendered":"<p>Um acidente entre dois autom\u00f3veis causou uma v\u00edtima mortal e dois feridos nesta ter\u00e7a-feira, em Borba, no distrito de \u00c9vora. O choque ocorreu na Pra\u00e7a da Rep\u00fablica, \u00e0s 18h34, envolvendo dois carros.<\/p>\n<p>A v\u00edtima mortal \u00e9 um homem de 61 anos, cujo \u00f3bito foi declarado no local pela VMER de \u00c9vora. Entre os feridos, h\u00e1 uma crian\u00e7a de sete anos com gravidade e um homem de 37 anos com ferimentos ligeiros. Ambos foram transportados para o Hospital de \u00c9vora.<\/p>\n<p>O alerta foi recebido pelo Comando Sub-Regional de Emerg\u00eancia e Prote\u00e7\u00e3o Civil do Alentejo Central. A opera\u00e7\u00e3o contou com 21 operacionais e nove viaturas, incluindo a VMER, uma ambul\u00e2ncia de Suporte Imediato de Vida de Estremoz, bombeiros de Borba e Vila Vi\u00e7osa, e GNR.<\/p>\n","protected":false},"excerpt":{"rendered":"<ul>\n<li>Um acidente entre dois autom\u00f3veis em Borba, na Pra\u00e7a da Rep\u00fablica, deixou um morto e dois feridos, numa ter\u00e7a-feira.<\/li>\n<li>O \u00f3bito foi declarado no local pelo m\u00e9dico da VMER de \u00c9vora.<\/li>\n<li>Um dos feridos graves \u00e9 uma crian\u00e7a de sete anos; o ferido ligeiro \u00e9 um homem de 37 anos; ambos foram conduzidos para o Hospital de \u00c9vora.<\/li>\n<li>O alerta foi dado \u00e0s 18h34.<\/li>\n<li>Do local estiveram mobilizados 21 operacionais, com nove ve\u00edculos, incluindo VMER e uma ambul\u00e2ncia SIV, apoiados pela GNR e bombeiros de Borba e Vila Vi\u00e7osa.<\/li>\n<\/ul>\n","protected":false},"author":2,"featured_media":195366,"comment_status":"closed","ping_status":"closed","sticky":false,"template":"","format":"standard","meta":{"footnotes":""},"categories":[1],"tags":[2088,2335,883,4070,1074,4462],"class_list":["post-195356","post","type-post","status-publish","format-standard","has-post-thumbnail","hentry","category-noticias","tag-acidente-de-viacao","tag-acidentes-rodoviarios","tag-alentejo","tag-borba","tag-evora","tag-vmer"],"yoast_head":"<!-- This site is optimized with the Yoast SEO plugin v27.2 - https:\/\/yoast.com\/product\/yoast-seo-wordpress\/ -->\n<title>Colis\u00e3o em Borba deixa um morto e dois feridos - Portal Tela Portugal<\/title>\n<meta name=\"robots\" content=\"index, follow, max-snippet:-1, max-image-preview:large, max-video-preview:-1\" \/>\n<meta property=\"og:locale\" content=\"pt_PT\" \/>\n<meta property=\"og:type\" content=\"article\" \/>\n<meta property=\"og:title\" content=\"Colis\u00e3o em Borba deixa um morto e dois feridos - Portal Tela Portugal\" \/>\n<meta property=\"og:description\" content=\"Um acidente entre dois autom\u00f3veis em Borba, na Pra\u00e7a da Rep\u00fablica, deixou um morto e dois feridos, numa ter\u00e7a-feira. O \u00f3bito foi declarado no local pelo m\u00e9dico da VMER de \u00c9vora. Um dos feridos graves \u00e9 uma crian\u00e7a de sete anos; o ferido ligeiro \u00e9 um homem de 37 anos; ambos foram conduzidos para o Hospital de \u00c9vora. O alerta foi dado \u00e0s 18h34. Do local estiveram mobilizados 21 operacionais, com nove ve\u00edculos, incluindo VMER e uma ambul\u00e2ncia SIV, apoiados pela GNR e bombeiros de Borba e Vila Vi\u00e7osa.\" \/>\n<meta property=\"og:url\" content=\"https:\/\/portaltela.pt\/noticias\/2026\/02\/03\/colisao-em-borba-deixa-um-morto-e-dois-feridos\/\" \/>\n<meta property=\"og:site_name\" content=\"Portal Tela Portugal\" \/>\n<meta property=\"article:published_time\" content=\"2026-02-03T23:32:06+00:00\" \/>\n<meta name=\"author\" content=\"Telinha\" \/>\n<meta name=\"twitter:card\" content=\"summary_large_image\" \/>\n<meta name=\"twitter:label1\" content=\"Escrito por\" \/>\n\t<meta name=\"twitter:data1\" content=\"Telinha\" \/>\n\t<meta name=\"twitter:label2\" content=\"Tempo estimado de leitura\" \/>\n\t<meta name=\"twitter:data2\" content=\"1 minuto\" \/>\n<script type=\"application\/ld+json\" class=\"yoast-schema-graph\">{\"@context\":\"https:\/\/schema.org\",\"@graph\":[{\"@type\":\"Article\",\"@id\":\"https:\/\/portaltela.pt\/noticias\/2026\/02\/03\/colisao-em-borba-deixa-um-morto-e-dois-feridos\/#article\",\"isPartOf\":{\"@id\":\"https:\/\/portaltela.pt\/noticias\/2026\/02\/03\/colisao-em-borba-deixa-um-morto-e-dois-feridos\/\"},\"author\":{\"name\":\"Telinha\",\"@id\":\"https:\/\/portaltela.pt\/#\/schema\/person\/c4278d4a6028830caff9ee44b42d32ed\"},\"headline\":\"Colis\u00e3o em Borba deixa um morto e dois feridos\",\"datePublished\":\"2026-02-03T23:32:06+00:00\",\"mainEntityOfPage\":{\"@id\":\"https:\/\/portaltela.pt\/noticias\/2026\/02\/03\/colisao-em-borba-deixa-um-morto-e-dois-feridos\/\"},\"wordCount\":141,\"image\":{\"@id\":\"https:\/\/portaltela.pt\/noticias\/2026\/02\/03\/colisao-em-borba-deixa-um-morto-e-dois-feridos\/#primaryimage\"},\"thumbnailUrl\":\"https:\/\/portaltela.pt\/s.01k8rhncp4jt1\/2026\/02\/unnamed-file-1036.jpg\",\"keywords\":[\"acidente de via\u00e7\u00e3o\",\"acidentes rodovi\u00e1rios\",\"Alentejo\",\"Borba\",\"\u00c9vora\",\"VMER\"],\"articleSection\":[\"Not\u00edcias\"],\"inLanguage\":\"pt-PT\"},{\"@type\":\"WebPage\",\"@id\":\"https:\/\/portaltela.pt\/noticias\/2026\/02\/03\/colisao-em-borba-deixa-um-morto-e-dois-feridos\/\",\"url\":\"https:\/\/portaltela.pt\/noticias\/2026\/02\/03\/colisao-em-borba-deixa-um-morto-e-dois-feridos\/\",\"name\":\"Colis\u00e3o em Borba deixa um morto e dois feridos - Portal Tela Portugal\",\"isPartOf\":{\"@id\":\"https:\/\/portaltela.pt\/#website\"},\"primaryImageOfPage\":{\"@id\":\"https:\/\/portaltela.pt\/noticias\/2026\/02\/03\/colisao-em-borba-deixa-um-morto-e-dois-feridos\/#primaryimage\"},\"image\":{\"@id\":\"https:\/\/portaltela.pt\/noticias\/2026\/02\/03\/colisao-em-borba-deixa-um-morto-e-dois-feridos\/#primaryimage\"},\"thumbnailUrl\":\"https:\/\/portaltela.pt\/s.01k8rhncp4jt1\/2026\/02\/unnamed-file-1036.jpg\",\"datePublished\":\"2026-02-03T23:32:06+00:00\",\"author\":{\"@id\":\"https:\/\/portaltela.pt\/#\/schema\/person\/c4278d4a6028830caff9ee44b42d32ed\"},\"breadcrumb\":{\"@id\":\"https:\/\/portaltela.pt\/noticias\/2026\/02\/03\/colisao-em-borba-deixa-um-morto-e-dois-feridos\/#breadcrumb\"},\"inLanguage\":\"pt-PT\",\"potentialAction\":[{\"@type\":\"ReadAction\",\"target\":[\"https:\/\/portaltela.pt\/noticias\/2026\/02\/03\/colisao-em-borba-deixa-um-morto-e-dois-feridos\/\"]}]},{\"@type\":\"ImageObject\",\"inLanguage\":\"pt-PT\",\"@id\":\"https:\/\/portaltela.pt\/noticias\/2026\/02\/03\/colisao-em-borba-deixa-um-morto-e-dois-feridos\/#primaryimage\",\"url\":\"https:\/\/portaltela.pt\/s.01k8rhncp4jt1\/2026\/02\/unnamed-file-1036.jpg\",\"contentUrl\":\"https:\/\/portaltela.pt\/s.01k8rhncp4jt1\/2026\/02\/unnamed-file-1036.jpg\",\"width\":796,\"height\":448,\"caption\":\"Homem de 61 anos morreu no local do acidente\"},{\"@type\":\"BreadcrumbList\",\"@id\":\"https:\/\/portaltela.pt\/noticias\/2026\/02\/03\/colisao-em-borba-deixa-um-morto-e-dois-feridos\/#breadcrumb\",\"itemListElement\":[{\"@type\":\"ListItem\",\"position\":1,\"name\":\"In\u00edcio\",\"item\":\"https:\/\/portaltela.pt\/\"},{\"@type\":\"ListItem\",\"position\":2,\"name\":\"Colis\u00e3o em Borba deixa um morto e dois feridos\"}]},{\"@type\":\"WebSite\",\"@id\":\"https:\/\/portaltela.pt\/#website\",\"url\":\"https:\/\/portaltela.pt\/\",\"name\":\"Portal Tela Portugal\",\"description\":\"\",\"potentialAction\":[{\"@type\":\"SearchAction\",\"target\":{\"@type\":\"EntryPoint\",\"urlTemplate\":\"https:\/\/portaltela.pt\/?s={search_term_string}\"},\"query-input\":{\"@type\":\"PropertyValueSpecification\",\"valueRequired\":true,\"valueName\":\"search_term_string\"}}],\"inLanguage\":\"pt-PT\"},{\"@type\":\"Person\",\"@id\":\"https:\/\/portaltela.pt\/#\/schema\/person\/c4278d4a6028830caff9ee44b42d32ed\",\"name\":\"Telinha\",\"image\":{\"@type\":\"ImageObject\",\"inLanguage\":\"pt-PT\",\"@id\":\"https:\/\/portaltela.pt\/s.01k8rhncp4jt1\/2025\/11\/talking-bot-125x125.png\",\"url\":\"https:\/\/portaltela.pt\/s.01k8rhncp4jt1\/2025\/11\/talking-bot-125x125.png\",\"contentUrl\":\"https:\/\/portaltela.pt\/s.01k8rhncp4jt1\/2025\/11\/talking-bot-125x125.png\",\"caption\":\"Telinha\"},\"sameAs\":[\"https:\/\/portaltela.pt\/\"],\"url\":\"https:\/\/portaltela.pt\/por\/367410592786\/\"}]}<\/script>\n<!-- \/ Yoast SEO plugin. -->","yoast_head_json":{"title":"Colis\u00e3o em Borba deixa um morto e dois feridos - Portal Tela Portugal","robots":{"index":"index","follow":"follow","max-snippet":"max-snippet:-1","max-image-preview":"max-image-preview:large","max-video-preview":"max-video-preview:-1"},"og_locale":"pt_PT","og_type":"article","og_title":"Colis\u00e3o em Borba deixa um morto e dois feridos - Portal Tela Portugal","og_description":"Um acidente entre dois autom\u00f3veis em Borba, na Pra\u00e7a da Rep\u00fablica, deixou um morto e dois feridos, numa ter\u00e7a-feira. O \u00f3bito foi declarado no local pelo m\u00e9dico da VMER de \u00c9vora. Um dos feridos graves \u00e9 uma crian\u00e7a de sete anos; o ferido ligeiro \u00e9 um homem de 37 anos; ambos foram conduzidos para o Hospital de \u00c9vora. O alerta foi dado \u00e0s 18h34. Do local estiveram mobilizados 21 operacionais, com nove ve\u00edculos, incluindo VMER e uma ambul\u00e2ncia SIV, apoiados pela GNR e bombeiros de Borba e Vila Vi\u00e7osa.","og_url":"https:\/\/portaltela.pt\/noticias\/2026\/02\/03\/colisao-em-borba-deixa-um-morto-e-dois-feridos\/","og_site_name":"Portal Tela Portugal","article_published_time":"2026-02-03T23:32:06+00:00","author":"Telinha","twitter_card":"summary_large_image","twitter_misc":{"Escrito por":"Telinha","Tempo estimado de leitura":"1 minuto"},"schema":{"@context":"https:\/\/schema.org","@graph":[{"@type":"Article","@id":"https:\/\/portaltela.pt\/noticias\/2026\/02\/03\/colisao-em-borba-deixa-um-morto-e-dois-feridos\/#article","isPartOf":{"@id":"https:\/\/portaltela.pt\/noticias\/2026\/02\/03\/colisao-em-borba-deixa-um-morto-e-dois-feridos\/"},"author":{"name":"Telinha","@id":"https:\/\/portaltela.pt\/#\/schema\/person\/c4278d4a6028830caff9ee44b42d32ed"},"headline":"Colis\u00e3o em Borba deixa um morto e dois feridos","datePublished":"2026-02-03T23:32:06+00:00","mainEntityOfPage":{"@id":"https:\/\/portaltela.pt\/noticias\/2026\/02\/03\/colisao-em-borba-deixa-um-morto-e-dois-feridos\/"},"wordCount":141,"image":{"@id":"https:\/\/portaltela.pt\/noticias\/2026\/02\/03\/colisao-em-borba-deixa-um-morto-e-dois-feridos\/#primaryimage"},"thumbnailUrl":"https:\/\/portaltela.pt\/s.01k8rhncp4jt1\/2026\/02\/unnamed-file-1036.jpg","keywords":["acidente de via\u00e7\u00e3o","acidentes rodovi\u00e1rios","Alentejo","Borba","\u00c9vora","VMER"],"articleSection":["Not\u00edcias"],"inLanguage":"pt-PT"},{"@type":"WebPage","@id":"https:\/\/portaltela.pt\/noticias\/2026\/02\/03\/colisao-em-borba-deixa-um-morto-e-dois-feridos\/","url":"https:\/\/portaltela.pt\/noticias\/2026\/02\/03\/colisao-em-borba-deixa-um-morto-e-dois-feridos\/","name":"Colis\u00e3o em Borba deixa um morto e dois feridos - Portal Tela Portugal","isPartOf":{"@id":"https:\/\/portaltela.pt\/#website"},"primaryImageOfPage":{"@id":"https:\/\/portaltela.pt\/noticias\/2026\/02\/03\/colisao-em-borba-deixa-um-morto-e-dois-feridos\/#primaryimage"},"image":{"@id":"https:\/\/portaltela.pt\/noticias\/2026\/02\/03\/colisao-em-borba-deixa-um-morto-e-dois-feridos\/#primaryimage"},"thumbnailUrl":"https:\/\/portaltela.pt\/s.01k8rhncp4jt1\/2026\/02\/unnamed-file-1036.jpg","datePublished":"2026-02-03T23:32:06+00:00","author":{"@id":"https:\/\/portaltela.pt\/#\/schema\/person\/c4278d4a6028830caff9ee44b42d32ed"},"breadcrumb":{"@id":"https:\/\/portaltela.pt\/noticias\/2026\/02\/03\/colisao-em-borba-deixa-um-morto-e-dois-feridos\/#breadcrumb"},"inLanguage":"pt-PT","potentialAction":[{"@type":"ReadAction","target":["https:\/\/portaltela.pt\/noticias\/2026\/02\/03\/colisao-em-borba-deixa-um-morto-e-dois-feridos\/"]}]},{"@type":"ImageObject","inLanguage":"pt-PT","@id":"https:\/\/portaltela.pt\/noticias\/2026\/02\/03\/colisao-em-borba-deixa-um-morto-e-dois-feridos\/#primaryimage","url":"https:\/\/portaltela.pt\/s.01k8rhncp4jt1\/2026\/02\/unnamed-file-1036.jpg","contentUrl":"https:\/\/portaltela.pt\/s.01k8rhncp4jt1\/2026\/02\/unnamed-file-1036.jpg","width":796,"height":448,"caption":"Homem de 61 anos morreu no local do acidente"},{"@type":"BreadcrumbList","@id":"https:\/\/portaltela.pt\/noticias\/2026\/02\/03\/colisao-em-borba-deixa-um-morto-e-dois-feridos\/#breadcrumb","itemListElement":[{"@type":"ListItem","position":1,"name":"In\u00edcio","item":"https:\/\/portaltela.pt\/"},{"@type":"ListItem","position":2,"name":"Colis\u00e3o em Borba deixa um morto e dois feridos"}]},{"@type":"WebSite","@id":"https:\/\/portaltela.pt\/#website","url":"https:\/\/portaltela.pt\/","name":"Portal Tela Portugal","description":"","potentialAction":[{"@type":"SearchAction","target":{"@type":"EntryPoint","urlTemplate":"https:\/\/portaltela.pt\/?s={search_term_string}"},"query-input":{"@type":"PropertyValueSpecification","valueRequired":true,"valueName":"search_term_string"}}],"inLanguage":"pt-PT"},{"@type":"Person","@id":"https:\/\/portaltela.pt\/#\/schema\/person\/c4278d4a6028830caff9ee44b42d32ed","name":"Telinha","image":{"@type":"ImageObject","inLanguage":"pt-PT","@id":"https:\/\/portaltela.pt\/s.01k8rhncp4jt1\/2025\/11\/talking-bot-125x125.png","url":"https:\/\/portaltela.pt\/s.01k8rhncp4jt1\/2025\/11\/talking-bot-125x125.png","contentUrl":"https:\/\/portaltela.pt\/s.01k8rhncp4jt1\/2025\/11\/talking-bot-125x125.png","caption":"Telinha"},"sameAs":["https:\/\/portaltela.pt\/"],"url":"https:\/\/portaltela.pt\/por\/367410592786\/"}]}},"_links":{"self":[{"href":"https:\/\/portaltela.pt\/api\/wp\/v2\/posts\/195356","targetHints":{"allow":["GET"]}}],"collection":[{"href":"https:\/\/portaltela.pt\/api\/wp\/v2\/posts"}],"about":[{"href":"https:\/\/portaltela.pt\/api\/wp\/v2\/types\/post"}],"author":[{"embeddable":true,"href":"https:\/\/portaltela.pt\/api\/wp\/v2\/users\/2"}],"replies":[{"embeddable":true,"href":"https:\/\/portaltela.pt\/api\/wp\/v2\/comments?post=195356"}],"version-history":[{"count":0,"href":"https:\/\/portaltela.pt\/api\/wp\/v2\/posts\/195356\/revisions"}],"wp:featuredmedia":[{"embeddable":true,"href":"https:\/\/portaltela.pt\/api\/wp\/v2\/media\/195366"}],"wp:attachment":[{"href":"https:\/\/portaltela.pt\/api\/wp\/v2\/media?parent=195356"}],"wp:term":[{"taxonomy":"category","embeddable":true,"href":"https:\/\/portaltela.pt\/api\/wp\/v2\/categories?post=195356"},{"taxonomy":"post_tag","embeddable":true,"href":"https:\/\/portaltela.pt\/api\/wp\/v2\/tags?post=195356"}],"curies":[{"name":"wp","href":"https:\/\/api.w.org\/{rel}","templated":true}]}}