{"id":195328,"date":"2026-02-03T20:11:28","date_gmt":"2026-02-03T23:11:28","guid":{"rendered":"https:\/\/portaltela.pt\/noticias\/2026\/02\/03\/antigo-avancado-do-sporting-exonerado-de-cargo-publico-apos-crime-com-menor\/"},"modified":"2026-02-03T20:11:28","modified_gmt":"2026-02-03T23:11:28","slug":"antigo-avancado-do-sporting-exonerado-de-cargo-publico-apos-crime-com-menor","status":"publish","type":"post","link":"https:\/\/portaltela.pt\/desporto\/futebol\/2026\/02\/03\/antigo-avancado-do-sporting-exonerado-de-cargo-publico-apos-crime-com-menor\/","title":{"rendered":"Antigo avan\u00e7ado do Sporting exonerado de cargo p\u00fablico ap\u00f3s crime com menor"},"content":{"rendered":"<p>Leandro Machado, ex-avan\u00e7ado brasileiro, est\u00e1 a ser investigado por crime sexual envolvendo uma menor. A not\u00edcia levou \u00e0 exonera\u00e7\u00e3o do cargo que desempenhava como Secret\u00e1rio do Desporto da prefeitura de Santo Amaro da Imperatriz, em Santa Catarina.<\/p>\n<p>O antigo jogador representou o Sporting entre 1997 e 1998 e o Santa Clara em 2003. Atualmente tinha 49 anos e j\u00e1 disputou mais clubes ao longo da carreira, entre eles Internacional, Flamengo, Santos e Valencia, pendurando as chuteiras em 2008 ap\u00f3s passagem pelo Sport.<\/p>\n<p>A exonera\u00e7\u00e3o, solicitada pelo pr\u00f3prio ex-jogador, foi confirmada pela prefeitura. Jardim informa que atos atribu\u00eddos a Machado devem ser apurados pelas autoridades competentes, dentro do devido processo legal, mantendo o funcionamento da Secretaria do Desporto conforme o cronograma.<\/p>\n<p>A gest\u00e3o p\u00fablica refor\u00e7a que n\u00e3o tolera irregularidades e que continua a assegurar servi\u00e7os \u00e0 popula\u00e7\u00e3o. A Secretaria do Desporto manter\u00e1 as atividades no \u00e2mbito do seu calend\u00e1rio, sem interrup\u00e7\u00f5es percept\u00edveis para a comunidade.<\/p>\n","protected":false},"excerpt":{"rendered":"<ul>\n<li>Leandro Machado, antigo avan\u00e7ado brasileiro, representou o Sporting entre 1997 e 1998 e o Santa Clara em 2003.<\/li>\n<li>Atualmente era Secret\u00e1rio do Desporto da prefeitura de Santo Amaro da Imperatriz, em Santa Catarina, Brasil.<\/li>\n<li>Est\u00e1 a ser investigado por um crime sexual envolvendo menor, o que levou \u00e0 sua exonera\u00e7\u00e3o do cargo.<\/li>\n<li>A exonera\u00e7\u00e3o foi solicitada pelo pr\u00f3prio jogador; a prefeitura afirmou que os atos s\u00e3o da responsabilidade dele e que a gest\u00e3o continua e garante os servi\u00e7os \u00e0 popula\u00e7\u00e3o.<\/li>\n<li>O atleta tem 49 anos e, al\u00e9m de Sporting e Santa Clara, jogou por Internacional, Flamengo, Santos e Valencia, encerrando a carreira em 2008.<\/li>\n<\/ul>\n","protected":false},"author":2,"featured_media":195331,"comment_status":"closed","ping_status":"closed","sticky":false,"template":"","format":"standard","meta":{"footnotes":""},"categories":[21,24],"tags":[147,3990,32,998,1652,1103],"class_list":["post-195328","post","type-post","status-publish","format-standard","has-post-thumbnail","hentry","category-desporto","category-futebol","tag-crime","tag-crimes-sexuais","tag-futebol","tag-santa-clara","tag-sporting","tag-violacao-de-menor-dependente-ou-em-situacao-vulneravel"],"yoast_head":"<!-- This site is optimized with the Yoast SEO plugin v27.2 - https:\/\/yoast.com\/product\/yoast-seo-wordpress\/ -->\n<title>Antigo avan\u00e7ado do Sporting exonerado de cargo p\u00fablico ap\u00f3s crime com menor - Portal Tela Portugal<\/title>\n<meta name=\"robots\" content=\"index, follow, max-snippet:-1, max-image-preview:large, max-video-preview:-1\" \/>\n<meta property=\"og:locale\" content=\"pt_PT\" \/>\n<meta property=\"og:type\" content=\"article\" \/>\n<meta property=\"og:title\" content=\"Antigo avan\u00e7ado do Sporting exonerado de cargo p\u00fablico ap\u00f3s crime com menor - Portal Tela Portugal\" \/>\n<meta property=\"og:description\" content=\"Leandro Machado, antigo avan\u00e7ado brasileiro, representou o Sporting entre 1997 e 1998 e o Santa Clara em 2003. Atualmente era Secret\u00e1rio do Desporto da prefeitura de Santo Amaro da Imperatriz, em Santa Catarina, Brasil. Est\u00e1 a ser investigado por um crime sexual envolvendo menor, o que levou \u00e0 sua exonera\u00e7\u00e3o do cargo. A exonera\u00e7\u00e3o foi solicitada pelo pr\u00f3prio jogador; a prefeitura afirmou que os atos s\u00e3o da responsabilidade dele e que a gest\u00e3o continua e garante os servi\u00e7os \u00e0 popula\u00e7\u00e3o. O atleta tem 49 anos e, al\u00e9m de Sporting e Santa Clara, jogou por Internacional, Flamengo, Santos e Valencia, encerrando a carreira em 2008.\" \/>\n<meta property=\"og:url\" content=\"https:\/\/portaltela.pt\/noticias\/2026\/02\/03\/antigo-avancado-do-sporting-exonerado-de-cargo-publico-apos-crime-com-menor\/\" \/>\n<meta property=\"og:site_name\" content=\"Portal Tela Portugal\" \/>\n<meta property=\"article:published_time\" content=\"2026-02-03T23:11:28+00:00\" \/>\n<meta name=\"author\" content=\"Telinha\" \/>\n<meta name=\"twitter:card\" content=\"summary_large_image\" \/>\n<meta name=\"twitter:label1\" content=\"Escrito por\" \/>\n\t<meta name=\"twitter:data1\" content=\"Telinha\" \/>\n\t<meta name=\"twitter:label2\" content=\"Tempo estimado de leitura\" \/>\n\t<meta name=\"twitter:data2\" content=\"1 minuto\" \/>\n<script type=\"application\/ld+json\" class=\"yoast-schema-graph\">{\"@context\":\"https:\/\/schema.org\",\"@graph\":[{\"@type\":\"Article\",\"@id\":\"https:\/\/portaltela.pt\/noticias\/2026\/02\/03\/antigo-avancado-do-sporting-exonerado-de-cargo-publico-apos-crime-com-menor\/#article\",\"isPartOf\":{\"@id\":\"https:\/\/portaltela.pt\/noticias\/2026\/02\/03\/antigo-avancado-do-sporting-exonerado-de-cargo-publico-apos-crime-com-menor\/\"},\"author\":{\"name\":\"Telinha\",\"@id\":\"https:\/\/portaltela.pt\/#\/schema\/person\/c4278d4a6028830caff9ee44b42d32ed\"},\"headline\":\"Antigo avan\u00e7ado do Sporting exonerado de cargo p\u00fablico ap\u00f3s crime com menor\",\"datePublished\":\"2026-02-03T23:11:28+00:00\",\"mainEntityOfPage\":{\"@id\":\"https:\/\/portaltela.pt\/noticias\/2026\/02\/03\/antigo-avancado-do-sporting-exonerado-de-cargo-publico-apos-crime-com-menor\/\"},\"wordCount\":179,\"image\":{\"@id\":\"https:\/\/portaltela.pt\/noticias\/2026\/02\/03\/antigo-avancado-do-sporting-exonerado-de-cargo-publico-apos-crime-com-menor\/#primaryimage\"},\"thumbnailUrl\":\"https:\/\/portaltela.pt\/s.01k8rhncp4jt1\/2026\/02\/img_920x518uu2026-02-03-23-01-47-2419426.jpg\",\"keywords\":[\"crime\",\"crimes sexuais\",\"futebol\",\"Santa Clara\",\"Sporting\",\"viola\u00e7\u00e3o de menor dependente ou em situa\u00e7\u00e3o vulner\u00e1vel\"],\"articleSection\":[\"Desporto\",\"Futebol\"],\"inLanguage\":\"pt-PT\"},{\"@type\":\"WebPage\",\"@id\":\"https:\/\/portaltela.pt\/noticias\/2026\/02\/03\/antigo-avancado-do-sporting-exonerado-de-cargo-publico-apos-crime-com-menor\/\",\"url\":\"https:\/\/portaltela.pt\/noticias\/2026\/02\/03\/antigo-avancado-do-sporting-exonerado-de-cargo-publico-apos-crime-com-menor\/\",\"name\":\"Antigo avan\u00e7ado do Sporting exonerado de cargo p\u00fablico ap\u00f3s crime com menor - Portal Tela Portugal\",\"isPartOf\":{\"@id\":\"https:\/\/portaltela.pt\/#website\"},\"primaryImageOfPage\":{\"@id\":\"https:\/\/portaltela.pt\/noticias\/2026\/02\/03\/antigo-avancado-do-sporting-exonerado-de-cargo-publico-apos-crime-com-menor\/#primaryimage\"},\"image\":{\"@id\":\"https:\/\/portaltela.pt\/noticias\/2026\/02\/03\/antigo-avancado-do-sporting-exonerado-de-cargo-publico-apos-crime-com-menor\/#primaryimage\"},\"thumbnailUrl\":\"https:\/\/portaltela.pt\/s.01k8rhncp4jt1\/2026\/02\/img_920x518uu2026-02-03-23-01-47-2419426.jpg\",\"datePublished\":\"2026-02-03T23:11:28+00:00\",\"author\":{\"@id\":\"https:\/\/portaltela.pt\/#\/schema\/person\/c4278d4a6028830caff9ee44b42d32ed\"},\"breadcrumb\":{\"@id\":\"https:\/\/portaltela.pt\/noticias\/2026\/02\/03\/antigo-avancado-do-sporting-exonerado-de-cargo-publico-apos-crime-com-menor\/#breadcrumb\"},\"inLanguage\":\"pt-PT\",\"potentialAction\":[{\"@type\":\"ReadAction\",\"target\":[\"https:\/\/portaltela.pt\/noticias\/2026\/02\/03\/antigo-avancado-do-sporting-exonerado-de-cargo-publico-apos-crime-com-menor\/\"]}]},{\"@type\":\"ImageObject\",\"inLanguage\":\"pt-PT\",\"@id\":\"https:\/\/portaltela.pt\/noticias\/2026\/02\/03\/antigo-avancado-do-sporting-exonerado-de-cargo-publico-apos-crime-com-menor\/#primaryimage\",\"url\":\"https:\/\/portaltela.pt\/s.01k8rhncp4jt1\/2026\/02\/img_920x518uu2026-02-03-23-01-47-2419426.jpg\",\"contentUrl\":\"https:\/\/portaltela.pt\/s.01k8rhncp4jt1\/2026\/02\/img_920x518uu2026-02-03-23-01-47-2419426.jpg\",\"width\":796,\"height\":448,\"caption\":\"Leandro Machado representou o Sporting, entre 1997 a 1998\"},{\"@type\":\"BreadcrumbList\",\"@id\":\"https:\/\/portaltela.pt\/noticias\/2026\/02\/03\/antigo-avancado-do-sporting-exonerado-de-cargo-publico-apos-crime-com-menor\/#breadcrumb\",\"itemListElement\":[{\"@type\":\"ListItem\",\"position\":1,\"name\":\"In\u00edcio\",\"item\":\"https:\/\/portaltela.pt\/\"},{\"@type\":\"ListItem\",\"position\":2,\"name\":\"Antigo avan\u00e7ado do Sporting exonerado de cargo p\u00fablico ap\u00f3s crime com menor\"}]},{\"@type\":\"WebSite\",\"@id\":\"https:\/\/portaltela.pt\/#website\",\"url\":\"https:\/\/portaltela.pt\/\",\"name\":\"Portal Tela Portugal\",\"description\":\"\",\"potentialAction\":[{\"@type\":\"SearchAction\",\"target\":{\"@type\":\"EntryPoint\",\"urlTemplate\":\"https:\/\/portaltela.pt\/?s={search_term_string}\"},\"query-input\":{\"@type\":\"PropertyValueSpecification\",\"valueRequired\":true,\"valueName\":\"search_term_string\"}}],\"inLanguage\":\"pt-PT\"},{\"@type\":\"Person\",\"@id\":\"https:\/\/portaltela.pt\/#\/schema\/person\/c4278d4a6028830caff9ee44b42d32ed\",\"name\":\"Telinha\",\"image\":{\"@type\":\"ImageObject\",\"inLanguage\":\"pt-PT\",\"@id\":\"https:\/\/portaltela.pt\/s.01k8rhncp4jt1\/2025\/11\/talking-bot-125x125.png\",\"url\":\"https:\/\/portaltela.pt\/s.01k8rhncp4jt1\/2025\/11\/talking-bot-125x125.png\",\"contentUrl\":\"https:\/\/portaltela.pt\/s.01k8rhncp4jt1\/2025\/11\/talking-bot-125x125.png\",\"caption\":\"Telinha\"},\"sameAs\":[\"https:\/\/portaltela.pt\/\"],\"url\":\"https:\/\/portaltela.pt\/por\/367410592786\/\"}]}<\/script>\n<!-- \/ Yoast SEO plugin. -->","yoast_head_json":{"title":"Antigo avan\u00e7ado do Sporting exonerado de cargo p\u00fablico ap\u00f3s crime com menor - Portal Tela Portugal","robots":{"index":"index","follow":"follow","max-snippet":"max-snippet:-1","max-image-preview":"max-image-preview:large","max-video-preview":"max-video-preview:-1"},"og_locale":"pt_PT","og_type":"article","og_title":"Antigo avan\u00e7ado do Sporting exonerado de cargo p\u00fablico ap\u00f3s crime com menor - Portal Tela Portugal","og_description":"Leandro Machado, antigo avan\u00e7ado brasileiro, representou o Sporting entre 1997 e 1998 e o Santa Clara em 2003. Atualmente era Secret\u00e1rio do Desporto da prefeitura de Santo Amaro da Imperatriz, em Santa Catarina, Brasil. Est\u00e1 a ser investigado por um crime sexual envolvendo menor, o que levou \u00e0 sua exonera\u00e7\u00e3o do cargo. A exonera\u00e7\u00e3o foi solicitada pelo pr\u00f3prio jogador; a prefeitura afirmou que os atos s\u00e3o da responsabilidade dele e que a gest\u00e3o continua e garante os servi\u00e7os \u00e0 popula\u00e7\u00e3o. O atleta tem 49 anos e, al\u00e9m de Sporting e Santa Clara, jogou por Internacional, Flamengo, Santos e Valencia, encerrando a carreira em 2008.","og_url":"https:\/\/portaltela.pt\/noticias\/2026\/02\/03\/antigo-avancado-do-sporting-exonerado-de-cargo-publico-apos-crime-com-menor\/","og_site_name":"Portal Tela Portugal","article_published_time":"2026-02-03T23:11:28+00:00","author":"Telinha","twitter_card":"summary_large_image","twitter_misc":{"Escrito por":"Telinha","Tempo estimado de leitura":"1 minuto"},"schema":{"@context":"https:\/\/schema.org","@graph":[{"@type":"Article","@id":"https:\/\/portaltela.pt\/noticias\/2026\/02\/03\/antigo-avancado-do-sporting-exonerado-de-cargo-publico-apos-crime-com-menor\/#article","isPartOf":{"@id":"https:\/\/portaltela.pt\/noticias\/2026\/02\/03\/antigo-avancado-do-sporting-exonerado-de-cargo-publico-apos-crime-com-menor\/"},"author":{"name":"Telinha","@id":"https:\/\/portaltela.pt\/#\/schema\/person\/c4278d4a6028830caff9ee44b42d32ed"},"headline":"Antigo avan\u00e7ado do Sporting exonerado de cargo p\u00fablico ap\u00f3s crime com menor","datePublished":"2026-02-03T23:11:28+00:00","mainEntityOfPage":{"@id":"https:\/\/portaltela.pt\/noticias\/2026\/02\/03\/antigo-avancado-do-sporting-exonerado-de-cargo-publico-apos-crime-com-menor\/"},"wordCount":179,"image":{"@id":"https:\/\/portaltela.pt\/noticias\/2026\/02\/03\/antigo-avancado-do-sporting-exonerado-de-cargo-publico-apos-crime-com-menor\/#primaryimage"},"thumbnailUrl":"https:\/\/portaltela.pt\/s.01k8rhncp4jt1\/2026\/02\/img_920x518uu2026-02-03-23-01-47-2419426.jpg","keywords":["crime","crimes sexuais","futebol","Santa Clara","Sporting","viola\u00e7\u00e3o de menor dependente ou em situa\u00e7\u00e3o vulner\u00e1vel"],"articleSection":["Desporto","Futebol"],"inLanguage":"pt-PT"},{"@type":"WebPage","@id":"https:\/\/portaltela.pt\/noticias\/2026\/02\/03\/antigo-avancado-do-sporting-exonerado-de-cargo-publico-apos-crime-com-menor\/","url":"https:\/\/portaltela.pt\/noticias\/2026\/02\/03\/antigo-avancado-do-sporting-exonerado-de-cargo-publico-apos-crime-com-menor\/","name":"Antigo avan\u00e7ado do Sporting exonerado de cargo p\u00fablico ap\u00f3s crime com menor - Portal Tela Portugal","isPartOf":{"@id":"https:\/\/portaltela.pt\/#website"},"primaryImageOfPage":{"@id":"https:\/\/portaltela.pt\/noticias\/2026\/02\/03\/antigo-avancado-do-sporting-exonerado-de-cargo-publico-apos-crime-com-menor\/#primaryimage"},"image":{"@id":"https:\/\/portaltela.pt\/noticias\/2026\/02\/03\/antigo-avancado-do-sporting-exonerado-de-cargo-publico-apos-crime-com-menor\/#primaryimage"},"thumbnailUrl":"https:\/\/portaltela.pt\/s.01k8rhncp4jt1\/2026\/02\/img_920x518uu2026-02-03-23-01-47-2419426.jpg","datePublished":"2026-02-03T23:11:28+00:00","author":{"@id":"https:\/\/portaltela.pt\/#\/schema\/person\/c4278d4a6028830caff9ee44b42d32ed"},"breadcrumb":{"@id":"https:\/\/portaltela.pt\/noticias\/2026\/02\/03\/antigo-avancado-do-sporting-exonerado-de-cargo-publico-apos-crime-com-menor\/#breadcrumb"},"inLanguage":"pt-PT","potentialAction":[{"@type":"ReadAction","target":["https:\/\/portaltela.pt\/noticias\/2026\/02\/03\/antigo-avancado-do-sporting-exonerado-de-cargo-publico-apos-crime-com-menor\/"]}]},{"@type":"ImageObject","inLanguage":"pt-PT","@id":"https:\/\/portaltela.pt\/noticias\/2026\/02\/03\/antigo-avancado-do-sporting-exonerado-de-cargo-publico-apos-crime-com-menor\/#primaryimage","url":"https:\/\/portaltela.pt\/s.01k8rhncp4jt1\/2026\/02\/img_920x518uu2026-02-03-23-01-47-2419426.jpg","contentUrl":"https:\/\/portaltela.pt\/s.01k8rhncp4jt1\/2026\/02\/img_920x518uu2026-02-03-23-01-47-2419426.jpg","width":796,"height":448,"caption":"Leandro Machado representou o Sporting, entre 1997 a 1998"},{"@type":"BreadcrumbList","@id":"https:\/\/portaltela.pt\/noticias\/2026\/02\/03\/antigo-avancado-do-sporting-exonerado-de-cargo-publico-apos-crime-com-menor\/#breadcrumb","itemListElement":[{"@type":"ListItem","position":1,"name":"In\u00edcio","item":"https:\/\/portaltela.pt\/"},{"@type":"ListItem","position":2,"name":"Antigo avan\u00e7ado do Sporting exonerado de cargo p\u00fablico ap\u00f3s crime com menor"}]},{"@type":"WebSite","@id":"https:\/\/portaltela.pt\/#website","url":"https:\/\/portaltela.pt\/","name":"Portal Tela Portugal","description":"","potentialAction":[{"@type":"SearchAction","target":{"@type":"EntryPoint","urlTemplate":"https:\/\/portaltela.pt\/?s={search_term_string}"},"query-input":{"@type":"PropertyValueSpecification","valueRequired":true,"valueName":"search_term_string"}}],"inLanguage":"pt-PT"},{"@type":"Person","@id":"https:\/\/portaltela.pt\/#\/schema\/person\/c4278d4a6028830caff9ee44b42d32ed","name":"Telinha","image":{"@type":"ImageObject","inLanguage":"pt-PT","@id":"https:\/\/portaltela.pt\/s.01k8rhncp4jt1\/2025\/11\/talking-bot-125x125.png","url":"https:\/\/portaltela.pt\/s.01k8rhncp4jt1\/2025\/11\/talking-bot-125x125.png","contentUrl":"https:\/\/portaltela.pt\/s.01k8rhncp4jt1\/2025\/11\/talking-bot-125x125.png","caption":"Telinha"},"sameAs":["https:\/\/portaltela.pt\/"],"url":"https:\/\/portaltela.pt\/por\/367410592786\/"}]}},"_links":{"self":[{"href":"https:\/\/portaltela.pt\/api\/wp\/v2\/posts\/195328","targetHints":{"allow":["GET"]}}],"collection":[{"href":"https:\/\/portaltela.pt\/api\/wp\/v2\/posts"}],"about":[{"href":"https:\/\/portaltela.pt\/api\/wp\/v2\/types\/post"}],"author":[{"embeddable":true,"href":"https:\/\/portaltela.pt\/api\/wp\/v2\/users\/2"}],"replies":[{"embeddable":true,"href":"https:\/\/portaltela.pt\/api\/wp\/v2\/comments?post=195328"}],"version-history":[{"count":0,"href":"https:\/\/portaltela.pt\/api\/wp\/v2\/posts\/195328\/revisions"}],"wp:featuredmedia":[{"embeddable":true,"href":"https:\/\/portaltela.pt\/api\/wp\/v2\/media\/195331"}],"wp:attachment":[{"href":"https:\/\/portaltela.pt\/api\/wp\/v2\/media?parent=195328"}],"wp:term":[{"taxonomy":"category","embeddable":true,"href":"https:\/\/portaltela.pt\/api\/wp\/v2\/categories?post=195328"},{"taxonomy":"post_tag","embeddable":true,"href":"https:\/\/portaltela.pt\/api\/wp\/v2\/tags?post=195328"}],"curies":[{"name":"wp","href":"https:\/\/api.w.org\/{rel}","templated":true}]}}