{"id":195327,"date":"2026-02-03T19:57:07","date_gmt":"2026-02-03T22:57:07","guid":{"rendered":"https:\/\/portaltela.pt\/noticias\/2026\/02\/03\/noite-do-pijama-solidaria-realiza-se-a-17-de-fevereiro-na-camacha\/"},"modified":"2026-02-03T19:57:07","modified_gmt":"2026-02-03T22:57:07","slug":"noite-do-pijama-solidaria-realiza-se-a-17-de-fevereiro-na-camacha","status":"publish","type":"post","link":"https:\/\/portaltela.pt\/noticias\/2026\/02\/03\/noite-do-pijama-solidaria-realiza-se-a-17-de-fevereiro-na-camacha\/","title":{"rendered":"Noite do Pijama Solid\u00e1ria realiza-se a 17 de Fevereiro na Camacha"},"content":{"rendered":"<p>O N\u00facleo Regional da Madeira da Liga Portuguesa Contra o Cancro promove a Noite da Pijama Solid\u00e1ria no Sal\u00e3o Paroquial da Igreja da Camacha. O evento realiza-se na ter\u00e7a-feira de Carnaval, 17 de Fevereiro, entre as 16h e as 23h, com o objetivo de conjugar conv\u00edvio, anima\u00e7\u00e3o e solidariedade.<\/p>\n<p>Os participantes s\u00e3o convidados a comparecer de pijama. Os bilhetes custam 18 euros para adultos e 10 euros para crian\u00e7as at\u00e9 aos 12 anos, com as receitas a reverterem a favor do n\u00facleo regional.<\/p>\n<p>O programa arranca \u00e0s 16h com iguarias carnavalescas, sendo facultativo levar algo para partilhar. Pelos 19h est\u00e1 previsto o jantar, com feijoada. Pela 21h h\u00e1 anima\u00e7\u00e3o, sorteio e jogo do loto, at\u00e9 finalizar o conv\u00edvio \u00e0s 23h.<\/p>\n<h3>Programa e bilhetes<\/h3>\n<p>O bilhete inclui um brinde carnavalesco de boas-vindas, jantar, uma bebida e participa\u00e7\u00e3o no sorteio. A organiza\u00e7\u00e3o incentiva a participa\u00e7\u00e3o da comunidade, convidando fam\u00edlias e amigos a juntarem-se.<\/p>\n","protected":false},"excerpt":{"rendered":"<ul>\n<li>O N\u00facleo Regional da Madeira da Liga Portuguesa Contra o Cancro promove a Noite da Pijama Solid\u00e1ria no sal\u00e3o paroquial da igreja da Camacha, na ter\u00e7a-feira de carnaval, 17 de fevereiro, entre as 16h e as 23h.<\/li>\n<li>Os participantes s\u00e3o convidados a vestir pijama; os bilhetes custam 18 euros para adultos e 10 euros para crian\u00e7as at\u00e9 aos 12 anos, com as receitas a reverterem para o n\u00facleo regional.<\/li>\n<li>O programa come\u00e7a \u00e0s 16h com iguarias carnavalescas e permite levar algo para partilhar, caso se queira.<\/li>\n<li>\u00c0s 19h est\u00e1 previsto o jantar, com feijoada; \u00e0s 21h h\u00e1 sorteio e jogo do loto, terminando o conv\u00edvio \u00e0s 23h.<\/li>\n<li>O bilhete inclui brinde carnavalesco, jantar, uma bebida e participa\u00e7\u00e3o no sorteio; a organiza\u00e7\u00e3o incentiva a participa\u00e7\u00e3o de fam\u00edlias e amigos.<\/li>\n<\/ul>\n","protected":false},"author":2,"featured_media":195329,"comment_status":"closed","ping_status":"closed","sticky":false,"template":"","format":"standard","meta":{"footnotes":""},"categories":[1],"tags":[1788,1084,1327,859,172,4071],"class_list":["post-195327","post","type-post","status-publish","format-standard","has-post-thumbnail","hentry","category-noticias","tag-a-liga","tag-acao-social","tag-camacha","tag-madeira","tag-saude","tag-solidariedade-social"],"yoast_head":"<!-- This site is optimized with the Yoast SEO plugin v27.2 - https:\/\/yoast.com\/product\/yoast-seo-wordpress\/ -->\n<title>Noite do Pijama Solid\u00e1ria realiza-se a 17 de Fevereiro na Camacha - Portal Tela Portugal<\/title>\n<meta name=\"robots\" content=\"index, follow, max-snippet:-1, max-image-preview:large, max-video-preview:-1\" \/>\n<meta property=\"og:locale\" content=\"pt_PT\" \/>\n<meta property=\"og:type\" content=\"article\" \/>\n<meta property=\"og:title\" content=\"Noite do Pijama Solid\u00e1ria realiza-se a 17 de Fevereiro na Camacha - Portal Tela Portugal\" \/>\n<meta property=\"og:description\" content=\"O N\u00facleo Regional da Madeira da Liga Portuguesa Contra o Cancro promove a Noite da Pijama Solid\u00e1ria no sal\u00e3o paroquial da igreja da Camacha, na ter\u00e7a-feira de carnaval, 17 de fevereiro, entre as 16h e as 23h. Os participantes s\u00e3o convidados a vestir pijama; os bilhetes custam 18 euros para adultos e 10 euros para crian\u00e7as at\u00e9 aos 12 anos, com as receitas a reverterem para o n\u00facleo regional. O programa come\u00e7a \u00e0s 16h com iguarias carnavalescas e permite levar algo para partilhar, caso se queira. \u00c0s 19h est\u00e1 previsto o jantar, com feijoada; \u00e0s 21h h\u00e1 sorteio e jogo do loto, terminando o conv\u00edvio \u00e0s 23h. O bilhete inclui brinde carnavalesco, jantar, uma bebida e participa\u00e7\u00e3o no sorteio; a organiza\u00e7\u00e3o incentiva a participa\u00e7\u00e3o de fam\u00edlias e amigos.\" \/>\n<meta property=\"og:url\" content=\"https:\/\/portaltela.pt\/noticias\/2026\/02\/03\/noite-do-pijama-solidaria-realiza-se-a-17-de-fevereiro-na-camacha\/\" \/>\n<meta property=\"og:site_name\" content=\"Portal Tela Portugal\" \/>\n<meta property=\"article:published_time\" content=\"2026-02-03T22:57:07+00:00\" \/>\n<meta name=\"author\" content=\"Telinha\" \/>\n<meta name=\"twitter:card\" content=\"summary_large_image\" \/>\n<meta name=\"twitter:label1\" content=\"Escrito por\" \/>\n\t<meta name=\"twitter:data1\" content=\"Telinha\" \/>\n\t<meta name=\"twitter:label2\" content=\"Tempo estimado de leitura\" \/>\n\t<meta name=\"twitter:data2\" content=\"1 minuto\" \/>\n<script type=\"application\/ld+json\" class=\"yoast-schema-graph\">{\"@context\":\"https:\/\/schema.org\",\"@graph\":[{\"@type\":\"Article\",\"@id\":\"https:\/\/portaltela.pt\/noticias\/2026\/02\/03\/noite-do-pijama-solidaria-realiza-se-a-17-de-fevereiro-na-camacha\/#article\",\"isPartOf\":{\"@id\":\"https:\/\/portaltela.pt\/noticias\/2026\/02\/03\/noite-do-pijama-solidaria-realiza-se-a-17-de-fevereiro-na-camacha\/\"},\"author\":{\"name\":\"Telinha\",\"@id\":\"https:\/\/portaltela.pt\/#\/schema\/person\/c4278d4a6028830caff9ee44b42d32ed\"},\"headline\":\"Noite do Pijama Solid\u00e1ria realiza-se a 17 de Fevereiro na Camacha\",\"datePublished\":\"2026-02-03T22:57:07+00:00\",\"mainEntityOfPage\":{\"@id\":\"https:\/\/portaltela.pt\/noticias\/2026\/02\/03\/noite-do-pijama-solidaria-realiza-se-a-17-de-fevereiro-na-camacha\/\"},\"wordCount\":173,\"image\":{\"@id\":\"https:\/\/portaltela.pt\/noticias\/2026\/02\/03\/noite-do-pijama-solidaria-realiza-se-a-17-de-fevereiro-na-camacha\/#primaryimage\"},\"thumbnailUrl\":\"https:\/\/portaltela.pt\/s.01k8rhncp4jt1\/2026\/02\/Noite_do_Pijama_2026_Post_Face_e_Instagram.jpg\",\"keywords\":[\"A Liga\",\"A\u00e7\u00e3o Social\",\"Camacha\",\"Madeira\",\"sa\u00fade\",\"Solidariedade Social\"],\"articleSection\":[\"Not\u00edcias\"],\"inLanguage\":\"pt-PT\"},{\"@type\":\"WebPage\",\"@id\":\"https:\/\/portaltela.pt\/noticias\/2026\/02\/03\/noite-do-pijama-solidaria-realiza-se-a-17-de-fevereiro-na-camacha\/\",\"url\":\"https:\/\/portaltela.pt\/noticias\/2026\/02\/03\/noite-do-pijama-solidaria-realiza-se-a-17-de-fevereiro-na-camacha\/\",\"name\":\"Noite do Pijama Solid\u00e1ria realiza-se a 17 de Fevereiro na Camacha - Portal Tela Portugal\",\"isPartOf\":{\"@id\":\"https:\/\/portaltela.pt\/#website\"},\"primaryImageOfPage\":{\"@id\":\"https:\/\/portaltela.pt\/noticias\/2026\/02\/03\/noite-do-pijama-solidaria-realiza-se-a-17-de-fevereiro-na-camacha\/#primaryimage\"},\"image\":{\"@id\":\"https:\/\/portaltela.pt\/noticias\/2026\/02\/03\/noite-do-pijama-solidaria-realiza-se-a-17-de-fevereiro-na-camacha\/#primaryimage\"},\"thumbnailUrl\":\"https:\/\/portaltela.pt\/s.01k8rhncp4jt1\/2026\/02\/Noite_do_Pijama_2026_Post_Face_e_Instagram.jpg\",\"datePublished\":\"2026-02-03T22:57:07+00:00\",\"author\":{\"@id\":\"https:\/\/portaltela.pt\/#\/schema\/person\/c4278d4a6028830caff9ee44b42d32ed\"},\"breadcrumb\":{\"@id\":\"https:\/\/portaltela.pt\/noticias\/2026\/02\/03\/noite-do-pijama-solidaria-realiza-se-a-17-de-fevereiro-na-camacha\/#breadcrumb\"},\"inLanguage\":\"pt-PT\",\"potentialAction\":[{\"@type\":\"ReadAction\",\"target\":[\"https:\/\/portaltela.pt\/noticias\/2026\/02\/03\/noite-do-pijama-solidaria-realiza-se-a-17-de-fevereiro-na-camacha\/\"]}]},{\"@type\":\"ImageObject\",\"inLanguage\":\"pt-PT\",\"@id\":\"https:\/\/portaltela.pt\/noticias\/2026\/02\/03\/noite-do-pijama-solidaria-realiza-se-a-17-de-fevereiro-na-camacha\/#primaryimage\",\"url\":\"https:\/\/portaltela.pt\/s.01k8rhncp4jt1\/2026\/02\/Noite_do_Pijama_2026_Post_Face_e_Instagram.jpg\",\"contentUrl\":\"https:\/\/portaltela.pt\/s.01k8rhncp4jt1\/2026\/02\/Noite_do_Pijama_2026_Post_Face_e_Instagram.jpg\",\"width\":796,\"height\":448,\"caption\":\"Noite do Pijama Solid\u00e1ria acontece a 17 de Fevereiro na Camacha\"},{\"@type\":\"BreadcrumbList\",\"@id\":\"https:\/\/portaltela.pt\/noticias\/2026\/02\/03\/noite-do-pijama-solidaria-realiza-se-a-17-de-fevereiro-na-camacha\/#breadcrumb\",\"itemListElement\":[{\"@type\":\"ListItem\",\"position\":1,\"name\":\"In\u00edcio\",\"item\":\"https:\/\/portaltela.pt\/\"},{\"@type\":\"ListItem\",\"position\":2,\"name\":\"Noite do Pijama Solid\u00e1ria realiza-se a 17 de Fevereiro na Camacha\"}]},{\"@type\":\"WebSite\",\"@id\":\"https:\/\/portaltela.pt\/#website\",\"url\":\"https:\/\/portaltela.pt\/\",\"name\":\"Portal Tela Portugal\",\"description\":\"\",\"potentialAction\":[{\"@type\":\"SearchAction\",\"target\":{\"@type\":\"EntryPoint\",\"urlTemplate\":\"https:\/\/portaltela.pt\/?s={search_term_string}\"},\"query-input\":{\"@type\":\"PropertyValueSpecification\",\"valueRequired\":true,\"valueName\":\"search_term_string\"}}],\"inLanguage\":\"pt-PT\"},{\"@type\":\"Person\",\"@id\":\"https:\/\/portaltela.pt\/#\/schema\/person\/c4278d4a6028830caff9ee44b42d32ed\",\"name\":\"Telinha\",\"image\":{\"@type\":\"ImageObject\",\"inLanguage\":\"pt-PT\",\"@id\":\"https:\/\/portaltela.pt\/s.01k8rhncp4jt1\/2025\/11\/talking-bot-125x125.png\",\"url\":\"https:\/\/portaltela.pt\/s.01k8rhncp4jt1\/2025\/11\/talking-bot-125x125.png\",\"contentUrl\":\"https:\/\/portaltela.pt\/s.01k8rhncp4jt1\/2025\/11\/talking-bot-125x125.png\",\"caption\":\"Telinha\"},\"sameAs\":[\"https:\/\/portaltela.pt\/\"],\"url\":\"https:\/\/portaltela.pt\/por\/367410592786\/\"}]}<\/script>\n<!-- \/ Yoast SEO plugin. -->","yoast_head_json":{"title":"Noite do Pijama Solid\u00e1ria realiza-se a 17 de Fevereiro na Camacha - Portal Tela Portugal","robots":{"index":"index","follow":"follow","max-snippet":"max-snippet:-1","max-image-preview":"max-image-preview:large","max-video-preview":"max-video-preview:-1"},"og_locale":"pt_PT","og_type":"article","og_title":"Noite do Pijama Solid\u00e1ria realiza-se a 17 de Fevereiro na Camacha - Portal Tela Portugal","og_description":"O N\u00facleo Regional da Madeira da Liga Portuguesa Contra o Cancro promove a Noite da Pijama Solid\u00e1ria no sal\u00e3o paroquial da igreja da Camacha, na ter\u00e7a-feira de carnaval, 17 de fevereiro, entre as 16h e as 23h. Os participantes s\u00e3o convidados a vestir pijama; os bilhetes custam 18 euros para adultos e 10 euros para crian\u00e7as at\u00e9 aos 12 anos, com as receitas a reverterem para o n\u00facleo regional. O programa come\u00e7a \u00e0s 16h com iguarias carnavalescas e permite levar algo para partilhar, caso se queira. \u00c0s 19h est\u00e1 previsto o jantar, com feijoada; \u00e0s 21h h\u00e1 sorteio e jogo do loto, terminando o conv\u00edvio \u00e0s 23h. O bilhete inclui brinde carnavalesco, jantar, uma bebida e participa\u00e7\u00e3o no sorteio; a organiza\u00e7\u00e3o incentiva a participa\u00e7\u00e3o de fam\u00edlias e amigos.","og_url":"https:\/\/portaltela.pt\/noticias\/2026\/02\/03\/noite-do-pijama-solidaria-realiza-se-a-17-de-fevereiro-na-camacha\/","og_site_name":"Portal Tela Portugal","article_published_time":"2026-02-03T22:57:07+00:00","author":"Telinha","twitter_card":"summary_large_image","twitter_misc":{"Escrito por":"Telinha","Tempo estimado de leitura":"1 minuto"},"schema":{"@context":"https:\/\/schema.org","@graph":[{"@type":"Article","@id":"https:\/\/portaltela.pt\/noticias\/2026\/02\/03\/noite-do-pijama-solidaria-realiza-se-a-17-de-fevereiro-na-camacha\/#article","isPartOf":{"@id":"https:\/\/portaltela.pt\/noticias\/2026\/02\/03\/noite-do-pijama-solidaria-realiza-se-a-17-de-fevereiro-na-camacha\/"},"author":{"name":"Telinha","@id":"https:\/\/portaltela.pt\/#\/schema\/person\/c4278d4a6028830caff9ee44b42d32ed"},"headline":"Noite do Pijama Solid\u00e1ria realiza-se a 17 de Fevereiro na Camacha","datePublished":"2026-02-03T22:57:07+00:00","mainEntityOfPage":{"@id":"https:\/\/portaltela.pt\/noticias\/2026\/02\/03\/noite-do-pijama-solidaria-realiza-se-a-17-de-fevereiro-na-camacha\/"},"wordCount":173,"image":{"@id":"https:\/\/portaltela.pt\/noticias\/2026\/02\/03\/noite-do-pijama-solidaria-realiza-se-a-17-de-fevereiro-na-camacha\/#primaryimage"},"thumbnailUrl":"https:\/\/portaltela.pt\/s.01k8rhncp4jt1\/2026\/02\/Noite_do_Pijama_2026_Post_Face_e_Instagram.jpg","keywords":["A Liga","A\u00e7\u00e3o Social","Camacha","Madeira","sa\u00fade","Solidariedade Social"],"articleSection":["Not\u00edcias"],"inLanguage":"pt-PT"},{"@type":"WebPage","@id":"https:\/\/portaltela.pt\/noticias\/2026\/02\/03\/noite-do-pijama-solidaria-realiza-se-a-17-de-fevereiro-na-camacha\/","url":"https:\/\/portaltela.pt\/noticias\/2026\/02\/03\/noite-do-pijama-solidaria-realiza-se-a-17-de-fevereiro-na-camacha\/","name":"Noite do Pijama Solid\u00e1ria realiza-se a 17 de Fevereiro na Camacha - Portal Tela Portugal","isPartOf":{"@id":"https:\/\/portaltela.pt\/#website"},"primaryImageOfPage":{"@id":"https:\/\/portaltela.pt\/noticias\/2026\/02\/03\/noite-do-pijama-solidaria-realiza-se-a-17-de-fevereiro-na-camacha\/#primaryimage"},"image":{"@id":"https:\/\/portaltela.pt\/noticias\/2026\/02\/03\/noite-do-pijama-solidaria-realiza-se-a-17-de-fevereiro-na-camacha\/#primaryimage"},"thumbnailUrl":"https:\/\/portaltela.pt\/s.01k8rhncp4jt1\/2026\/02\/Noite_do_Pijama_2026_Post_Face_e_Instagram.jpg","datePublished":"2026-02-03T22:57:07+00:00","author":{"@id":"https:\/\/portaltela.pt\/#\/schema\/person\/c4278d4a6028830caff9ee44b42d32ed"},"breadcrumb":{"@id":"https:\/\/portaltela.pt\/noticias\/2026\/02\/03\/noite-do-pijama-solidaria-realiza-se-a-17-de-fevereiro-na-camacha\/#breadcrumb"},"inLanguage":"pt-PT","potentialAction":[{"@type":"ReadAction","target":["https:\/\/portaltela.pt\/noticias\/2026\/02\/03\/noite-do-pijama-solidaria-realiza-se-a-17-de-fevereiro-na-camacha\/"]}]},{"@type":"ImageObject","inLanguage":"pt-PT","@id":"https:\/\/portaltela.pt\/noticias\/2026\/02\/03\/noite-do-pijama-solidaria-realiza-se-a-17-de-fevereiro-na-camacha\/#primaryimage","url":"https:\/\/portaltela.pt\/s.01k8rhncp4jt1\/2026\/02\/Noite_do_Pijama_2026_Post_Face_e_Instagram.jpg","contentUrl":"https:\/\/portaltela.pt\/s.01k8rhncp4jt1\/2026\/02\/Noite_do_Pijama_2026_Post_Face_e_Instagram.jpg","width":796,"height":448,"caption":"Noite do Pijama Solid\u00e1ria acontece a 17 de Fevereiro na Camacha"},{"@type":"BreadcrumbList","@id":"https:\/\/portaltela.pt\/noticias\/2026\/02\/03\/noite-do-pijama-solidaria-realiza-se-a-17-de-fevereiro-na-camacha\/#breadcrumb","itemListElement":[{"@type":"ListItem","position":1,"name":"In\u00edcio","item":"https:\/\/portaltela.pt\/"},{"@type":"ListItem","position":2,"name":"Noite do Pijama Solid\u00e1ria realiza-se a 17 de Fevereiro na Camacha"}]},{"@type":"WebSite","@id":"https:\/\/portaltela.pt\/#website","url":"https:\/\/portaltela.pt\/","name":"Portal Tela Portugal","description":"","potentialAction":[{"@type":"SearchAction","target":{"@type":"EntryPoint","urlTemplate":"https:\/\/portaltela.pt\/?s={search_term_string}"},"query-input":{"@type":"PropertyValueSpecification","valueRequired":true,"valueName":"search_term_string"}}],"inLanguage":"pt-PT"},{"@type":"Person","@id":"https:\/\/portaltela.pt\/#\/schema\/person\/c4278d4a6028830caff9ee44b42d32ed","name":"Telinha","image":{"@type":"ImageObject","inLanguage":"pt-PT","@id":"https:\/\/portaltela.pt\/s.01k8rhncp4jt1\/2025\/11\/talking-bot-125x125.png","url":"https:\/\/portaltela.pt\/s.01k8rhncp4jt1\/2025\/11\/talking-bot-125x125.png","contentUrl":"https:\/\/portaltela.pt\/s.01k8rhncp4jt1\/2025\/11\/talking-bot-125x125.png","caption":"Telinha"},"sameAs":["https:\/\/portaltela.pt\/"],"url":"https:\/\/portaltela.pt\/por\/367410592786\/"}]}},"_links":{"self":[{"href":"https:\/\/portaltela.pt\/api\/wp\/v2\/posts\/195327","targetHints":{"allow":["GET"]}}],"collection":[{"href":"https:\/\/portaltela.pt\/api\/wp\/v2\/posts"}],"about":[{"href":"https:\/\/portaltela.pt\/api\/wp\/v2\/types\/post"}],"author":[{"embeddable":true,"href":"https:\/\/portaltela.pt\/api\/wp\/v2\/users\/2"}],"replies":[{"embeddable":true,"href":"https:\/\/portaltela.pt\/api\/wp\/v2\/comments?post=195327"}],"version-history":[{"count":0,"href":"https:\/\/portaltela.pt\/api\/wp\/v2\/posts\/195327\/revisions"}],"wp:featuredmedia":[{"embeddable":true,"href":"https:\/\/portaltela.pt\/api\/wp\/v2\/media\/195329"}],"wp:attachment":[{"href":"https:\/\/portaltela.pt\/api\/wp\/v2\/media?parent=195327"}],"wp:term":[{"taxonomy":"category","embeddable":true,"href":"https:\/\/portaltela.pt\/api\/wp\/v2\/categories?post=195327"},{"taxonomy":"post_tag","embeddable":true,"href":"https:\/\/portaltela.pt\/api\/wp\/v2\/tags?post=195327"}],"curies":[{"name":"wp","href":"https:\/\/api.w.org\/{rel}","templated":true}]}}