{"id":195312,"date":"2026-02-03T19:29:56","date_gmt":"2026-02-03T22:29:56","guid":{"rendered":"https:\/\/portaltela.pt\/noticias\/2026\/02\/03\/franca-fixa-cinco-anos-de-inibicao-de-cargos-para-le-pen-com-aplicacao-suspensa\/"},"modified":"2026-02-03T19:29:56","modified_gmt":"2026-02-03T22:29:56","slug":"franca-fixa-cinco-anos-de-inibicao-de-cargos-para-le-pen-com-aplicacao-suspensa","status":"publish","type":"post","link":"https:\/\/portaltela.pt\/noticias\/politica\/2026\/02\/03\/franca-fixa-cinco-anos-de-inibicao-de-cargos-para-le-pen-com-aplicacao-suspensa\/","title":{"rendered":"Fran\u00e7a fixa cinco anos de inibi\u00e7\u00e3o de cargos para Le Pen com aplica\u00e7\u00e3o suspensa"},"content":{"rendered":"<p>Os procuradores franceses anunciaram a apresenta\u00e7\u00e3o de recurso em segunda inst\u00e2ncia para Marine Le Pen, l\u00edder da antiga Frente Nacional, visando confirmar a inibi\u00e7\u00e3o de cinco anos de exercer cargos p\u00fablicos, mas sem aplica\u00e7\u00e3o imediata. O Minist\u00e9rio P\u00fablico pediu tamb\u00e9m uma pena de quatro anos de pris\u00e3o, com apenas um ano efetivo, monitoriza\u00e7\u00e3o eletr\u00f3nica, e uma coima de 100 mil euros, no \u00e2mbito do caso dos assistentes dos eurodeputados.<\/p>\n<p>A a\u00e7\u00e3o envolve Le Pen e mais cerca de 10 pessoas ligadas ao seu partido, agora denominado Uni\u00e3o Nacional. A condena\u00e7\u00e3o ocorreu em primeira inst\u00e2ncia, em mar\u00e7o de 2025, por desvio de fundos comunit\u00e1rios ao ter utilizado assistentes parlamentares para trabalharem para o partido em vez de no Parlamento Europeu.<\/p>\n<p>O recurso decorre em Paris, ap\u00f3s a leitura da acusa\u00e7\u00e3o que sustenta uma organiza\u00e7\u00e3o que visava financiar o partido com fundos do Parlamento Europeu. Os procuradores destacaram que o Parlamento Europeu \u00e9 financiado por fundos p\u00fablicos dos 27 Estados membros, incluindo Fran\u00e7a, e que o esquema violou normas de honestidade institucional.<\/p>\n<h3>Contexto do recurso e pr\u00f3ximos passos<\/h3>\n<p>Le Pen contestou a pr\u00e1tica, alegando desconhecimento e boa-f\u00e9, e deixou o tribunal sem declara\u00e7\u00f5es. A decis\u00e3o de segunda inst\u00e2ncia est\u00e1 prevista para este ver\u00e3o e pode manter ou reverter a inibi\u00e7\u00e3o, dependendo do veredito.<\/p>\n<p>Os advogados de defesa argumentam que n\u00e3o houve inten\u00e7\u00e3o de financiar ilegalmente o partido com fundos europeus, sustentando atos involunt\u00e1rios. O caso envolve ainda v\u00e1rias figuras pr\u00f3ximas do RN, metade das quais j\u00e1 eram condenadas em primeira inst\u00e2ncia.<\/p>\n","protected":false},"excerpt":{"rendered":"<ul>\n<li>O Minist\u00e9rio P\u00fablico franc\u00eas pediu, em segunda inst\u00e2ncia, a confirma\u00e7\u00e3o da condena\u00e7\u00e3o de Marine Le Pen a cinco anos de inibi\u00e7\u00e3o de cargos p\u00fablicos, sem aplica\u00e7\u00e3o imediata.<\/li>\n<li>Foi ainda requerida uma pena de quatro anos de pris\u00e3o, com apenas um ano efetivo e monitoriza\u00e7\u00e3o electr\u00f3nica, al\u00e9m de uma multa de cem mil euros, no recurso em Paris relacionado com o caso dos assistentes dos eurodeputados da Frente Nacional, hoje Uni\u00e3o Nacional (RN).<\/li>\n<li>A condena\u00e7\u00e3o em primeira inst\u00e2ncia ocorreu em mar\u00e7o de 2025, envolvendo Le Pen e outras dez pessoas ligadas ao RN, por desvio de fundos do Parlamento Europeu.<\/li>\n<li>O esquema consistiria em utilizar fundos destinados a assistentes parlamentares para financiar o parque pol\u00edtico do partido, causando preju\u00edzo superior a quatro milh\u00f5es de euros ao Parlamento Europeu.<\/li>\n<li>Le Pen afirmou ter agido de boa-f\u00e9 e que os atos foram involunt\u00e1rios, defendendo que n\u00e3o houve inten\u00e7\u00e3o de criar um sistema de financiamento ilegal.<\/li>\n<\/ul>\n","protected":false},"author":2,"featured_media":195319,"comment_status":"closed","ping_status":"closed","sticky":false,"template":"","format":"standard","meta":{"footnotes":""},"categories":[1,5],"tags":[865,1856,215,2571,352,2832],"class_list":["post-195312","post","type-post","status-publish","format-standard","has-post-thumbnail","hentry","category-noticias","category-politica","tag-desvio-de-fundos","tag-franca","tag-investigacao","tag-marine-le-pen","tag-organizacao-criminosa","tag-politica"],"yoast_head":"<!-- This site is optimized with the Yoast SEO plugin v27.2 - https:\/\/yoast.com\/product\/yoast-seo-wordpress\/ -->\n<title>Fran\u00e7a fixa cinco anos de inibi\u00e7\u00e3o de cargos para Le Pen com aplica\u00e7\u00e3o suspensa - Portal Tela Portugal<\/title>\n<meta name=\"robots\" content=\"index, follow, max-snippet:-1, max-image-preview:large, max-video-preview:-1\" \/>\n<meta property=\"og:locale\" content=\"pt_PT\" \/>\n<meta property=\"og:type\" content=\"article\" \/>\n<meta property=\"og:title\" content=\"Fran\u00e7a fixa cinco anos de inibi\u00e7\u00e3o de cargos para Le Pen com aplica\u00e7\u00e3o suspensa - Portal Tela Portugal\" \/>\n<meta property=\"og:description\" content=\"O Minist\u00e9rio P\u00fablico franc\u00eas pediu, em segunda inst\u00e2ncia, a confirma\u00e7\u00e3o da condena\u00e7\u00e3o de Marine Le Pen a cinco anos de inibi\u00e7\u00e3o de cargos p\u00fablicos, sem aplica\u00e7\u00e3o imediata. Foi ainda requerida uma pena de quatro anos de pris\u00e3o, com apenas um ano efetivo e monitoriza\u00e7\u00e3o electr\u00f3nica, al\u00e9m de uma multa de cem mil euros, no recurso em Paris relacionado com o caso dos assistentes dos eurodeputados da Frente Nacional, hoje Uni\u00e3o Nacional (RN). A condena\u00e7\u00e3o em primeira inst\u00e2ncia ocorreu em mar\u00e7o de 2025, envolvendo Le Pen e outras dez pessoas ligadas ao RN, por desvio de fundos do Parlamento Europeu. O esquema consistiria em utilizar fundos destinados a assistentes parlamentares para financiar o parque pol\u00edtico do partido, causando preju\u00edzo superior a quatro milh\u00f5es de euros ao Parlamento Europeu. Le Pen afirmou ter agido de boa-f\u00e9 e que os atos foram involunt\u00e1rios, defendendo que n\u00e3o houve inten\u00e7\u00e3o de criar um sistema de financiamento ilegal.\" \/>\n<meta property=\"og:url\" content=\"https:\/\/portaltela.pt\/noticias\/2026\/02\/03\/franca-fixa-cinco-anos-de-inibicao-de-cargos-para-le-pen-com-aplicacao-suspensa\/\" \/>\n<meta property=\"og:site_name\" content=\"Portal Tela Portugal\" \/>\n<meta property=\"article:published_time\" content=\"2026-02-03T22:29:56+00:00\" \/>\n<meta name=\"author\" content=\"Telinha\" \/>\n<meta name=\"twitter:card\" content=\"summary_large_image\" \/>\n<meta name=\"twitter:label1\" content=\"Escrito por\" \/>\n\t<meta name=\"twitter:data1\" content=\"Telinha\" \/>\n\t<meta name=\"twitter:label2\" content=\"Tempo estimado de leitura\" \/>\n\t<meta name=\"twitter:data2\" content=\"1 minuto\" \/>\n<script type=\"application\/ld+json\" class=\"yoast-schema-graph\">{\"@context\":\"https:\/\/schema.org\",\"@graph\":[{\"@type\":\"Article\",\"@id\":\"https:\/\/portaltela.pt\/noticias\/2026\/02\/03\/franca-fixa-cinco-anos-de-inibicao-de-cargos-para-le-pen-com-aplicacao-suspensa\/#article\",\"isPartOf\":{\"@id\":\"https:\/\/portaltela.pt\/noticias\/2026\/02\/03\/franca-fixa-cinco-anos-de-inibicao-de-cargos-para-le-pen-com-aplicacao-suspensa\/\"},\"author\":{\"name\":\"Telinha\",\"@id\":\"https:\/\/portaltela.pt\/#\/schema\/person\/c4278d4a6028830caff9ee44b42d32ed\"},\"headline\":\"Fran\u00e7a fixa cinco anos de inibi\u00e7\u00e3o de cargos para Le Pen com aplica\u00e7\u00e3o suspensa\",\"datePublished\":\"2026-02-03T22:29:56+00:00\",\"mainEntityOfPage\":{\"@id\":\"https:\/\/portaltela.pt\/noticias\/2026\/02\/03\/franca-fixa-cinco-anos-de-inibicao-de-cargos-para-le-pen-com-aplicacao-suspensa\/\"},\"wordCount\":297,\"image\":{\"@id\":\"https:\/\/portaltela.pt\/noticias\/2026\/02\/03\/franca-fixa-cinco-anos-de-inibicao-de-cargos-para-le-pen-com-aplicacao-suspensa\/#primaryimage\"},\"thumbnailUrl\":\"https:\/\/portaltela.pt\/s.01k8rhncp4jt1\/2026\/02\/unnamed-file-1027.jpg\",\"keywords\":[\"desvio de fundos\",\"Fran\u00e7a\",\"investiga\u00e7\u00e3o\",\"Marine Le Pen\",\"organiza\u00e7\u00e3o criminosa\",\"pol\u00edtica\"],\"articleSection\":[\"Not\u00edcias\",\"Pol\u00edtica\"],\"inLanguage\":\"pt-PT\"},{\"@type\":\"WebPage\",\"@id\":\"https:\/\/portaltela.pt\/noticias\/2026\/02\/03\/franca-fixa-cinco-anos-de-inibicao-de-cargos-para-le-pen-com-aplicacao-suspensa\/\",\"url\":\"https:\/\/portaltela.pt\/noticias\/2026\/02\/03\/franca-fixa-cinco-anos-de-inibicao-de-cargos-para-le-pen-com-aplicacao-suspensa\/\",\"name\":\"Fran\u00e7a fixa cinco anos de inibi\u00e7\u00e3o de cargos para Le Pen com aplica\u00e7\u00e3o suspensa - Portal Tela Portugal\",\"isPartOf\":{\"@id\":\"https:\/\/portaltela.pt\/#website\"},\"primaryImageOfPage\":{\"@id\":\"https:\/\/portaltela.pt\/noticias\/2026\/02\/03\/franca-fixa-cinco-anos-de-inibicao-de-cargos-para-le-pen-com-aplicacao-suspensa\/#primaryimage\"},\"image\":{\"@id\":\"https:\/\/portaltela.pt\/noticias\/2026\/02\/03\/franca-fixa-cinco-anos-de-inibicao-de-cargos-para-le-pen-com-aplicacao-suspensa\/#primaryimage\"},\"thumbnailUrl\":\"https:\/\/portaltela.pt\/s.01k8rhncp4jt1\/2026\/02\/unnamed-file-1027.jpg\",\"datePublished\":\"2026-02-03T22:29:56+00:00\",\"author\":{\"@id\":\"https:\/\/portaltela.pt\/#\/schema\/person\/c4278d4a6028830caff9ee44b42d32ed\"},\"breadcrumb\":{\"@id\":\"https:\/\/portaltela.pt\/noticias\/2026\/02\/03\/franca-fixa-cinco-anos-de-inibicao-de-cargos-para-le-pen-com-aplicacao-suspensa\/#breadcrumb\"},\"inLanguage\":\"pt-PT\",\"potentialAction\":[{\"@type\":\"ReadAction\",\"target\":[\"https:\/\/portaltela.pt\/noticias\/2026\/02\/03\/franca-fixa-cinco-anos-de-inibicao-de-cargos-para-le-pen-com-aplicacao-suspensa\/\"]}]},{\"@type\":\"ImageObject\",\"inLanguage\":\"pt-PT\",\"@id\":\"https:\/\/portaltela.pt\/noticias\/2026\/02\/03\/franca-fixa-cinco-anos-de-inibicao-de-cargos-para-le-pen-com-aplicacao-suspensa\/#primaryimage\",\"url\":\"https:\/\/portaltela.pt\/s.01k8rhncp4jt1\/2026\/02\/unnamed-file-1027.jpg\",\"contentUrl\":\"https:\/\/portaltela.pt\/s.01k8rhncp4jt1\/2026\/02\/unnamed-file-1027.jpg\",\"width\":796,\"height\":448,\"caption\":\"Pedidos em Fran\u00e7a cinco anos de inibi\u00e7\u00e3o do exerc\u00edcio de cargos p\u00fablicos para Le Pen sem aplica\u00e7\u00e3o imediata\"},{\"@type\":\"BreadcrumbList\",\"@id\":\"https:\/\/portaltela.pt\/noticias\/2026\/02\/03\/franca-fixa-cinco-anos-de-inibicao-de-cargos-para-le-pen-com-aplicacao-suspensa\/#breadcrumb\",\"itemListElement\":[{\"@type\":\"ListItem\",\"position\":1,\"name\":\"In\u00edcio\",\"item\":\"https:\/\/portaltela.pt\/\"},{\"@type\":\"ListItem\",\"position\":2,\"name\":\"Fran\u00e7a fixa cinco anos de inibi\u00e7\u00e3o de cargos para Le Pen com aplica\u00e7\u00e3o suspensa\"}]},{\"@type\":\"WebSite\",\"@id\":\"https:\/\/portaltela.pt\/#website\",\"url\":\"https:\/\/portaltela.pt\/\",\"name\":\"Portal Tela Portugal\",\"description\":\"\",\"potentialAction\":[{\"@type\":\"SearchAction\",\"target\":{\"@type\":\"EntryPoint\",\"urlTemplate\":\"https:\/\/portaltela.pt\/?s={search_term_string}\"},\"query-input\":{\"@type\":\"PropertyValueSpecification\",\"valueRequired\":true,\"valueName\":\"search_term_string\"}}],\"inLanguage\":\"pt-PT\"},{\"@type\":\"Person\",\"@id\":\"https:\/\/portaltela.pt\/#\/schema\/person\/c4278d4a6028830caff9ee44b42d32ed\",\"name\":\"Telinha\",\"image\":{\"@type\":\"ImageObject\",\"inLanguage\":\"pt-PT\",\"@id\":\"https:\/\/portaltela.pt\/s.01k8rhncp4jt1\/2025\/11\/talking-bot-125x125.png\",\"url\":\"https:\/\/portaltela.pt\/s.01k8rhncp4jt1\/2025\/11\/talking-bot-125x125.png\",\"contentUrl\":\"https:\/\/portaltela.pt\/s.01k8rhncp4jt1\/2025\/11\/talking-bot-125x125.png\",\"caption\":\"Telinha\"},\"sameAs\":[\"https:\/\/portaltela.pt\/\"],\"url\":\"https:\/\/portaltela.pt\/por\/367410592786\/\"}]}<\/script>\n<!-- \/ Yoast SEO plugin. -->","yoast_head_json":{"title":"Fran\u00e7a fixa cinco anos de inibi\u00e7\u00e3o de cargos para Le Pen com aplica\u00e7\u00e3o suspensa - Portal Tela Portugal","robots":{"index":"index","follow":"follow","max-snippet":"max-snippet:-1","max-image-preview":"max-image-preview:large","max-video-preview":"max-video-preview:-1"},"og_locale":"pt_PT","og_type":"article","og_title":"Fran\u00e7a fixa cinco anos de inibi\u00e7\u00e3o de cargos para Le Pen com aplica\u00e7\u00e3o suspensa - Portal Tela Portugal","og_description":"O Minist\u00e9rio P\u00fablico franc\u00eas pediu, em segunda inst\u00e2ncia, a confirma\u00e7\u00e3o da condena\u00e7\u00e3o de Marine Le Pen a cinco anos de inibi\u00e7\u00e3o de cargos p\u00fablicos, sem aplica\u00e7\u00e3o imediata. Foi ainda requerida uma pena de quatro anos de pris\u00e3o, com apenas um ano efetivo e monitoriza\u00e7\u00e3o electr\u00f3nica, al\u00e9m de uma multa de cem mil euros, no recurso em Paris relacionado com o caso dos assistentes dos eurodeputados da Frente Nacional, hoje Uni\u00e3o Nacional (RN). A condena\u00e7\u00e3o em primeira inst\u00e2ncia ocorreu em mar\u00e7o de 2025, envolvendo Le Pen e outras dez pessoas ligadas ao RN, por desvio de fundos do Parlamento Europeu. O esquema consistiria em utilizar fundos destinados a assistentes parlamentares para financiar o parque pol\u00edtico do partido, causando preju\u00edzo superior a quatro milh\u00f5es de euros ao Parlamento Europeu. Le Pen afirmou ter agido de boa-f\u00e9 e que os atos foram involunt\u00e1rios, defendendo que n\u00e3o houve inten\u00e7\u00e3o de criar um sistema de financiamento ilegal.","og_url":"https:\/\/portaltela.pt\/noticias\/2026\/02\/03\/franca-fixa-cinco-anos-de-inibicao-de-cargos-para-le-pen-com-aplicacao-suspensa\/","og_site_name":"Portal Tela Portugal","article_published_time":"2026-02-03T22:29:56+00:00","author":"Telinha","twitter_card":"summary_large_image","twitter_misc":{"Escrito por":"Telinha","Tempo estimado de leitura":"1 minuto"},"schema":{"@context":"https:\/\/schema.org","@graph":[{"@type":"Article","@id":"https:\/\/portaltela.pt\/noticias\/2026\/02\/03\/franca-fixa-cinco-anos-de-inibicao-de-cargos-para-le-pen-com-aplicacao-suspensa\/#article","isPartOf":{"@id":"https:\/\/portaltela.pt\/noticias\/2026\/02\/03\/franca-fixa-cinco-anos-de-inibicao-de-cargos-para-le-pen-com-aplicacao-suspensa\/"},"author":{"name":"Telinha","@id":"https:\/\/portaltela.pt\/#\/schema\/person\/c4278d4a6028830caff9ee44b42d32ed"},"headline":"Fran\u00e7a fixa cinco anos de inibi\u00e7\u00e3o de cargos para Le Pen com aplica\u00e7\u00e3o suspensa","datePublished":"2026-02-03T22:29:56+00:00","mainEntityOfPage":{"@id":"https:\/\/portaltela.pt\/noticias\/2026\/02\/03\/franca-fixa-cinco-anos-de-inibicao-de-cargos-para-le-pen-com-aplicacao-suspensa\/"},"wordCount":297,"image":{"@id":"https:\/\/portaltela.pt\/noticias\/2026\/02\/03\/franca-fixa-cinco-anos-de-inibicao-de-cargos-para-le-pen-com-aplicacao-suspensa\/#primaryimage"},"thumbnailUrl":"https:\/\/portaltela.pt\/s.01k8rhncp4jt1\/2026\/02\/unnamed-file-1027.jpg","keywords":["desvio de fundos","Fran\u00e7a","investiga\u00e7\u00e3o","Marine Le Pen","organiza\u00e7\u00e3o criminosa","pol\u00edtica"],"articleSection":["Not\u00edcias","Pol\u00edtica"],"inLanguage":"pt-PT"},{"@type":"WebPage","@id":"https:\/\/portaltela.pt\/noticias\/2026\/02\/03\/franca-fixa-cinco-anos-de-inibicao-de-cargos-para-le-pen-com-aplicacao-suspensa\/","url":"https:\/\/portaltela.pt\/noticias\/2026\/02\/03\/franca-fixa-cinco-anos-de-inibicao-de-cargos-para-le-pen-com-aplicacao-suspensa\/","name":"Fran\u00e7a fixa cinco anos de inibi\u00e7\u00e3o de cargos para Le Pen com aplica\u00e7\u00e3o suspensa - Portal Tela Portugal","isPartOf":{"@id":"https:\/\/portaltela.pt\/#website"},"primaryImageOfPage":{"@id":"https:\/\/portaltela.pt\/noticias\/2026\/02\/03\/franca-fixa-cinco-anos-de-inibicao-de-cargos-para-le-pen-com-aplicacao-suspensa\/#primaryimage"},"image":{"@id":"https:\/\/portaltela.pt\/noticias\/2026\/02\/03\/franca-fixa-cinco-anos-de-inibicao-de-cargos-para-le-pen-com-aplicacao-suspensa\/#primaryimage"},"thumbnailUrl":"https:\/\/portaltela.pt\/s.01k8rhncp4jt1\/2026\/02\/unnamed-file-1027.jpg","datePublished":"2026-02-03T22:29:56+00:00","author":{"@id":"https:\/\/portaltela.pt\/#\/schema\/person\/c4278d4a6028830caff9ee44b42d32ed"},"breadcrumb":{"@id":"https:\/\/portaltela.pt\/noticias\/2026\/02\/03\/franca-fixa-cinco-anos-de-inibicao-de-cargos-para-le-pen-com-aplicacao-suspensa\/#breadcrumb"},"inLanguage":"pt-PT","potentialAction":[{"@type":"ReadAction","target":["https:\/\/portaltela.pt\/noticias\/2026\/02\/03\/franca-fixa-cinco-anos-de-inibicao-de-cargos-para-le-pen-com-aplicacao-suspensa\/"]}]},{"@type":"ImageObject","inLanguage":"pt-PT","@id":"https:\/\/portaltela.pt\/noticias\/2026\/02\/03\/franca-fixa-cinco-anos-de-inibicao-de-cargos-para-le-pen-com-aplicacao-suspensa\/#primaryimage","url":"https:\/\/portaltela.pt\/s.01k8rhncp4jt1\/2026\/02\/unnamed-file-1027.jpg","contentUrl":"https:\/\/portaltela.pt\/s.01k8rhncp4jt1\/2026\/02\/unnamed-file-1027.jpg","width":796,"height":448,"caption":"Pedidos em Fran\u00e7a cinco anos de inibi\u00e7\u00e3o do exerc\u00edcio de cargos p\u00fablicos para Le Pen sem aplica\u00e7\u00e3o imediata"},{"@type":"BreadcrumbList","@id":"https:\/\/portaltela.pt\/noticias\/2026\/02\/03\/franca-fixa-cinco-anos-de-inibicao-de-cargos-para-le-pen-com-aplicacao-suspensa\/#breadcrumb","itemListElement":[{"@type":"ListItem","position":1,"name":"In\u00edcio","item":"https:\/\/portaltela.pt\/"},{"@type":"ListItem","position":2,"name":"Fran\u00e7a fixa cinco anos de inibi\u00e7\u00e3o de cargos para Le Pen com aplica\u00e7\u00e3o suspensa"}]},{"@type":"WebSite","@id":"https:\/\/portaltela.pt\/#website","url":"https:\/\/portaltela.pt\/","name":"Portal Tela Portugal","description":"","potentialAction":[{"@type":"SearchAction","target":{"@type":"EntryPoint","urlTemplate":"https:\/\/portaltela.pt\/?s={search_term_string}"},"query-input":{"@type":"PropertyValueSpecification","valueRequired":true,"valueName":"search_term_string"}}],"inLanguage":"pt-PT"},{"@type":"Person","@id":"https:\/\/portaltela.pt\/#\/schema\/person\/c4278d4a6028830caff9ee44b42d32ed","name":"Telinha","image":{"@type":"ImageObject","inLanguage":"pt-PT","@id":"https:\/\/portaltela.pt\/s.01k8rhncp4jt1\/2025\/11\/talking-bot-125x125.png","url":"https:\/\/portaltela.pt\/s.01k8rhncp4jt1\/2025\/11\/talking-bot-125x125.png","contentUrl":"https:\/\/portaltela.pt\/s.01k8rhncp4jt1\/2025\/11\/talking-bot-125x125.png","caption":"Telinha"},"sameAs":["https:\/\/portaltela.pt\/"],"url":"https:\/\/portaltela.pt\/por\/367410592786\/"}]}},"_links":{"self":[{"href":"https:\/\/portaltela.pt\/api\/wp\/v2\/posts\/195312","targetHints":{"allow":["GET"]}}],"collection":[{"href":"https:\/\/portaltela.pt\/api\/wp\/v2\/posts"}],"about":[{"href":"https:\/\/portaltela.pt\/api\/wp\/v2\/types\/post"}],"author":[{"embeddable":true,"href":"https:\/\/portaltela.pt\/api\/wp\/v2\/users\/2"}],"replies":[{"embeddable":true,"href":"https:\/\/portaltela.pt\/api\/wp\/v2\/comments?post=195312"}],"version-history":[{"count":0,"href":"https:\/\/portaltela.pt\/api\/wp\/v2\/posts\/195312\/revisions"}],"wp:featuredmedia":[{"embeddable":true,"href":"https:\/\/portaltela.pt\/api\/wp\/v2\/media\/195319"}],"wp:attachment":[{"href":"https:\/\/portaltela.pt\/api\/wp\/v2\/media?parent=195312"}],"wp:term":[{"taxonomy":"category","embeddable":true,"href":"https:\/\/portaltela.pt\/api\/wp\/v2\/categories?post=195312"},{"taxonomy":"post_tag","embeddable":true,"href":"https:\/\/portaltela.pt\/api\/wp\/v2\/tags?post=195312"}],"curies":[{"name":"wp","href":"https:\/\/api.w.org\/{rel}","templated":true}]}}