{"id":195308,"date":"2026-02-03T19:31:00","date_gmt":"2026-02-03T22:31:00","guid":{"rendered":"https:\/\/portaltela.pt\/noticias\/2026\/02\/03\/novas-imagens-mostram-fones-de-ouvido-sem-fios-galaxy-buds-4\/"},"modified":"2026-02-03T19:31:00","modified_gmt":"2026-02-03T22:31:00","slug":"novas-imagens-mostram-fones-de-ouvido-sem-fios-galaxy-buds-4","status":"publish","type":"post","link":"https:\/\/portaltela.pt\/noticias\/economia\/2026\/02\/03\/novas-imagens-mostram-fones-de-ouvido-sem-fios-galaxy-buds-4\/","title":{"rendered":"Novas imagens mostram fones de ouvido sem fios Galaxy Buds 4"},"content":{"rendered":"<p>Novas imagens dos Galaxy Buds 4 e Buds 4 Pro surgiram esta semana, apontando para novidades que a Samsung poder\u00e1 apresentar no evento marcado para o final de fevereiro. A expectativa inclui tamb\u00e9m a divulga\u00e7\u00e3o da s\u00e9rie Galaxy S26.<\/p>\n<p>As imagens, partilhadas pelo Android Headlines, mostram diferen\u00e7as de design entre os dois modelos. Os Buds 4 Pro trazem ponta de silicone, enquanto os Buds 4 mant\u00eam ponta mais r\u00edgida. A caixa de ambos os modelos tem tampa transparente.<\/p>\n<p>Segundo rumores, os Galaxy Buds 4 devem custar cerca de 179 euros, e os Buds 4 Pro poder\u00e3o chegar aos 249 euros. A Samsung ainda n\u00e3o confirmou estes valores nem a data exata de novidade.<\/p>\n<p>O an\u00fancio oficial da Samsung est\u00e1 previsto para 25 de fevereiro, altura em que dever\u00e3o ser apresentados os novos Auriculares sem fios e a fam\u00edlia Galaxy S26. A divulga\u00e7\u00e3o seguinte deve esclarecer especifica\u00e7\u00f5es e disponibilidade.<\/p>\n<p>Fontes: Android Headlines e Not\u00edcia ao Minuto, que acompanharam as imagens e os rumores sobre o lan\u00e7amento.<\/p>\n","protected":false},"excerpt":{"rendered":"<ul>\n<li>A Samsung deve apresentar os Galaxy Buds 4 e os Galaxy Buds 4 Pro no evento previsto para o final de fevereiro.<\/li>\n<li>Imagens divulgadas mostram diferen\u00e7as de design entre os dois modelos: a vers\u00e3o Pro tem ponta em silicone, enquanto o Buds 4 tem ponta mais r\u00edgida.<\/li>\n<li>Os Buds 4 v\u00e3o aparecer em preto, j\u00e1 os Buds 4 Pro em branco, com a caixa\/carregador a ter tampa transparente.<\/li>\n<li>Rumores apontam para pre\u00e7os de 179 euros para os Buds 4 e 249 euros para os Buds 4 Pro.<\/li>\n<li>O an\u00fancio oficial est\u00e1 marcado para 25 de fevereiro.<\/li>\n<\/ul>\n","protected":false},"author":2,"featured_media":195317,"comment_status":"closed","ping_status":"closed","sticky":false,"template":"","format":"standard","meta":{"footnotes":""},"categories":[2,1],"tags":[231,3731,33,129,153],"class_list":["post-195308","post","type-post","status-publish","format-standard","has-post-thumbnail","hentry","category-economia","category-noticias","tag-eletronica","tag-eventos","tag-inovacao","tag-lancamentos","tag-tecnologia"],"yoast_head":"<!-- This site is optimized with the Yoast SEO plugin v27.2 - https:\/\/yoast.com\/product\/yoast-seo-wordpress\/ -->\n<title>Novas imagens mostram fones de ouvido sem fios Galaxy Buds 4 - Portal Tela Portugal<\/title>\n<meta name=\"robots\" content=\"index, follow, max-snippet:-1, max-image-preview:large, max-video-preview:-1\" \/>\n<meta property=\"og:locale\" content=\"pt_PT\" \/>\n<meta property=\"og:type\" content=\"article\" \/>\n<meta property=\"og:title\" content=\"Novas imagens mostram fones de ouvido sem fios Galaxy Buds 4 - Portal Tela Portugal\" \/>\n<meta property=\"og:description\" content=\"A Samsung deve apresentar os Galaxy Buds 4 e os Galaxy Buds 4 Pro no evento previsto para o final de fevereiro. Imagens divulgadas mostram diferen\u00e7as de design entre os dois modelos: a vers\u00e3o Pro tem ponta em silicone, enquanto o Buds 4 tem ponta mais r\u00edgida. Os Buds 4 v\u00e3o aparecer em preto, j\u00e1 os Buds 4 Pro em branco, com a caixa\/carregador a ter tampa transparente. Rumores apontam para pre\u00e7os de 179 euros para os Buds 4 e 249 euros para os Buds 4 Pro. O an\u00fancio oficial est\u00e1 marcado para 25 de fevereiro.\" \/>\n<meta property=\"og:url\" content=\"https:\/\/portaltela.pt\/noticias\/2026\/02\/03\/novas-imagens-mostram-fones-de-ouvido-sem-fios-galaxy-buds-4\/\" \/>\n<meta property=\"og:site_name\" content=\"Portal Tela Portugal\" \/>\n<meta property=\"article:published_time\" content=\"2026-02-03T22:31:00+00:00\" \/>\n<meta name=\"author\" content=\"Telinha\" \/>\n<meta name=\"twitter:card\" content=\"summary_large_image\" \/>\n<meta name=\"twitter:label1\" content=\"Escrito por\" \/>\n\t<meta name=\"twitter:data1\" content=\"Telinha\" \/>\n\t<meta name=\"twitter:label2\" content=\"Tempo estimado de leitura\" \/>\n\t<meta name=\"twitter:data2\" content=\"1 minuto\" \/>\n<script type=\"application\/ld+json\" class=\"yoast-schema-graph\">{\"@context\":\"https:\/\/schema.org\",\"@graph\":[{\"@type\":\"Article\",\"@id\":\"https:\/\/portaltela.pt\/noticias\/2026\/02\/03\/novas-imagens-mostram-fones-de-ouvido-sem-fios-galaxy-buds-4\/#article\",\"isPartOf\":{\"@id\":\"https:\/\/portaltela.pt\/noticias\/2026\/02\/03\/novas-imagens-mostram-fones-de-ouvido-sem-fios-galaxy-buds-4\/\"},\"author\":{\"name\":\"Telinha\",\"@id\":\"https:\/\/portaltela.pt\/#\/schema\/person\/c4278d4a6028830caff9ee44b42d32ed\"},\"headline\":\"Novas imagens mostram fones de ouvido sem fios Galaxy Buds 4\",\"datePublished\":\"2026-02-03T22:31:00+00:00\",\"mainEntityOfPage\":{\"@id\":\"https:\/\/portaltela.pt\/noticias\/2026\/02\/03\/novas-imagens-mostram-fones-de-ouvido-sem-fios-galaxy-buds-4\/\"},\"wordCount\":181,\"image\":{\"@id\":\"https:\/\/portaltela.pt\/noticias\/2026\/02\/03\/novas-imagens-mostram-fones-de-ouvido-sem-fios-galaxy-buds-4\/#primaryimage\"},\"thumbnailUrl\":\"https:\/\/portaltela.pt\/s.01k8rhncp4jt1\/2026\/02\/unnamed-file-1026.jpg\",\"keywords\":[\"eletr\u00f3nica\",\"eventos\",\"inova\u00e7\u00e3o\",\"lancamentos\",\"tecnologia\"],\"articleSection\":[\"Economia\",\"Not\u00edcias\"],\"inLanguage\":\"pt-PT\"},{\"@type\":\"WebPage\",\"@id\":\"https:\/\/portaltela.pt\/noticias\/2026\/02\/03\/novas-imagens-mostram-fones-de-ouvido-sem-fios-galaxy-buds-4\/\",\"url\":\"https:\/\/portaltela.pt\/noticias\/2026\/02\/03\/novas-imagens-mostram-fones-de-ouvido-sem-fios-galaxy-buds-4\/\",\"name\":\"Novas imagens mostram fones de ouvido sem fios Galaxy Buds 4 - Portal Tela Portugal\",\"isPartOf\":{\"@id\":\"https:\/\/portaltela.pt\/#website\"},\"primaryImageOfPage\":{\"@id\":\"https:\/\/portaltela.pt\/noticias\/2026\/02\/03\/novas-imagens-mostram-fones-de-ouvido-sem-fios-galaxy-buds-4\/#primaryimage\"},\"image\":{\"@id\":\"https:\/\/portaltela.pt\/noticias\/2026\/02\/03\/novas-imagens-mostram-fones-de-ouvido-sem-fios-galaxy-buds-4\/#primaryimage\"},\"thumbnailUrl\":\"https:\/\/portaltela.pt\/s.01k8rhncp4jt1\/2026\/02\/unnamed-file-1026.jpg\",\"datePublished\":\"2026-02-03T22:31:00+00:00\",\"author\":{\"@id\":\"https:\/\/portaltela.pt\/#\/schema\/person\/c4278d4a6028830caff9ee44b42d32ed\"},\"breadcrumb\":{\"@id\":\"https:\/\/portaltela.pt\/noticias\/2026\/02\/03\/novas-imagens-mostram-fones-de-ouvido-sem-fios-galaxy-buds-4\/#breadcrumb\"},\"inLanguage\":\"pt-PT\",\"potentialAction\":[{\"@type\":\"ReadAction\",\"target\":[\"https:\/\/portaltela.pt\/noticias\/2026\/02\/03\/novas-imagens-mostram-fones-de-ouvido-sem-fios-galaxy-buds-4\/\"]}]},{\"@type\":\"ImageObject\",\"inLanguage\":\"pt-PT\",\"@id\":\"https:\/\/portaltela.pt\/noticias\/2026\/02\/03\/novas-imagens-mostram-fones-de-ouvido-sem-fios-galaxy-buds-4\/#primaryimage\",\"url\":\"https:\/\/portaltela.pt\/s.01k8rhncp4jt1\/2026\/02\/unnamed-file-1026.jpg\",\"contentUrl\":\"https:\/\/portaltela.pt\/s.01k8rhncp4jt1\/2026\/02\/unnamed-file-1026.jpg\",\"width\":796,\"height\":448,\"caption\":\"Novas imagens revelam auriculares sem fios Galaxy Buds 4\"},{\"@type\":\"BreadcrumbList\",\"@id\":\"https:\/\/portaltela.pt\/noticias\/2026\/02\/03\/novas-imagens-mostram-fones-de-ouvido-sem-fios-galaxy-buds-4\/#breadcrumb\",\"itemListElement\":[{\"@type\":\"ListItem\",\"position\":1,\"name\":\"In\u00edcio\",\"item\":\"https:\/\/portaltela.pt\/\"},{\"@type\":\"ListItem\",\"position\":2,\"name\":\"Novas imagens mostram fones de ouvido sem fios Galaxy Buds 4\"}]},{\"@type\":\"WebSite\",\"@id\":\"https:\/\/portaltela.pt\/#website\",\"url\":\"https:\/\/portaltela.pt\/\",\"name\":\"Portal Tela Portugal\",\"description\":\"\",\"potentialAction\":[{\"@type\":\"SearchAction\",\"target\":{\"@type\":\"EntryPoint\",\"urlTemplate\":\"https:\/\/portaltela.pt\/?s={search_term_string}\"},\"query-input\":{\"@type\":\"PropertyValueSpecification\",\"valueRequired\":true,\"valueName\":\"search_term_string\"}}],\"inLanguage\":\"pt-PT\"},{\"@type\":\"Person\",\"@id\":\"https:\/\/portaltela.pt\/#\/schema\/person\/c4278d4a6028830caff9ee44b42d32ed\",\"name\":\"Telinha\",\"image\":{\"@type\":\"ImageObject\",\"inLanguage\":\"pt-PT\",\"@id\":\"https:\/\/portaltela.pt\/s.01k8rhncp4jt1\/2025\/11\/talking-bot-125x125.png\",\"url\":\"https:\/\/portaltela.pt\/s.01k8rhncp4jt1\/2025\/11\/talking-bot-125x125.png\",\"contentUrl\":\"https:\/\/portaltela.pt\/s.01k8rhncp4jt1\/2025\/11\/talking-bot-125x125.png\",\"caption\":\"Telinha\"},\"sameAs\":[\"https:\/\/portaltela.pt\/\"],\"url\":\"https:\/\/portaltela.pt\/por\/367410592786\/\"}]}<\/script>\n<!-- \/ Yoast SEO plugin. -->","yoast_head_json":{"title":"Novas imagens mostram fones de ouvido sem fios Galaxy Buds 4 - Portal Tela Portugal","robots":{"index":"index","follow":"follow","max-snippet":"max-snippet:-1","max-image-preview":"max-image-preview:large","max-video-preview":"max-video-preview:-1"},"og_locale":"pt_PT","og_type":"article","og_title":"Novas imagens mostram fones de ouvido sem fios Galaxy Buds 4 - Portal Tela Portugal","og_description":"A Samsung deve apresentar os Galaxy Buds 4 e os Galaxy Buds 4 Pro no evento previsto para o final de fevereiro. Imagens divulgadas mostram diferen\u00e7as de design entre os dois modelos: a vers\u00e3o Pro tem ponta em silicone, enquanto o Buds 4 tem ponta mais r\u00edgida. Os Buds 4 v\u00e3o aparecer em preto, j\u00e1 os Buds 4 Pro em branco, com a caixa\/carregador a ter tampa transparente. Rumores apontam para pre\u00e7os de 179 euros para os Buds 4 e 249 euros para os Buds 4 Pro. O an\u00fancio oficial est\u00e1 marcado para 25 de fevereiro.","og_url":"https:\/\/portaltela.pt\/noticias\/2026\/02\/03\/novas-imagens-mostram-fones-de-ouvido-sem-fios-galaxy-buds-4\/","og_site_name":"Portal Tela Portugal","article_published_time":"2026-02-03T22:31:00+00:00","author":"Telinha","twitter_card":"summary_large_image","twitter_misc":{"Escrito por":"Telinha","Tempo estimado de leitura":"1 minuto"},"schema":{"@context":"https:\/\/schema.org","@graph":[{"@type":"Article","@id":"https:\/\/portaltela.pt\/noticias\/2026\/02\/03\/novas-imagens-mostram-fones-de-ouvido-sem-fios-galaxy-buds-4\/#article","isPartOf":{"@id":"https:\/\/portaltela.pt\/noticias\/2026\/02\/03\/novas-imagens-mostram-fones-de-ouvido-sem-fios-galaxy-buds-4\/"},"author":{"name":"Telinha","@id":"https:\/\/portaltela.pt\/#\/schema\/person\/c4278d4a6028830caff9ee44b42d32ed"},"headline":"Novas imagens mostram fones de ouvido sem fios Galaxy Buds 4","datePublished":"2026-02-03T22:31:00+00:00","mainEntityOfPage":{"@id":"https:\/\/portaltela.pt\/noticias\/2026\/02\/03\/novas-imagens-mostram-fones-de-ouvido-sem-fios-galaxy-buds-4\/"},"wordCount":181,"image":{"@id":"https:\/\/portaltela.pt\/noticias\/2026\/02\/03\/novas-imagens-mostram-fones-de-ouvido-sem-fios-galaxy-buds-4\/#primaryimage"},"thumbnailUrl":"https:\/\/portaltela.pt\/s.01k8rhncp4jt1\/2026\/02\/unnamed-file-1026.jpg","keywords":["eletr\u00f3nica","eventos","inova\u00e7\u00e3o","lancamentos","tecnologia"],"articleSection":["Economia","Not\u00edcias"],"inLanguage":"pt-PT"},{"@type":"WebPage","@id":"https:\/\/portaltela.pt\/noticias\/2026\/02\/03\/novas-imagens-mostram-fones-de-ouvido-sem-fios-galaxy-buds-4\/","url":"https:\/\/portaltela.pt\/noticias\/2026\/02\/03\/novas-imagens-mostram-fones-de-ouvido-sem-fios-galaxy-buds-4\/","name":"Novas imagens mostram fones de ouvido sem fios Galaxy Buds 4 - Portal Tela Portugal","isPartOf":{"@id":"https:\/\/portaltela.pt\/#website"},"primaryImageOfPage":{"@id":"https:\/\/portaltela.pt\/noticias\/2026\/02\/03\/novas-imagens-mostram-fones-de-ouvido-sem-fios-galaxy-buds-4\/#primaryimage"},"image":{"@id":"https:\/\/portaltela.pt\/noticias\/2026\/02\/03\/novas-imagens-mostram-fones-de-ouvido-sem-fios-galaxy-buds-4\/#primaryimage"},"thumbnailUrl":"https:\/\/portaltela.pt\/s.01k8rhncp4jt1\/2026\/02\/unnamed-file-1026.jpg","datePublished":"2026-02-03T22:31:00+00:00","author":{"@id":"https:\/\/portaltela.pt\/#\/schema\/person\/c4278d4a6028830caff9ee44b42d32ed"},"breadcrumb":{"@id":"https:\/\/portaltela.pt\/noticias\/2026\/02\/03\/novas-imagens-mostram-fones-de-ouvido-sem-fios-galaxy-buds-4\/#breadcrumb"},"inLanguage":"pt-PT","potentialAction":[{"@type":"ReadAction","target":["https:\/\/portaltela.pt\/noticias\/2026\/02\/03\/novas-imagens-mostram-fones-de-ouvido-sem-fios-galaxy-buds-4\/"]}]},{"@type":"ImageObject","inLanguage":"pt-PT","@id":"https:\/\/portaltela.pt\/noticias\/2026\/02\/03\/novas-imagens-mostram-fones-de-ouvido-sem-fios-galaxy-buds-4\/#primaryimage","url":"https:\/\/portaltela.pt\/s.01k8rhncp4jt1\/2026\/02\/unnamed-file-1026.jpg","contentUrl":"https:\/\/portaltela.pt\/s.01k8rhncp4jt1\/2026\/02\/unnamed-file-1026.jpg","width":796,"height":448,"caption":"Novas imagens revelam auriculares sem fios Galaxy Buds 4"},{"@type":"BreadcrumbList","@id":"https:\/\/portaltela.pt\/noticias\/2026\/02\/03\/novas-imagens-mostram-fones-de-ouvido-sem-fios-galaxy-buds-4\/#breadcrumb","itemListElement":[{"@type":"ListItem","position":1,"name":"In\u00edcio","item":"https:\/\/portaltela.pt\/"},{"@type":"ListItem","position":2,"name":"Novas imagens mostram fones de ouvido sem fios Galaxy Buds 4"}]},{"@type":"WebSite","@id":"https:\/\/portaltela.pt\/#website","url":"https:\/\/portaltela.pt\/","name":"Portal Tela Portugal","description":"","potentialAction":[{"@type":"SearchAction","target":{"@type":"EntryPoint","urlTemplate":"https:\/\/portaltela.pt\/?s={search_term_string}"},"query-input":{"@type":"PropertyValueSpecification","valueRequired":true,"valueName":"search_term_string"}}],"inLanguage":"pt-PT"},{"@type":"Person","@id":"https:\/\/portaltela.pt\/#\/schema\/person\/c4278d4a6028830caff9ee44b42d32ed","name":"Telinha","image":{"@type":"ImageObject","inLanguage":"pt-PT","@id":"https:\/\/portaltela.pt\/s.01k8rhncp4jt1\/2025\/11\/talking-bot-125x125.png","url":"https:\/\/portaltela.pt\/s.01k8rhncp4jt1\/2025\/11\/talking-bot-125x125.png","contentUrl":"https:\/\/portaltela.pt\/s.01k8rhncp4jt1\/2025\/11\/talking-bot-125x125.png","caption":"Telinha"},"sameAs":["https:\/\/portaltela.pt\/"],"url":"https:\/\/portaltela.pt\/por\/367410592786\/"}]}},"_links":{"self":[{"href":"https:\/\/portaltela.pt\/api\/wp\/v2\/posts\/195308","targetHints":{"allow":["GET"]}}],"collection":[{"href":"https:\/\/portaltela.pt\/api\/wp\/v2\/posts"}],"about":[{"href":"https:\/\/portaltela.pt\/api\/wp\/v2\/types\/post"}],"author":[{"embeddable":true,"href":"https:\/\/portaltela.pt\/api\/wp\/v2\/users\/2"}],"replies":[{"embeddable":true,"href":"https:\/\/portaltela.pt\/api\/wp\/v2\/comments?post=195308"}],"version-history":[{"count":0,"href":"https:\/\/portaltela.pt\/api\/wp\/v2\/posts\/195308\/revisions"}],"wp:featuredmedia":[{"embeddable":true,"href":"https:\/\/portaltela.pt\/api\/wp\/v2\/media\/195317"}],"wp:attachment":[{"href":"https:\/\/portaltela.pt\/api\/wp\/v2\/media?parent=195308"}],"wp:term":[{"taxonomy":"category","embeddable":true,"href":"https:\/\/portaltela.pt\/api\/wp\/v2\/categories?post=195308"},{"taxonomy":"post_tag","embeddable":true,"href":"https:\/\/portaltela.pt\/api\/wp\/v2\/tags?post=195308"}],"curies":[{"name":"wp","href":"https:\/\/api.w.org\/{rel}","templated":true}]}}