{"id":195298,"date":"2026-02-03T19:39:44","date_gmt":"2026-02-03T22:39:44","guid":{"rendered":"https:\/\/portaltela.pt\/noticias\/2026\/02\/03\/nuno-pereira-reforca-o-ataque-do-sao-joao-de-ver\/"},"modified":"2026-02-03T19:39:44","modified_gmt":"2026-02-03T22:39:44","slug":"nuno-pereira-reforca-o-ataque-do-sao-joao-de-ver","status":"publish","type":"post","link":"https:\/\/portaltela.pt\/desporto\/futebol\/2026\/02\/03\/nuno-pereira-reforca-o-ataque-do-sao-joao-de-ver\/","title":{"rendered":"Nuno Pereira refor\u00e7a o ataque do S\u00e3o Jo\u00e3o de Ver"},"content":{"rendered":"<p>O S\u00e3o Jo\u00e3o de Ver anunciou a contrata\u00e7\u00e3o de Nuno Pereira para refor\u00e7ar o ataque e ajudar a equipa na fase de perman\u00eancia. O avan\u00e7ado tem 30 anos e chega a Santa Maria da Feira ap\u00f3s meia \u00e9poca na Acad\u00e9mica, onde marcou 1 golo em 13 jogos.<\/p>\n<p>Formado no Boavista, Nuno Pereira saiu a custo zero do clube de Coimbra, juntando-se a uma carreira com passagem marcada pela Liga 3. J\u00e1 vestiu as camisolas de Amora, Varzim e Anadia, consolidando experi\u00eancia em estruturas de competi\u00e7\u00e3o regional.<\/p>\n<p>Agora, o jogador integra o conjunto orientado por Jos\u00e9 Santos e j\u00e1 treina com o grupo para o embate inaugural da fase de perman\u00eancia. O encontro est\u00e1 agendado para a primeira jornada.<\/p>\n<p>O advers\u00e1rio da estreia \u00e9 a Sanjoanense, com o jogo marcado para o dia 15. A equipa verde ser\u00e1 a respons\u00e1vel por apontar o rein\u00edcio da luta pela manuten\u00e7\u00e3o na competi\u00e7\u00e3o.<\/p>\n","protected":false},"excerpt":{"rendered":"<ul>\n<li>O S\u00e3o Jo\u00e3o de Ver anunciou a contrata\u00e7\u00e3o de Nuno Pereira, para refor\u00e7ar o ataque e a disputa na fase de perman\u00eancia.<\/li>\n<li>O avan\u00e7ado, de 30 anos, chega a Santa Maria da Feira ap\u00f3s meia \u00e9poca na Acad\u00e9mica, tendo apontado um golo em 13 jogos pela Briosa.<\/li>\n<li>Formado no Boavista, saiu a custo zero do clube de Coimbra e traz experi\u00eancia na Liga 3, com passagens pelo Amora, Varzim e Anadia.<\/li>\n<li>Agora integra o plantel orientado por Jos\u00e9 Santos e prepara-se para enfrentar a Sanjoanense, no dia 15, na primeira jornada da fase de perman\u00eancia e descida.<\/li>\n<li>O objetivo passa por refor\u00e7ar o ataque e ajudar a equipa a manter-se na divis\u00e3o.<\/li>\n<\/ul>\n","protected":false},"author":2,"featured_media":195301,"comment_status":"closed","ping_status":"closed","sticky":false,"template":"","format":"standard","meta":{"footnotes":""},"categories":[21,24],"tags":[4985,235,152,32,242],"class_list":["post-195298","post","type-post","status-publish","format-standard","has-post-thumbnail","hentry","category-desporto","category-futebol","tag-3-a-divisao-serie-d","tag-carreira","tag-desporto","tag-futebol","tag-jogadores"],"yoast_head":"<!-- This site is optimized with the Yoast SEO plugin v27.2 - https:\/\/yoast.com\/product\/yoast-seo-wordpress\/ -->\n<title>Nuno Pereira refor\u00e7a o ataque do S\u00e3o Jo\u00e3o de Ver - Portal Tela Portugal<\/title>\n<meta name=\"robots\" content=\"index, follow, max-snippet:-1, max-image-preview:large, max-video-preview:-1\" \/>\n<meta property=\"og:locale\" content=\"pt_PT\" \/>\n<meta property=\"og:type\" content=\"article\" \/>\n<meta property=\"og:title\" content=\"Nuno Pereira refor\u00e7a o ataque do S\u00e3o Jo\u00e3o de Ver - Portal Tela Portugal\" \/>\n<meta property=\"og:description\" content=\"O S\u00e3o Jo\u00e3o de Ver anunciou a contrata\u00e7\u00e3o de Nuno Pereira, para refor\u00e7ar o ataque e a disputa na fase de perman\u00eancia. O avan\u00e7ado, de 30 anos, chega a Santa Maria da Feira ap\u00f3s meia \u00e9poca na Acad\u00e9mica, tendo apontado um golo em 13 jogos pela Briosa. Formado no Boavista, saiu a custo zero do clube de Coimbra e traz experi\u00eancia na Liga 3, com passagens pelo Amora, Varzim e Anadia. Agora integra o plantel orientado por Jos\u00e9 Santos e prepara-se para enfrentar a Sanjoanense, no dia 15, na primeira jornada da fase de perman\u00eancia e descida. O objetivo passa por refor\u00e7ar o ataque e ajudar a equipa a manter-se na divis\u00e3o.\" \/>\n<meta property=\"og:url\" content=\"https:\/\/portaltela.pt\/noticias\/2026\/02\/03\/nuno-pereira-reforca-o-ataque-do-sao-joao-de-ver\/\" \/>\n<meta property=\"og:site_name\" content=\"Portal Tela Portugal\" \/>\n<meta property=\"article:published_time\" content=\"2026-02-03T22:39:44+00:00\" \/>\n<meta name=\"author\" content=\"Telinha\" \/>\n<meta name=\"twitter:card\" content=\"summary_large_image\" \/>\n<meta name=\"twitter:label1\" content=\"Escrito por\" \/>\n\t<meta name=\"twitter:data1\" content=\"Telinha\" \/>\n\t<meta name=\"twitter:label2\" content=\"Tempo estimado de leitura\" \/>\n\t<meta name=\"twitter:data2\" content=\"1 minuto\" \/>\n<script type=\"application\/ld+json\" class=\"yoast-schema-graph\">{\"@context\":\"https:\/\/schema.org\",\"@graph\":[{\"@type\":\"Article\",\"@id\":\"https:\/\/portaltela.pt\/noticias\/2026\/02\/03\/nuno-pereira-reforca-o-ataque-do-sao-joao-de-ver\/#article\",\"isPartOf\":{\"@id\":\"https:\/\/portaltela.pt\/noticias\/2026\/02\/03\/nuno-pereira-reforca-o-ataque-do-sao-joao-de-ver\/\"},\"author\":{\"name\":\"Telinha\",\"@id\":\"https:\/\/portaltela.pt\/#\/schema\/person\/c4278d4a6028830caff9ee44b42d32ed\"},\"headline\":\"Nuno Pereira refor\u00e7a o ataque do S\u00e3o Jo\u00e3o de Ver\",\"datePublished\":\"2026-02-03T22:39:44+00:00\",\"mainEntityOfPage\":{\"@id\":\"https:\/\/portaltela.pt\/noticias\/2026\/02\/03\/nuno-pereira-reforca-o-ataque-do-sao-joao-de-ver\/\"},\"wordCount\":172,\"image\":{\"@id\":\"https:\/\/portaltela.pt\/noticias\/2026\/02\/03\/nuno-pereira-reforca-o-ataque-do-sao-joao-de-ver\/#primaryimage\"},\"thumbnailUrl\":\"https:\/\/portaltela.pt\/s.01k8rhncp4jt1\/2026\/02\/img_920x518uu2026-02-03-22-36-45-2419422-im-639057550262249635.jpg\",\"keywords\":[\"3.\u00aa Divis\u00e3o \u2014 S\u00e9rie D\",\"Carreira\",\"desporto\",\"futebol\",\"jogadores\"],\"articleSection\":[\"Desporto\",\"Futebol\"],\"inLanguage\":\"pt-PT\"},{\"@type\":\"WebPage\",\"@id\":\"https:\/\/portaltela.pt\/noticias\/2026\/02\/03\/nuno-pereira-reforca-o-ataque-do-sao-joao-de-ver\/\",\"url\":\"https:\/\/portaltela.pt\/noticias\/2026\/02\/03\/nuno-pereira-reforca-o-ataque-do-sao-joao-de-ver\/\",\"name\":\"Nuno Pereira refor\u00e7a o ataque do S\u00e3o Jo\u00e3o de Ver - Portal Tela Portugal\",\"isPartOf\":{\"@id\":\"https:\/\/portaltela.pt\/#website\"},\"primaryImageOfPage\":{\"@id\":\"https:\/\/portaltela.pt\/noticias\/2026\/02\/03\/nuno-pereira-reforca-o-ataque-do-sao-joao-de-ver\/#primaryimage\"},\"image\":{\"@id\":\"https:\/\/portaltela.pt\/noticias\/2026\/02\/03\/nuno-pereira-reforca-o-ataque-do-sao-joao-de-ver\/#primaryimage\"},\"thumbnailUrl\":\"https:\/\/portaltela.pt\/s.01k8rhncp4jt1\/2026\/02\/img_920x518uu2026-02-03-22-36-45-2419422-im-639057550262249635.jpg\",\"datePublished\":\"2026-02-03T22:39:44+00:00\",\"author\":{\"@id\":\"https:\/\/portaltela.pt\/#\/schema\/person\/c4278d4a6028830caff9ee44b42d32ed\"},\"breadcrumb\":{\"@id\":\"https:\/\/portaltela.pt\/noticias\/2026\/02\/03\/nuno-pereira-reforca-o-ataque-do-sao-joao-de-ver\/#breadcrumb\"},\"inLanguage\":\"pt-PT\",\"potentialAction\":[{\"@type\":\"ReadAction\",\"target\":[\"https:\/\/portaltela.pt\/noticias\/2026\/02\/03\/nuno-pereira-reforca-o-ataque-do-sao-joao-de-ver\/\"]}]},{\"@type\":\"ImageObject\",\"inLanguage\":\"pt-PT\",\"@id\":\"https:\/\/portaltela.pt\/noticias\/2026\/02\/03\/nuno-pereira-reforca-o-ataque-do-sao-joao-de-ver\/#primaryimage\",\"url\":\"https:\/\/portaltela.pt\/s.01k8rhncp4jt1\/2026\/02\/img_920x518uu2026-02-03-22-36-45-2419422-im-639057550262249635.jpg\",\"contentUrl\":\"https:\/\/portaltela.pt\/s.01k8rhncp4jt1\/2026\/02\/img_920x518uu2026-02-03-22-36-45-2419422-im-639057550262249635.jpg\",\"width\":796,\"height\":448,\"caption\":\"Photo\"},{\"@type\":\"BreadcrumbList\",\"@id\":\"https:\/\/portaltela.pt\/noticias\/2026\/02\/03\/nuno-pereira-reforca-o-ataque-do-sao-joao-de-ver\/#breadcrumb\",\"itemListElement\":[{\"@type\":\"ListItem\",\"position\":1,\"name\":\"In\u00edcio\",\"item\":\"https:\/\/portaltela.pt\/\"},{\"@type\":\"ListItem\",\"position\":2,\"name\":\"Nuno Pereira refor\u00e7a o ataque do S\u00e3o Jo\u00e3o de Ver\"}]},{\"@type\":\"WebSite\",\"@id\":\"https:\/\/portaltela.pt\/#website\",\"url\":\"https:\/\/portaltela.pt\/\",\"name\":\"Portal Tela Portugal\",\"description\":\"\",\"potentialAction\":[{\"@type\":\"SearchAction\",\"target\":{\"@type\":\"EntryPoint\",\"urlTemplate\":\"https:\/\/portaltela.pt\/?s={search_term_string}\"},\"query-input\":{\"@type\":\"PropertyValueSpecification\",\"valueRequired\":true,\"valueName\":\"search_term_string\"}}],\"inLanguage\":\"pt-PT\"},{\"@type\":\"Person\",\"@id\":\"https:\/\/portaltela.pt\/#\/schema\/person\/c4278d4a6028830caff9ee44b42d32ed\",\"name\":\"Telinha\",\"image\":{\"@type\":\"ImageObject\",\"inLanguage\":\"pt-PT\",\"@id\":\"https:\/\/portaltela.pt\/s.01k8rhncp4jt1\/2025\/11\/talking-bot-125x125.png\",\"url\":\"https:\/\/portaltela.pt\/s.01k8rhncp4jt1\/2025\/11\/talking-bot-125x125.png\",\"contentUrl\":\"https:\/\/portaltela.pt\/s.01k8rhncp4jt1\/2025\/11\/talking-bot-125x125.png\",\"caption\":\"Telinha\"},\"sameAs\":[\"https:\/\/portaltela.pt\/\"],\"url\":\"https:\/\/portaltela.pt\/por\/367410592786\/\"}]}<\/script>\n<!-- \/ Yoast SEO plugin. -->","yoast_head_json":{"title":"Nuno Pereira refor\u00e7a o ataque do S\u00e3o Jo\u00e3o de Ver - Portal Tela Portugal","robots":{"index":"index","follow":"follow","max-snippet":"max-snippet:-1","max-image-preview":"max-image-preview:large","max-video-preview":"max-video-preview:-1"},"og_locale":"pt_PT","og_type":"article","og_title":"Nuno Pereira refor\u00e7a o ataque do S\u00e3o Jo\u00e3o de Ver - Portal Tela Portugal","og_description":"O S\u00e3o Jo\u00e3o de Ver anunciou a contrata\u00e7\u00e3o de Nuno Pereira, para refor\u00e7ar o ataque e a disputa na fase de perman\u00eancia. O avan\u00e7ado, de 30 anos, chega a Santa Maria da Feira ap\u00f3s meia \u00e9poca na Acad\u00e9mica, tendo apontado um golo em 13 jogos pela Briosa. Formado no Boavista, saiu a custo zero do clube de Coimbra e traz experi\u00eancia na Liga 3, com passagens pelo Amora, Varzim e Anadia. Agora integra o plantel orientado por Jos\u00e9 Santos e prepara-se para enfrentar a Sanjoanense, no dia 15, na primeira jornada da fase de perman\u00eancia e descida. O objetivo passa por refor\u00e7ar o ataque e ajudar a equipa a manter-se na divis\u00e3o.","og_url":"https:\/\/portaltela.pt\/noticias\/2026\/02\/03\/nuno-pereira-reforca-o-ataque-do-sao-joao-de-ver\/","og_site_name":"Portal Tela Portugal","article_published_time":"2026-02-03T22:39:44+00:00","author":"Telinha","twitter_card":"summary_large_image","twitter_misc":{"Escrito por":"Telinha","Tempo estimado de leitura":"1 minuto"},"schema":{"@context":"https:\/\/schema.org","@graph":[{"@type":"Article","@id":"https:\/\/portaltela.pt\/noticias\/2026\/02\/03\/nuno-pereira-reforca-o-ataque-do-sao-joao-de-ver\/#article","isPartOf":{"@id":"https:\/\/portaltela.pt\/noticias\/2026\/02\/03\/nuno-pereira-reforca-o-ataque-do-sao-joao-de-ver\/"},"author":{"name":"Telinha","@id":"https:\/\/portaltela.pt\/#\/schema\/person\/c4278d4a6028830caff9ee44b42d32ed"},"headline":"Nuno Pereira refor\u00e7a o ataque do S\u00e3o Jo\u00e3o de Ver","datePublished":"2026-02-03T22:39:44+00:00","mainEntityOfPage":{"@id":"https:\/\/portaltela.pt\/noticias\/2026\/02\/03\/nuno-pereira-reforca-o-ataque-do-sao-joao-de-ver\/"},"wordCount":172,"image":{"@id":"https:\/\/portaltela.pt\/noticias\/2026\/02\/03\/nuno-pereira-reforca-o-ataque-do-sao-joao-de-ver\/#primaryimage"},"thumbnailUrl":"https:\/\/portaltela.pt\/s.01k8rhncp4jt1\/2026\/02\/img_920x518uu2026-02-03-22-36-45-2419422-im-639057550262249635.jpg","keywords":["3.\u00aa Divis\u00e3o \u2014 S\u00e9rie D","Carreira","desporto","futebol","jogadores"],"articleSection":["Desporto","Futebol"],"inLanguage":"pt-PT"},{"@type":"WebPage","@id":"https:\/\/portaltela.pt\/noticias\/2026\/02\/03\/nuno-pereira-reforca-o-ataque-do-sao-joao-de-ver\/","url":"https:\/\/portaltela.pt\/noticias\/2026\/02\/03\/nuno-pereira-reforca-o-ataque-do-sao-joao-de-ver\/","name":"Nuno Pereira refor\u00e7a o ataque do S\u00e3o Jo\u00e3o de Ver - Portal Tela Portugal","isPartOf":{"@id":"https:\/\/portaltela.pt\/#website"},"primaryImageOfPage":{"@id":"https:\/\/portaltela.pt\/noticias\/2026\/02\/03\/nuno-pereira-reforca-o-ataque-do-sao-joao-de-ver\/#primaryimage"},"image":{"@id":"https:\/\/portaltela.pt\/noticias\/2026\/02\/03\/nuno-pereira-reforca-o-ataque-do-sao-joao-de-ver\/#primaryimage"},"thumbnailUrl":"https:\/\/portaltela.pt\/s.01k8rhncp4jt1\/2026\/02\/img_920x518uu2026-02-03-22-36-45-2419422-im-639057550262249635.jpg","datePublished":"2026-02-03T22:39:44+00:00","author":{"@id":"https:\/\/portaltela.pt\/#\/schema\/person\/c4278d4a6028830caff9ee44b42d32ed"},"breadcrumb":{"@id":"https:\/\/portaltela.pt\/noticias\/2026\/02\/03\/nuno-pereira-reforca-o-ataque-do-sao-joao-de-ver\/#breadcrumb"},"inLanguage":"pt-PT","potentialAction":[{"@type":"ReadAction","target":["https:\/\/portaltela.pt\/noticias\/2026\/02\/03\/nuno-pereira-reforca-o-ataque-do-sao-joao-de-ver\/"]}]},{"@type":"ImageObject","inLanguage":"pt-PT","@id":"https:\/\/portaltela.pt\/noticias\/2026\/02\/03\/nuno-pereira-reforca-o-ataque-do-sao-joao-de-ver\/#primaryimage","url":"https:\/\/portaltela.pt\/s.01k8rhncp4jt1\/2026\/02\/img_920x518uu2026-02-03-22-36-45-2419422-im-639057550262249635.jpg","contentUrl":"https:\/\/portaltela.pt\/s.01k8rhncp4jt1\/2026\/02\/img_920x518uu2026-02-03-22-36-45-2419422-im-639057550262249635.jpg","width":796,"height":448,"caption":"Photo"},{"@type":"BreadcrumbList","@id":"https:\/\/portaltela.pt\/noticias\/2026\/02\/03\/nuno-pereira-reforca-o-ataque-do-sao-joao-de-ver\/#breadcrumb","itemListElement":[{"@type":"ListItem","position":1,"name":"In\u00edcio","item":"https:\/\/portaltela.pt\/"},{"@type":"ListItem","position":2,"name":"Nuno Pereira refor\u00e7a o ataque do S\u00e3o Jo\u00e3o de Ver"}]},{"@type":"WebSite","@id":"https:\/\/portaltela.pt\/#website","url":"https:\/\/portaltela.pt\/","name":"Portal Tela Portugal","description":"","potentialAction":[{"@type":"SearchAction","target":{"@type":"EntryPoint","urlTemplate":"https:\/\/portaltela.pt\/?s={search_term_string}"},"query-input":{"@type":"PropertyValueSpecification","valueRequired":true,"valueName":"search_term_string"}}],"inLanguage":"pt-PT"},{"@type":"Person","@id":"https:\/\/portaltela.pt\/#\/schema\/person\/c4278d4a6028830caff9ee44b42d32ed","name":"Telinha","image":{"@type":"ImageObject","inLanguage":"pt-PT","@id":"https:\/\/portaltela.pt\/s.01k8rhncp4jt1\/2025\/11\/talking-bot-125x125.png","url":"https:\/\/portaltela.pt\/s.01k8rhncp4jt1\/2025\/11\/talking-bot-125x125.png","contentUrl":"https:\/\/portaltela.pt\/s.01k8rhncp4jt1\/2025\/11\/talking-bot-125x125.png","caption":"Telinha"},"sameAs":["https:\/\/portaltela.pt\/"],"url":"https:\/\/portaltela.pt\/por\/367410592786\/"}]}},"_links":{"self":[{"href":"https:\/\/portaltela.pt\/api\/wp\/v2\/posts\/195298","targetHints":{"allow":["GET"]}}],"collection":[{"href":"https:\/\/portaltela.pt\/api\/wp\/v2\/posts"}],"about":[{"href":"https:\/\/portaltela.pt\/api\/wp\/v2\/types\/post"}],"author":[{"embeddable":true,"href":"https:\/\/portaltela.pt\/api\/wp\/v2\/users\/2"}],"replies":[{"embeddable":true,"href":"https:\/\/portaltela.pt\/api\/wp\/v2\/comments?post=195298"}],"version-history":[{"count":0,"href":"https:\/\/portaltela.pt\/api\/wp\/v2\/posts\/195298\/revisions"}],"wp:featuredmedia":[{"embeddable":true,"href":"https:\/\/portaltela.pt\/api\/wp\/v2\/media\/195301"}],"wp:attachment":[{"href":"https:\/\/portaltela.pt\/api\/wp\/v2\/media?parent=195298"}],"wp:term":[{"taxonomy":"category","embeddable":true,"href":"https:\/\/portaltela.pt\/api\/wp\/v2\/categories?post=195298"},{"taxonomy":"post_tag","embeddable":true,"href":"https:\/\/portaltela.pt\/api\/wp\/v2\/tags?post=195298"}],"curies":[{"name":"wp","href":"https:\/\/api.w.org\/{rel}","templated":true}]}}