{"id":195296,"date":"2026-02-03T19:18:25","date_gmt":"2026-02-03T22:18:25","guid":{"rendered":"https:\/\/portaltela.pt\/noticias\/2026\/02\/03\/paigc-acusa-grupo-contestatario-de-tentar-assaltar-o-partido\/"},"modified":"2026-02-03T19:18:25","modified_gmt":"2026-02-03T22:18:25","slug":"paigc-acusa-grupo-contestatario-de-tentar-assaltar-o-partido","status":"publish","type":"post","link":"https:\/\/portaltela.pt\/noticias\/politica\/2026\/02\/03\/paigc-acusa-grupo-contestatario-de-tentar-assaltar-o-partido\/","title":{"rendered":"PAIGC acusa grupo contestat\u00e1rio de tentar assaltar o partido"},"content":{"rendered":"<p>A dire\u00e7\u00e3o do PAIGC acusou hoje um grupo de dirigentes que pediu o afastamento de Domingos Sim\u00f5es Pereira de querer assaltar o partido, segundo comunicado divulgado nos canais oficiais. O ataque ocorre num contexto interno pr\u00f3ximo de um processo eleitoral.<\/p>\n<p>O grupo de reflex\u00e3o, que defendia uma dire\u00e7\u00e3o de transi\u00e7\u00e3o a 30 de janeiro, alegou que Sim\u00f5es Pereira n\u00e3o tem condi\u00e7\u00f5es para liderar por se encontrar em pris\u00e3o domicili\u00e1ria. O PAIGC rejeita a posi\u00e7\u00e3o e acusa o grupo de destabilizar a forma\u00e7\u00e3o.<\/p>\n<p>A dire\u00e7\u00e3o afirma que o grupo \u00e9 conhecido por agir para servir mandantes externos, num alegado enquadre de ataques ao partido encomendados pelo regime instalado desde 2019. Assinala ainda invas\u00f5es \u00e0s sedes e hostilidade reiterada.<\/p>\n<h3>Contexto institucional<\/h3>\n<p>O PAIGC descreve o grupo como disfar\u00e7ado de militantes, alegando que pretende afastar o partido do pleito. O assunto surge ap\u00f3s a exclus\u00e3o de candidaturas no processo eleitoral de novembro de 2025, envolvendo Sim\u00f5es Pereira e a coliga\u00e7\u00e3o liderada pelo PAIGC.<\/p>\n<p>O escrut\u00ednio eleitoral foi interrompido pelo golpe militar de 26 de novembro de 2025. O presidente cessante foi deposto, Sim\u00f5es Pereira ficou detido e libertado a 30 de janeiro, estando em pris\u00e3o domicili\u00e1ria desde ent\u00e3o.<\/p>\n<p>O grupo de dirigentes j\u00e1 havia defendido uma dire\u00e7\u00e3o de transi\u00e7\u00e3o at\u00e9 ao congresso de novembro, afirmando que o l\u00edder n\u00e3o poderia continuar \u00e0 frente do partido. O PAIGC sustenta que os estatutos est\u00e3o a ser observados, mesmo com as sedes encerradas.<\/p>\n","protected":false},"excerpt":{"rendered":"<ul>\n<li>A dire\u00e7\u00e3o do PAIGC acusou o grupo de dirigentes que pede o afastamento de Domingos Sim\u00f5es Pereira de tentar assaltar o partido.<\/li>\n<li>Esse grupo defendia uma dire\u00e7\u00e3o de transi\u00e7\u00e3o, alegando que Sim\u00f5es Pereira n\u00e3o tem condi\u00e7\u00f5es para liderar devido \u00e0 pris\u00e3o domicili\u00e1ria.<\/li>\n<li>O PAIGC afirma que o grupo serve interesses de terceiros e tem como objetivo destabilizar o partido, incluindo invas\u00f5es de sedes.<\/li>\n<li>A situa\u00e7\u00e3o acontece num contexto pol\u00edtico marcado pelo processo eleitoral de novembro de dois mil e vinte e cinco, interrompido pelo golpe militar a 26 de novembro, que levou \u00e0 deten\u00e7\u00e3o de Sim\u00f5es Pereira.<\/li>\n<li>Os militares criaram um Conselho Nacional de Transi\u00e7\u00e3o, o per\u00edodo de transi\u00e7\u00e3o dever\u00e1 durar doze meses, com elei\u00e7\u00f5es marcadas para 6 de dezembro.<\/li>\n<\/ul>\n","protected":false},"author":2,"featured_media":195299,"comment_status":"closed","ping_status":"closed","sticky":false,"template":"","format":"standard","meta":{"footnotes":""},"categories":[1,5],"tags":[147,68,937,4935,2832,4343],"class_list":["post-195296","post","type-post","status-publish","format-standard","has-post-thumbnail","hentry","category-noticias","category-politica","tag-crime","tag-eleicoes","tag-golpe-de-estado","tag-paigc","tag-politica","tag-prisoes"],"yoast_head":"<!-- This site is optimized with the Yoast SEO plugin v27.2 - https:\/\/yoast.com\/product\/yoast-seo-wordpress\/ -->\n<title>PAIGC acusa grupo contestat\u00e1rio de tentar assaltar o partido - Portal Tela Portugal<\/title>\n<meta name=\"robots\" content=\"index, follow, max-snippet:-1, max-image-preview:large, max-video-preview:-1\" \/>\n<meta property=\"og:locale\" content=\"pt_PT\" \/>\n<meta property=\"og:type\" content=\"article\" \/>\n<meta property=\"og:title\" content=\"PAIGC acusa grupo contestat\u00e1rio de tentar assaltar o partido - Portal Tela Portugal\" \/>\n<meta property=\"og:description\" content=\"A dire\u00e7\u00e3o do PAIGC acusou o grupo de dirigentes que pede o afastamento de Domingos Sim\u00f5es Pereira de tentar assaltar o partido. Esse grupo defendia uma dire\u00e7\u00e3o de transi\u00e7\u00e3o, alegando que Sim\u00f5es Pereira n\u00e3o tem condi\u00e7\u00f5es para liderar devido \u00e0 pris\u00e3o domicili\u00e1ria. O PAIGC afirma que o grupo serve interesses de terceiros e tem como objetivo destabilizar o partido, incluindo invas\u00f5es de sedes. A situa\u00e7\u00e3o acontece num contexto pol\u00edtico marcado pelo processo eleitoral de novembro de dois mil e vinte e cinco, interrompido pelo golpe militar a 26 de novembro, que levou \u00e0 deten\u00e7\u00e3o de Sim\u00f5es Pereira. Os militares criaram um Conselho Nacional de Transi\u00e7\u00e3o, o per\u00edodo de transi\u00e7\u00e3o dever\u00e1 durar doze meses, com elei\u00e7\u00f5es marcadas para 6 de dezembro.\" \/>\n<meta property=\"og:url\" content=\"https:\/\/portaltela.pt\/noticias\/2026\/02\/03\/paigc-acusa-grupo-contestatario-de-tentar-assaltar-o-partido\/\" \/>\n<meta property=\"og:site_name\" content=\"Portal Tela Portugal\" \/>\n<meta property=\"article:published_time\" content=\"2026-02-03T22:18:25+00:00\" \/>\n<meta name=\"author\" content=\"Telinha\" \/>\n<meta name=\"twitter:card\" content=\"summary_large_image\" \/>\n<meta name=\"twitter:label1\" content=\"Escrito por\" \/>\n\t<meta name=\"twitter:data1\" content=\"Telinha\" \/>\n\t<meta name=\"twitter:label2\" content=\"Tempo estimado de leitura\" \/>\n\t<meta name=\"twitter:data2\" content=\"1 minuto\" \/>\n<script type=\"application\/ld+json\" class=\"yoast-schema-graph\">{\"@context\":\"https:\/\/schema.org\",\"@graph\":[{\"@type\":\"Article\",\"@id\":\"https:\/\/portaltela.pt\/noticias\/2026\/02\/03\/paigc-acusa-grupo-contestatario-de-tentar-assaltar-o-partido\/#article\",\"isPartOf\":{\"@id\":\"https:\/\/portaltela.pt\/noticias\/2026\/02\/03\/paigc-acusa-grupo-contestatario-de-tentar-assaltar-o-partido\/\"},\"author\":{\"name\":\"Telinha\",\"@id\":\"https:\/\/portaltela.pt\/#\/schema\/person\/c4278d4a6028830caff9ee44b42d32ed\"},\"headline\":\"PAIGC acusa grupo contestat\u00e1rio de tentar assaltar o partido\",\"datePublished\":\"2026-02-03T22:18:25+00:00\",\"mainEntityOfPage\":{\"@id\":\"https:\/\/portaltela.pt\/noticias\/2026\/02\/03\/paigc-acusa-grupo-contestatario-de-tentar-assaltar-o-partido\/\"},\"wordCount\":269,\"image\":{\"@id\":\"https:\/\/portaltela.pt\/noticias\/2026\/02\/03\/paigc-acusa-grupo-contestatario-de-tentar-assaltar-o-partido\/#primaryimage\"},\"thumbnailUrl\":\"https:\/\/portaltela.pt\/s.01k8rhncp4jt1\/2026\/02\/naom_692724bb9ad9d.jpg\",\"keywords\":[\"crime\",\"elei\u00e7\u00f5es\",\"golpe de Estado\",\"PAIGC\",\"pol\u00edtica\",\"pris\u00f5es\"],\"articleSection\":[\"Not\u00edcias\",\"Pol\u00edtica\"],\"inLanguage\":\"pt-PT\"},{\"@type\":\"WebPage\",\"@id\":\"https:\/\/portaltela.pt\/noticias\/2026\/02\/03\/paigc-acusa-grupo-contestatario-de-tentar-assaltar-o-partido\/\",\"url\":\"https:\/\/portaltela.pt\/noticias\/2026\/02\/03\/paigc-acusa-grupo-contestatario-de-tentar-assaltar-o-partido\/\",\"name\":\"PAIGC acusa grupo contestat\u00e1rio de tentar assaltar o partido - Portal Tela Portugal\",\"isPartOf\":{\"@id\":\"https:\/\/portaltela.pt\/#website\"},\"primaryImageOfPage\":{\"@id\":\"https:\/\/portaltela.pt\/noticias\/2026\/02\/03\/paigc-acusa-grupo-contestatario-de-tentar-assaltar-o-partido\/#primaryimage\"},\"image\":{\"@id\":\"https:\/\/portaltela.pt\/noticias\/2026\/02\/03\/paigc-acusa-grupo-contestatario-de-tentar-assaltar-o-partido\/#primaryimage\"},\"thumbnailUrl\":\"https:\/\/portaltela.pt\/s.01k8rhncp4jt1\/2026\/02\/naom_692724bb9ad9d.jpg\",\"datePublished\":\"2026-02-03T22:18:25+00:00\",\"author\":{\"@id\":\"https:\/\/portaltela.pt\/#\/schema\/person\/c4278d4a6028830caff9ee44b42d32ed\"},\"breadcrumb\":{\"@id\":\"https:\/\/portaltela.pt\/noticias\/2026\/02\/03\/paigc-acusa-grupo-contestatario-de-tentar-assaltar-o-partido\/#breadcrumb\"},\"inLanguage\":\"pt-PT\",\"potentialAction\":[{\"@type\":\"ReadAction\",\"target\":[\"https:\/\/portaltela.pt\/noticias\/2026\/02\/03\/paigc-acusa-grupo-contestatario-de-tentar-assaltar-o-partido\/\"]}]},{\"@type\":\"ImageObject\",\"inLanguage\":\"pt-PT\",\"@id\":\"https:\/\/portaltela.pt\/noticias\/2026\/02\/03\/paigc-acusa-grupo-contestatario-de-tentar-assaltar-o-partido\/#primaryimage\",\"url\":\"https:\/\/portaltela.pt\/s.01k8rhncp4jt1\/2026\/02\/naom_692724bb9ad9d.jpg\",\"contentUrl\":\"https:\/\/portaltela.pt\/s.01k8rhncp4jt1\/2026\/02\/naom_692724bb9ad9d.jpg\",\"width\":796,\"height\":448,\"caption\":\"Guin\u00e9-Bissau. PAIGC acusa grupo contestat\u00e1rio de querer assaltar partido\"},{\"@type\":\"BreadcrumbList\",\"@id\":\"https:\/\/portaltela.pt\/noticias\/2026\/02\/03\/paigc-acusa-grupo-contestatario-de-tentar-assaltar-o-partido\/#breadcrumb\",\"itemListElement\":[{\"@type\":\"ListItem\",\"position\":1,\"name\":\"In\u00edcio\",\"item\":\"https:\/\/portaltela.pt\/\"},{\"@type\":\"ListItem\",\"position\":2,\"name\":\"PAIGC acusa grupo contestat\u00e1rio de tentar assaltar o partido\"}]},{\"@type\":\"WebSite\",\"@id\":\"https:\/\/portaltela.pt\/#website\",\"url\":\"https:\/\/portaltela.pt\/\",\"name\":\"Portal Tela Portugal\",\"description\":\"\",\"potentialAction\":[{\"@type\":\"SearchAction\",\"target\":{\"@type\":\"EntryPoint\",\"urlTemplate\":\"https:\/\/portaltela.pt\/?s={search_term_string}\"},\"query-input\":{\"@type\":\"PropertyValueSpecification\",\"valueRequired\":true,\"valueName\":\"search_term_string\"}}],\"inLanguage\":\"pt-PT\"},{\"@type\":\"Person\",\"@id\":\"https:\/\/portaltela.pt\/#\/schema\/person\/c4278d4a6028830caff9ee44b42d32ed\",\"name\":\"Telinha\",\"image\":{\"@type\":\"ImageObject\",\"inLanguage\":\"pt-PT\",\"@id\":\"https:\/\/portaltela.pt\/s.01k8rhncp4jt1\/2025\/11\/talking-bot-125x125.png\",\"url\":\"https:\/\/portaltela.pt\/s.01k8rhncp4jt1\/2025\/11\/talking-bot-125x125.png\",\"contentUrl\":\"https:\/\/portaltela.pt\/s.01k8rhncp4jt1\/2025\/11\/talking-bot-125x125.png\",\"caption\":\"Telinha\"},\"sameAs\":[\"https:\/\/portaltela.pt\/\"],\"url\":\"https:\/\/portaltela.pt\/por\/367410592786\/\"}]}<\/script>\n<!-- \/ Yoast SEO plugin. -->","yoast_head_json":{"title":"PAIGC acusa grupo contestat\u00e1rio de tentar assaltar o partido - Portal Tela Portugal","robots":{"index":"index","follow":"follow","max-snippet":"max-snippet:-1","max-image-preview":"max-image-preview:large","max-video-preview":"max-video-preview:-1"},"og_locale":"pt_PT","og_type":"article","og_title":"PAIGC acusa grupo contestat\u00e1rio de tentar assaltar o partido - Portal Tela Portugal","og_description":"A dire\u00e7\u00e3o do PAIGC acusou o grupo de dirigentes que pede o afastamento de Domingos Sim\u00f5es Pereira de tentar assaltar o partido. Esse grupo defendia uma dire\u00e7\u00e3o de transi\u00e7\u00e3o, alegando que Sim\u00f5es Pereira n\u00e3o tem condi\u00e7\u00f5es para liderar devido \u00e0 pris\u00e3o domicili\u00e1ria. O PAIGC afirma que o grupo serve interesses de terceiros e tem como objetivo destabilizar o partido, incluindo invas\u00f5es de sedes. A situa\u00e7\u00e3o acontece num contexto pol\u00edtico marcado pelo processo eleitoral de novembro de dois mil e vinte e cinco, interrompido pelo golpe militar a 26 de novembro, que levou \u00e0 deten\u00e7\u00e3o de Sim\u00f5es Pereira. Os militares criaram um Conselho Nacional de Transi\u00e7\u00e3o, o per\u00edodo de transi\u00e7\u00e3o dever\u00e1 durar doze meses, com elei\u00e7\u00f5es marcadas para 6 de dezembro.","og_url":"https:\/\/portaltela.pt\/noticias\/2026\/02\/03\/paigc-acusa-grupo-contestatario-de-tentar-assaltar-o-partido\/","og_site_name":"Portal Tela Portugal","article_published_time":"2026-02-03T22:18:25+00:00","author":"Telinha","twitter_card":"summary_large_image","twitter_misc":{"Escrito por":"Telinha","Tempo estimado de leitura":"1 minuto"},"schema":{"@context":"https:\/\/schema.org","@graph":[{"@type":"Article","@id":"https:\/\/portaltela.pt\/noticias\/2026\/02\/03\/paigc-acusa-grupo-contestatario-de-tentar-assaltar-o-partido\/#article","isPartOf":{"@id":"https:\/\/portaltela.pt\/noticias\/2026\/02\/03\/paigc-acusa-grupo-contestatario-de-tentar-assaltar-o-partido\/"},"author":{"name":"Telinha","@id":"https:\/\/portaltela.pt\/#\/schema\/person\/c4278d4a6028830caff9ee44b42d32ed"},"headline":"PAIGC acusa grupo contestat\u00e1rio de tentar assaltar o partido","datePublished":"2026-02-03T22:18:25+00:00","mainEntityOfPage":{"@id":"https:\/\/portaltela.pt\/noticias\/2026\/02\/03\/paigc-acusa-grupo-contestatario-de-tentar-assaltar-o-partido\/"},"wordCount":269,"image":{"@id":"https:\/\/portaltela.pt\/noticias\/2026\/02\/03\/paigc-acusa-grupo-contestatario-de-tentar-assaltar-o-partido\/#primaryimage"},"thumbnailUrl":"https:\/\/portaltela.pt\/s.01k8rhncp4jt1\/2026\/02\/naom_692724bb9ad9d.jpg","keywords":["crime","elei\u00e7\u00f5es","golpe de Estado","PAIGC","pol\u00edtica","pris\u00f5es"],"articleSection":["Not\u00edcias","Pol\u00edtica"],"inLanguage":"pt-PT"},{"@type":"WebPage","@id":"https:\/\/portaltela.pt\/noticias\/2026\/02\/03\/paigc-acusa-grupo-contestatario-de-tentar-assaltar-o-partido\/","url":"https:\/\/portaltela.pt\/noticias\/2026\/02\/03\/paigc-acusa-grupo-contestatario-de-tentar-assaltar-o-partido\/","name":"PAIGC acusa grupo contestat\u00e1rio de tentar assaltar o partido - Portal Tela Portugal","isPartOf":{"@id":"https:\/\/portaltela.pt\/#website"},"primaryImageOfPage":{"@id":"https:\/\/portaltela.pt\/noticias\/2026\/02\/03\/paigc-acusa-grupo-contestatario-de-tentar-assaltar-o-partido\/#primaryimage"},"image":{"@id":"https:\/\/portaltela.pt\/noticias\/2026\/02\/03\/paigc-acusa-grupo-contestatario-de-tentar-assaltar-o-partido\/#primaryimage"},"thumbnailUrl":"https:\/\/portaltela.pt\/s.01k8rhncp4jt1\/2026\/02\/naom_692724bb9ad9d.jpg","datePublished":"2026-02-03T22:18:25+00:00","author":{"@id":"https:\/\/portaltela.pt\/#\/schema\/person\/c4278d4a6028830caff9ee44b42d32ed"},"breadcrumb":{"@id":"https:\/\/portaltela.pt\/noticias\/2026\/02\/03\/paigc-acusa-grupo-contestatario-de-tentar-assaltar-o-partido\/#breadcrumb"},"inLanguage":"pt-PT","potentialAction":[{"@type":"ReadAction","target":["https:\/\/portaltela.pt\/noticias\/2026\/02\/03\/paigc-acusa-grupo-contestatario-de-tentar-assaltar-o-partido\/"]}]},{"@type":"ImageObject","inLanguage":"pt-PT","@id":"https:\/\/portaltela.pt\/noticias\/2026\/02\/03\/paigc-acusa-grupo-contestatario-de-tentar-assaltar-o-partido\/#primaryimage","url":"https:\/\/portaltela.pt\/s.01k8rhncp4jt1\/2026\/02\/naom_692724bb9ad9d.jpg","contentUrl":"https:\/\/portaltela.pt\/s.01k8rhncp4jt1\/2026\/02\/naom_692724bb9ad9d.jpg","width":796,"height":448,"caption":"Guin\u00e9-Bissau. PAIGC acusa grupo contestat\u00e1rio de querer assaltar partido"},{"@type":"BreadcrumbList","@id":"https:\/\/portaltela.pt\/noticias\/2026\/02\/03\/paigc-acusa-grupo-contestatario-de-tentar-assaltar-o-partido\/#breadcrumb","itemListElement":[{"@type":"ListItem","position":1,"name":"In\u00edcio","item":"https:\/\/portaltela.pt\/"},{"@type":"ListItem","position":2,"name":"PAIGC acusa grupo contestat\u00e1rio de tentar assaltar o partido"}]},{"@type":"WebSite","@id":"https:\/\/portaltela.pt\/#website","url":"https:\/\/portaltela.pt\/","name":"Portal Tela Portugal","description":"","potentialAction":[{"@type":"SearchAction","target":{"@type":"EntryPoint","urlTemplate":"https:\/\/portaltela.pt\/?s={search_term_string}"},"query-input":{"@type":"PropertyValueSpecification","valueRequired":true,"valueName":"search_term_string"}}],"inLanguage":"pt-PT"},{"@type":"Person","@id":"https:\/\/portaltela.pt\/#\/schema\/person\/c4278d4a6028830caff9ee44b42d32ed","name":"Telinha","image":{"@type":"ImageObject","inLanguage":"pt-PT","@id":"https:\/\/portaltela.pt\/s.01k8rhncp4jt1\/2025\/11\/talking-bot-125x125.png","url":"https:\/\/portaltela.pt\/s.01k8rhncp4jt1\/2025\/11\/talking-bot-125x125.png","contentUrl":"https:\/\/portaltela.pt\/s.01k8rhncp4jt1\/2025\/11\/talking-bot-125x125.png","caption":"Telinha"},"sameAs":["https:\/\/portaltela.pt\/"],"url":"https:\/\/portaltela.pt\/por\/367410592786\/"}]}},"_links":{"self":[{"href":"https:\/\/portaltela.pt\/api\/wp\/v2\/posts\/195296","targetHints":{"allow":["GET"]}}],"collection":[{"href":"https:\/\/portaltela.pt\/api\/wp\/v2\/posts"}],"about":[{"href":"https:\/\/portaltela.pt\/api\/wp\/v2\/types\/post"}],"author":[{"embeddable":true,"href":"https:\/\/portaltela.pt\/api\/wp\/v2\/users\/2"}],"replies":[{"embeddable":true,"href":"https:\/\/portaltela.pt\/api\/wp\/v2\/comments?post=195296"}],"version-history":[{"count":0,"href":"https:\/\/portaltela.pt\/api\/wp\/v2\/posts\/195296\/revisions"}],"wp:featuredmedia":[{"embeddable":true,"href":"https:\/\/portaltela.pt\/api\/wp\/v2\/media\/195299"}],"wp:attachment":[{"href":"https:\/\/portaltela.pt\/api\/wp\/v2\/media?parent=195296"}],"wp:term":[{"taxonomy":"category","embeddable":true,"href":"https:\/\/portaltela.pt\/api\/wp\/v2\/categories?post=195296"},{"taxonomy":"post_tag","embeddable":true,"href":"https:\/\/portaltela.pt\/api\/wp\/v2\/tags?post=195296"}],"curies":[{"name":"wp","href":"https:\/\/api.w.org\/{rel}","templated":true}]}}