{"id":195287,"date":"2026-02-03T19:23:00","date_gmt":"2026-02-03T22:23:00","guid":{"rendered":"https:\/\/portaltela.pt\/noticias\/2026\/02\/03\/bill-e-hillary-clinton-fecham-acordo-para-depor-no-congresso-sobre-epstein\/"},"modified":"2026-02-03T19:23:00","modified_gmt":"2026-02-03T22:23:00","slug":"bill-e-hillary-clinton-fecham-acordo-para-depor-no-congresso-sobre-epstein","status":"publish","type":"post","link":"https:\/\/portaltela.pt\/noticias\/internacional\/2026\/02\/03\/bill-e-hillary-clinton-fecham-acordo-para-depor-no-congresso-sobre-epstein\/","title":{"rendered":"Bill e Hillary Clinton fecham acordo para depor no Congresso sobre Epstein"},"content":{"rendered":"<p>O ex-presidente Bill Clinton e a ex-secret\u00e1ria de Estado Hillary Clinton chegaram a um acordo para depor esta m\u00eas perante uma comiss\u00e3o do Congresso dos Estados Unidos que investiga o caso Epstein. Hillary testemunhar\u00e1 em 26 de fevereiro, Bill no dia 27, segundo a Associated Press.<\/p>\n<p>Os depoimentos, que s\u00e3o parte de uma investiga\u00e7\u00e3o da C\u00e2mara dos Representantes sobre Jeffrey Epstein e Ghislaine Maxwell, decorrem ap\u00f3s meses de negocia\u00e7\u00f5es entre o casal e os legisladores republicanos. O objetivo \u00e9 esclarecer liga\u00e7\u00f5es passadas com Epstein e a sua rede de envolvimento.<\/p>\n<p>A comiss\u00e3o de supervis\u00e3o da C\u00e2mara j\u00e1 discutia a possibilidade de acionar desacato ao Congresso contra os Clinton, caso n\u00e3o aceitassem depor. O presidente da C\u00e2mara, Mike Johnson, indicou que a possibilidade de culpa por desacato foi suspensa com o acordo.<\/p>\n<p>Conforme detalhes de negocia\u00e7\u00e3o, os depoimentos ser\u00e3o transcritos e gravados em v\u00eddeo. Clinton e Hillary n\u00e3o foram acusados de irregularidades relacionadas com Epstein e disseram n\u00e3o ter conhecimento de abusos sexuais por parte do financeiro.<\/p>\n<p>Os Clinton resistiram a intima\u00e7\u00f5es anteriores, mas mant\u00eam a posi\u00e7\u00e3o de apresentar declara\u00e7\u00f5es juradas e cooperar com a investiga\u00e7\u00e3o. A participa\u00e7\u00e3o de ambos marca uma mudan\u00e7a significativa numa investiga\u00e7\u00e3o em que muitos envolvidos s\u00e3o apontados como figuras influentes.<\/p>\n<h3>Contexto e implica\u00e7\u00f5es<\/h3>\n<p>A colabora\u00e7\u00e3o dos Clinton ocorre num momento em que a comiss\u00e3o busca transpar\u00eancia e responsabiliza\u00e7\u00e3o. Epstein morreu em 2019 numa pris\u00e3o de Nova Iorque, ap\u00f3s ter sido condenado por crimes sexuais, e Maxwell enfrenta acusa\u00e7\u00f5es relacionadas.<\/p>\n<p>Ambos os Clinton destacaram, em comunica\u00e7\u00e3o p\u00fablica, a import\u00e2ncia de esclarecer os factos. O acordo evita um hist\u00f3rico de confrontos entre o Congresso e ex-presidentes, comum em casos de desacato. N\u00e3o houve indica\u00e7\u00f5es de que os depoimentos alterem outras linhas da investiga\u00e7\u00e3o.<\/p>\n","protected":false},"excerpt":{"rendered":"<ul>\n<li>Hillary Clinton testemunha em 26 de fevereiro perante a comiss\u00e3o de supervis\u00e3o da C\u00e2mara dos Representantes, em Washington.<\/li>\n<li>Bill Clinton dep\u00f5e a 27 de fevereiro; ser\u00e1 a primeira vez que um ex-presidente \u00e9 for\u00e7ado pelo Congresso a depor.<\/li>\n<li>O acordo foi alcan\u00e7ado ap\u00f3s meses de negocia\u00e7\u00f5es, com os republicanos a tentar colocar os Clinton no centro da investiga\u00e7\u00e3o a Epstein e Maxwell.<\/li>\n<li>A amea\u00e7a de acusa\u00e7\u00f5es de desacato levou \u00e0 suspens\u00e3o de eventual culpa dos Clinton, conforme disse o presidente da C\u00e2mara, Mike Johnson.<\/li>\n<li>Os Clinton afirmam n\u00e3o ter conhecimento de abusos de Epstein e concordaram em depoimento transcrito e gravado em v\u00eddeo.<\/li>\n<\/ul>\n","protected":false},"author":2,"featured_media":195292,"comment_status":"closed","ping_status":"closed","sticky":false,"template":"","format":"standard","meta":{"footnotes":""},"categories":[4,1],"tags":[4120,5302,215,40,2832,133],"class_list":["post-195287","post","type-post","status-publish","format-standard","has-post-thumbnail","hentry","category-internacional","category-noticias","tag-congresso-nacional","tag-desacato","tag-investigacao","tag-pessoas","tag-politica","tag-politicas-publicas"],"yoast_head":"<!-- This site is optimized with the Yoast SEO plugin v27.2 - https:\/\/yoast.com\/product\/yoast-seo-wordpress\/ -->\n<title>Bill e Hillary Clinton fecham acordo para depor no Congresso sobre Epstein - Portal Tela Portugal<\/title>\n<meta name=\"robots\" content=\"index, follow, max-snippet:-1, max-image-preview:large, max-video-preview:-1\" \/>\n<meta property=\"og:locale\" content=\"pt_PT\" \/>\n<meta property=\"og:type\" content=\"article\" \/>\n<meta property=\"og:title\" content=\"Bill e Hillary Clinton fecham acordo para depor no Congresso sobre Epstein - Portal Tela Portugal\" \/>\n<meta property=\"og:description\" content=\"Hillary Clinton testemunha em 26 de fevereiro perante a comiss\u00e3o de supervis\u00e3o da C\u00e2mara dos Representantes, em Washington. Bill Clinton dep\u00f5e a 27 de fevereiro; ser\u00e1 a primeira vez que um ex-presidente \u00e9 for\u00e7ado pelo Congresso a depor. O acordo foi alcan\u00e7ado ap\u00f3s meses de negocia\u00e7\u00f5es, com os republicanos a tentar colocar os Clinton no centro da investiga\u00e7\u00e3o a Epstein e Maxwell. A amea\u00e7a de acusa\u00e7\u00f5es de desacato levou \u00e0 suspens\u00e3o de eventual culpa dos Clinton, conforme disse o presidente da C\u00e2mara, Mike Johnson. Os Clinton afirmam n\u00e3o ter conhecimento de abusos de Epstein e concordaram em depoimento transcrito e gravado em v\u00eddeo.\" \/>\n<meta property=\"og:url\" content=\"https:\/\/portaltela.pt\/noticias\/2026\/02\/03\/bill-e-hillary-clinton-fecham-acordo-para-depor-no-congresso-sobre-epstein\/\" \/>\n<meta property=\"og:site_name\" content=\"Portal Tela Portugal\" \/>\n<meta property=\"article:published_time\" content=\"2026-02-03T22:23:00+00:00\" \/>\n<meta name=\"author\" content=\"Telinha\" \/>\n<meta name=\"twitter:card\" content=\"summary_large_image\" \/>\n<meta name=\"twitter:label1\" content=\"Escrito por\" \/>\n\t<meta name=\"twitter:data1\" content=\"Telinha\" \/>\n\t<meta name=\"twitter:label2\" content=\"Tempo estimado de leitura\" \/>\n\t<meta name=\"twitter:data2\" content=\"2 minutos\" \/>\n<script type=\"application\/ld+json\" class=\"yoast-schema-graph\">{\"@context\":\"https:\/\/schema.org\",\"@graph\":[{\"@type\":\"Article\",\"@id\":\"https:\/\/portaltela.pt\/noticias\/2026\/02\/03\/bill-e-hillary-clinton-fecham-acordo-para-depor-no-congresso-sobre-epstein\/#article\",\"isPartOf\":{\"@id\":\"https:\/\/portaltela.pt\/noticias\/2026\/02\/03\/bill-e-hillary-clinton-fecham-acordo-para-depor-no-congresso-sobre-epstein\/\"},\"author\":{\"name\":\"Telinha\",\"@id\":\"https:\/\/portaltela.pt\/#\/schema\/person\/c4278d4a6028830caff9ee44b42d32ed\"},\"headline\":\"Bill e Hillary Clinton fecham acordo para depor no Congresso sobre Epstein\",\"datePublished\":\"2026-02-03T22:23:00+00:00\",\"mainEntityOfPage\":{\"@id\":\"https:\/\/portaltela.pt\/noticias\/2026\/02\/03\/bill-e-hillary-clinton-fecham-acordo-para-depor-no-congresso-sobre-epstein\/\"},\"wordCount\":336,\"image\":{\"@id\":\"https:\/\/portaltela.pt\/noticias\/2026\/02\/03\/bill-e-hillary-clinton-fecham-acordo-para-depor-no-congresso-sobre-epstein\/#primaryimage\"},\"thumbnailUrl\":\"https:\/\/portaltela.pt\/s.01k8rhncp4jt1\/2026\/02\/25020208.jpg\",\"keywords\":[\"Congresso Nacional\",\"desacato\",\"investiga\u00e7\u00e3o\",\"pessoas\",\"pol\u00edtica\",\"pol\u00edticas p\u00fablicas\"],\"articleSection\":[\"Internacional\",\"Not\u00edcias\"],\"inLanguage\":\"pt-PT\"},{\"@type\":\"WebPage\",\"@id\":\"https:\/\/portaltela.pt\/noticias\/2026\/02\/03\/bill-e-hillary-clinton-fecham-acordo-para-depor-no-congresso-sobre-epstein\/\",\"url\":\"https:\/\/portaltela.pt\/noticias\/2026\/02\/03\/bill-e-hillary-clinton-fecham-acordo-para-depor-no-congresso-sobre-epstein\/\",\"name\":\"Bill e Hillary Clinton fecham acordo para depor no Congresso sobre Epstein - Portal Tela Portugal\",\"isPartOf\":{\"@id\":\"https:\/\/portaltela.pt\/#website\"},\"primaryImageOfPage\":{\"@id\":\"https:\/\/portaltela.pt\/noticias\/2026\/02\/03\/bill-e-hillary-clinton-fecham-acordo-para-depor-no-congresso-sobre-epstein\/#primaryimage\"},\"image\":{\"@id\":\"https:\/\/portaltela.pt\/noticias\/2026\/02\/03\/bill-e-hillary-clinton-fecham-acordo-para-depor-no-congresso-sobre-epstein\/#primaryimage\"},\"thumbnailUrl\":\"https:\/\/portaltela.pt\/s.01k8rhncp4jt1\/2026\/02\/25020208.jpg\",\"datePublished\":\"2026-02-03T22:23:00+00:00\",\"author\":{\"@id\":\"https:\/\/portaltela.pt\/#\/schema\/person\/c4278d4a6028830caff9ee44b42d32ed\"},\"breadcrumb\":{\"@id\":\"https:\/\/portaltela.pt\/noticias\/2026\/02\/03\/bill-e-hillary-clinton-fecham-acordo-para-depor-no-congresso-sobre-epstein\/#breadcrumb\"},\"inLanguage\":\"pt-PT\",\"potentialAction\":[{\"@type\":\"ReadAction\",\"target\":[\"https:\/\/portaltela.pt\/noticias\/2026\/02\/03\/bill-e-hillary-clinton-fecham-acordo-para-depor-no-congresso-sobre-epstein\/\"]}]},{\"@type\":\"ImageObject\",\"inLanguage\":\"pt-PT\",\"@id\":\"https:\/\/portaltela.pt\/noticias\/2026\/02\/03\/bill-e-hillary-clinton-fecham-acordo-para-depor-no-congresso-sobre-epstein\/#primaryimage\",\"url\":\"https:\/\/portaltela.pt\/s.01k8rhncp4jt1\/2026\/02\/25020208.jpg\",\"contentUrl\":\"https:\/\/portaltela.pt\/s.01k8rhncp4jt1\/2026\/02\/25020208.jpg\",\"width\":796,\"height\":448,\"caption\":\"Bill e Hillary Clinton fecham acordo para depor no Congresso sobre Epstein\"},{\"@type\":\"BreadcrumbList\",\"@id\":\"https:\/\/portaltela.pt\/noticias\/2026\/02\/03\/bill-e-hillary-clinton-fecham-acordo-para-depor-no-congresso-sobre-epstein\/#breadcrumb\",\"itemListElement\":[{\"@type\":\"ListItem\",\"position\":1,\"name\":\"In\u00edcio\",\"item\":\"https:\/\/portaltela.pt\/\"},{\"@type\":\"ListItem\",\"position\":2,\"name\":\"Bill e Hillary Clinton fecham acordo para depor no Congresso sobre Epstein\"}]},{\"@type\":\"WebSite\",\"@id\":\"https:\/\/portaltela.pt\/#website\",\"url\":\"https:\/\/portaltela.pt\/\",\"name\":\"Portal Tela Portugal\",\"description\":\"\",\"potentialAction\":[{\"@type\":\"SearchAction\",\"target\":{\"@type\":\"EntryPoint\",\"urlTemplate\":\"https:\/\/portaltela.pt\/?s={search_term_string}\"},\"query-input\":{\"@type\":\"PropertyValueSpecification\",\"valueRequired\":true,\"valueName\":\"search_term_string\"}}],\"inLanguage\":\"pt-PT\"},{\"@type\":\"Person\",\"@id\":\"https:\/\/portaltela.pt\/#\/schema\/person\/c4278d4a6028830caff9ee44b42d32ed\",\"name\":\"Telinha\",\"image\":{\"@type\":\"ImageObject\",\"inLanguage\":\"pt-PT\",\"@id\":\"https:\/\/portaltela.pt\/s.01k8rhncp4jt1\/2025\/11\/talking-bot-125x125.png\",\"url\":\"https:\/\/portaltela.pt\/s.01k8rhncp4jt1\/2025\/11\/talking-bot-125x125.png\",\"contentUrl\":\"https:\/\/portaltela.pt\/s.01k8rhncp4jt1\/2025\/11\/talking-bot-125x125.png\",\"caption\":\"Telinha\"},\"sameAs\":[\"https:\/\/portaltela.pt\/\"],\"url\":\"https:\/\/portaltela.pt\/por\/367410592786\/\"}]}<\/script>\n<!-- \/ Yoast SEO plugin. -->","yoast_head_json":{"title":"Bill e Hillary Clinton fecham acordo para depor no Congresso sobre Epstein - Portal Tela Portugal","robots":{"index":"index","follow":"follow","max-snippet":"max-snippet:-1","max-image-preview":"max-image-preview:large","max-video-preview":"max-video-preview:-1"},"og_locale":"pt_PT","og_type":"article","og_title":"Bill e Hillary Clinton fecham acordo para depor no Congresso sobre Epstein - Portal Tela Portugal","og_description":"Hillary Clinton testemunha em 26 de fevereiro perante a comiss\u00e3o de supervis\u00e3o da C\u00e2mara dos Representantes, em Washington. Bill Clinton dep\u00f5e a 27 de fevereiro; ser\u00e1 a primeira vez que um ex-presidente \u00e9 for\u00e7ado pelo Congresso a depor. O acordo foi alcan\u00e7ado ap\u00f3s meses de negocia\u00e7\u00f5es, com os republicanos a tentar colocar os Clinton no centro da investiga\u00e7\u00e3o a Epstein e Maxwell. A amea\u00e7a de acusa\u00e7\u00f5es de desacato levou \u00e0 suspens\u00e3o de eventual culpa dos Clinton, conforme disse o presidente da C\u00e2mara, Mike Johnson. Os Clinton afirmam n\u00e3o ter conhecimento de abusos de Epstein e concordaram em depoimento transcrito e gravado em v\u00eddeo.","og_url":"https:\/\/portaltela.pt\/noticias\/2026\/02\/03\/bill-e-hillary-clinton-fecham-acordo-para-depor-no-congresso-sobre-epstein\/","og_site_name":"Portal Tela Portugal","article_published_time":"2026-02-03T22:23:00+00:00","author":"Telinha","twitter_card":"summary_large_image","twitter_misc":{"Escrito por":"Telinha","Tempo estimado de leitura":"2 minutos"},"schema":{"@context":"https:\/\/schema.org","@graph":[{"@type":"Article","@id":"https:\/\/portaltela.pt\/noticias\/2026\/02\/03\/bill-e-hillary-clinton-fecham-acordo-para-depor-no-congresso-sobre-epstein\/#article","isPartOf":{"@id":"https:\/\/portaltela.pt\/noticias\/2026\/02\/03\/bill-e-hillary-clinton-fecham-acordo-para-depor-no-congresso-sobre-epstein\/"},"author":{"name":"Telinha","@id":"https:\/\/portaltela.pt\/#\/schema\/person\/c4278d4a6028830caff9ee44b42d32ed"},"headline":"Bill e Hillary Clinton fecham acordo para depor no Congresso sobre Epstein","datePublished":"2026-02-03T22:23:00+00:00","mainEntityOfPage":{"@id":"https:\/\/portaltela.pt\/noticias\/2026\/02\/03\/bill-e-hillary-clinton-fecham-acordo-para-depor-no-congresso-sobre-epstein\/"},"wordCount":336,"image":{"@id":"https:\/\/portaltela.pt\/noticias\/2026\/02\/03\/bill-e-hillary-clinton-fecham-acordo-para-depor-no-congresso-sobre-epstein\/#primaryimage"},"thumbnailUrl":"https:\/\/portaltela.pt\/s.01k8rhncp4jt1\/2026\/02\/25020208.jpg","keywords":["Congresso Nacional","desacato","investiga\u00e7\u00e3o","pessoas","pol\u00edtica","pol\u00edticas p\u00fablicas"],"articleSection":["Internacional","Not\u00edcias"],"inLanguage":"pt-PT"},{"@type":"WebPage","@id":"https:\/\/portaltela.pt\/noticias\/2026\/02\/03\/bill-e-hillary-clinton-fecham-acordo-para-depor-no-congresso-sobre-epstein\/","url":"https:\/\/portaltela.pt\/noticias\/2026\/02\/03\/bill-e-hillary-clinton-fecham-acordo-para-depor-no-congresso-sobre-epstein\/","name":"Bill e Hillary Clinton fecham acordo para depor no Congresso sobre Epstein - Portal Tela Portugal","isPartOf":{"@id":"https:\/\/portaltela.pt\/#website"},"primaryImageOfPage":{"@id":"https:\/\/portaltela.pt\/noticias\/2026\/02\/03\/bill-e-hillary-clinton-fecham-acordo-para-depor-no-congresso-sobre-epstein\/#primaryimage"},"image":{"@id":"https:\/\/portaltela.pt\/noticias\/2026\/02\/03\/bill-e-hillary-clinton-fecham-acordo-para-depor-no-congresso-sobre-epstein\/#primaryimage"},"thumbnailUrl":"https:\/\/portaltela.pt\/s.01k8rhncp4jt1\/2026\/02\/25020208.jpg","datePublished":"2026-02-03T22:23:00+00:00","author":{"@id":"https:\/\/portaltela.pt\/#\/schema\/person\/c4278d4a6028830caff9ee44b42d32ed"},"breadcrumb":{"@id":"https:\/\/portaltela.pt\/noticias\/2026\/02\/03\/bill-e-hillary-clinton-fecham-acordo-para-depor-no-congresso-sobre-epstein\/#breadcrumb"},"inLanguage":"pt-PT","potentialAction":[{"@type":"ReadAction","target":["https:\/\/portaltela.pt\/noticias\/2026\/02\/03\/bill-e-hillary-clinton-fecham-acordo-para-depor-no-congresso-sobre-epstein\/"]}]},{"@type":"ImageObject","inLanguage":"pt-PT","@id":"https:\/\/portaltela.pt\/noticias\/2026\/02\/03\/bill-e-hillary-clinton-fecham-acordo-para-depor-no-congresso-sobre-epstein\/#primaryimage","url":"https:\/\/portaltela.pt\/s.01k8rhncp4jt1\/2026\/02\/25020208.jpg","contentUrl":"https:\/\/portaltela.pt\/s.01k8rhncp4jt1\/2026\/02\/25020208.jpg","width":796,"height":448,"caption":"Bill e Hillary Clinton fecham acordo para depor no Congresso sobre Epstein"},{"@type":"BreadcrumbList","@id":"https:\/\/portaltela.pt\/noticias\/2026\/02\/03\/bill-e-hillary-clinton-fecham-acordo-para-depor-no-congresso-sobre-epstein\/#breadcrumb","itemListElement":[{"@type":"ListItem","position":1,"name":"In\u00edcio","item":"https:\/\/portaltela.pt\/"},{"@type":"ListItem","position":2,"name":"Bill e Hillary Clinton fecham acordo para depor no Congresso sobre Epstein"}]},{"@type":"WebSite","@id":"https:\/\/portaltela.pt\/#website","url":"https:\/\/portaltela.pt\/","name":"Portal Tela Portugal","description":"","potentialAction":[{"@type":"SearchAction","target":{"@type":"EntryPoint","urlTemplate":"https:\/\/portaltela.pt\/?s={search_term_string}"},"query-input":{"@type":"PropertyValueSpecification","valueRequired":true,"valueName":"search_term_string"}}],"inLanguage":"pt-PT"},{"@type":"Person","@id":"https:\/\/portaltela.pt\/#\/schema\/person\/c4278d4a6028830caff9ee44b42d32ed","name":"Telinha","image":{"@type":"ImageObject","inLanguage":"pt-PT","@id":"https:\/\/portaltela.pt\/s.01k8rhncp4jt1\/2025\/11\/talking-bot-125x125.png","url":"https:\/\/portaltela.pt\/s.01k8rhncp4jt1\/2025\/11\/talking-bot-125x125.png","contentUrl":"https:\/\/portaltela.pt\/s.01k8rhncp4jt1\/2025\/11\/talking-bot-125x125.png","caption":"Telinha"},"sameAs":["https:\/\/portaltela.pt\/"],"url":"https:\/\/portaltela.pt\/por\/367410592786\/"}]}},"_links":{"self":[{"href":"https:\/\/portaltela.pt\/api\/wp\/v2\/posts\/195287","targetHints":{"allow":["GET"]}}],"collection":[{"href":"https:\/\/portaltela.pt\/api\/wp\/v2\/posts"}],"about":[{"href":"https:\/\/portaltela.pt\/api\/wp\/v2\/types\/post"}],"author":[{"embeddable":true,"href":"https:\/\/portaltela.pt\/api\/wp\/v2\/users\/2"}],"replies":[{"embeddable":true,"href":"https:\/\/portaltela.pt\/api\/wp\/v2\/comments?post=195287"}],"version-history":[{"count":0,"href":"https:\/\/portaltela.pt\/api\/wp\/v2\/posts\/195287\/revisions"}],"wp:featuredmedia":[{"embeddable":true,"href":"https:\/\/portaltela.pt\/api\/wp\/v2\/media\/195292"}],"wp:attachment":[{"href":"https:\/\/portaltela.pt\/api\/wp\/v2\/media?parent=195287"}],"wp:term":[{"taxonomy":"category","embeddable":true,"href":"https:\/\/portaltela.pt\/api\/wp\/v2\/categories?post=195287"},{"taxonomy":"post_tag","embeddable":true,"href":"https:\/\/portaltela.pt\/api\/wp\/v2\/tags?post=195287"}],"curies":[{"name":"wp","href":"https:\/\/api.w.org\/{rel}","templated":true}]}}