{"id":195267,"date":"2026-02-03T19:24:00","date_gmt":"2026-02-03T22:24:00","guid":{"rendered":"https:\/\/portaltela.pt\/noticias\/2026\/02\/03\/homem-morre-em-colisao-entre-dois-carros-em-borba-crianca-em-estado-grave\/"},"modified":"2026-02-03T19:24:00","modified_gmt":"2026-02-03T22:24:00","slug":"homem-morre-em-colisao-entre-dois-carros-em-borba-crianca-em-estado-grave","status":"publish","type":"post","link":"https:\/\/portaltela.pt\/noticias\/2026\/02\/03\/homem-morre-em-colisao-entre-dois-carros-em-borba-crianca-em-estado-grave\/","title":{"rendered":"Homem morre em colis\u00e3o entre dois carros em Borba, crian\u00e7a em estado grave"},"content":{"rendered":"<p>Um homem morreu numa colis\u00e3o entre dois carros na Pra\u00e7a da Rep\u00fablica, em Borba, no distrito de \u00c9vora. O \u00f3bito foi declarado no local pelo m\u00e9dico da VMER de \u00c9vora, ap\u00f3s o acidente ter ocorrido perto das 18h34.<\/p>\n<p>Entre os feridos, est\u00e1 um menino de sete anos em estado grave e um homem de 37 anos com ferimentos ligeiros. Ambos foram transportados para o hospital de \u00c9vora para tratamento.<\/p>\n<p>O corpo da v\u00edtima mortal foi encaminhado para o servi\u00e7o de Medicina Legal do hospital de \u00c9vora. No local estiveram mobilizados 21 operacionais, de Bombeiros de Borba e de Vila Vi\u00e7osa, do INEM e da GNR, apoiados por nove ve\u00edculos, incluindo a VMER e uma SIV de Estremoz.<\/p>\n<h3>Detalhes operacionais e v\u00edtimas<\/h3>\n<p>As opera\u00e7\u00f5es envolveram bombeiros, ve\u00edculos de emerg\u00eancia m\u00e9dica e a GNR, com recurso a ve\u00edculos de apoio adicionais para garantir o atendimento \u00e0s v\u00edtimas e a prote\u00e7\u00e3o da \u00e1rea. O alerta foi recebido \u00e0s 18h34. A investiga\u00e7\u00e3o sobre as causas do acidente ficar\u00e1 a cargo das autoridades competentes.<\/p>\n","protected":false},"excerpt":{"rendered":"<ul>\n<li>O acidente aconteceu na Pra\u00e7a da Rep\u00fablica, em Borba, no distrito de \u00c9vora, entre dois carros, segundo o Comando Sub-Regional de Emerg\u00eancia e Prote\u00e7\u00e3o Civil do Alentejo Central.<\/li>\n<li>O \u00f3bito da v\u00edtima masculina foi declarado no local pelo m\u00e9dico da viatura m\u00e9dica de emerg\u00eancia e reanima\u00e7\u00e3o (VMER) de \u00c9vora.<\/li>\n<li>Um menino de sete anos ficou em estado grave e um homem de 37 anos ficou ferido ligeiro; ambos foram transportados para o hospital de \u00c9vora.<\/li>\n<li>O corpo da v\u00edtima foi encaminhado para o servi\u00e7o de Medicina Legal do hospital de \u00c9vora.<\/li>\n<li>O alerta foi dado \u00e0s 18h34; estiveram no local 21 operacionais, apoiados por nove ve\u00edculos, incluindo VMER e uma ambul\u00e2ncia de Suporte Imediato de Vida (SIV), de Estremoz.<\/li>\n<\/ul>\n","protected":false},"author":2,"featured_media":195277,"comment_status":"closed","ping_status":"closed","sticky":false,"template":"","format":"standard","meta":{"footnotes":""},"categories":[1],"tags":[2088,4070,1074,3764,1922,4462],"class_list":["post-195267","post","type-post","status-publish","format-standard","has-post-thumbnail","hentry","category-noticias","tag-acidente-de-viacao","tag-borba","tag-evora","tag-feridos-graves","tag-inem","tag-vmer"],"yoast_head":"<!-- This site is optimized with the Yoast SEO plugin v27.2 - https:\/\/yoast.com\/product\/yoast-seo-wordpress\/ -->\n<title>Homem morre em colis\u00e3o entre dois carros em Borba, crian\u00e7a em estado grave - Portal Tela Portugal<\/title>\n<meta name=\"robots\" content=\"index, follow, max-snippet:-1, max-image-preview:large, max-video-preview:-1\" \/>\n<meta property=\"og:locale\" content=\"pt_PT\" \/>\n<meta property=\"og:type\" content=\"article\" \/>\n<meta property=\"og:title\" content=\"Homem morre em colis\u00e3o entre dois carros em Borba, crian\u00e7a em estado grave - Portal Tela Portugal\" \/>\n<meta property=\"og:description\" content=\"O acidente aconteceu na Pra\u00e7a da Rep\u00fablica, em Borba, no distrito de \u00c9vora, entre dois carros, segundo o Comando Sub-Regional de Emerg\u00eancia e Prote\u00e7\u00e3o Civil do Alentejo Central. O \u00f3bito da v\u00edtima masculina foi declarado no local pelo m\u00e9dico da viatura m\u00e9dica de emerg\u00eancia e reanima\u00e7\u00e3o (VMER) de \u00c9vora. Um menino de sete anos ficou em estado grave e um homem de 37 anos ficou ferido ligeiro; ambos foram transportados para o hospital de \u00c9vora. O corpo da v\u00edtima foi encaminhado para o servi\u00e7o de Medicina Legal do hospital de \u00c9vora. O alerta foi dado \u00e0s 18h34; estiveram no local 21 operacionais, apoiados por nove ve\u00edculos, incluindo VMER e uma ambul\u00e2ncia de Suporte Imediato de Vida (SIV), de Estremoz.\" \/>\n<meta property=\"og:url\" content=\"https:\/\/portaltela.pt\/noticias\/2026\/02\/03\/homem-morre-em-colisao-entre-dois-carros-em-borba-crianca-em-estado-grave\/\" \/>\n<meta property=\"og:site_name\" content=\"Portal Tela Portugal\" \/>\n<meta property=\"article:published_time\" content=\"2026-02-03T22:24:00+00:00\" \/>\n<meta name=\"author\" content=\"Telinha\" \/>\n<meta name=\"twitter:card\" content=\"summary_large_image\" \/>\n<meta name=\"twitter:label1\" content=\"Escrito por\" \/>\n\t<meta name=\"twitter:data1\" content=\"Telinha\" \/>\n\t<meta name=\"twitter:label2\" content=\"Tempo estimado de leitura\" \/>\n\t<meta name=\"twitter:data2\" content=\"1 minuto\" \/>\n<script type=\"application\/ld+json\" class=\"yoast-schema-graph\">{\"@context\":\"https:\/\/schema.org\",\"@graph\":[{\"@type\":\"Article\",\"@id\":\"https:\/\/portaltela.pt\/noticias\/2026\/02\/03\/homem-morre-em-colisao-entre-dois-carros-em-borba-crianca-em-estado-grave\/#article\",\"isPartOf\":{\"@id\":\"https:\/\/portaltela.pt\/noticias\/2026\/02\/03\/homem-morre-em-colisao-entre-dois-carros-em-borba-crianca-em-estado-grave\/\"},\"author\":{\"name\":\"Telinha\",\"@id\":\"https:\/\/portaltela.pt\/#\/schema\/person\/c4278d4a6028830caff9ee44b42d32ed\"},\"headline\":\"Homem morre em colis\u00e3o entre dois carros em Borba, crian\u00e7a em estado grave\",\"datePublished\":\"2026-02-03T22:24:00+00:00\",\"mainEntityOfPage\":{\"@id\":\"https:\/\/portaltela.pt\/noticias\/2026\/02\/03\/homem-morre-em-colisao-entre-dois-carros-em-borba-crianca-em-estado-grave\/\"},\"wordCount\":200,\"image\":{\"@id\":\"https:\/\/portaltela.pt\/noticias\/2026\/02\/03\/homem-morre-em-colisao-entre-dois-carros-em-borba-crianca-em-estado-grave\/#primaryimage\"},\"thumbnailUrl\":\"https:\/\/portaltela.pt\/s.01k8rhncp4jt1\/2026\/02\/image-247.jpg\",\"keywords\":[\"acidente de via\u00e7\u00e3o\",\"Borba\",\"\u00c9vora\",\"feridos graves\",\"INEM\",\"VMER\"],\"articleSection\":[\"Not\u00edcias\"],\"inLanguage\":\"pt-PT\"},{\"@type\":\"WebPage\",\"@id\":\"https:\/\/portaltela.pt\/noticias\/2026\/02\/03\/homem-morre-em-colisao-entre-dois-carros-em-borba-crianca-em-estado-grave\/\",\"url\":\"https:\/\/portaltela.pt\/noticias\/2026\/02\/03\/homem-morre-em-colisao-entre-dois-carros-em-borba-crianca-em-estado-grave\/\",\"name\":\"Homem morre em colis\u00e3o entre dois carros em Borba, crian\u00e7a em estado grave - Portal Tela Portugal\",\"isPartOf\":{\"@id\":\"https:\/\/portaltela.pt\/#website\"},\"primaryImageOfPage\":{\"@id\":\"https:\/\/portaltela.pt\/noticias\/2026\/02\/03\/homem-morre-em-colisao-entre-dois-carros-em-borba-crianca-em-estado-grave\/#primaryimage\"},\"image\":{\"@id\":\"https:\/\/portaltela.pt\/noticias\/2026\/02\/03\/homem-morre-em-colisao-entre-dois-carros-em-borba-crianca-em-estado-grave\/#primaryimage\"},\"thumbnailUrl\":\"https:\/\/portaltela.pt\/s.01k8rhncp4jt1\/2026\/02\/image-247.jpg\",\"datePublished\":\"2026-02-03T22:24:00+00:00\",\"author\":{\"@id\":\"https:\/\/portaltela.pt\/#\/schema\/person\/c4278d4a6028830caff9ee44b42d32ed\"},\"breadcrumb\":{\"@id\":\"https:\/\/portaltela.pt\/noticias\/2026\/02\/03\/homem-morre-em-colisao-entre-dois-carros-em-borba-crianca-em-estado-grave\/#breadcrumb\"},\"inLanguage\":\"pt-PT\",\"potentialAction\":[{\"@type\":\"ReadAction\",\"target\":[\"https:\/\/portaltela.pt\/noticias\/2026\/02\/03\/homem-morre-em-colisao-entre-dois-carros-em-borba-crianca-em-estado-grave\/\"]}]},{\"@type\":\"ImageObject\",\"inLanguage\":\"pt-PT\",\"@id\":\"https:\/\/portaltela.pt\/noticias\/2026\/02\/03\/homem-morre-em-colisao-entre-dois-carros-em-borba-crianca-em-estado-grave\/#primaryimage\",\"url\":\"https:\/\/portaltela.pt\/s.01k8rhncp4jt1\/2026\/02\/image-247.jpg\",\"contentUrl\":\"https:\/\/portaltela.pt\/s.01k8rhncp4jt1\/2026\/02\/image-247.jpg\",\"width\":796,\"height\":448,\"caption\":\"Imagem de contexto do artigo Homem morre numa colis\u00e3o entre dois carros em Borba. Crian\u00e7a em estado grave\"},{\"@type\":\"BreadcrumbList\",\"@id\":\"https:\/\/portaltela.pt\/noticias\/2026\/02\/03\/homem-morre-em-colisao-entre-dois-carros-em-borba-crianca-em-estado-grave\/#breadcrumb\",\"itemListElement\":[{\"@type\":\"ListItem\",\"position\":1,\"name\":\"In\u00edcio\",\"item\":\"https:\/\/portaltela.pt\/\"},{\"@type\":\"ListItem\",\"position\":2,\"name\":\"Homem morre em colis\u00e3o entre dois carros em Borba, crian\u00e7a em estado grave\"}]},{\"@type\":\"WebSite\",\"@id\":\"https:\/\/portaltela.pt\/#website\",\"url\":\"https:\/\/portaltela.pt\/\",\"name\":\"Portal Tela Portugal\",\"description\":\"\",\"potentialAction\":[{\"@type\":\"SearchAction\",\"target\":{\"@type\":\"EntryPoint\",\"urlTemplate\":\"https:\/\/portaltela.pt\/?s={search_term_string}\"},\"query-input\":{\"@type\":\"PropertyValueSpecification\",\"valueRequired\":true,\"valueName\":\"search_term_string\"}}],\"inLanguage\":\"pt-PT\"},{\"@type\":\"Person\",\"@id\":\"https:\/\/portaltela.pt\/#\/schema\/person\/c4278d4a6028830caff9ee44b42d32ed\",\"name\":\"Telinha\",\"image\":{\"@type\":\"ImageObject\",\"inLanguage\":\"pt-PT\",\"@id\":\"https:\/\/portaltela.pt\/s.01k8rhncp4jt1\/2025\/11\/talking-bot-125x125.png\",\"url\":\"https:\/\/portaltela.pt\/s.01k8rhncp4jt1\/2025\/11\/talking-bot-125x125.png\",\"contentUrl\":\"https:\/\/portaltela.pt\/s.01k8rhncp4jt1\/2025\/11\/talking-bot-125x125.png\",\"caption\":\"Telinha\"},\"sameAs\":[\"https:\/\/portaltela.pt\/\"],\"url\":\"https:\/\/portaltela.pt\/por\/367410592786\/\"}]}<\/script>\n<!-- \/ Yoast SEO plugin. -->","yoast_head_json":{"title":"Homem morre em colis\u00e3o entre dois carros em Borba, crian\u00e7a em estado grave - Portal Tela Portugal","robots":{"index":"index","follow":"follow","max-snippet":"max-snippet:-1","max-image-preview":"max-image-preview:large","max-video-preview":"max-video-preview:-1"},"og_locale":"pt_PT","og_type":"article","og_title":"Homem morre em colis\u00e3o entre dois carros em Borba, crian\u00e7a em estado grave - Portal Tela Portugal","og_description":"O acidente aconteceu na Pra\u00e7a da Rep\u00fablica, em Borba, no distrito de \u00c9vora, entre dois carros, segundo o Comando Sub-Regional de Emerg\u00eancia e Prote\u00e7\u00e3o Civil do Alentejo Central. O \u00f3bito da v\u00edtima masculina foi declarado no local pelo m\u00e9dico da viatura m\u00e9dica de emerg\u00eancia e reanima\u00e7\u00e3o (VMER) de \u00c9vora. Um menino de sete anos ficou em estado grave e um homem de 37 anos ficou ferido ligeiro; ambos foram transportados para o hospital de \u00c9vora. O corpo da v\u00edtima foi encaminhado para o servi\u00e7o de Medicina Legal do hospital de \u00c9vora. O alerta foi dado \u00e0s 18h34; estiveram no local 21 operacionais, apoiados por nove ve\u00edculos, incluindo VMER e uma ambul\u00e2ncia de Suporte Imediato de Vida (SIV), de Estremoz.","og_url":"https:\/\/portaltela.pt\/noticias\/2026\/02\/03\/homem-morre-em-colisao-entre-dois-carros-em-borba-crianca-em-estado-grave\/","og_site_name":"Portal Tela Portugal","article_published_time":"2026-02-03T22:24:00+00:00","author":"Telinha","twitter_card":"summary_large_image","twitter_misc":{"Escrito por":"Telinha","Tempo estimado de leitura":"1 minuto"},"schema":{"@context":"https:\/\/schema.org","@graph":[{"@type":"Article","@id":"https:\/\/portaltela.pt\/noticias\/2026\/02\/03\/homem-morre-em-colisao-entre-dois-carros-em-borba-crianca-em-estado-grave\/#article","isPartOf":{"@id":"https:\/\/portaltela.pt\/noticias\/2026\/02\/03\/homem-morre-em-colisao-entre-dois-carros-em-borba-crianca-em-estado-grave\/"},"author":{"name":"Telinha","@id":"https:\/\/portaltela.pt\/#\/schema\/person\/c4278d4a6028830caff9ee44b42d32ed"},"headline":"Homem morre em colis\u00e3o entre dois carros em Borba, crian\u00e7a em estado grave","datePublished":"2026-02-03T22:24:00+00:00","mainEntityOfPage":{"@id":"https:\/\/portaltela.pt\/noticias\/2026\/02\/03\/homem-morre-em-colisao-entre-dois-carros-em-borba-crianca-em-estado-grave\/"},"wordCount":200,"image":{"@id":"https:\/\/portaltela.pt\/noticias\/2026\/02\/03\/homem-morre-em-colisao-entre-dois-carros-em-borba-crianca-em-estado-grave\/#primaryimage"},"thumbnailUrl":"https:\/\/portaltela.pt\/s.01k8rhncp4jt1\/2026\/02\/image-247.jpg","keywords":["acidente de via\u00e7\u00e3o","Borba","\u00c9vora","feridos graves","INEM","VMER"],"articleSection":["Not\u00edcias"],"inLanguage":"pt-PT"},{"@type":"WebPage","@id":"https:\/\/portaltela.pt\/noticias\/2026\/02\/03\/homem-morre-em-colisao-entre-dois-carros-em-borba-crianca-em-estado-grave\/","url":"https:\/\/portaltela.pt\/noticias\/2026\/02\/03\/homem-morre-em-colisao-entre-dois-carros-em-borba-crianca-em-estado-grave\/","name":"Homem morre em colis\u00e3o entre dois carros em Borba, crian\u00e7a em estado grave - Portal Tela Portugal","isPartOf":{"@id":"https:\/\/portaltela.pt\/#website"},"primaryImageOfPage":{"@id":"https:\/\/portaltela.pt\/noticias\/2026\/02\/03\/homem-morre-em-colisao-entre-dois-carros-em-borba-crianca-em-estado-grave\/#primaryimage"},"image":{"@id":"https:\/\/portaltela.pt\/noticias\/2026\/02\/03\/homem-morre-em-colisao-entre-dois-carros-em-borba-crianca-em-estado-grave\/#primaryimage"},"thumbnailUrl":"https:\/\/portaltela.pt\/s.01k8rhncp4jt1\/2026\/02\/image-247.jpg","datePublished":"2026-02-03T22:24:00+00:00","author":{"@id":"https:\/\/portaltela.pt\/#\/schema\/person\/c4278d4a6028830caff9ee44b42d32ed"},"breadcrumb":{"@id":"https:\/\/portaltela.pt\/noticias\/2026\/02\/03\/homem-morre-em-colisao-entre-dois-carros-em-borba-crianca-em-estado-grave\/#breadcrumb"},"inLanguage":"pt-PT","potentialAction":[{"@type":"ReadAction","target":["https:\/\/portaltela.pt\/noticias\/2026\/02\/03\/homem-morre-em-colisao-entre-dois-carros-em-borba-crianca-em-estado-grave\/"]}]},{"@type":"ImageObject","inLanguage":"pt-PT","@id":"https:\/\/portaltela.pt\/noticias\/2026\/02\/03\/homem-morre-em-colisao-entre-dois-carros-em-borba-crianca-em-estado-grave\/#primaryimage","url":"https:\/\/portaltela.pt\/s.01k8rhncp4jt1\/2026\/02\/image-247.jpg","contentUrl":"https:\/\/portaltela.pt\/s.01k8rhncp4jt1\/2026\/02\/image-247.jpg","width":796,"height":448,"caption":"Imagem de contexto do artigo Homem morre numa colis\u00e3o entre dois carros em Borba. Crian\u00e7a em estado grave"},{"@type":"BreadcrumbList","@id":"https:\/\/portaltela.pt\/noticias\/2026\/02\/03\/homem-morre-em-colisao-entre-dois-carros-em-borba-crianca-em-estado-grave\/#breadcrumb","itemListElement":[{"@type":"ListItem","position":1,"name":"In\u00edcio","item":"https:\/\/portaltela.pt\/"},{"@type":"ListItem","position":2,"name":"Homem morre em colis\u00e3o entre dois carros em Borba, crian\u00e7a em estado grave"}]},{"@type":"WebSite","@id":"https:\/\/portaltela.pt\/#website","url":"https:\/\/portaltela.pt\/","name":"Portal Tela Portugal","description":"","potentialAction":[{"@type":"SearchAction","target":{"@type":"EntryPoint","urlTemplate":"https:\/\/portaltela.pt\/?s={search_term_string}"},"query-input":{"@type":"PropertyValueSpecification","valueRequired":true,"valueName":"search_term_string"}}],"inLanguage":"pt-PT"},{"@type":"Person","@id":"https:\/\/portaltela.pt\/#\/schema\/person\/c4278d4a6028830caff9ee44b42d32ed","name":"Telinha","image":{"@type":"ImageObject","inLanguage":"pt-PT","@id":"https:\/\/portaltela.pt\/s.01k8rhncp4jt1\/2025\/11\/talking-bot-125x125.png","url":"https:\/\/portaltela.pt\/s.01k8rhncp4jt1\/2025\/11\/talking-bot-125x125.png","contentUrl":"https:\/\/portaltela.pt\/s.01k8rhncp4jt1\/2025\/11\/talking-bot-125x125.png","caption":"Telinha"},"sameAs":["https:\/\/portaltela.pt\/"],"url":"https:\/\/portaltela.pt\/por\/367410592786\/"}]}},"_links":{"self":[{"href":"https:\/\/portaltela.pt\/api\/wp\/v2\/posts\/195267","targetHints":{"allow":["GET"]}}],"collection":[{"href":"https:\/\/portaltela.pt\/api\/wp\/v2\/posts"}],"about":[{"href":"https:\/\/portaltela.pt\/api\/wp\/v2\/types\/post"}],"author":[{"embeddable":true,"href":"https:\/\/portaltela.pt\/api\/wp\/v2\/users\/2"}],"replies":[{"embeddable":true,"href":"https:\/\/portaltela.pt\/api\/wp\/v2\/comments?post=195267"}],"version-history":[{"count":0,"href":"https:\/\/portaltela.pt\/api\/wp\/v2\/posts\/195267\/revisions"}],"wp:featuredmedia":[{"embeddable":true,"href":"https:\/\/portaltela.pt\/api\/wp\/v2\/media\/195277"}],"wp:attachment":[{"href":"https:\/\/portaltela.pt\/api\/wp\/v2\/media?parent=195267"}],"wp:term":[{"taxonomy":"category","embeddable":true,"href":"https:\/\/portaltela.pt\/api\/wp\/v2\/categories?post=195267"},{"taxonomy":"post_tag","embeddable":true,"href":"https:\/\/portaltela.pt\/api\/wp\/v2\/tags?post=195267"}],"curies":[{"name":"wp","href":"https:\/\/api.w.org\/{rel}","templated":true}]}}