{"id":195205,"date":"2026-02-03T18:53:57","date_gmt":"2026-02-03T21:53:57","guid":{"rendered":"https:\/\/portaltela.pt\/noticias\/2026\/02\/03\/angel-gomes-regressa-ao-varzim\/"},"modified":"2026-02-03T18:53:57","modified_gmt":"2026-02-03T21:53:57","slug":"angel-gomes-regressa-ao-varzim","status":"publish","type":"post","link":"https:\/\/portaltela.pt\/desporto\/futebol\/2026\/02\/03\/angel-gomes-regressa-ao-varzim\/","title":{"rendered":"Angel Gomes regressa ao Varzim"},"content":{"rendered":"<p>Angel Gomes est\u00e1 de regresso ao Varzim. O avan\u00e7ado venezuelano, 25 anos, deixa o Lusitano de \u00c9vora para regressar ao clube que representou na temporada 2024\/25.<\/p>\n<p>O jogador junta-se a Jefer Gunjo, avan\u00e7ado dos sub-23 do Leix\u00f5es, no refor\u00e7o ao ataque da equipa treinada por Nuno Capucho.<\/p>\n<p>Natural do Panam\u00e1, Gomes totalizou 22 jogos pela Liga 3 nesta temporada, com duas assist\u00eancias. O regresso ao Varzim enquadra-se no planeamento de refor\u00e7os para o ataque da equipa.<\/p>\n<h3>Refor\u00e7os no ataque<\/h3>\n<p>A mudan\u00e7a de clube ocorre ap\u00f3s a passagem de Gomes pelo Lusitano de \u00c9vora, onde atuou na Liga 3. O Varzim procura manter competitividade na competi\u00e7\u00e3o, com a chegada de dois atacantes para a manobra ofensiva.<\/p>\n","protected":false},"excerpt":{"rendered":"<ul>\n<li>Angel Gomes est\u00e1 de regresso ao Varzim, vindo do Lusitano de \u00c9vora.<\/li>\n<li>O avan\u00e7ado venezuelano, de 25 anos, muda-se para o clube onde atuou na temporada 2024\/25.<\/li>\n<li>Juntar\u00e1 ao plantel Jefer Gunjo, avan\u00e7ado dos sub\u201123 do Leix\u00f5es, como refor\u00e7o para o ataque da equipa de Nuno Capucho.<\/li>\n<li>Gomes \u00e9 natural do Panam\u00e1.<\/li>\n<li>Nesta \u00e9poca, somou duas assist\u00eancias em 22 jogos pela Liga 3.<\/li>\n<\/ul>\n","protected":false},"author":2,"featured_media":195208,"comment_status":"closed","ping_status":"closed","sticky":false,"template":"","format":"standard","meta":{"footnotes":""},"categories":[21,24],"tags":[152,32,1890,3398],"class_list":["post-195205","post","type-post","status-publish","format-standard","has-post-thumbnail","hentry","category-desporto","category-futebol","tag-desporto","tag-futebol","tag-leixoes","tag-varzim"],"yoast_head":"<!-- This site is optimized with the Yoast SEO plugin v27.2 - https:\/\/yoast.com\/product\/yoast-seo-wordpress\/ -->\n<title>Angel Gomes regressa ao Varzim - Portal Tela Portugal<\/title>\n<meta name=\"robots\" content=\"index, follow, max-snippet:-1, max-image-preview:large, max-video-preview:-1\" \/>\n<meta property=\"og:locale\" content=\"pt_PT\" \/>\n<meta property=\"og:type\" content=\"article\" \/>\n<meta property=\"og:title\" content=\"Angel Gomes regressa ao Varzim - Portal Tela Portugal\" \/>\n<meta property=\"og:description\" content=\"Angel Gomes est\u00e1 de regresso ao Varzim, vindo do Lusitano de \u00c9vora. O avan\u00e7ado venezuelano, de 25 anos, muda-se para o clube onde atuou na temporada 2024\/25. Juntar\u00e1 ao plantel Jefer Gunjo, avan\u00e7ado dos sub\u201123 do Leix\u00f5es, como refor\u00e7o para o ataque da equipa de Nuno Capucho. Gomes \u00e9 natural do Panam\u00e1. Nesta \u00e9poca, somou duas assist\u00eancias em 22 jogos pela Liga 3.\" \/>\n<meta property=\"og:url\" content=\"https:\/\/portaltela.pt\/noticias\/2026\/02\/03\/angel-gomes-regressa-ao-varzim\/\" \/>\n<meta property=\"og:site_name\" content=\"Portal Tela Portugal\" \/>\n<meta property=\"article:published_time\" content=\"2026-02-03T21:53:57+00:00\" \/>\n<meta name=\"author\" content=\"Telinha\" \/>\n<meta name=\"twitter:card\" content=\"summary_large_image\" \/>\n<meta name=\"twitter:label1\" content=\"Escrito por\" \/>\n\t<meta name=\"twitter:data1\" content=\"Telinha\" \/>\n\t<meta name=\"twitter:label2\" content=\"Tempo estimado de leitura\" \/>\n\t<meta name=\"twitter:data2\" content=\"1 minuto\" \/>\n<script type=\"application\/ld+json\" class=\"yoast-schema-graph\">{\"@context\":\"https:\/\/schema.org\",\"@graph\":[{\"@type\":\"Article\",\"@id\":\"https:\/\/portaltela.pt\/noticias\/2026\/02\/03\/angel-gomes-regressa-ao-varzim\/#article\",\"isPartOf\":{\"@id\":\"https:\/\/portaltela.pt\/noticias\/2026\/02\/03\/angel-gomes-regressa-ao-varzim\/\"},\"author\":{\"name\":\"Telinha\",\"@id\":\"https:\/\/portaltela.pt\/#\/schema\/person\/c4278d4a6028830caff9ee44b42d32ed\"},\"headline\":\"Angel Gomes regressa ao Varzim\",\"datePublished\":\"2026-02-03T21:53:57+00:00\",\"mainEntityOfPage\":{\"@id\":\"https:\/\/portaltela.pt\/noticias\/2026\/02\/03\/angel-gomes-regressa-ao-varzim\/\"},\"wordCount\":125,\"image\":{\"@id\":\"https:\/\/portaltela.pt\/noticias\/2026\/02\/03\/angel-gomes-regressa-ao-varzim\/#primaryimage\"},\"thumbnailUrl\":\"https:\/\/portaltela.pt\/s.01k8rhncp4jt1\/2026\/02\/img_920x518uu2025-07-17-15-47-49-2377373-im-639057521064405552.jpg\",\"keywords\":[\"desporto\",\"futebol\",\"Leix\u00f5es\",\"Varzim\"],\"articleSection\":[\"Desporto\",\"Futebol\"],\"inLanguage\":\"pt-PT\"},{\"@type\":\"WebPage\",\"@id\":\"https:\/\/portaltela.pt\/noticias\/2026\/02\/03\/angel-gomes-regressa-ao-varzim\/\",\"url\":\"https:\/\/portaltela.pt\/noticias\/2026\/02\/03\/angel-gomes-regressa-ao-varzim\/\",\"name\":\"Angel Gomes regressa ao Varzim - Portal Tela Portugal\",\"isPartOf\":{\"@id\":\"https:\/\/portaltela.pt\/#website\"},\"primaryImageOfPage\":{\"@id\":\"https:\/\/portaltela.pt\/noticias\/2026\/02\/03\/angel-gomes-regressa-ao-varzim\/#primaryimage\"},\"image\":{\"@id\":\"https:\/\/portaltela.pt\/noticias\/2026\/02\/03\/angel-gomes-regressa-ao-varzim\/#primaryimage\"},\"thumbnailUrl\":\"https:\/\/portaltela.pt\/s.01k8rhncp4jt1\/2026\/02\/img_920x518uu2025-07-17-15-47-49-2377373-im-639057521064405552.jpg\",\"datePublished\":\"2026-02-03T21:53:57+00:00\",\"author\":{\"@id\":\"https:\/\/portaltela.pt\/#\/schema\/person\/c4278d4a6028830caff9ee44b42d32ed\"},\"breadcrumb\":{\"@id\":\"https:\/\/portaltela.pt\/noticias\/2026\/02\/03\/angel-gomes-regressa-ao-varzim\/#breadcrumb\"},\"inLanguage\":\"pt-PT\",\"potentialAction\":[{\"@type\":\"ReadAction\",\"target\":[\"https:\/\/portaltela.pt\/noticias\/2026\/02\/03\/angel-gomes-regressa-ao-varzim\/\"]}]},{\"@type\":\"ImageObject\",\"inLanguage\":\"pt-PT\",\"@id\":\"https:\/\/portaltela.pt\/noticias\/2026\/02\/03\/angel-gomes-regressa-ao-varzim\/#primaryimage\",\"url\":\"https:\/\/portaltela.pt\/s.01k8rhncp4jt1\/2026\/02\/img_920x518uu2025-07-17-15-47-49-2377373-im-639057521064405552.jpg\",\"contentUrl\":\"https:\/\/portaltela.pt\/s.01k8rhncp4jt1\/2026\/02\/img_920x518uu2025-07-17-15-47-49-2377373-im-639057521064405552.jpg\",\"width\":796,\"height\":448,\"caption\":\"Angel Gomes jogou no Varzim em 2024\/25\"},{\"@type\":\"BreadcrumbList\",\"@id\":\"https:\/\/portaltela.pt\/noticias\/2026\/02\/03\/angel-gomes-regressa-ao-varzim\/#breadcrumb\",\"itemListElement\":[{\"@type\":\"ListItem\",\"position\":1,\"name\":\"In\u00edcio\",\"item\":\"https:\/\/portaltela.pt\/\"},{\"@type\":\"ListItem\",\"position\":2,\"name\":\"Angel Gomes regressa ao Varzim\"}]},{\"@type\":\"WebSite\",\"@id\":\"https:\/\/portaltela.pt\/#website\",\"url\":\"https:\/\/portaltela.pt\/\",\"name\":\"Portal Tela Portugal\",\"description\":\"\",\"potentialAction\":[{\"@type\":\"SearchAction\",\"target\":{\"@type\":\"EntryPoint\",\"urlTemplate\":\"https:\/\/portaltela.pt\/?s={search_term_string}\"},\"query-input\":{\"@type\":\"PropertyValueSpecification\",\"valueRequired\":true,\"valueName\":\"search_term_string\"}}],\"inLanguage\":\"pt-PT\"},{\"@type\":\"Person\",\"@id\":\"https:\/\/portaltela.pt\/#\/schema\/person\/c4278d4a6028830caff9ee44b42d32ed\",\"name\":\"Telinha\",\"image\":{\"@type\":\"ImageObject\",\"inLanguage\":\"pt-PT\",\"@id\":\"https:\/\/portaltela.pt\/s.01k8rhncp4jt1\/2025\/11\/talking-bot-125x125.png\",\"url\":\"https:\/\/portaltela.pt\/s.01k8rhncp4jt1\/2025\/11\/talking-bot-125x125.png\",\"contentUrl\":\"https:\/\/portaltela.pt\/s.01k8rhncp4jt1\/2025\/11\/talking-bot-125x125.png\",\"caption\":\"Telinha\"},\"sameAs\":[\"https:\/\/portaltela.pt\/\"],\"url\":\"https:\/\/portaltela.pt\/por\/367410592786\/\"}]}<\/script>\n<!-- \/ Yoast SEO plugin. -->","yoast_head_json":{"title":"Angel Gomes regressa ao Varzim - Portal Tela Portugal","robots":{"index":"index","follow":"follow","max-snippet":"max-snippet:-1","max-image-preview":"max-image-preview:large","max-video-preview":"max-video-preview:-1"},"og_locale":"pt_PT","og_type":"article","og_title":"Angel Gomes regressa ao Varzim - Portal Tela Portugal","og_description":"Angel Gomes est\u00e1 de regresso ao Varzim, vindo do Lusitano de \u00c9vora. O avan\u00e7ado venezuelano, de 25 anos, muda-se para o clube onde atuou na temporada 2024\/25. Juntar\u00e1 ao plantel Jefer Gunjo, avan\u00e7ado dos sub\u201123 do Leix\u00f5es, como refor\u00e7o para o ataque da equipa de Nuno Capucho. Gomes \u00e9 natural do Panam\u00e1. Nesta \u00e9poca, somou duas assist\u00eancias em 22 jogos pela Liga 3.","og_url":"https:\/\/portaltela.pt\/noticias\/2026\/02\/03\/angel-gomes-regressa-ao-varzim\/","og_site_name":"Portal Tela Portugal","article_published_time":"2026-02-03T21:53:57+00:00","author":"Telinha","twitter_card":"summary_large_image","twitter_misc":{"Escrito por":"Telinha","Tempo estimado de leitura":"1 minuto"},"schema":{"@context":"https:\/\/schema.org","@graph":[{"@type":"Article","@id":"https:\/\/portaltela.pt\/noticias\/2026\/02\/03\/angel-gomes-regressa-ao-varzim\/#article","isPartOf":{"@id":"https:\/\/portaltela.pt\/noticias\/2026\/02\/03\/angel-gomes-regressa-ao-varzim\/"},"author":{"name":"Telinha","@id":"https:\/\/portaltela.pt\/#\/schema\/person\/c4278d4a6028830caff9ee44b42d32ed"},"headline":"Angel Gomes regressa ao Varzim","datePublished":"2026-02-03T21:53:57+00:00","mainEntityOfPage":{"@id":"https:\/\/portaltela.pt\/noticias\/2026\/02\/03\/angel-gomes-regressa-ao-varzim\/"},"wordCount":125,"image":{"@id":"https:\/\/portaltela.pt\/noticias\/2026\/02\/03\/angel-gomes-regressa-ao-varzim\/#primaryimage"},"thumbnailUrl":"https:\/\/portaltela.pt\/s.01k8rhncp4jt1\/2026\/02\/img_920x518uu2025-07-17-15-47-49-2377373-im-639057521064405552.jpg","keywords":["desporto","futebol","Leix\u00f5es","Varzim"],"articleSection":["Desporto","Futebol"],"inLanguage":"pt-PT"},{"@type":"WebPage","@id":"https:\/\/portaltela.pt\/noticias\/2026\/02\/03\/angel-gomes-regressa-ao-varzim\/","url":"https:\/\/portaltela.pt\/noticias\/2026\/02\/03\/angel-gomes-regressa-ao-varzim\/","name":"Angel Gomes regressa ao Varzim - Portal Tela Portugal","isPartOf":{"@id":"https:\/\/portaltela.pt\/#website"},"primaryImageOfPage":{"@id":"https:\/\/portaltela.pt\/noticias\/2026\/02\/03\/angel-gomes-regressa-ao-varzim\/#primaryimage"},"image":{"@id":"https:\/\/portaltela.pt\/noticias\/2026\/02\/03\/angel-gomes-regressa-ao-varzim\/#primaryimage"},"thumbnailUrl":"https:\/\/portaltela.pt\/s.01k8rhncp4jt1\/2026\/02\/img_920x518uu2025-07-17-15-47-49-2377373-im-639057521064405552.jpg","datePublished":"2026-02-03T21:53:57+00:00","author":{"@id":"https:\/\/portaltela.pt\/#\/schema\/person\/c4278d4a6028830caff9ee44b42d32ed"},"breadcrumb":{"@id":"https:\/\/portaltela.pt\/noticias\/2026\/02\/03\/angel-gomes-regressa-ao-varzim\/#breadcrumb"},"inLanguage":"pt-PT","potentialAction":[{"@type":"ReadAction","target":["https:\/\/portaltela.pt\/noticias\/2026\/02\/03\/angel-gomes-regressa-ao-varzim\/"]}]},{"@type":"ImageObject","inLanguage":"pt-PT","@id":"https:\/\/portaltela.pt\/noticias\/2026\/02\/03\/angel-gomes-regressa-ao-varzim\/#primaryimage","url":"https:\/\/portaltela.pt\/s.01k8rhncp4jt1\/2026\/02\/img_920x518uu2025-07-17-15-47-49-2377373-im-639057521064405552.jpg","contentUrl":"https:\/\/portaltela.pt\/s.01k8rhncp4jt1\/2026\/02\/img_920x518uu2025-07-17-15-47-49-2377373-im-639057521064405552.jpg","width":796,"height":448,"caption":"Angel Gomes jogou no Varzim em 2024\/25"},{"@type":"BreadcrumbList","@id":"https:\/\/portaltela.pt\/noticias\/2026\/02\/03\/angel-gomes-regressa-ao-varzim\/#breadcrumb","itemListElement":[{"@type":"ListItem","position":1,"name":"In\u00edcio","item":"https:\/\/portaltela.pt\/"},{"@type":"ListItem","position":2,"name":"Angel Gomes regressa ao Varzim"}]},{"@type":"WebSite","@id":"https:\/\/portaltela.pt\/#website","url":"https:\/\/portaltela.pt\/","name":"Portal Tela Portugal","description":"","potentialAction":[{"@type":"SearchAction","target":{"@type":"EntryPoint","urlTemplate":"https:\/\/portaltela.pt\/?s={search_term_string}"},"query-input":{"@type":"PropertyValueSpecification","valueRequired":true,"valueName":"search_term_string"}}],"inLanguage":"pt-PT"},{"@type":"Person","@id":"https:\/\/portaltela.pt\/#\/schema\/person\/c4278d4a6028830caff9ee44b42d32ed","name":"Telinha","image":{"@type":"ImageObject","inLanguage":"pt-PT","@id":"https:\/\/portaltela.pt\/s.01k8rhncp4jt1\/2025\/11\/talking-bot-125x125.png","url":"https:\/\/portaltela.pt\/s.01k8rhncp4jt1\/2025\/11\/talking-bot-125x125.png","contentUrl":"https:\/\/portaltela.pt\/s.01k8rhncp4jt1\/2025\/11\/talking-bot-125x125.png","caption":"Telinha"},"sameAs":["https:\/\/portaltela.pt\/"],"url":"https:\/\/portaltela.pt\/por\/367410592786\/"}]}},"_links":{"self":[{"href":"https:\/\/portaltela.pt\/api\/wp\/v2\/posts\/195205","targetHints":{"allow":["GET"]}}],"collection":[{"href":"https:\/\/portaltela.pt\/api\/wp\/v2\/posts"}],"about":[{"href":"https:\/\/portaltela.pt\/api\/wp\/v2\/types\/post"}],"author":[{"embeddable":true,"href":"https:\/\/portaltela.pt\/api\/wp\/v2\/users\/2"}],"replies":[{"embeddable":true,"href":"https:\/\/portaltela.pt\/api\/wp\/v2\/comments?post=195205"}],"version-history":[{"count":0,"href":"https:\/\/portaltela.pt\/api\/wp\/v2\/posts\/195205\/revisions"}],"wp:featuredmedia":[{"embeddable":true,"href":"https:\/\/portaltela.pt\/api\/wp\/v2\/media\/195208"}],"wp:attachment":[{"href":"https:\/\/portaltela.pt\/api\/wp\/v2\/media?parent=195205"}],"wp:term":[{"taxonomy":"category","embeddable":true,"href":"https:\/\/portaltela.pt\/api\/wp\/v2\/categories?post=195205"},{"taxonomy":"post_tag","embeddable":true,"href":"https:\/\/portaltela.pt\/api\/wp\/v2\/tags?post=195205"}],"curies":[{"name":"wp","href":"https:\/\/api.w.org\/{rel}","templated":true}]}}