{"id":195185,"date":"2026-02-03T18:21:32","date_gmt":"2026-02-03T21:21:32","guid":{"rendered":"https:\/\/portaltela.pt\/noticias\/2026\/02\/03\/mp-frances-solicita-confirmacao-de-proibicao-de-cargos-publicos-a-le-pen\/"},"modified":"2026-02-03T18:21:32","modified_gmt":"2026-02-03T21:21:32","slug":"mp-frances-solicita-confirmacao-de-proibicao-de-cargos-publicos-a-le-pen","status":"publish","type":"post","link":"https:\/\/portaltela.pt\/noticias\/politica\/2026\/02\/03\/mp-frances-solicita-confirmacao-de-proibicao-de-cargos-publicos-a-le-pen\/","title":{"rendered":"MP franc\u00eas solicita confirma\u00e7\u00e3o de proibi\u00e7\u00e3o de cargos p\u00fablicos a Le Pen"},"content":{"rendered":"<p>O Minist\u00e9rio P\u00fablico franc\u00eas pediu em segunda inst\u00e2ncia a confirma\u00e7\u00e3o da condena\u00e7\u00e3o de Marine Le Pen, l\u00edder da antiga Frente Nacional, por desvio de fundos comunit\u00e1rios. A pena inclui a inibi\u00e7\u00e3o de exercer cargos p\u00fablicos por cinco anos, com a nulidade de candidatura durante esse per\u00edodo, e uma puni\u00e7\u00e3o adicional de quatro anos de pris\u00e3o, sendo apenas um ano efetivo com monitoriza\u00e7\u00e3o electr\u00f3nica, acompanhado de uma multa de 100 mil euros. O recurso decorre em Paris.<\/p>\n<p>A acusa\u00e7\u00e3o chegou ap\u00f3s a primeira decis\u00e3o, que condenou Le Pen em mar\u00e7o de 2025, juntamente com cerca de 20 colaboradoras e colaboradores do partido, atualmente denominado Uni\u00e3o Nacional (RN). O veredito baseou-se no uso de assistentes parlamentares para atividades diretamente ligadas ao partido, em detrimento de fun\u00e7\u00f5es na Assembleia Europeia.<\/p>\n<p>Durante a audi\u00eancia, os procuradores defenderam que a inibi\u00e7\u00e3o de cargos p\u00fablicos n\u00e3o podia ser adiada e que a pena de pris\u00e3o com pulseira eletr\u00f3nica devia manter-se em apenas um ano, em vez de dois. Le Pen abandonou o tribunal sem apresentar declara\u00e7\u00f5es, ap\u00f3s ouvir uma defesa que descreveu o caso como involunt\u00e1rio e sem inten\u00e7\u00e3o de desviar fundos.<\/p>\n<p>O tribunal de primeira inst\u00e2ncia j\u00e1 tinha reconhecido um fluxo de financiamento ilegal herdado de Jean-Marie Le Pen, com preju\u00edzos ao Parlamento Europeu superiores a quatro milh\u00f5es de euros. O caso insere-se num esquema para financiar o partido com fundos europeus, apesar de dificuldades financeiras da altura.<\/p>\n<p>Os procuradores apelaram \u00e0 responsabiliza\u00e7\u00e3o dos envolvidos, salientando que ser eleito por sufr\u00e1gio universal n\u00e3o isenta de cumprimento da lei. Durante o julgamento de recurso, justificou-se a defesa de Le Pen, afirmando desconhecimento e boa-f\u00e9, e alegando que as a\u00e7\u00f5es foram p\u00fablicas e n\u00e3o den\u00fancia pr\u00e9via do Parlamento Europeu.<\/p>\n","protected":false},"excerpt":{"rendered":"<ul>\n<li>O Minist\u00e9rio P\u00fablico franc\u00eas pediu, em segunda inst\u00e2ncia, a confirma\u00e7\u00e3o da inibi\u00e7\u00e3o de cinco anos de cargos p\u00fablicos para Marine Le Pen, sem aplica\u00e7\u00e3o imediata, e a pris\u00e3o de quatro anos com um ano efetivo, al\u00e9m de uma coima de 100 mil euros, no recurso relativo ao caso dos \u201cassistentes dos eurodeputados da Frente Nacional\u201d.<\/li>\n<li>Le Pen e outras dez pessoas foram condenadas em primeira inst\u00e2ncia, em mar\u00e7o de 2025, por desvio de fundos do Parlamento Europeu para financiar o partido Uni\u00e3o Nacional (RN).<\/li>\n<li>A defesa pediu que a inibi\u00e7\u00e3o n\u00e3o fosse imediata e que a pena de pris\u00e3o com monitoriza\u00e7\u00e3o electr\u00f3nica fosse reduzida para apenas um ano; Le Pen deixou o tribunal sem declara\u00e7\u00f5es.<\/li>\n<li>A inibi\u00e7\u00e3o de cargos p\u00fablicos, se mantida, impediria que Le Pen se candidatasse \u00e0 presid\u00eancia de Fran\u00e7a, a menos que a decis\u00e3o de recurso seja revertida no veredicto previsto para o ver\u00e3o.<\/li>\n<li>Os procuradores criticaram o esquema de financiamento ilegal, alegando que o Parlamento Europeu \u00e9 financiado com impostos de cidad\u00e3os da Fran\u00e7a e da UE, e que o facto de Le Pen ser eleita n\u00e3o a exime da responsabilidade.<\/li>\n<\/ul>\n","protected":false},"author":2,"featured_media":195190,"comment_status":"closed","ping_status":"closed","sticky":false,"template":"","format":"standard","meta":{"footnotes":""},"categories":[1,5],"tags":[83,1856,2501,215,2571,2832],"class_list":["post-195185","post","type-post","status-publish","format-standard","has-post-thumbnail","hentry","category-noticias","category-politica","tag-corrupcao","tag-franca","tag-fundos-europeus","tag-investigacao","tag-marine-le-pen","tag-politica"],"yoast_head":"<!-- This site is optimized with the Yoast SEO plugin v27.2 - https:\/\/yoast.com\/product\/yoast-seo-wordpress\/ -->\n<title>MP franc\u00eas solicita confirma\u00e7\u00e3o de proibi\u00e7\u00e3o de cargos p\u00fablicos a Le Pen - Portal Tela Portugal<\/title>\n<meta name=\"robots\" content=\"index, follow, max-snippet:-1, max-image-preview:large, max-video-preview:-1\" \/>\n<meta property=\"og:locale\" content=\"pt_PT\" \/>\n<meta property=\"og:type\" content=\"article\" \/>\n<meta property=\"og:title\" content=\"MP franc\u00eas solicita confirma\u00e7\u00e3o de proibi\u00e7\u00e3o de cargos p\u00fablicos a Le Pen - Portal Tela Portugal\" \/>\n<meta property=\"og:description\" content=\"O Minist\u00e9rio P\u00fablico franc\u00eas pediu, em segunda inst\u00e2ncia, a confirma\u00e7\u00e3o da inibi\u00e7\u00e3o de cinco anos de cargos p\u00fablicos para Marine Le Pen, sem aplica\u00e7\u00e3o imediata, e a pris\u00e3o de quatro anos com um ano efetivo, al\u00e9m de uma coima de 100 mil euros, no recurso relativo ao caso dos \u201cassistentes dos eurodeputados da Frente Nacional\u201d. Le Pen e outras dez pessoas foram condenadas em primeira inst\u00e2ncia, em mar\u00e7o de 2025, por desvio de fundos do Parlamento Europeu para financiar o partido Uni\u00e3o Nacional (RN). A defesa pediu que a inibi\u00e7\u00e3o n\u00e3o fosse imediata e que a pena de pris\u00e3o com monitoriza\u00e7\u00e3o electr\u00f3nica fosse reduzida para apenas um ano; Le Pen deixou o tribunal sem declara\u00e7\u00f5es. A inibi\u00e7\u00e3o de cargos p\u00fablicos, se mantida, impediria que Le Pen se candidatasse \u00e0 presid\u00eancia de Fran\u00e7a, a menos que a decis\u00e3o de recurso seja revertida no veredicto previsto para o ver\u00e3o. Os procuradores criticaram o esquema de financiamento ilegal, alegando que o Parlamento Europeu \u00e9 financiado com impostos de cidad\u00e3os da Fran\u00e7a e da UE, e que o facto de Le Pen ser eleita n\u00e3o a exime da responsabilidade.\" \/>\n<meta property=\"og:url\" content=\"https:\/\/portaltela.pt\/noticias\/2026\/02\/03\/mp-frances-solicita-confirmacao-de-proibicao-de-cargos-publicos-a-le-pen\/\" \/>\n<meta property=\"og:site_name\" content=\"Portal Tela Portugal\" \/>\n<meta property=\"article:published_time\" content=\"2026-02-03T21:21:32+00:00\" \/>\n<meta name=\"author\" content=\"Telinha\" \/>\n<meta name=\"twitter:card\" content=\"summary_large_image\" \/>\n<meta name=\"twitter:label1\" content=\"Escrito por\" \/>\n\t<meta name=\"twitter:data1\" content=\"Telinha\" \/>\n\t<meta name=\"twitter:label2\" content=\"Tempo estimado de leitura\" \/>\n\t<meta name=\"twitter:data2\" content=\"2 minutos\" \/>\n<script type=\"application\/ld+json\" class=\"yoast-schema-graph\">{\"@context\":\"https:\/\/schema.org\",\"@graph\":[{\"@type\":\"Article\",\"@id\":\"https:\/\/portaltela.pt\/noticias\/2026\/02\/03\/mp-frances-solicita-confirmacao-de-proibicao-de-cargos-publicos-a-le-pen\/#article\",\"isPartOf\":{\"@id\":\"https:\/\/portaltela.pt\/noticias\/2026\/02\/03\/mp-frances-solicita-confirmacao-de-proibicao-de-cargos-publicos-a-le-pen\/\"},\"author\":{\"name\":\"Telinha\",\"@id\":\"https:\/\/portaltela.pt\/#\/schema\/person\/c4278d4a6028830caff9ee44b42d32ed\"},\"headline\":\"MP franc\u00eas solicita confirma\u00e7\u00e3o de proibi\u00e7\u00e3o de cargos p\u00fablicos a Le Pen\",\"datePublished\":\"2026-02-03T21:21:32+00:00\",\"mainEntityOfPage\":{\"@id\":\"https:\/\/portaltela.pt\/noticias\/2026\/02\/03\/mp-frances-solicita-confirmacao-de-proibicao-de-cargos-publicos-a-le-pen\/\"},\"wordCount\":336,\"image\":{\"@id\":\"https:\/\/portaltela.pt\/noticias\/2026\/02\/03\/mp-frances-solicita-confirmacao-de-proibicao-de-cargos-publicos-a-le-pen\/#primaryimage\"},\"thumbnailUrl\":\"https:\/\/portaltela.pt\/s.01k8rhncp4jt1\/2026\/02\/unnamed-file-1010.jpg\",\"keywords\":[\"corrup\u00e7\u00e3o\",\"Fran\u00e7a\",\"Fundos Europeus\",\"investiga\u00e7\u00e3o\",\"Marine Le Pen\",\"pol\u00edtica\"],\"articleSection\":[\"Not\u00edcias\",\"Pol\u00edtica\"],\"inLanguage\":\"pt-PT\"},{\"@type\":\"WebPage\",\"@id\":\"https:\/\/portaltela.pt\/noticias\/2026\/02\/03\/mp-frances-solicita-confirmacao-de-proibicao-de-cargos-publicos-a-le-pen\/\",\"url\":\"https:\/\/portaltela.pt\/noticias\/2026\/02\/03\/mp-frances-solicita-confirmacao-de-proibicao-de-cargos-publicos-a-le-pen\/\",\"name\":\"MP franc\u00eas solicita confirma\u00e7\u00e3o de proibi\u00e7\u00e3o de cargos p\u00fablicos a Le Pen - Portal Tela Portugal\",\"isPartOf\":{\"@id\":\"https:\/\/portaltela.pt\/#website\"},\"primaryImageOfPage\":{\"@id\":\"https:\/\/portaltela.pt\/noticias\/2026\/02\/03\/mp-frances-solicita-confirmacao-de-proibicao-de-cargos-publicos-a-le-pen\/#primaryimage\"},\"image\":{\"@id\":\"https:\/\/portaltela.pt\/noticias\/2026\/02\/03\/mp-frances-solicita-confirmacao-de-proibicao-de-cargos-publicos-a-le-pen\/#primaryimage\"},\"thumbnailUrl\":\"https:\/\/portaltela.pt\/s.01k8rhncp4jt1\/2026\/02\/unnamed-file-1010.jpg\",\"datePublished\":\"2026-02-03T21:21:32+00:00\",\"author\":{\"@id\":\"https:\/\/portaltela.pt\/#\/schema\/person\/c4278d4a6028830caff9ee44b42d32ed\"},\"breadcrumb\":{\"@id\":\"https:\/\/portaltela.pt\/noticias\/2026\/02\/03\/mp-frances-solicita-confirmacao-de-proibicao-de-cargos-publicos-a-le-pen\/#breadcrumb\"},\"inLanguage\":\"pt-PT\",\"potentialAction\":[{\"@type\":\"ReadAction\",\"target\":[\"https:\/\/portaltela.pt\/noticias\/2026\/02\/03\/mp-frances-solicita-confirmacao-de-proibicao-de-cargos-publicos-a-le-pen\/\"]}]},{\"@type\":\"ImageObject\",\"inLanguage\":\"pt-PT\",\"@id\":\"https:\/\/portaltela.pt\/noticias\/2026\/02\/03\/mp-frances-solicita-confirmacao-de-proibicao-de-cargos-publicos-a-le-pen\/#primaryimage\",\"url\":\"https:\/\/portaltela.pt\/s.01k8rhncp4jt1\/2026\/02\/unnamed-file-1010.jpg\",\"contentUrl\":\"https:\/\/portaltela.pt\/s.01k8rhncp4jt1\/2026\/02\/unnamed-file-1010.jpg\",\"width\":796,\"height\":448,\"caption\":\"MP franc\u00eas pede confirma\u00e7\u00e3o de proibi\u00e7\u00e3o de ter cargos p\u00fablicos a Le Pen\"},{\"@type\":\"BreadcrumbList\",\"@id\":\"https:\/\/portaltela.pt\/noticias\/2026\/02\/03\/mp-frances-solicita-confirmacao-de-proibicao-de-cargos-publicos-a-le-pen\/#breadcrumb\",\"itemListElement\":[{\"@type\":\"ListItem\",\"position\":1,\"name\":\"In\u00edcio\",\"item\":\"https:\/\/portaltela.pt\/\"},{\"@type\":\"ListItem\",\"position\":2,\"name\":\"MP franc\u00eas solicita confirma\u00e7\u00e3o de proibi\u00e7\u00e3o de cargos p\u00fablicos a Le Pen\"}]},{\"@type\":\"WebSite\",\"@id\":\"https:\/\/portaltela.pt\/#website\",\"url\":\"https:\/\/portaltela.pt\/\",\"name\":\"Portal Tela Portugal\",\"description\":\"\",\"potentialAction\":[{\"@type\":\"SearchAction\",\"target\":{\"@type\":\"EntryPoint\",\"urlTemplate\":\"https:\/\/portaltela.pt\/?s={search_term_string}\"},\"query-input\":{\"@type\":\"PropertyValueSpecification\",\"valueRequired\":true,\"valueName\":\"search_term_string\"}}],\"inLanguage\":\"pt-PT\"},{\"@type\":\"Person\",\"@id\":\"https:\/\/portaltela.pt\/#\/schema\/person\/c4278d4a6028830caff9ee44b42d32ed\",\"name\":\"Telinha\",\"image\":{\"@type\":\"ImageObject\",\"inLanguage\":\"pt-PT\",\"@id\":\"https:\/\/portaltela.pt\/s.01k8rhncp4jt1\/2025\/11\/talking-bot-125x125.png\",\"url\":\"https:\/\/portaltela.pt\/s.01k8rhncp4jt1\/2025\/11\/talking-bot-125x125.png\",\"contentUrl\":\"https:\/\/portaltela.pt\/s.01k8rhncp4jt1\/2025\/11\/talking-bot-125x125.png\",\"caption\":\"Telinha\"},\"sameAs\":[\"https:\/\/portaltela.pt\/\"],\"url\":\"https:\/\/portaltela.pt\/por\/367410592786\/\"}]}<\/script>\n<!-- \/ Yoast SEO plugin. -->","yoast_head_json":{"title":"MP franc\u00eas solicita confirma\u00e7\u00e3o de proibi\u00e7\u00e3o de cargos p\u00fablicos a Le Pen - Portal Tela Portugal","robots":{"index":"index","follow":"follow","max-snippet":"max-snippet:-1","max-image-preview":"max-image-preview:large","max-video-preview":"max-video-preview:-1"},"og_locale":"pt_PT","og_type":"article","og_title":"MP franc\u00eas solicita confirma\u00e7\u00e3o de proibi\u00e7\u00e3o de cargos p\u00fablicos a Le Pen - Portal Tela Portugal","og_description":"O Minist\u00e9rio P\u00fablico franc\u00eas pediu, em segunda inst\u00e2ncia, a confirma\u00e7\u00e3o da inibi\u00e7\u00e3o de cinco anos de cargos p\u00fablicos para Marine Le Pen, sem aplica\u00e7\u00e3o imediata, e a pris\u00e3o de quatro anos com um ano efetivo, al\u00e9m de uma coima de 100 mil euros, no recurso relativo ao caso dos \u201cassistentes dos eurodeputados da Frente Nacional\u201d. Le Pen e outras dez pessoas foram condenadas em primeira inst\u00e2ncia, em mar\u00e7o de 2025, por desvio de fundos do Parlamento Europeu para financiar o partido Uni\u00e3o Nacional (RN). A defesa pediu que a inibi\u00e7\u00e3o n\u00e3o fosse imediata e que a pena de pris\u00e3o com monitoriza\u00e7\u00e3o electr\u00f3nica fosse reduzida para apenas um ano; Le Pen deixou o tribunal sem declara\u00e7\u00f5es. A inibi\u00e7\u00e3o de cargos p\u00fablicos, se mantida, impediria que Le Pen se candidatasse \u00e0 presid\u00eancia de Fran\u00e7a, a menos que a decis\u00e3o de recurso seja revertida no veredicto previsto para o ver\u00e3o. Os procuradores criticaram o esquema de financiamento ilegal, alegando que o Parlamento Europeu \u00e9 financiado com impostos de cidad\u00e3os da Fran\u00e7a e da UE, e que o facto de Le Pen ser eleita n\u00e3o a exime da responsabilidade.","og_url":"https:\/\/portaltela.pt\/noticias\/2026\/02\/03\/mp-frances-solicita-confirmacao-de-proibicao-de-cargos-publicos-a-le-pen\/","og_site_name":"Portal Tela Portugal","article_published_time":"2026-02-03T21:21:32+00:00","author":"Telinha","twitter_card":"summary_large_image","twitter_misc":{"Escrito por":"Telinha","Tempo estimado de leitura":"2 minutos"},"schema":{"@context":"https:\/\/schema.org","@graph":[{"@type":"Article","@id":"https:\/\/portaltela.pt\/noticias\/2026\/02\/03\/mp-frances-solicita-confirmacao-de-proibicao-de-cargos-publicos-a-le-pen\/#article","isPartOf":{"@id":"https:\/\/portaltela.pt\/noticias\/2026\/02\/03\/mp-frances-solicita-confirmacao-de-proibicao-de-cargos-publicos-a-le-pen\/"},"author":{"name":"Telinha","@id":"https:\/\/portaltela.pt\/#\/schema\/person\/c4278d4a6028830caff9ee44b42d32ed"},"headline":"MP franc\u00eas solicita confirma\u00e7\u00e3o de proibi\u00e7\u00e3o de cargos p\u00fablicos a Le Pen","datePublished":"2026-02-03T21:21:32+00:00","mainEntityOfPage":{"@id":"https:\/\/portaltela.pt\/noticias\/2026\/02\/03\/mp-frances-solicita-confirmacao-de-proibicao-de-cargos-publicos-a-le-pen\/"},"wordCount":336,"image":{"@id":"https:\/\/portaltela.pt\/noticias\/2026\/02\/03\/mp-frances-solicita-confirmacao-de-proibicao-de-cargos-publicos-a-le-pen\/#primaryimage"},"thumbnailUrl":"https:\/\/portaltela.pt\/s.01k8rhncp4jt1\/2026\/02\/unnamed-file-1010.jpg","keywords":["corrup\u00e7\u00e3o","Fran\u00e7a","Fundos Europeus","investiga\u00e7\u00e3o","Marine Le Pen","pol\u00edtica"],"articleSection":["Not\u00edcias","Pol\u00edtica"],"inLanguage":"pt-PT"},{"@type":"WebPage","@id":"https:\/\/portaltela.pt\/noticias\/2026\/02\/03\/mp-frances-solicita-confirmacao-de-proibicao-de-cargos-publicos-a-le-pen\/","url":"https:\/\/portaltela.pt\/noticias\/2026\/02\/03\/mp-frances-solicita-confirmacao-de-proibicao-de-cargos-publicos-a-le-pen\/","name":"MP franc\u00eas solicita confirma\u00e7\u00e3o de proibi\u00e7\u00e3o de cargos p\u00fablicos a Le Pen - Portal Tela Portugal","isPartOf":{"@id":"https:\/\/portaltela.pt\/#website"},"primaryImageOfPage":{"@id":"https:\/\/portaltela.pt\/noticias\/2026\/02\/03\/mp-frances-solicita-confirmacao-de-proibicao-de-cargos-publicos-a-le-pen\/#primaryimage"},"image":{"@id":"https:\/\/portaltela.pt\/noticias\/2026\/02\/03\/mp-frances-solicita-confirmacao-de-proibicao-de-cargos-publicos-a-le-pen\/#primaryimage"},"thumbnailUrl":"https:\/\/portaltela.pt\/s.01k8rhncp4jt1\/2026\/02\/unnamed-file-1010.jpg","datePublished":"2026-02-03T21:21:32+00:00","author":{"@id":"https:\/\/portaltela.pt\/#\/schema\/person\/c4278d4a6028830caff9ee44b42d32ed"},"breadcrumb":{"@id":"https:\/\/portaltela.pt\/noticias\/2026\/02\/03\/mp-frances-solicita-confirmacao-de-proibicao-de-cargos-publicos-a-le-pen\/#breadcrumb"},"inLanguage":"pt-PT","potentialAction":[{"@type":"ReadAction","target":["https:\/\/portaltela.pt\/noticias\/2026\/02\/03\/mp-frances-solicita-confirmacao-de-proibicao-de-cargos-publicos-a-le-pen\/"]}]},{"@type":"ImageObject","inLanguage":"pt-PT","@id":"https:\/\/portaltela.pt\/noticias\/2026\/02\/03\/mp-frances-solicita-confirmacao-de-proibicao-de-cargos-publicos-a-le-pen\/#primaryimage","url":"https:\/\/portaltela.pt\/s.01k8rhncp4jt1\/2026\/02\/unnamed-file-1010.jpg","contentUrl":"https:\/\/portaltela.pt\/s.01k8rhncp4jt1\/2026\/02\/unnamed-file-1010.jpg","width":796,"height":448,"caption":"MP franc\u00eas pede confirma\u00e7\u00e3o de proibi\u00e7\u00e3o de ter cargos p\u00fablicos a Le Pen"},{"@type":"BreadcrumbList","@id":"https:\/\/portaltela.pt\/noticias\/2026\/02\/03\/mp-frances-solicita-confirmacao-de-proibicao-de-cargos-publicos-a-le-pen\/#breadcrumb","itemListElement":[{"@type":"ListItem","position":1,"name":"In\u00edcio","item":"https:\/\/portaltela.pt\/"},{"@type":"ListItem","position":2,"name":"MP franc\u00eas solicita confirma\u00e7\u00e3o de proibi\u00e7\u00e3o de cargos p\u00fablicos a Le Pen"}]},{"@type":"WebSite","@id":"https:\/\/portaltela.pt\/#website","url":"https:\/\/portaltela.pt\/","name":"Portal Tela Portugal","description":"","potentialAction":[{"@type":"SearchAction","target":{"@type":"EntryPoint","urlTemplate":"https:\/\/portaltela.pt\/?s={search_term_string}"},"query-input":{"@type":"PropertyValueSpecification","valueRequired":true,"valueName":"search_term_string"}}],"inLanguage":"pt-PT"},{"@type":"Person","@id":"https:\/\/portaltela.pt\/#\/schema\/person\/c4278d4a6028830caff9ee44b42d32ed","name":"Telinha","image":{"@type":"ImageObject","inLanguage":"pt-PT","@id":"https:\/\/portaltela.pt\/s.01k8rhncp4jt1\/2025\/11\/talking-bot-125x125.png","url":"https:\/\/portaltela.pt\/s.01k8rhncp4jt1\/2025\/11\/talking-bot-125x125.png","contentUrl":"https:\/\/portaltela.pt\/s.01k8rhncp4jt1\/2025\/11\/talking-bot-125x125.png","caption":"Telinha"},"sameAs":["https:\/\/portaltela.pt\/"],"url":"https:\/\/portaltela.pt\/por\/367410592786\/"}]}},"_links":{"self":[{"href":"https:\/\/portaltela.pt\/api\/wp\/v2\/posts\/195185","targetHints":{"allow":["GET"]}}],"collection":[{"href":"https:\/\/portaltela.pt\/api\/wp\/v2\/posts"}],"about":[{"href":"https:\/\/portaltela.pt\/api\/wp\/v2\/types\/post"}],"author":[{"embeddable":true,"href":"https:\/\/portaltela.pt\/api\/wp\/v2\/users\/2"}],"replies":[{"embeddable":true,"href":"https:\/\/portaltela.pt\/api\/wp\/v2\/comments?post=195185"}],"version-history":[{"count":0,"href":"https:\/\/portaltela.pt\/api\/wp\/v2\/posts\/195185\/revisions"}],"wp:featuredmedia":[{"embeddable":true,"href":"https:\/\/portaltela.pt\/api\/wp\/v2\/media\/195190"}],"wp:attachment":[{"href":"https:\/\/portaltela.pt\/api\/wp\/v2\/media?parent=195185"}],"wp:term":[{"taxonomy":"category","embeddable":true,"href":"https:\/\/portaltela.pt\/api\/wp\/v2\/categories?post=195185"},{"taxonomy":"post_tag","embeddable":true,"href":"https:\/\/portaltela.pt\/api\/wp\/v2\/tags?post=195185"}],"curies":[{"name":"wp","href":"https:\/\/api.w.org\/{rel}","templated":true}]}}