{"id":195142,"date":"2026-02-03T18:05:23","date_gmt":"2026-02-03T21:05:23","guid":{"rendered":"https:\/\/portaltela.pt\/noticias\/2026\/02\/03\/cimeira-global-de-investimento-em-africa-2026-realiza-se-em-luanda\/"},"modified":"2026-02-03T18:05:23","modified_gmt":"2026-02-03T21:05:23","slug":"cimeira-global-de-investimento-em-africa-2026-realiza-se-em-luanda","status":"publish","type":"post","link":"https:\/\/portaltela.pt\/noticias\/economia\/2026\/02\/03\/cimeira-global-de-investimento-em-africa-2026-realiza-se-em-luanda\/","title":{"rendered":"Cimeira Global de Investimento em \u00c1frica 2026 realiza-se em Luanda"},"content":{"rendered":"<p>Angola vai acolher, ainda este ano, a Cimeira Global de Investimento em \u00c1frica, que se realiza em Luanda. A decis\u00e3o foi anunciada pelo Presidente angolano, Jo\u00e3o Louren\u00e7o, durante a cerim\u00f3nia de lan\u00e7amento no Dubai, \u00e0 margem da Cimeira Mundial de Governos.<\/p>\n<p>O chefe de Estado destacou que o evento visa mobilizar o capital global para potenciar o desenvolvimento africano. A iniciativa pretende evidenciar uma nova forma de atrair investimento e desbloquear o valor dos ativos soberanos do continente.<\/p>\n<p>Jo\u00e3o Louren\u00e7o, que encerra o mandato como presidente em exerc\u00edcio da Uni\u00e3o Africana, afirmou que \u00c1frica pode beneficiar de um novo paradigma de investimento. A meta \u00e9 acelerar o crescimento e cumprir a Agenda 2063, a \u00c1frica que Queremos.<\/p>\n<p>O Presidente enfatizou a import\u00e2ncia de integrar ativos africanos na transi\u00e7\u00e3o energ\u00e9tica, com destaque para minerais, g\u00e1s natural e biodiversidade. A ideia \u00e9 monetizar recursos soberanos de forma estruturada e segura.<\/p>\n<p>Segundo o chefe de Estado, a cimeira servir\u00e1 de ponte institucional entre \u00c1frica e investidores globais, proporcionando previsibilidade, regras est\u00e1veis e contratos respeitados. A iniciativa visa ganhos m\u00fatuos.<\/p>\n<p>Relativamente a Angola, Louren\u00e7o elencou reformas estruturais de impacto econ\u00f3mico e social em curso, sublinhando o papel da cimeira para um futuro com impacto duradouro para o pa\u00eds e para o mundo.<\/p>\n<h3>Contexto e objetivos<\/h3>\n<p>A cimeira re\u00fane mais de 30 chefes de Estado e Governo de todos os continentes, com mobiliza\u00e7\u00e3o de mais de 6.000 delegados, incluindo cerca de 500 ministros. O evento refor\u00e7a a aposta angolana em reformas e atra\u00e7\u00e3o de capital externo.<\/p>\n<h3>Participa\u00e7\u00e3o internacional<\/h3>\n<p>A cerim\u00f3nia de lan\u00e7amento ocorreu nos Emirados \u00c1rabes Unidos, refor\u00e7ando o dinamismo regional em parcerias para o desenvolvimento. A organiza\u00e7\u00e3o visa criar condi\u00e7\u00f5es est\u00e1veis para investidores, com foco em projetos de energia e minera\u00e7\u00e3o.<\/p>\n","protected":false},"excerpt":{"rendered":"<ul>\n<li>Angola vai acolher, ainda este ano, em Luanda, a Cimeira Global de Investimento em \u00c1frica.<\/li>\n<li>O an\u00fancio foi feito pelo Presidente Jo\u00e3o Louren\u00e7o, em Dubai, na cerim\u00f3nia de lan\u00e7amento da cimeira.<\/li>\n<li>O objetivo \u00e9 mobilizar capitais globais e desbloquear o valor dos ativos soberanos de \u00c1frica para acelerar o desenvolvimento.<\/li>\n<li>Louren\u00e7o destacou que \u00c1frica det\u00e9m quarenta por cento das reservas mundiais de minerais e \u00e9 fundamental para a transi\u00e7\u00e3o energ\u00e9tica.<\/li>\n<li>A cimeira reunir\u00e1 mais de trinta Chefes de Estado e Governo e mobilizar\u00e1 mais de seis mil delegados, incluindo cerca de quinhentos ministros.<\/li>\n<\/ul>\n","protected":false},"author":2,"featured_media":195145,"comment_status":"closed","ping_status":"closed","sticky":false,"template":"","format":"standard","meta":{"footnotes":""},"categories":[2,1],"tags":[5227,4837,3861,174,316,3090],"class_list":["post-195142","post","type-post","status-publish","format-standard","has-post-thumbnail","hentry","category-economia","category-noticias","tag-africa","tag-angola","tag-economia-internacional","tag-energia","tag-investimento","tag-mineracao-sustentavel"],"yoast_head":"<!-- This site is optimized with the Yoast SEO plugin v27.2 - https:\/\/yoast.com\/product\/yoast-seo-wordpress\/ -->\n<title>Cimeira Global de Investimento em \u00c1frica 2026 realiza-se em Luanda - Portal Tela Portugal<\/title>\n<meta name=\"robots\" content=\"index, follow, max-snippet:-1, max-image-preview:large, max-video-preview:-1\" \/>\n<meta property=\"og:locale\" content=\"pt_PT\" \/>\n<meta property=\"og:type\" content=\"article\" \/>\n<meta property=\"og:title\" content=\"Cimeira Global de Investimento em \u00c1frica 2026 realiza-se em Luanda - Portal Tela Portugal\" \/>\n<meta property=\"og:description\" content=\"Angola vai acolher, ainda este ano, em Luanda, a Cimeira Global de Investimento em \u00c1frica. O an\u00fancio foi feito pelo Presidente Jo\u00e3o Louren\u00e7o, em Dubai, na cerim\u00f3nia de lan\u00e7amento da cimeira. O objetivo \u00e9 mobilizar capitais globais e desbloquear o valor dos ativos soberanos de \u00c1frica para acelerar o desenvolvimento. Louren\u00e7o destacou que \u00c1frica det\u00e9m quarenta por cento das reservas mundiais de minerais e \u00e9 fundamental para a transi\u00e7\u00e3o energ\u00e9tica. A cimeira reunir\u00e1 mais de trinta Chefes de Estado e Governo e mobilizar\u00e1 mais de seis mil delegados, incluindo cerca de quinhentos ministros.\" \/>\n<meta property=\"og:url\" content=\"https:\/\/portaltela.pt\/noticias\/2026\/02\/03\/cimeira-global-de-investimento-em-africa-2026-realiza-se-em-luanda\/\" \/>\n<meta property=\"og:site_name\" content=\"Portal Tela Portugal\" \/>\n<meta property=\"article:published_time\" content=\"2026-02-03T21:05:23+00:00\" \/>\n<meta name=\"author\" content=\"Telinha\" \/>\n<meta name=\"twitter:card\" content=\"summary_large_image\" \/>\n<meta name=\"twitter:label1\" content=\"Escrito por\" \/>\n\t<meta name=\"twitter:data1\" content=\"Telinha\" \/>\n\t<meta name=\"twitter:label2\" content=\"Tempo estimado de leitura\" \/>\n\t<meta name=\"twitter:data2\" content=\"2 minutos\" \/>\n<script type=\"application\/ld+json\" class=\"yoast-schema-graph\">{\"@context\":\"https:\/\/schema.org\",\"@graph\":[{\"@type\":\"Article\",\"@id\":\"https:\/\/portaltela.pt\/noticias\/2026\/02\/03\/cimeira-global-de-investimento-em-africa-2026-realiza-se-em-luanda\/#article\",\"isPartOf\":{\"@id\":\"https:\/\/portaltela.pt\/noticias\/2026\/02\/03\/cimeira-global-de-investimento-em-africa-2026-realiza-se-em-luanda\/\"},\"author\":{\"name\":\"Telinha\",\"@id\":\"https:\/\/portaltela.pt\/#\/schema\/person\/c4278d4a6028830caff9ee44b42d32ed\"},\"headline\":\"Cimeira Global de Investimento em \u00c1frica 2026 realiza-se em Luanda\",\"datePublished\":\"2026-02-03T21:05:23+00:00\",\"mainEntityOfPage\":{\"@id\":\"https:\/\/portaltela.pt\/noticias\/2026\/02\/03\/cimeira-global-de-investimento-em-africa-2026-realiza-se-em-luanda\/\"},\"wordCount\":319,\"image\":{\"@id\":\"https:\/\/portaltela.pt\/noticias\/2026\/02\/03\/cimeira-global-de-investimento-em-africa-2026-realiza-se-em-luanda\/#primaryimage\"},\"thumbnailUrl\":\"https:\/\/portaltela.pt\/s.01k8rhncp4jt1\/2026\/02\/unnamed-file-1007.jpg\",\"keywords\":[\"\u00c1frica\",\"Angola\",\"economia internacional\",\"energia\",\"investimento\",\"minera\u00e7\u00e3o sustent\u00e1vel\"],\"articleSection\":[\"Economia\",\"Not\u00edcias\"],\"inLanguage\":\"pt-PT\"},{\"@type\":\"WebPage\",\"@id\":\"https:\/\/portaltela.pt\/noticias\/2026\/02\/03\/cimeira-global-de-investimento-em-africa-2026-realiza-se-em-luanda\/\",\"url\":\"https:\/\/portaltela.pt\/noticias\/2026\/02\/03\/cimeira-global-de-investimento-em-africa-2026-realiza-se-em-luanda\/\",\"name\":\"Cimeira Global de Investimento em \u00c1frica 2026 realiza-se em Luanda - Portal Tela Portugal\",\"isPartOf\":{\"@id\":\"https:\/\/portaltela.pt\/#website\"},\"primaryImageOfPage\":{\"@id\":\"https:\/\/portaltela.pt\/noticias\/2026\/02\/03\/cimeira-global-de-investimento-em-africa-2026-realiza-se-em-luanda\/#primaryimage\"},\"image\":{\"@id\":\"https:\/\/portaltela.pt\/noticias\/2026\/02\/03\/cimeira-global-de-investimento-em-africa-2026-realiza-se-em-luanda\/#primaryimage\"},\"thumbnailUrl\":\"https:\/\/portaltela.pt\/s.01k8rhncp4jt1\/2026\/02\/unnamed-file-1007.jpg\",\"datePublished\":\"2026-02-03T21:05:23+00:00\",\"author\":{\"@id\":\"https:\/\/portaltela.pt\/#\/schema\/person\/c4278d4a6028830caff9ee44b42d32ed\"},\"breadcrumb\":{\"@id\":\"https:\/\/portaltela.pt\/noticias\/2026\/02\/03\/cimeira-global-de-investimento-em-africa-2026-realiza-se-em-luanda\/#breadcrumb\"},\"inLanguage\":\"pt-PT\",\"potentialAction\":[{\"@type\":\"ReadAction\",\"target\":[\"https:\/\/portaltela.pt\/noticias\/2026\/02\/03\/cimeira-global-de-investimento-em-africa-2026-realiza-se-em-luanda\/\"]}]},{\"@type\":\"ImageObject\",\"inLanguage\":\"pt-PT\",\"@id\":\"https:\/\/portaltela.pt\/noticias\/2026\/02\/03\/cimeira-global-de-investimento-em-africa-2026-realiza-se-em-luanda\/#primaryimage\",\"url\":\"https:\/\/portaltela.pt\/s.01k8rhncp4jt1\/2026\/02\/unnamed-file-1007.jpg\",\"contentUrl\":\"https:\/\/portaltela.pt\/s.01k8rhncp4jt1\/2026\/02\/unnamed-file-1007.jpg\",\"width\":796,\"height\":448,\"caption\":\"Angola agradece ajuda de pa\u00edses na luta pela independ\u00eancia\"},{\"@type\":\"BreadcrumbList\",\"@id\":\"https:\/\/portaltela.pt\/noticias\/2026\/02\/03\/cimeira-global-de-investimento-em-africa-2026-realiza-se-em-luanda\/#breadcrumb\",\"itemListElement\":[{\"@type\":\"ListItem\",\"position\":1,\"name\":\"In\u00edcio\",\"item\":\"https:\/\/portaltela.pt\/\"},{\"@type\":\"ListItem\",\"position\":2,\"name\":\"Cimeira Global de Investimento em \u00c1frica 2026 realiza-se em Luanda\"}]},{\"@type\":\"WebSite\",\"@id\":\"https:\/\/portaltela.pt\/#website\",\"url\":\"https:\/\/portaltela.pt\/\",\"name\":\"Portal Tela Portugal\",\"description\":\"\",\"potentialAction\":[{\"@type\":\"SearchAction\",\"target\":{\"@type\":\"EntryPoint\",\"urlTemplate\":\"https:\/\/portaltela.pt\/?s={search_term_string}\"},\"query-input\":{\"@type\":\"PropertyValueSpecification\",\"valueRequired\":true,\"valueName\":\"search_term_string\"}}],\"inLanguage\":\"pt-PT\"},{\"@type\":\"Person\",\"@id\":\"https:\/\/portaltela.pt\/#\/schema\/person\/c4278d4a6028830caff9ee44b42d32ed\",\"name\":\"Telinha\",\"image\":{\"@type\":\"ImageObject\",\"inLanguage\":\"pt-PT\",\"@id\":\"https:\/\/portaltela.pt\/s.01k8rhncp4jt1\/2025\/11\/talking-bot-125x125.png\",\"url\":\"https:\/\/portaltela.pt\/s.01k8rhncp4jt1\/2025\/11\/talking-bot-125x125.png\",\"contentUrl\":\"https:\/\/portaltela.pt\/s.01k8rhncp4jt1\/2025\/11\/talking-bot-125x125.png\",\"caption\":\"Telinha\"},\"sameAs\":[\"https:\/\/portaltela.pt\/\"],\"url\":\"https:\/\/portaltela.pt\/por\/367410592786\/\"}]}<\/script>\n<!-- \/ Yoast SEO plugin. -->","yoast_head_json":{"title":"Cimeira Global de Investimento em \u00c1frica 2026 realiza-se em Luanda - Portal Tela Portugal","robots":{"index":"index","follow":"follow","max-snippet":"max-snippet:-1","max-image-preview":"max-image-preview:large","max-video-preview":"max-video-preview:-1"},"og_locale":"pt_PT","og_type":"article","og_title":"Cimeira Global de Investimento em \u00c1frica 2026 realiza-se em Luanda - Portal Tela Portugal","og_description":"Angola vai acolher, ainda este ano, em Luanda, a Cimeira Global de Investimento em \u00c1frica. O an\u00fancio foi feito pelo Presidente Jo\u00e3o Louren\u00e7o, em Dubai, na cerim\u00f3nia de lan\u00e7amento da cimeira. O objetivo \u00e9 mobilizar capitais globais e desbloquear o valor dos ativos soberanos de \u00c1frica para acelerar o desenvolvimento. Louren\u00e7o destacou que \u00c1frica det\u00e9m quarenta por cento das reservas mundiais de minerais e \u00e9 fundamental para a transi\u00e7\u00e3o energ\u00e9tica. A cimeira reunir\u00e1 mais de trinta Chefes de Estado e Governo e mobilizar\u00e1 mais de seis mil delegados, incluindo cerca de quinhentos ministros.","og_url":"https:\/\/portaltela.pt\/noticias\/2026\/02\/03\/cimeira-global-de-investimento-em-africa-2026-realiza-se-em-luanda\/","og_site_name":"Portal Tela Portugal","article_published_time":"2026-02-03T21:05:23+00:00","author":"Telinha","twitter_card":"summary_large_image","twitter_misc":{"Escrito por":"Telinha","Tempo estimado de leitura":"2 minutos"},"schema":{"@context":"https:\/\/schema.org","@graph":[{"@type":"Article","@id":"https:\/\/portaltela.pt\/noticias\/2026\/02\/03\/cimeira-global-de-investimento-em-africa-2026-realiza-se-em-luanda\/#article","isPartOf":{"@id":"https:\/\/portaltela.pt\/noticias\/2026\/02\/03\/cimeira-global-de-investimento-em-africa-2026-realiza-se-em-luanda\/"},"author":{"name":"Telinha","@id":"https:\/\/portaltela.pt\/#\/schema\/person\/c4278d4a6028830caff9ee44b42d32ed"},"headline":"Cimeira Global de Investimento em \u00c1frica 2026 realiza-se em Luanda","datePublished":"2026-02-03T21:05:23+00:00","mainEntityOfPage":{"@id":"https:\/\/portaltela.pt\/noticias\/2026\/02\/03\/cimeira-global-de-investimento-em-africa-2026-realiza-se-em-luanda\/"},"wordCount":319,"image":{"@id":"https:\/\/portaltela.pt\/noticias\/2026\/02\/03\/cimeira-global-de-investimento-em-africa-2026-realiza-se-em-luanda\/#primaryimage"},"thumbnailUrl":"https:\/\/portaltela.pt\/s.01k8rhncp4jt1\/2026\/02\/unnamed-file-1007.jpg","keywords":["\u00c1frica","Angola","economia internacional","energia","investimento","minera\u00e7\u00e3o sustent\u00e1vel"],"articleSection":["Economia","Not\u00edcias"],"inLanguage":"pt-PT"},{"@type":"WebPage","@id":"https:\/\/portaltela.pt\/noticias\/2026\/02\/03\/cimeira-global-de-investimento-em-africa-2026-realiza-se-em-luanda\/","url":"https:\/\/portaltela.pt\/noticias\/2026\/02\/03\/cimeira-global-de-investimento-em-africa-2026-realiza-se-em-luanda\/","name":"Cimeira Global de Investimento em \u00c1frica 2026 realiza-se em Luanda - Portal Tela Portugal","isPartOf":{"@id":"https:\/\/portaltela.pt\/#website"},"primaryImageOfPage":{"@id":"https:\/\/portaltela.pt\/noticias\/2026\/02\/03\/cimeira-global-de-investimento-em-africa-2026-realiza-se-em-luanda\/#primaryimage"},"image":{"@id":"https:\/\/portaltela.pt\/noticias\/2026\/02\/03\/cimeira-global-de-investimento-em-africa-2026-realiza-se-em-luanda\/#primaryimage"},"thumbnailUrl":"https:\/\/portaltela.pt\/s.01k8rhncp4jt1\/2026\/02\/unnamed-file-1007.jpg","datePublished":"2026-02-03T21:05:23+00:00","author":{"@id":"https:\/\/portaltela.pt\/#\/schema\/person\/c4278d4a6028830caff9ee44b42d32ed"},"breadcrumb":{"@id":"https:\/\/portaltela.pt\/noticias\/2026\/02\/03\/cimeira-global-de-investimento-em-africa-2026-realiza-se-em-luanda\/#breadcrumb"},"inLanguage":"pt-PT","potentialAction":[{"@type":"ReadAction","target":["https:\/\/portaltela.pt\/noticias\/2026\/02\/03\/cimeira-global-de-investimento-em-africa-2026-realiza-se-em-luanda\/"]}]},{"@type":"ImageObject","inLanguage":"pt-PT","@id":"https:\/\/portaltela.pt\/noticias\/2026\/02\/03\/cimeira-global-de-investimento-em-africa-2026-realiza-se-em-luanda\/#primaryimage","url":"https:\/\/portaltela.pt\/s.01k8rhncp4jt1\/2026\/02\/unnamed-file-1007.jpg","contentUrl":"https:\/\/portaltela.pt\/s.01k8rhncp4jt1\/2026\/02\/unnamed-file-1007.jpg","width":796,"height":448,"caption":"Angola agradece ajuda de pa\u00edses na luta pela independ\u00eancia"},{"@type":"BreadcrumbList","@id":"https:\/\/portaltela.pt\/noticias\/2026\/02\/03\/cimeira-global-de-investimento-em-africa-2026-realiza-se-em-luanda\/#breadcrumb","itemListElement":[{"@type":"ListItem","position":1,"name":"In\u00edcio","item":"https:\/\/portaltela.pt\/"},{"@type":"ListItem","position":2,"name":"Cimeira Global de Investimento em \u00c1frica 2026 realiza-se em Luanda"}]},{"@type":"WebSite","@id":"https:\/\/portaltela.pt\/#website","url":"https:\/\/portaltela.pt\/","name":"Portal Tela Portugal","description":"","potentialAction":[{"@type":"SearchAction","target":{"@type":"EntryPoint","urlTemplate":"https:\/\/portaltela.pt\/?s={search_term_string}"},"query-input":{"@type":"PropertyValueSpecification","valueRequired":true,"valueName":"search_term_string"}}],"inLanguage":"pt-PT"},{"@type":"Person","@id":"https:\/\/portaltela.pt\/#\/schema\/person\/c4278d4a6028830caff9ee44b42d32ed","name":"Telinha","image":{"@type":"ImageObject","inLanguage":"pt-PT","@id":"https:\/\/portaltela.pt\/s.01k8rhncp4jt1\/2025\/11\/talking-bot-125x125.png","url":"https:\/\/portaltela.pt\/s.01k8rhncp4jt1\/2025\/11\/talking-bot-125x125.png","contentUrl":"https:\/\/portaltela.pt\/s.01k8rhncp4jt1\/2025\/11\/talking-bot-125x125.png","caption":"Telinha"},"sameAs":["https:\/\/portaltela.pt\/"],"url":"https:\/\/portaltela.pt\/por\/367410592786\/"}]}},"_links":{"self":[{"href":"https:\/\/portaltela.pt\/api\/wp\/v2\/posts\/195142","targetHints":{"allow":["GET"]}}],"collection":[{"href":"https:\/\/portaltela.pt\/api\/wp\/v2\/posts"}],"about":[{"href":"https:\/\/portaltela.pt\/api\/wp\/v2\/types\/post"}],"author":[{"embeddable":true,"href":"https:\/\/portaltela.pt\/api\/wp\/v2\/users\/2"}],"replies":[{"embeddable":true,"href":"https:\/\/portaltela.pt\/api\/wp\/v2\/comments?post=195142"}],"version-history":[{"count":0,"href":"https:\/\/portaltela.pt\/api\/wp\/v2\/posts\/195142\/revisions"}],"wp:featuredmedia":[{"embeddable":true,"href":"https:\/\/portaltela.pt\/api\/wp\/v2\/media\/195145"}],"wp:attachment":[{"href":"https:\/\/portaltela.pt\/api\/wp\/v2\/media?parent=195142"}],"wp:term":[{"taxonomy":"category","embeddable":true,"href":"https:\/\/portaltela.pt\/api\/wp\/v2\/categories?post=195142"},{"taxonomy":"post_tag","embeddable":true,"href":"https:\/\/portaltela.pt\/api\/wp\/v2\/tags?post=195142"}],"curies":[{"name":"wp","href":"https:\/\/api.w.org\/{rel}","templated":true}]}}