{"id":195066,"date":"2026-02-03T17:30:00","date_gmt":"2026-02-03T20:30:00","guid":{"rendered":"https:\/\/portaltela.pt\/noticias\/2026\/02\/03\/iii-feira-de-docaria-conventual-lurdes-ramos-agradece-participacao\/"},"modified":"2026-02-03T17:30:00","modified_gmt":"2026-02-03T20:30:00","slug":"iii-feira-de-docaria-conventual-lurdes-ramos-agradece-participacao","status":"publish","type":"post","link":"https:\/\/portaltela.pt\/noticias\/2026\/02\/03\/iii-feira-de-docaria-conventual-lurdes-ramos-agradece-participacao\/","title":{"rendered":"III Feira de Do\u00e7aria Conventual Lurdes Ramos agradece participa\u00e7\u00e3o"},"content":{"rendered":"<p>A III Feira de Do\u00e7aria Conventual \u201cLurdes Ramos\u201d decorreu no interior dos Claustros do Convento dos Agostinhos, em Vila Vi\u00e7osa, ao longo de tr\u00eas dias. O p\u00fablico teve oportunidade de conhecer uma variedade de doces conformes da do\u00e7aria conventual, criados por mestres locais e nacionais.<\/p>\n<p>O Munic\u00edpio de Vila Vi\u00e7osa agradece aos 19 expositores presentes, \u00e0 equipa de organiza\u00e7\u00e3o, aos artistas e aos participantes do Concurso de Doces Conventuais \u201cAna Soeiro\u201d. A reposta do p\u00fablico foi valorizada como essencial para o sucesso do certame.<\/p>\n<p>A autarquia expressa ainda o seu agradecimento a todos os que contribu\u00edram para o evento, incluindo os visitantes que fizeram parte deste momento \u00fanico. O munic\u00edpio partilha o registo fotogr\u00e1fico do certame.<\/p>\n<p>Parceiros oficiais do evento incluem Qualifica Origin de Portugal, Caixa Central de Cr\u00e9dito Agr\u00edcola M\u00fatuo, Delta Caf\u00e9s e Sementes do Verbo.<\/p>\n","protected":false},"excerpt":{"rendered":"<ul>\n<li>A III Feira de Do\u00e7aria Conventual \u201cLurdes Ramos\u201d decorreu no interior dos Claustros do Convento dos Agostinhos, em Vila Vi\u00e7osa, durante tr\u00eas dias.<\/li>\n<li>O p\u00fablico teve a oportunidade de conhecer uma variedade de doces conventuais preparados por mestres da do\u00e7aria local e nacional.<\/li>\n<li>O Munic\u00edpio de Vila Vi\u00e7osa dirigiu um agradecimento a todos os parceiros, aos 19 expositores, \u00e0 equipa organizadora, aos artistas e aos participantes do Concurso de Doces Conventuais \u201cAna Soeiro\u201d.<\/li>\n<li>O evento contou com o apoio de parceiros como Qualifica Origin de Portugal, Caixa Central de Cr\u00e9dito Agr\u00edcola M\u00fatuo, Delta Caf\u00e9s e Sementes do Verbo.<\/li>\n<li>A autarquia partilhou o registo fotogr\u00e1fico do certame.<\/li>\n<\/ul>\n","protected":false},"author":2,"featured_media":195068,"comment_status":"closed","ping_status":"closed","sticky":false,"template":"","format":"standard","meta":{"footnotes":""},"categories":[1],"tags":[5322,145,5321,638,4387,5323],"class_list":["post-195066","post","type-post","status-publish","format-standard","has-post-thumbnail","hentry","category-noticias","tag-caixa-central-de-credito-agricola-mutuo","tag-cultura","tag-delta-cafes","tag-docaria","tag-feiras-internacionais","tag-qualifica-origin-de-portugal"],"yoast_head":"<!-- This site is optimized with the Yoast SEO plugin v27.2 - https:\/\/yoast.com\/product\/yoast-seo-wordpress\/ -->\n<title>III Feira de Do\u00e7aria Conventual Lurdes Ramos agradece participa\u00e7\u00e3o - Portal Tela Portugal<\/title>\n<meta name=\"robots\" content=\"index, follow, max-snippet:-1, max-image-preview:large, max-video-preview:-1\" \/>\n<meta property=\"og:locale\" content=\"pt_PT\" \/>\n<meta property=\"og:type\" content=\"article\" \/>\n<meta property=\"og:title\" content=\"III Feira de Do\u00e7aria Conventual Lurdes Ramos agradece participa\u00e7\u00e3o - Portal Tela Portugal\" \/>\n<meta property=\"og:description\" content=\"A III Feira de Do\u00e7aria Conventual \u201cLurdes Ramos\u201d decorreu no interior dos Claustros do Convento dos Agostinhos, em Vila Vi\u00e7osa, durante tr\u00eas dias. O p\u00fablico teve a oportunidade de conhecer uma variedade de doces conventuais preparados por mestres da do\u00e7aria local e nacional. O Munic\u00edpio de Vila Vi\u00e7osa dirigiu um agradecimento a todos os parceiros, aos 19 expositores, \u00e0 equipa organizadora, aos artistas e aos participantes do Concurso de Doces Conventuais \u201cAna Soeiro\u201d. O evento contou com o apoio de parceiros como Qualifica Origin de Portugal, Caixa Central de Cr\u00e9dito Agr\u00edcola M\u00fatuo, Delta Caf\u00e9s e Sementes do Verbo. A autarquia partilhou o registo fotogr\u00e1fico do certame.\" \/>\n<meta property=\"og:url\" content=\"https:\/\/portaltela.pt\/noticias\/2026\/02\/03\/iii-feira-de-docaria-conventual-lurdes-ramos-agradece-participacao\/\" \/>\n<meta property=\"og:site_name\" content=\"Portal Tela Portugal\" \/>\n<meta property=\"article:published_time\" content=\"2026-02-03T20:30:00+00:00\" \/>\n<meta name=\"author\" content=\"Telinha\" \/>\n<meta name=\"twitter:card\" content=\"summary_large_image\" \/>\n<meta name=\"twitter:label1\" content=\"Escrito por\" \/>\n\t<meta name=\"twitter:data1\" content=\"Telinha\" \/>\n\t<meta name=\"twitter:label2\" content=\"Tempo estimado de leitura\" \/>\n\t<meta name=\"twitter:data2\" content=\"1 minuto\" \/>\n<script type=\"application\/ld+json\" class=\"yoast-schema-graph\">{\"@context\":\"https:\/\/schema.org\",\"@graph\":[{\"@type\":\"Article\",\"@id\":\"https:\/\/portaltela.pt\/noticias\/2026\/02\/03\/iii-feira-de-docaria-conventual-lurdes-ramos-agradece-participacao\/#article\",\"isPartOf\":{\"@id\":\"https:\/\/portaltela.pt\/noticias\/2026\/02\/03\/iii-feira-de-docaria-conventual-lurdes-ramos-agradece-participacao\/\"},\"author\":{\"name\":\"Telinha\",\"@id\":\"https:\/\/portaltela.pt\/#\/schema\/person\/c4278d4a6028830caff9ee44b42d32ed\"},\"headline\":\"III Feira de Do\u00e7aria Conventual Lurdes Ramos agradece participa\u00e7\u00e3o\",\"datePublished\":\"2026-02-03T20:30:00+00:00\",\"mainEntityOfPage\":{\"@id\":\"https:\/\/portaltela.pt\/noticias\/2026\/02\/03\/iii-feira-de-docaria-conventual-lurdes-ramos-agradece-participacao\/\"},\"wordCount\":162,\"image\":{\"@id\":\"https:\/\/portaltela.pt\/noticias\/2026\/02\/03\/iii-feira-de-docaria-conventual-lurdes-ramos-agradece-participacao\/#primaryimage\"},\"thumbnailUrl\":\"https:\/\/portaltela.pt\/s.01k8rhncp4jt1\/2026\/02\/III-FEIRA-DE-DOCARIA-CONVENTUAL-LURDES-RAMOS-AGRADECIMENTO-A.jpg\",\"keywords\":[\"Caixa Central de Cr\u00e9dito Agr\u00edcola M\u00fatuo\",\"cultura\",\"Delta Caf\u00e9s\",\"do\u00e7aria\",\"feiras internacionais\",\"Qualifica Origin de Portugal\"],\"articleSection\":[\"Not\u00edcias\"],\"inLanguage\":\"pt-PT\"},{\"@type\":\"WebPage\",\"@id\":\"https:\/\/portaltela.pt\/noticias\/2026\/02\/03\/iii-feira-de-docaria-conventual-lurdes-ramos-agradece-participacao\/\",\"url\":\"https:\/\/portaltela.pt\/noticias\/2026\/02\/03\/iii-feira-de-docaria-conventual-lurdes-ramos-agradece-participacao\/\",\"name\":\"III Feira de Do\u00e7aria Conventual Lurdes Ramos agradece participa\u00e7\u00e3o - Portal Tela Portugal\",\"isPartOf\":{\"@id\":\"https:\/\/portaltela.pt\/#website\"},\"primaryImageOfPage\":{\"@id\":\"https:\/\/portaltela.pt\/noticias\/2026\/02\/03\/iii-feira-de-docaria-conventual-lurdes-ramos-agradece-participacao\/#primaryimage\"},\"image\":{\"@id\":\"https:\/\/portaltela.pt\/noticias\/2026\/02\/03\/iii-feira-de-docaria-conventual-lurdes-ramos-agradece-participacao\/#primaryimage\"},\"thumbnailUrl\":\"https:\/\/portaltela.pt\/s.01k8rhncp4jt1\/2026\/02\/III-FEIRA-DE-DOCARIA-CONVENTUAL-LURDES-RAMOS-AGRADECIMENTO-A.jpg\",\"datePublished\":\"2026-02-03T20:30:00+00:00\",\"author\":{\"@id\":\"https:\/\/portaltela.pt\/#\/schema\/person\/c4278d4a6028830caff9ee44b42d32ed\"},\"breadcrumb\":{\"@id\":\"https:\/\/portaltela.pt\/noticias\/2026\/02\/03\/iii-feira-de-docaria-conventual-lurdes-ramos-agradece-participacao\/#breadcrumb\"},\"inLanguage\":\"pt-PT\",\"potentialAction\":[{\"@type\":\"ReadAction\",\"target\":[\"https:\/\/portaltela.pt\/noticias\/2026\/02\/03\/iii-feira-de-docaria-conventual-lurdes-ramos-agradece-participacao\/\"]}]},{\"@type\":\"ImageObject\",\"inLanguage\":\"pt-PT\",\"@id\":\"https:\/\/portaltela.pt\/noticias\/2026\/02\/03\/iii-feira-de-docaria-conventual-lurdes-ramos-agradece-participacao\/#primaryimage\",\"url\":\"https:\/\/portaltela.pt\/s.01k8rhncp4jt1\/2026\/02\/III-FEIRA-DE-DOCARIA-CONVENTUAL-LURDES-RAMOS-AGRADECIMENTO-A.jpg\",\"contentUrl\":\"https:\/\/portaltela.pt\/s.01k8rhncp4jt1\/2026\/02\/III-FEIRA-DE-DOCARIA-CONVENTUAL-LURDES-RAMOS-AGRADECIMENTO-A.jpg\",\"width\":796,\"height\":448,\"caption\":\"III FEIRA DE DO\u00c7ARIA CONVENTUAL \u201cLURDES RAMOS\u201d | AGRADECIMENTO A III Feira de Do\u2026\"},{\"@type\":\"BreadcrumbList\",\"@id\":\"https:\/\/portaltela.pt\/noticias\/2026\/02\/03\/iii-feira-de-docaria-conventual-lurdes-ramos-agradece-participacao\/#breadcrumb\",\"itemListElement\":[{\"@type\":\"ListItem\",\"position\":1,\"name\":\"In\u00edcio\",\"item\":\"https:\/\/portaltela.pt\/\"},{\"@type\":\"ListItem\",\"position\":2,\"name\":\"III Feira de Do\u00e7aria Conventual Lurdes Ramos agradece participa\u00e7\u00e3o\"}]},{\"@type\":\"WebSite\",\"@id\":\"https:\/\/portaltela.pt\/#website\",\"url\":\"https:\/\/portaltela.pt\/\",\"name\":\"Portal Tela Portugal\",\"description\":\"\",\"potentialAction\":[{\"@type\":\"SearchAction\",\"target\":{\"@type\":\"EntryPoint\",\"urlTemplate\":\"https:\/\/portaltela.pt\/?s={search_term_string}\"},\"query-input\":{\"@type\":\"PropertyValueSpecification\",\"valueRequired\":true,\"valueName\":\"search_term_string\"}}],\"inLanguage\":\"pt-PT\"},{\"@type\":\"Person\",\"@id\":\"https:\/\/portaltela.pt\/#\/schema\/person\/c4278d4a6028830caff9ee44b42d32ed\",\"name\":\"Telinha\",\"image\":{\"@type\":\"ImageObject\",\"inLanguage\":\"pt-PT\",\"@id\":\"https:\/\/portaltela.pt\/s.01k8rhncp4jt1\/2025\/11\/talking-bot-125x125.png\",\"url\":\"https:\/\/portaltela.pt\/s.01k8rhncp4jt1\/2025\/11\/talking-bot-125x125.png\",\"contentUrl\":\"https:\/\/portaltela.pt\/s.01k8rhncp4jt1\/2025\/11\/talking-bot-125x125.png\",\"caption\":\"Telinha\"},\"sameAs\":[\"https:\/\/portaltela.pt\/\"],\"url\":\"https:\/\/portaltela.pt\/por\/367410592786\/\"}]}<\/script>\n<!-- \/ Yoast SEO plugin. -->","yoast_head_json":{"title":"III Feira de Do\u00e7aria Conventual Lurdes Ramos agradece participa\u00e7\u00e3o - Portal Tela Portugal","robots":{"index":"index","follow":"follow","max-snippet":"max-snippet:-1","max-image-preview":"max-image-preview:large","max-video-preview":"max-video-preview:-1"},"og_locale":"pt_PT","og_type":"article","og_title":"III Feira de Do\u00e7aria Conventual Lurdes Ramos agradece participa\u00e7\u00e3o - Portal Tela Portugal","og_description":"A III Feira de Do\u00e7aria Conventual \u201cLurdes Ramos\u201d decorreu no interior dos Claustros do Convento dos Agostinhos, em Vila Vi\u00e7osa, durante tr\u00eas dias. O p\u00fablico teve a oportunidade de conhecer uma variedade de doces conventuais preparados por mestres da do\u00e7aria local e nacional. O Munic\u00edpio de Vila Vi\u00e7osa dirigiu um agradecimento a todos os parceiros, aos 19 expositores, \u00e0 equipa organizadora, aos artistas e aos participantes do Concurso de Doces Conventuais \u201cAna Soeiro\u201d. O evento contou com o apoio de parceiros como Qualifica Origin de Portugal, Caixa Central de Cr\u00e9dito Agr\u00edcola M\u00fatuo, Delta Caf\u00e9s e Sementes do Verbo. A autarquia partilhou o registo fotogr\u00e1fico do certame.","og_url":"https:\/\/portaltela.pt\/noticias\/2026\/02\/03\/iii-feira-de-docaria-conventual-lurdes-ramos-agradece-participacao\/","og_site_name":"Portal Tela Portugal","article_published_time":"2026-02-03T20:30:00+00:00","author":"Telinha","twitter_card":"summary_large_image","twitter_misc":{"Escrito por":"Telinha","Tempo estimado de leitura":"1 minuto"},"schema":{"@context":"https:\/\/schema.org","@graph":[{"@type":"Article","@id":"https:\/\/portaltela.pt\/noticias\/2026\/02\/03\/iii-feira-de-docaria-conventual-lurdes-ramos-agradece-participacao\/#article","isPartOf":{"@id":"https:\/\/portaltela.pt\/noticias\/2026\/02\/03\/iii-feira-de-docaria-conventual-lurdes-ramos-agradece-participacao\/"},"author":{"name":"Telinha","@id":"https:\/\/portaltela.pt\/#\/schema\/person\/c4278d4a6028830caff9ee44b42d32ed"},"headline":"III Feira de Do\u00e7aria Conventual Lurdes Ramos agradece participa\u00e7\u00e3o","datePublished":"2026-02-03T20:30:00+00:00","mainEntityOfPage":{"@id":"https:\/\/portaltela.pt\/noticias\/2026\/02\/03\/iii-feira-de-docaria-conventual-lurdes-ramos-agradece-participacao\/"},"wordCount":162,"image":{"@id":"https:\/\/portaltela.pt\/noticias\/2026\/02\/03\/iii-feira-de-docaria-conventual-lurdes-ramos-agradece-participacao\/#primaryimage"},"thumbnailUrl":"https:\/\/portaltela.pt\/s.01k8rhncp4jt1\/2026\/02\/III-FEIRA-DE-DOCARIA-CONVENTUAL-LURDES-RAMOS-AGRADECIMENTO-A.jpg","keywords":["Caixa Central de Cr\u00e9dito Agr\u00edcola M\u00fatuo","cultura","Delta Caf\u00e9s","do\u00e7aria","feiras internacionais","Qualifica Origin de Portugal"],"articleSection":["Not\u00edcias"],"inLanguage":"pt-PT"},{"@type":"WebPage","@id":"https:\/\/portaltela.pt\/noticias\/2026\/02\/03\/iii-feira-de-docaria-conventual-lurdes-ramos-agradece-participacao\/","url":"https:\/\/portaltela.pt\/noticias\/2026\/02\/03\/iii-feira-de-docaria-conventual-lurdes-ramos-agradece-participacao\/","name":"III Feira de Do\u00e7aria Conventual Lurdes Ramos agradece participa\u00e7\u00e3o - Portal Tela Portugal","isPartOf":{"@id":"https:\/\/portaltela.pt\/#website"},"primaryImageOfPage":{"@id":"https:\/\/portaltela.pt\/noticias\/2026\/02\/03\/iii-feira-de-docaria-conventual-lurdes-ramos-agradece-participacao\/#primaryimage"},"image":{"@id":"https:\/\/portaltela.pt\/noticias\/2026\/02\/03\/iii-feira-de-docaria-conventual-lurdes-ramos-agradece-participacao\/#primaryimage"},"thumbnailUrl":"https:\/\/portaltela.pt\/s.01k8rhncp4jt1\/2026\/02\/III-FEIRA-DE-DOCARIA-CONVENTUAL-LURDES-RAMOS-AGRADECIMENTO-A.jpg","datePublished":"2026-02-03T20:30:00+00:00","author":{"@id":"https:\/\/portaltela.pt\/#\/schema\/person\/c4278d4a6028830caff9ee44b42d32ed"},"breadcrumb":{"@id":"https:\/\/portaltela.pt\/noticias\/2026\/02\/03\/iii-feira-de-docaria-conventual-lurdes-ramos-agradece-participacao\/#breadcrumb"},"inLanguage":"pt-PT","potentialAction":[{"@type":"ReadAction","target":["https:\/\/portaltela.pt\/noticias\/2026\/02\/03\/iii-feira-de-docaria-conventual-lurdes-ramos-agradece-participacao\/"]}]},{"@type":"ImageObject","inLanguage":"pt-PT","@id":"https:\/\/portaltela.pt\/noticias\/2026\/02\/03\/iii-feira-de-docaria-conventual-lurdes-ramos-agradece-participacao\/#primaryimage","url":"https:\/\/portaltela.pt\/s.01k8rhncp4jt1\/2026\/02\/III-FEIRA-DE-DOCARIA-CONVENTUAL-LURDES-RAMOS-AGRADECIMENTO-A.jpg","contentUrl":"https:\/\/portaltela.pt\/s.01k8rhncp4jt1\/2026\/02\/III-FEIRA-DE-DOCARIA-CONVENTUAL-LURDES-RAMOS-AGRADECIMENTO-A.jpg","width":796,"height":448,"caption":"III FEIRA DE DO\u00c7ARIA CONVENTUAL \u201cLURDES RAMOS\u201d | AGRADECIMENTO A III Feira de Do\u2026"},{"@type":"BreadcrumbList","@id":"https:\/\/portaltela.pt\/noticias\/2026\/02\/03\/iii-feira-de-docaria-conventual-lurdes-ramos-agradece-participacao\/#breadcrumb","itemListElement":[{"@type":"ListItem","position":1,"name":"In\u00edcio","item":"https:\/\/portaltela.pt\/"},{"@type":"ListItem","position":2,"name":"III Feira de Do\u00e7aria Conventual Lurdes Ramos agradece participa\u00e7\u00e3o"}]},{"@type":"WebSite","@id":"https:\/\/portaltela.pt\/#website","url":"https:\/\/portaltela.pt\/","name":"Portal Tela Portugal","description":"","potentialAction":[{"@type":"SearchAction","target":{"@type":"EntryPoint","urlTemplate":"https:\/\/portaltela.pt\/?s={search_term_string}"},"query-input":{"@type":"PropertyValueSpecification","valueRequired":true,"valueName":"search_term_string"}}],"inLanguage":"pt-PT"},{"@type":"Person","@id":"https:\/\/portaltela.pt\/#\/schema\/person\/c4278d4a6028830caff9ee44b42d32ed","name":"Telinha","image":{"@type":"ImageObject","inLanguage":"pt-PT","@id":"https:\/\/portaltela.pt\/s.01k8rhncp4jt1\/2025\/11\/talking-bot-125x125.png","url":"https:\/\/portaltela.pt\/s.01k8rhncp4jt1\/2025\/11\/talking-bot-125x125.png","contentUrl":"https:\/\/portaltela.pt\/s.01k8rhncp4jt1\/2025\/11\/talking-bot-125x125.png","caption":"Telinha"},"sameAs":["https:\/\/portaltela.pt\/"],"url":"https:\/\/portaltela.pt\/por\/367410592786\/"}]}},"_links":{"self":[{"href":"https:\/\/portaltela.pt\/api\/wp\/v2\/posts\/195066","targetHints":{"allow":["GET"]}}],"collection":[{"href":"https:\/\/portaltela.pt\/api\/wp\/v2\/posts"}],"about":[{"href":"https:\/\/portaltela.pt\/api\/wp\/v2\/types\/post"}],"author":[{"embeddable":true,"href":"https:\/\/portaltela.pt\/api\/wp\/v2\/users\/2"}],"replies":[{"embeddable":true,"href":"https:\/\/portaltela.pt\/api\/wp\/v2\/comments?post=195066"}],"version-history":[{"count":0,"href":"https:\/\/portaltela.pt\/api\/wp\/v2\/posts\/195066\/revisions"}],"wp:featuredmedia":[{"embeddable":true,"href":"https:\/\/portaltela.pt\/api\/wp\/v2\/media\/195068"}],"wp:attachment":[{"href":"https:\/\/portaltela.pt\/api\/wp\/v2\/media?parent=195066"}],"wp:term":[{"taxonomy":"category","embeddable":true,"href":"https:\/\/portaltela.pt\/api\/wp\/v2\/categories?post=195066"},{"taxonomy":"post_tag","embeddable":true,"href":"https:\/\/portaltela.pt\/api\/wp\/v2\/tags?post=195066"}],"curies":[{"name":"wp","href":"https:\/\/api.w.org\/{rel}","templated":true}]}}