{"id":195050,"date":"2026-02-03T17:33:00","date_gmt":"2026-02-03T20:33:00","guid":{"rendered":"https:\/\/portaltela.pt\/noticias\/2026\/02\/03\/taca-de-portugal-regressa-apos-historico-europeu\/"},"modified":"2026-02-03T17:33:00","modified_gmt":"2026-02-03T20:33:00","slug":"taca-de-portugal-regressa-apos-historico-europeu","status":"publish","type":"post","link":"https:\/\/portaltela.pt\/desporto\/futebol\/2026\/02\/03\/taca-de-portugal-regressa-apos-historico-europeu\/","title":{"rendered":"Ta\u00e7a de Portugal regressa ap\u00f3s hist\u00f3rico Europeu"},"content":{"rendered":"<p>O Benfica inicia a Ta\u00e7a de Portugal na 16\u00aa de final, deslocando-se ao terreno do Avanca esta quarta-feira \u00e0s 20h00. A eliminat\u00f3ria marca o regresso das provas nacionais ap\u00f3s o hist\u00f3rico desempenho do Benfica no Europeu.<\/p>\n<p>A equipa encarnada chega \u00e0 reta final da pausa para o Europeu com apoio de atletas que estiveram ausentes dos treinos, mas consolidou uma boa fase na pr\u00e9-\u00e9poca. O t\u00e9cnico Jota Gonz\u00e1lez prev\u00ea um encontro sem margem para erro, com ambi\u00e7\u00e3o de seguir em frente na competi\u00e7\u00e3o.<\/p>\n<p>Para enfrentar o Avanca pela terceira vez, o Benfica enfrenta desafios: algumas aus\u00eancias e jogadores que chegaram apenas recentemente, mas a equipa est\u00e1 pronta para competir, conforme o treinador sublinhou \u00e0 televis\u00e3o interna do clube.<\/p>\n<p>Confronto com o Avanca<\/p>\n<p>O jogo frente ao Avanca, pela Ta\u00e7a de Portugal, \u00e9 o primeiro teste ap\u00f3s a paragem. A equipa considera que a intensidade e o ritmo de jogo s\u00e3o priorit\u00e1rios para superar o advers\u00e1rio e evitar surpresas.<\/p>\n<p>Caso ven\u00e7a, o Benfica segue para os oitavos de final, onde ir\u00e1 medir for\u00e7as com o Carvalhos, num encontro agendado para o pr\u00f3ximo s\u00e1bado. Este desfecho envolve ainda a an\u00e1lise da forma f\u00edsica dos atletas que estiveram no Europeu.<\/p>\n","protected":false},"excerpt":{"rendered":"<ul>\n<li>A Ta\u00e7a de Portugal regressa esta quarta-feira, com o Benfica a visitar o Avanca nos 16 avos de final, \u00e0s 20h00.<\/li>\n<li>O treinador Jota Gonz\u00e1lez mostrou-se confiante e lembrou que \u00e9 jogo a eliminar, sem margem para erro, para seguir na competi\u00e7\u00e3o.<\/li>\n<li>O regresso acontece depois do 5.\u00ba lugar dos Her\u00f3is do Mar no Europeu; alguns jogadores estiveram de fora da pr\u00e9-\u00e9poca.<\/li>\n<li>Esta \u00e9 a terceira vez que Benfica e Avanca se defrontam, com as \u00e1guias a admitir dificuldades da equipa contr\u00e1ria.<\/li>\n<li>Se vencerem, os encarnados defrontam o Carvalhos nos oitavos de final, agendados para este s\u00e1bado.<\/li>\n<\/ul>\n","protected":false},"author":2,"featured_media":195053,"comment_status":"closed","ping_status":"closed","sticky":false,"template":"","format":"standard","meta":{"footnotes":""},"categories":[21,24],"tags":[3572,1946,4248,32,1266],"class_list":["post-195050","post","type-post","status-publish","format-standard","has-post-thumbnail","hentry","category-desporto","category-futebol","tag-avanca","tag-benfica","tag-carvalhos","tag-futebol","tag-taca-de-portugal"],"yoast_head":"<!-- This site is optimized with the Yoast SEO plugin v27.2 - https:\/\/yoast.com\/product\/yoast-seo-wordpress\/ -->\n<title>Ta\u00e7a de Portugal regressa ap\u00f3s hist\u00f3rico Europeu - Portal Tela Portugal<\/title>\n<meta name=\"robots\" content=\"index, follow, max-snippet:-1, max-image-preview:large, max-video-preview:-1\" \/>\n<meta property=\"og:locale\" content=\"pt_PT\" \/>\n<meta property=\"og:type\" content=\"article\" \/>\n<meta property=\"og:title\" content=\"Ta\u00e7a de Portugal regressa ap\u00f3s hist\u00f3rico Europeu - Portal Tela Portugal\" \/>\n<meta property=\"og:description\" content=\"A Ta\u00e7a de Portugal regressa esta quarta-feira, com o Benfica a visitar o Avanca nos 16 avos de final, \u00e0s 20h00. O treinador Jota Gonz\u00e1lez mostrou-se confiante e lembrou que \u00e9 jogo a eliminar, sem margem para erro, para seguir na competi\u00e7\u00e3o. O regresso acontece depois do 5.\u00ba lugar dos Her\u00f3is do Mar no Europeu; alguns jogadores estiveram de fora da pr\u00e9-\u00e9poca. Esta \u00e9 a terceira vez que Benfica e Avanca se defrontam, com as \u00e1guias a admitir dificuldades da equipa contr\u00e1ria. Se vencerem, os encarnados defrontam o Carvalhos nos oitavos de final, agendados para este s\u00e1bado.\" \/>\n<meta property=\"og:url\" content=\"https:\/\/portaltela.pt\/noticias\/2026\/02\/03\/taca-de-portugal-regressa-apos-historico-europeu\/\" \/>\n<meta property=\"og:site_name\" content=\"Portal Tela Portugal\" \/>\n<meta property=\"article:published_time\" content=\"2026-02-03T20:33:00+00:00\" \/>\n<meta name=\"author\" content=\"Telinha\" \/>\n<meta name=\"twitter:card\" content=\"summary_large_image\" \/>\n<meta name=\"twitter:label1\" content=\"Escrito por\" \/>\n\t<meta name=\"twitter:data1\" content=\"Telinha\" \/>\n\t<meta name=\"twitter:label2\" content=\"Tempo estimado de leitura\" \/>\n\t<meta name=\"twitter:data2\" content=\"1 minuto\" \/>\n<script type=\"application\/ld+json\" class=\"yoast-schema-graph\">{\"@context\":\"https:\/\/schema.org\",\"@graph\":[{\"@type\":\"Article\",\"@id\":\"https:\/\/portaltela.pt\/noticias\/2026\/02\/03\/taca-de-portugal-regressa-apos-historico-europeu\/#article\",\"isPartOf\":{\"@id\":\"https:\/\/portaltela.pt\/noticias\/2026\/02\/03\/taca-de-portugal-regressa-apos-historico-europeu\/\"},\"author\":{\"name\":\"Telinha\",\"@id\":\"https:\/\/portaltela.pt\/#\/schema\/person\/c4278d4a6028830caff9ee44b42d32ed\"},\"headline\":\"Ta\u00e7a de Portugal regressa ap\u00f3s hist\u00f3rico Europeu\",\"datePublished\":\"2026-02-03T20:33:00+00:00\",\"mainEntityOfPage\":{\"@id\":\"https:\/\/portaltela.pt\/noticias\/2026\/02\/03\/taca-de-portugal-regressa-apos-historico-europeu\/\"},\"wordCount\":226,\"image\":{\"@id\":\"https:\/\/portaltela.pt\/noticias\/2026\/02\/03\/taca-de-portugal-regressa-apos-historico-europeu\/#primaryimage\"},\"thumbnailUrl\":\"https:\/\/portaltela.pt\/s.01k8rhncp4jt1\/2026\/02\/img_920x518uu2026-02-03-20-31-54-2419360.jpg\",\"keywords\":[\"Avanca\",\"Benfica\",\"Carvalhos\",\"futebol\",\"Ta\u00e7a de Portugal\"],\"articleSection\":[\"Desporto\",\"Futebol\"],\"inLanguage\":\"pt-PT\"},{\"@type\":\"WebPage\",\"@id\":\"https:\/\/portaltela.pt\/noticias\/2026\/02\/03\/taca-de-portugal-regressa-apos-historico-europeu\/\",\"url\":\"https:\/\/portaltela.pt\/noticias\/2026\/02\/03\/taca-de-portugal-regressa-apos-historico-europeu\/\",\"name\":\"Ta\u00e7a de Portugal regressa ap\u00f3s hist\u00f3rico Europeu - Portal Tela Portugal\",\"isPartOf\":{\"@id\":\"https:\/\/portaltela.pt\/#website\"},\"primaryImageOfPage\":{\"@id\":\"https:\/\/portaltela.pt\/noticias\/2026\/02\/03\/taca-de-portugal-regressa-apos-historico-europeu\/#primaryimage\"},\"image\":{\"@id\":\"https:\/\/portaltela.pt\/noticias\/2026\/02\/03\/taca-de-portugal-regressa-apos-historico-europeu\/#primaryimage\"},\"thumbnailUrl\":\"https:\/\/portaltela.pt\/s.01k8rhncp4jt1\/2026\/02\/img_920x518uu2026-02-03-20-31-54-2419360.jpg\",\"datePublished\":\"2026-02-03T20:33:00+00:00\",\"author\":{\"@id\":\"https:\/\/portaltela.pt\/#\/schema\/person\/c4278d4a6028830caff9ee44b42d32ed\"},\"breadcrumb\":{\"@id\":\"https:\/\/portaltela.pt\/noticias\/2026\/02\/03\/taca-de-portugal-regressa-apos-historico-europeu\/#breadcrumb\"},\"inLanguage\":\"pt-PT\",\"potentialAction\":[{\"@type\":\"ReadAction\",\"target\":[\"https:\/\/portaltela.pt\/noticias\/2026\/02\/03\/taca-de-portugal-regressa-apos-historico-europeu\/\"]}]},{\"@type\":\"ImageObject\",\"inLanguage\":\"pt-PT\",\"@id\":\"https:\/\/portaltela.pt\/noticias\/2026\/02\/03\/taca-de-portugal-regressa-apos-historico-europeu\/#primaryimage\",\"url\":\"https:\/\/portaltela.pt\/s.01k8rhncp4jt1\/2026\/02\/img_920x518uu2026-02-03-20-31-54-2419360.jpg\",\"contentUrl\":\"https:\/\/portaltela.pt\/s.01k8rhncp4jt1\/2026\/02\/img_920x518uu2026-02-03-20-31-54-2419360.jpg\",\"width\":796,\"height\":448,\"caption\":\"Benfica defronta Avanca nos 16 avos de final da Ta\u00e7a de Portugal\"},{\"@type\":\"BreadcrumbList\",\"@id\":\"https:\/\/portaltela.pt\/noticias\/2026\/02\/03\/taca-de-portugal-regressa-apos-historico-europeu\/#breadcrumb\",\"itemListElement\":[{\"@type\":\"ListItem\",\"position\":1,\"name\":\"In\u00edcio\",\"item\":\"https:\/\/portaltela.pt\/\"},{\"@type\":\"ListItem\",\"position\":2,\"name\":\"Ta\u00e7a de Portugal regressa ap\u00f3s hist\u00f3rico Europeu\"}]},{\"@type\":\"WebSite\",\"@id\":\"https:\/\/portaltela.pt\/#website\",\"url\":\"https:\/\/portaltela.pt\/\",\"name\":\"Portal Tela Portugal\",\"description\":\"\",\"potentialAction\":[{\"@type\":\"SearchAction\",\"target\":{\"@type\":\"EntryPoint\",\"urlTemplate\":\"https:\/\/portaltela.pt\/?s={search_term_string}\"},\"query-input\":{\"@type\":\"PropertyValueSpecification\",\"valueRequired\":true,\"valueName\":\"search_term_string\"}}],\"inLanguage\":\"pt-PT\"},{\"@type\":\"Person\",\"@id\":\"https:\/\/portaltela.pt\/#\/schema\/person\/c4278d4a6028830caff9ee44b42d32ed\",\"name\":\"Telinha\",\"image\":{\"@type\":\"ImageObject\",\"inLanguage\":\"pt-PT\",\"@id\":\"https:\/\/portaltela.pt\/s.01k8rhncp4jt1\/2025\/11\/talking-bot-125x125.png\",\"url\":\"https:\/\/portaltela.pt\/s.01k8rhncp4jt1\/2025\/11\/talking-bot-125x125.png\",\"contentUrl\":\"https:\/\/portaltela.pt\/s.01k8rhncp4jt1\/2025\/11\/talking-bot-125x125.png\",\"caption\":\"Telinha\"},\"sameAs\":[\"https:\/\/portaltela.pt\/\"],\"url\":\"https:\/\/portaltela.pt\/por\/367410592786\/\"}]}<\/script>\n<!-- \/ Yoast SEO plugin. -->","yoast_head_json":{"title":"Ta\u00e7a de Portugal regressa ap\u00f3s hist\u00f3rico Europeu - Portal Tela Portugal","robots":{"index":"index","follow":"follow","max-snippet":"max-snippet:-1","max-image-preview":"max-image-preview:large","max-video-preview":"max-video-preview:-1"},"og_locale":"pt_PT","og_type":"article","og_title":"Ta\u00e7a de Portugal regressa ap\u00f3s hist\u00f3rico Europeu - Portal Tela Portugal","og_description":"A Ta\u00e7a de Portugal regressa esta quarta-feira, com o Benfica a visitar o Avanca nos 16 avos de final, \u00e0s 20h00. O treinador Jota Gonz\u00e1lez mostrou-se confiante e lembrou que \u00e9 jogo a eliminar, sem margem para erro, para seguir na competi\u00e7\u00e3o. O regresso acontece depois do 5.\u00ba lugar dos Her\u00f3is do Mar no Europeu; alguns jogadores estiveram de fora da pr\u00e9-\u00e9poca. Esta \u00e9 a terceira vez que Benfica e Avanca se defrontam, com as \u00e1guias a admitir dificuldades da equipa contr\u00e1ria. Se vencerem, os encarnados defrontam o Carvalhos nos oitavos de final, agendados para este s\u00e1bado.","og_url":"https:\/\/portaltela.pt\/noticias\/2026\/02\/03\/taca-de-portugal-regressa-apos-historico-europeu\/","og_site_name":"Portal Tela Portugal","article_published_time":"2026-02-03T20:33:00+00:00","author":"Telinha","twitter_card":"summary_large_image","twitter_misc":{"Escrito por":"Telinha","Tempo estimado de leitura":"1 minuto"},"schema":{"@context":"https:\/\/schema.org","@graph":[{"@type":"Article","@id":"https:\/\/portaltela.pt\/noticias\/2026\/02\/03\/taca-de-portugal-regressa-apos-historico-europeu\/#article","isPartOf":{"@id":"https:\/\/portaltela.pt\/noticias\/2026\/02\/03\/taca-de-portugal-regressa-apos-historico-europeu\/"},"author":{"name":"Telinha","@id":"https:\/\/portaltela.pt\/#\/schema\/person\/c4278d4a6028830caff9ee44b42d32ed"},"headline":"Ta\u00e7a de Portugal regressa ap\u00f3s hist\u00f3rico Europeu","datePublished":"2026-02-03T20:33:00+00:00","mainEntityOfPage":{"@id":"https:\/\/portaltela.pt\/noticias\/2026\/02\/03\/taca-de-portugal-regressa-apos-historico-europeu\/"},"wordCount":226,"image":{"@id":"https:\/\/portaltela.pt\/noticias\/2026\/02\/03\/taca-de-portugal-regressa-apos-historico-europeu\/#primaryimage"},"thumbnailUrl":"https:\/\/portaltela.pt\/s.01k8rhncp4jt1\/2026\/02\/img_920x518uu2026-02-03-20-31-54-2419360.jpg","keywords":["Avanca","Benfica","Carvalhos","futebol","Ta\u00e7a de Portugal"],"articleSection":["Desporto","Futebol"],"inLanguage":"pt-PT"},{"@type":"WebPage","@id":"https:\/\/portaltela.pt\/noticias\/2026\/02\/03\/taca-de-portugal-regressa-apos-historico-europeu\/","url":"https:\/\/portaltela.pt\/noticias\/2026\/02\/03\/taca-de-portugal-regressa-apos-historico-europeu\/","name":"Ta\u00e7a de Portugal regressa ap\u00f3s hist\u00f3rico Europeu - Portal Tela Portugal","isPartOf":{"@id":"https:\/\/portaltela.pt\/#website"},"primaryImageOfPage":{"@id":"https:\/\/portaltela.pt\/noticias\/2026\/02\/03\/taca-de-portugal-regressa-apos-historico-europeu\/#primaryimage"},"image":{"@id":"https:\/\/portaltela.pt\/noticias\/2026\/02\/03\/taca-de-portugal-regressa-apos-historico-europeu\/#primaryimage"},"thumbnailUrl":"https:\/\/portaltela.pt\/s.01k8rhncp4jt1\/2026\/02\/img_920x518uu2026-02-03-20-31-54-2419360.jpg","datePublished":"2026-02-03T20:33:00+00:00","author":{"@id":"https:\/\/portaltela.pt\/#\/schema\/person\/c4278d4a6028830caff9ee44b42d32ed"},"breadcrumb":{"@id":"https:\/\/portaltela.pt\/noticias\/2026\/02\/03\/taca-de-portugal-regressa-apos-historico-europeu\/#breadcrumb"},"inLanguage":"pt-PT","potentialAction":[{"@type":"ReadAction","target":["https:\/\/portaltela.pt\/noticias\/2026\/02\/03\/taca-de-portugal-regressa-apos-historico-europeu\/"]}]},{"@type":"ImageObject","inLanguage":"pt-PT","@id":"https:\/\/portaltela.pt\/noticias\/2026\/02\/03\/taca-de-portugal-regressa-apos-historico-europeu\/#primaryimage","url":"https:\/\/portaltela.pt\/s.01k8rhncp4jt1\/2026\/02\/img_920x518uu2026-02-03-20-31-54-2419360.jpg","contentUrl":"https:\/\/portaltela.pt\/s.01k8rhncp4jt1\/2026\/02\/img_920x518uu2026-02-03-20-31-54-2419360.jpg","width":796,"height":448,"caption":"Benfica defronta Avanca nos 16 avos de final da Ta\u00e7a de Portugal"},{"@type":"BreadcrumbList","@id":"https:\/\/portaltela.pt\/noticias\/2026\/02\/03\/taca-de-portugal-regressa-apos-historico-europeu\/#breadcrumb","itemListElement":[{"@type":"ListItem","position":1,"name":"In\u00edcio","item":"https:\/\/portaltela.pt\/"},{"@type":"ListItem","position":2,"name":"Ta\u00e7a de Portugal regressa ap\u00f3s hist\u00f3rico Europeu"}]},{"@type":"WebSite","@id":"https:\/\/portaltela.pt\/#website","url":"https:\/\/portaltela.pt\/","name":"Portal Tela Portugal","description":"","potentialAction":[{"@type":"SearchAction","target":{"@type":"EntryPoint","urlTemplate":"https:\/\/portaltela.pt\/?s={search_term_string}"},"query-input":{"@type":"PropertyValueSpecification","valueRequired":true,"valueName":"search_term_string"}}],"inLanguage":"pt-PT"},{"@type":"Person","@id":"https:\/\/portaltela.pt\/#\/schema\/person\/c4278d4a6028830caff9ee44b42d32ed","name":"Telinha","image":{"@type":"ImageObject","inLanguage":"pt-PT","@id":"https:\/\/portaltela.pt\/s.01k8rhncp4jt1\/2025\/11\/talking-bot-125x125.png","url":"https:\/\/portaltela.pt\/s.01k8rhncp4jt1\/2025\/11\/talking-bot-125x125.png","contentUrl":"https:\/\/portaltela.pt\/s.01k8rhncp4jt1\/2025\/11\/talking-bot-125x125.png","caption":"Telinha"},"sameAs":["https:\/\/portaltela.pt\/"],"url":"https:\/\/portaltela.pt\/por\/367410592786\/"}]}},"_links":{"self":[{"href":"https:\/\/portaltela.pt\/api\/wp\/v2\/posts\/195050","targetHints":{"allow":["GET"]}}],"collection":[{"href":"https:\/\/portaltela.pt\/api\/wp\/v2\/posts"}],"about":[{"href":"https:\/\/portaltela.pt\/api\/wp\/v2\/types\/post"}],"author":[{"embeddable":true,"href":"https:\/\/portaltela.pt\/api\/wp\/v2\/users\/2"}],"replies":[{"embeddable":true,"href":"https:\/\/portaltela.pt\/api\/wp\/v2\/comments?post=195050"}],"version-history":[{"count":0,"href":"https:\/\/portaltela.pt\/api\/wp\/v2\/posts\/195050\/revisions"}],"wp:featuredmedia":[{"embeddable":true,"href":"https:\/\/portaltela.pt\/api\/wp\/v2\/media\/195053"}],"wp:attachment":[{"href":"https:\/\/portaltela.pt\/api\/wp\/v2\/media?parent=195050"}],"wp:term":[{"taxonomy":"category","embeddable":true,"href":"https:\/\/portaltela.pt\/api\/wp\/v2\/categories?post=195050"},{"taxonomy":"post_tag","embeddable":true,"href":"https:\/\/portaltela.pt\/api\/wp\/v2\/tags?post=195050"}],"curies":[{"name":"wp","href":"https:\/\/api.w.org\/{rel}","templated":true}]}}