{"id":195027,"date":"2026-02-03T17:05:00","date_gmt":"2026-02-03T20:05:00","guid":{"rendered":"https:\/\/portaltela.pt\/noticias\/2026\/02\/03\/ministro-manuel-castro-de-almeida-na-grande-entrevista-na-rtp-amanha\/"},"modified":"2026-02-03T17:05:00","modified_gmt":"2026-02-03T20:05:00","slug":"ministro-manuel-castro-de-almeida-na-grande-entrevista-na-rtp-amanha","status":"publish","type":"post","link":"https:\/\/portaltela.pt\/noticias\/politica\/2026\/02\/03\/ministro-manuel-castro-de-almeida-na-grande-entrevista-na-rtp-amanha\/","title":{"rendered":"Ministro Manuel Castro de Almeida na Grande Entrevista na RTP amanh\u00e3"},"content":{"rendered":"<p>O ministro da Economia e da Coes\u00e3o Territorial, Manuel Castro de Almeida, \u00e9 o convidado da Grande Entrevista, amanh\u00e3 na RTP Not\u00edcias. A emiss\u00e3o acontece \u00e0s 22h30, na televis\u00e3o p\u00fablica portuguesa.<\/p>\n<p>A entrevista centra-se nas respostas do Governo ap\u00f3s a tempestade que afetou v\u00e1rias regi\u00f5es do pa\u00eds e no impacto sentido no terreno. O objetivo \u00e9 explicar as medidas previstas para apoiar as zonas mais atingidas.<\/p>\n<p>Segundo a informa\u00e7\u00e3o divulgada, o programa pretende avaliar a repercuss\u00e3o da situa\u00e7\u00e3o na economia e na sociedade portuguesas, num momento descrito como delicado para esses territ\u00f3rios.<\/p>\n<p>A Grande Entrevista ser\u00e1 emitida pela RTP Not\u00edcias \u00e0s 22h30. O formato permitir\u00e1 conhecer, de forma direta, as linhas de atua\u00e7\u00e3o do Governo face aos efeitos da tempestade.<\/p>\n","protected":false},"excerpt":{"rendered":"<ul>\n<li>O ministro da Economia e da Coes\u00e3o Territorial, Manuel Castro de Almeida, \u00e9 o convidado da Grande Entrevista, amanh\u00e3 \u00e0s 22h30, na RTP Not\u00edcias.<\/li>\n<li>A entrevista ocorre na quarta-feira, 4 de fevereiro de 2026, \u00e0s 22h30, e \u00e9 emitida pela RTP Not\u00edcias.<\/li>\n<li>O foco vai ser as respostas do Governo ap\u00f3s a tempestade que atingiu v\u00e1rias regi\u00f5es do pa\u00eds.<\/li>\n<li>Ser\u00e3o apreciadas as medidas previstas para apoiar as zonas mais afetadas.<\/li>\n<li>A conversa tamb\u00e9m vai avaliar a repercuss\u00e3o da situa\u00e7\u00e3o na economia e na sociedade portuguesas, num momento descrito como delicado para esses territ\u00f3rios.<\/li>\n<\/ul>\n","protected":false},"author":2,"featured_media":195032,"comment_status":"closed","ping_status":"closed","sticky":false,"template":"","format":"standard","meta":{"footnotes":""},"categories":[1,5],"tags":[5050,830,28,34,41,4614],"class_list":["post-195027","post","type-post","status-publish","format-standard","has-post-thumbnail","hentry","category-noticias","category-politica","tag-calamidades-publicas","tag-coesao-territorial","tag-economia","tag-governo","tag-noticia","tag-situacoes-sociais"],"yoast_head":"<!-- This site is optimized with the Yoast SEO plugin v27.2 - https:\/\/yoast.com\/product\/yoast-seo-wordpress\/ -->\n<title>Ministro Manuel Castro de Almeida na Grande Entrevista na RTP amanh\u00e3 - Portal Tela Portugal<\/title>\n<meta name=\"robots\" content=\"index, follow, max-snippet:-1, max-image-preview:large, max-video-preview:-1\" \/>\n<meta property=\"og:locale\" content=\"pt_PT\" \/>\n<meta property=\"og:type\" content=\"article\" \/>\n<meta property=\"og:title\" content=\"Ministro Manuel Castro de Almeida na Grande Entrevista na RTP amanh\u00e3 - Portal Tela Portugal\" \/>\n<meta property=\"og:description\" content=\"O ministro da Economia e da Coes\u00e3o Territorial, Manuel Castro de Almeida, \u00e9 o convidado da Grande Entrevista, amanh\u00e3 \u00e0s 22h30, na RTP Not\u00edcias. A entrevista ocorre na quarta-feira, 4 de fevereiro de 2026, \u00e0s 22h30, e \u00e9 emitida pela RTP Not\u00edcias. O foco vai ser as respostas do Governo ap\u00f3s a tempestade que atingiu v\u00e1rias regi\u00f5es do pa\u00eds. Ser\u00e3o apreciadas as medidas previstas para apoiar as zonas mais afetadas. A conversa tamb\u00e9m vai avaliar a repercuss\u00e3o da situa\u00e7\u00e3o na economia e na sociedade portuguesas, num momento descrito como delicado para esses territ\u00f3rios.\" \/>\n<meta property=\"og:url\" content=\"https:\/\/portaltela.pt\/noticias\/2026\/02\/03\/ministro-manuel-castro-de-almeida-na-grande-entrevista-na-rtp-amanha\/\" \/>\n<meta property=\"og:site_name\" content=\"Portal Tela Portugal\" \/>\n<meta property=\"article:published_time\" content=\"2026-02-03T20:05:00+00:00\" \/>\n<meta name=\"author\" content=\"Telinha\" \/>\n<meta name=\"twitter:card\" content=\"summary_large_image\" \/>\n<meta name=\"twitter:label1\" content=\"Escrito por\" \/>\n\t<meta name=\"twitter:data1\" content=\"Telinha\" \/>\n\t<meta name=\"twitter:label2\" content=\"Tempo estimado de leitura\" \/>\n\t<meta name=\"twitter:data2\" content=\"1 minuto\" \/>\n<script type=\"application\/ld+json\" class=\"yoast-schema-graph\">{\"@context\":\"https:\/\/schema.org\",\"@graph\":[{\"@type\":\"Article\",\"@id\":\"https:\/\/portaltela.pt\/noticias\/2026\/02\/03\/ministro-manuel-castro-de-almeida-na-grande-entrevista-na-rtp-amanha\/#article\",\"isPartOf\":{\"@id\":\"https:\/\/portaltela.pt\/noticias\/2026\/02\/03\/ministro-manuel-castro-de-almeida-na-grande-entrevista-na-rtp-amanha\/\"},\"author\":{\"name\":\"Telinha\",\"@id\":\"https:\/\/portaltela.pt\/#\/schema\/person\/c4278d4a6028830caff9ee44b42d32ed\"},\"headline\":\"Ministro Manuel Castro de Almeida na Grande Entrevista na RTP amanh\u00e3\",\"datePublished\":\"2026-02-03T20:05:00+00:00\",\"mainEntityOfPage\":{\"@id\":\"https:\/\/portaltela.pt\/noticias\/2026\/02\/03\/ministro-manuel-castro-de-almeida-na-grande-entrevista-na-rtp-amanha\/\"},\"wordCount\":144,\"image\":{\"@id\":\"https:\/\/portaltela.pt\/noticias\/2026\/02\/03\/ministro-manuel-castro-de-almeida-na-grande-entrevista-na-rtp-amanha\/#primaryimage\"},\"thumbnailUrl\":\"https:\/\/portaltela.pt\/s.01k8rhncp4jt1\/2026\/02\/unnamed-file-987.jpg\",\"keywords\":[\"calamidades p\u00fablicas\",\"Coes\u00e3o Territorial\",\"economia\",\"governo\",\"not\u00edcia\",\"situa\u00e7\u00f5es sociais\"],\"articleSection\":[\"Not\u00edcias\",\"Pol\u00edtica\"],\"inLanguage\":\"pt-PT\"},{\"@type\":\"WebPage\",\"@id\":\"https:\/\/portaltela.pt\/noticias\/2026\/02\/03\/ministro-manuel-castro-de-almeida-na-grande-entrevista-na-rtp-amanha\/\",\"url\":\"https:\/\/portaltela.pt\/noticias\/2026\/02\/03\/ministro-manuel-castro-de-almeida-na-grande-entrevista-na-rtp-amanha\/\",\"name\":\"Ministro Manuel Castro de Almeida na Grande Entrevista na RTP amanh\u00e3 - Portal Tela Portugal\",\"isPartOf\":{\"@id\":\"https:\/\/portaltela.pt\/#website\"},\"primaryImageOfPage\":{\"@id\":\"https:\/\/portaltela.pt\/noticias\/2026\/02\/03\/ministro-manuel-castro-de-almeida-na-grande-entrevista-na-rtp-amanha\/#primaryimage\"},\"image\":{\"@id\":\"https:\/\/portaltela.pt\/noticias\/2026\/02\/03\/ministro-manuel-castro-de-almeida-na-grande-entrevista-na-rtp-amanha\/#primaryimage\"},\"thumbnailUrl\":\"https:\/\/portaltela.pt\/s.01k8rhncp4jt1\/2026\/02\/unnamed-file-987.jpg\",\"datePublished\":\"2026-02-03T20:05:00+00:00\",\"author\":{\"@id\":\"https:\/\/portaltela.pt\/#\/schema\/person\/c4278d4a6028830caff9ee44b42d32ed\"},\"breadcrumb\":{\"@id\":\"https:\/\/portaltela.pt\/noticias\/2026\/02\/03\/ministro-manuel-castro-de-almeida-na-grande-entrevista-na-rtp-amanha\/#breadcrumb\"},\"inLanguage\":\"pt-PT\",\"potentialAction\":[{\"@type\":\"ReadAction\",\"target\":[\"https:\/\/portaltela.pt\/noticias\/2026\/02\/03\/ministro-manuel-castro-de-almeida-na-grande-entrevista-na-rtp-amanha\/\"]}]},{\"@type\":\"ImageObject\",\"inLanguage\":\"pt-PT\",\"@id\":\"https:\/\/portaltela.pt\/noticias\/2026\/02\/03\/ministro-manuel-castro-de-almeida-na-grande-entrevista-na-rtp-amanha\/#primaryimage\",\"url\":\"https:\/\/portaltela.pt\/s.01k8rhncp4jt1\/2026\/02\/unnamed-file-987.jpg\",\"contentUrl\":\"https:\/\/portaltela.pt\/s.01k8rhncp4jt1\/2026\/02\/unnamed-file-987.jpg\",\"width\":796,\"height\":448,\"caption\":\"Ministro Manuel Castro de Almeida na Grande Entrevista amanh\u00e3 na RTP\"},{\"@type\":\"BreadcrumbList\",\"@id\":\"https:\/\/portaltela.pt\/noticias\/2026\/02\/03\/ministro-manuel-castro-de-almeida-na-grande-entrevista-na-rtp-amanha\/#breadcrumb\",\"itemListElement\":[{\"@type\":\"ListItem\",\"position\":1,\"name\":\"In\u00edcio\",\"item\":\"https:\/\/portaltela.pt\/\"},{\"@type\":\"ListItem\",\"position\":2,\"name\":\"Ministro Manuel Castro de Almeida na Grande Entrevista na RTP amanh\u00e3\"}]},{\"@type\":\"WebSite\",\"@id\":\"https:\/\/portaltela.pt\/#website\",\"url\":\"https:\/\/portaltela.pt\/\",\"name\":\"Portal Tela Portugal\",\"description\":\"\",\"potentialAction\":[{\"@type\":\"SearchAction\",\"target\":{\"@type\":\"EntryPoint\",\"urlTemplate\":\"https:\/\/portaltela.pt\/?s={search_term_string}\"},\"query-input\":{\"@type\":\"PropertyValueSpecification\",\"valueRequired\":true,\"valueName\":\"search_term_string\"}}],\"inLanguage\":\"pt-PT\"},{\"@type\":\"Person\",\"@id\":\"https:\/\/portaltela.pt\/#\/schema\/person\/c4278d4a6028830caff9ee44b42d32ed\",\"name\":\"Telinha\",\"image\":{\"@type\":\"ImageObject\",\"inLanguage\":\"pt-PT\",\"@id\":\"https:\/\/portaltela.pt\/s.01k8rhncp4jt1\/2025\/11\/talking-bot-125x125.png\",\"url\":\"https:\/\/portaltela.pt\/s.01k8rhncp4jt1\/2025\/11\/talking-bot-125x125.png\",\"contentUrl\":\"https:\/\/portaltela.pt\/s.01k8rhncp4jt1\/2025\/11\/talking-bot-125x125.png\",\"caption\":\"Telinha\"},\"sameAs\":[\"https:\/\/portaltela.pt\/\"],\"url\":\"https:\/\/portaltela.pt\/por\/367410592786\/\"}]}<\/script>\n<!-- \/ Yoast SEO plugin. -->","yoast_head_json":{"title":"Ministro Manuel Castro de Almeida na Grande Entrevista na RTP amanh\u00e3 - Portal Tela Portugal","robots":{"index":"index","follow":"follow","max-snippet":"max-snippet:-1","max-image-preview":"max-image-preview:large","max-video-preview":"max-video-preview:-1"},"og_locale":"pt_PT","og_type":"article","og_title":"Ministro Manuel Castro de Almeida na Grande Entrevista na RTP amanh\u00e3 - Portal Tela Portugal","og_description":"O ministro da Economia e da Coes\u00e3o Territorial, Manuel Castro de Almeida, \u00e9 o convidado da Grande Entrevista, amanh\u00e3 \u00e0s 22h30, na RTP Not\u00edcias. A entrevista ocorre na quarta-feira, 4 de fevereiro de 2026, \u00e0s 22h30, e \u00e9 emitida pela RTP Not\u00edcias. O foco vai ser as respostas do Governo ap\u00f3s a tempestade que atingiu v\u00e1rias regi\u00f5es do pa\u00eds. Ser\u00e3o apreciadas as medidas previstas para apoiar as zonas mais afetadas. A conversa tamb\u00e9m vai avaliar a repercuss\u00e3o da situa\u00e7\u00e3o na economia e na sociedade portuguesas, num momento descrito como delicado para esses territ\u00f3rios.","og_url":"https:\/\/portaltela.pt\/noticias\/2026\/02\/03\/ministro-manuel-castro-de-almeida-na-grande-entrevista-na-rtp-amanha\/","og_site_name":"Portal Tela Portugal","article_published_time":"2026-02-03T20:05:00+00:00","author":"Telinha","twitter_card":"summary_large_image","twitter_misc":{"Escrito por":"Telinha","Tempo estimado de leitura":"1 minuto"},"schema":{"@context":"https:\/\/schema.org","@graph":[{"@type":"Article","@id":"https:\/\/portaltela.pt\/noticias\/2026\/02\/03\/ministro-manuel-castro-de-almeida-na-grande-entrevista-na-rtp-amanha\/#article","isPartOf":{"@id":"https:\/\/portaltela.pt\/noticias\/2026\/02\/03\/ministro-manuel-castro-de-almeida-na-grande-entrevista-na-rtp-amanha\/"},"author":{"name":"Telinha","@id":"https:\/\/portaltela.pt\/#\/schema\/person\/c4278d4a6028830caff9ee44b42d32ed"},"headline":"Ministro Manuel Castro de Almeida na Grande Entrevista na RTP amanh\u00e3","datePublished":"2026-02-03T20:05:00+00:00","mainEntityOfPage":{"@id":"https:\/\/portaltela.pt\/noticias\/2026\/02\/03\/ministro-manuel-castro-de-almeida-na-grande-entrevista-na-rtp-amanha\/"},"wordCount":144,"image":{"@id":"https:\/\/portaltela.pt\/noticias\/2026\/02\/03\/ministro-manuel-castro-de-almeida-na-grande-entrevista-na-rtp-amanha\/#primaryimage"},"thumbnailUrl":"https:\/\/portaltela.pt\/s.01k8rhncp4jt1\/2026\/02\/unnamed-file-987.jpg","keywords":["calamidades p\u00fablicas","Coes\u00e3o Territorial","economia","governo","not\u00edcia","situa\u00e7\u00f5es sociais"],"articleSection":["Not\u00edcias","Pol\u00edtica"],"inLanguage":"pt-PT"},{"@type":"WebPage","@id":"https:\/\/portaltela.pt\/noticias\/2026\/02\/03\/ministro-manuel-castro-de-almeida-na-grande-entrevista-na-rtp-amanha\/","url":"https:\/\/portaltela.pt\/noticias\/2026\/02\/03\/ministro-manuel-castro-de-almeida-na-grande-entrevista-na-rtp-amanha\/","name":"Ministro Manuel Castro de Almeida na Grande Entrevista na RTP amanh\u00e3 - Portal Tela Portugal","isPartOf":{"@id":"https:\/\/portaltela.pt\/#website"},"primaryImageOfPage":{"@id":"https:\/\/portaltela.pt\/noticias\/2026\/02\/03\/ministro-manuel-castro-de-almeida-na-grande-entrevista-na-rtp-amanha\/#primaryimage"},"image":{"@id":"https:\/\/portaltela.pt\/noticias\/2026\/02\/03\/ministro-manuel-castro-de-almeida-na-grande-entrevista-na-rtp-amanha\/#primaryimage"},"thumbnailUrl":"https:\/\/portaltela.pt\/s.01k8rhncp4jt1\/2026\/02\/unnamed-file-987.jpg","datePublished":"2026-02-03T20:05:00+00:00","author":{"@id":"https:\/\/portaltela.pt\/#\/schema\/person\/c4278d4a6028830caff9ee44b42d32ed"},"breadcrumb":{"@id":"https:\/\/portaltela.pt\/noticias\/2026\/02\/03\/ministro-manuel-castro-de-almeida-na-grande-entrevista-na-rtp-amanha\/#breadcrumb"},"inLanguage":"pt-PT","potentialAction":[{"@type":"ReadAction","target":["https:\/\/portaltela.pt\/noticias\/2026\/02\/03\/ministro-manuel-castro-de-almeida-na-grande-entrevista-na-rtp-amanha\/"]}]},{"@type":"ImageObject","inLanguage":"pt-PT","@id":"https:\/\/portaltela.pt\/noticias\/2026\/02\/03\/ministro-manuel-castro-de-almeida-na-grande-entrevista-na-rtp-amanha\/#primaryimage","url":"https:\/\/portaltela.pt\/s.01k8rhncp4jt1\/2026\/02\/unnamed-file-987.jpg","contentUrl":"https:\/\/portaltela.pt\/s.01k8rhncp4jt1\/2026\/02\/unnamed-file-987.jpg","width":796,"height":448,"caption":"Ministro Manuel Castro de Almeida na Grande Entrevista amanh\u00e3 na RTP"},{"@type":"BreadcrumbList","@id":"https:\/\/portaltela.pt\/noticias\/2026\/02\/03\/ministro-manuel-castro-de-almeida-na-grande-entrevista-na-rtp-amanha\/#breadcrumb","itemListElement":[{"@type":"ListItem","position":1,"name":"In\u00edcio","item":"https:\/\/portaltela.pt\/"},{"@type":"ListItem","position":2,"name":"Ministro Manuel Castro de Almeida na Grande Entrevista na RTP amanh\u00e3"}]},{"@type":"WebSite","@id":"https:\/\/portaltela.pt\/#website","url":"https:\/\/portaltela.pt\/","name":"Portal Tela Portugal","description":"","potentialAction":[{"@type":"SearchAction","target":{"@type":"EntryPoint","urlTemplate":"https:\/\/portaltela.pt\/?s={search_term_string}"},"query-input":{"@type":"PropertyValueSpecification","valueRequired":true,"valueName":"search_term_string"}}],"inLanguage":"pt-PT"},{"@type":"Person","@id":"https:\/\/portaltela.pt\/#\/schema\/person\/c4278d4a6028830caff9ee44b42d32ed","name":"Telinha","image":{"@type":"ImageObject","inLanguage":"pt-PT","@id":"https:\/\/portaltela.pt\/s.01k8rhncp4jt1\/2025\/11\/talking-bot-125x125.png","url":"https:\/\/portaltela.pt\/s.01k8rhncp4jt1\/2025\/11\/talking-bot-125x125.png","contentUrl":"https:\/\/portaltela.pt\/s.01k8rhncp4jt1\/2025\/11\/talking-bot-125x125.png","caption":"Telinha"},"sameAs":["https:\/\/portaltela.pt\/"],"url":"https:\/\/portaltela.pt\/por\/367410592786\/"}]}},"_links":{"self":[{"href":"https:\/\/portaltela.pt\/api\/wp\/v2\/posts\/195027","targetHints":{"allow":["GET"]}}],"collection":[{"href":"https:\/\/portaltela.pt\/api\/wp\/v2\/posts"}],"about":[{"href":"https:\/\/portaltela.pt\/api\/wp\/v2\/types\/post"}],"author":[{"embeddable":true,"href":"https:\/\/portaltela.pt\/api\/wp\/v2\/users\/2"}],"replies":[{"embeddable":true,"href":"https:\/\/portaltela.pt\/api\/wp\/v2\/comments?post=195027"}],"version-history":[{"count":0,"href":"https:\/\/portaltela.pt\/api\/wp\/v2\/posts\/195027\/revisions"}],"wp:featuredmedia":[{"embeddable":true,"href":"https:\/\/portaltela.pt\/api\/wp\/v2\/media\/195032"}],"wp:attachment":[{"href":"https:\/\/portaltela.pt\/api\/wp\/v2\/media?parent=195027"}],"wp:term":[{"taxonomy":"category","embeddable":true,"href":"https:\/\/portaltela.pt\/api\/wp\/v2\/categories?post=195027"},{"taxonomy":"post_tag","embeddable":true,"href":"https:\/\/portaltela.pt\/api\/wp\/v2\/tags?post=195027"}],"curies":[{"name":"wp","href":"https:\/\/api.w.org\/{rel}","templated":true}]}}