{"id":195010,"date":"2026-02-03T16:08:35","date_gmt":"2026-02-03T19:08:35","guid":{"rendered":"https:\/\/portaltela.pt\/noticias\/2026\/02\/03\/justica-brasileira-revoga-habeas-corpus-de-oruam-artista\/"},"modified":"2026-02-03T16:08:35","modified_gmt":"2026-02-03T19:08:35","slug":"justica-brasileira-revoga-habeas-corpus-de-oruam-artista","status":"publish","type":"post","link":"https:\/\/portaltela.pt\/noticias\/2026\/02\/03\/justica-brasileira-revoga-habeas-corpus-de-oruam-artista\/","title":{"rendered":"Justi\u00e7a brasileira revoga habeas corpus de Oruam, artista"},"content":{"rendered":"<p>O Tribunal brasileiro revogou o habeas corpus concedido ao rapper Oruam e decretou novamente a pris\u00e3o preventiva. A decis\u00e3o foi anunciada na ter\u00e7a-feira, com base em alega\u00e7\u00f5es de desrespeito \u00e0s medidas cautelares impostas.<\/p>\n<p>Oruam, de 24 anos, \u00e9 filho de um dos l\u00edderes do Comando Vermelho e \u00e9 acusado de v\u00e1rios crimes, incluindo associa\u00e7\u00e3o ao tr\u00e1fico. O STJ aponta falhas no cumprimento das medidas, nomeadamente ao n\u00e3o carregar a pulseira eletr\u00f3nica.<\/p>\n<p>Segundo o juiz Joel Ilan Paciornik, existem lacunas nos mapas de movimenta\u00e7\u00e3o do acusado, sugerindo desrespeito a autoridades e decis\u00f5es judiciais. Entre 30 de setembro e 12 de novembro de 2025 ocorreram 28 interrup\u00e7\u00f5es na monitoriza\u00e7\u00e3o.<\/p>\n<p>A defesa sustenta que as interrup\u00e7\u00f5es se devem a uma simples descarga da bateria, n\u00e3o a desrespeito ou descumprimento de outras cautelares. O tribunal tinha instalado outras medidas restritivas, como recolhimento noturno e afastamento de \u00e1reas sens\u00edveis.<\/p>\n<p>Em julho de 2025, j\u00e1 tinha sido decretada a primeira pris\u00e3o preventiva de Oruam. O artista responde por associa\u00e7\u00e3o para o tr\u00e1fico, resist\u00eancia qualificada, dano ao patrim\u00f3nio p\u00fablico, desacato, les\u00e3o e tr\u00e1fico. Oruam atuou pela \u00faltima vez em Portugal a 1 de fevereiro de 2025, no MainStreet Festival, em Lisboa.<\/p>\n<h3>Situa\u00e7\u00e3o atual<\/h3>\n<p>Em 29 de setembro de 2025, Oruam saiu da pris\u00e3o preventiva ap\u00f3s a revoga\u00e7\u00e3o, mas ficou sujeito a 25 medidas cautelares, incluindo apresenta\u00e7\u00e3o mensal em ju\u00edzo e recolhimento domicili\u00e1rio. A nova decis\u00e3o mant\u00e9m a pris\u00e3o at\u00e9 decis\u00e3o final sobre o caso.<\/p>\n","protected":false},"excerpt":{"rendered":"<ul>\n<li>A justi\u00e7a brasileira revogou o habeas corpus e decretou novamente pris\u00e3o preventiva ao rapper Oruam, filho de um l\u00edder do Comando Vermelho.<\/li>\n<li>Oruam deixou de cumprir v\u00e1rias medidas cautelares, incluindo ao n\u00e3o carregar a bateria da pulseira eletr\u00f3nica.<\/li>\n<li>Entre 30 de setembro e 12 de novembro de 2025 foram registadas 28 interrup\u00e7\u00f5es na monitoriza\u00e7\u00e3o da pulseira.<\/li>\n<li>A defesa argumenta que as interrup\u00e7\u00f5es correspondem a descarregamento da bateria e n\u00e3o a desrespeito ou incumprimento de outras cautelares.<\/li>\n<li>O artista, de 24 anos, responde por associa\u00e7\u00e3o ao tr\u00e1fico de drogas, entre outros crimes, tendo atuado pela \u00faltima vez em Portugal a 1 de fevereiro de 2025, no MainStreet Festival, em Lisboa.<\/li>\n<\/ul>\n","protected":false},"author":2,"featured_media":0,"comment_status":"closed","ping_status":"closed","sticky":false,"template":"","format":"standard","meta":{"footnotes":""},"categories":[1],"tags":[1151,147,177,848,5302,4489],"class_list":["post-195010","post","type-post","status-publish","format-standard","hentry","category-noticias","tag-associacao-criminosa","tag-crime","tag-crimes","tag-dano-agravado","tag-desacato","tag-patrimonio-publico"],"yoast_head":"<!-- This site is optimized with the Yoast SEO plugin v27.2 - https:\/\/yoast.com\/product\/yoast-seo-wordpress\/ -->\n<title>Justi\u00e7a brasileira revoga habeas corpus de Oruam, artista - Portal Tela Portugal<\/title>\n<meta name=\"robots\" content=\"index, follow, max-snippet:-1, max-image-preview:large, max-video-preview:-1\" \/>\n<meta property=\"og:locale\" content=\"pt_PT\" \/>\n<meta property=\"og:type\" content=\"article\" \/>\n<meta property=\"og:title\" content=\"Justi\u00e7a brasileira revoga habeas corpus de Oruam, artista - Portal Tela Portugal\" \/>\n<meta property=\"og:description\" content=\"A justi\u00e7a brasileira revogou o habeas corpus e decretou novamente pris\u00e3o preventiva ao rapper Oruam, filho de um l\u00edder do Comando Vermelho. Oruam deixou de cumprir v\u00e1rias medidas cautelares, incluindo ao n\u00e3o carregar a bateria da pulseira eletr\u00f3nica. Entre 30 de setembro e 12 de novembro de 2025 foram registadas 28 interrup\u00e7\u00f5es na monitoriza\u00e7\u00e3o da pulseira. A defesa argumenta que as interrup\u00e7\u00f5es correspondem a descarregamento da bateria e n\u00e3o a desrespeito ou incumprimento de outras cautelares. O artista, de 24 anos, responde por associa\u00e7\u00e3o ao tr\u00e1fico de drogas, entre outros crimes, tendo atuado pela \u00faltima vez em Portugal a 1 de fevereiro de 2025, no MainStreet Festival, em Lisboa.\" \/>\n<meta property=\"og:url\" content=\"https:\/\/portaltela.pt\/noticias\/2026\/02\/03\/justica-brasileira-revoga-habeas-corpus-de-oruam-artista\/\" \/>\n<meta property=\"og:site_name\" content=\"Portal Tela Portugal\" \/>\n<meta property=\"article:published_time\" content=\"2026-02-03T19:08:35+00:00\" \/>\n<meta name=\"author\" content=\"Telinha\" \/>\n<meta name=\"twitter:card\" content=\"summary_large_image\" \/>\n<meta name=\"twitter:label1\" content=\"Escrito por\" \/>\n\t<meta name=\"twitter:data1\" content=\"Telinha\" \/>\n\t<meta name=\"twitter:label2\" content=\"Tempo estimado de leitura\" \/>\n\t<meta name=\"twitter:data2\" content=\"1 minuto\" \/>\n<script type=\"application\/ld+json\" class=\"yoast-schema-graph\">{\"@context\":\"https:\/\/schema.org\",\"@graph\":[{\"@type\":\"Article\",\"@id\":\"https:\/\/portaltela.pt\/noticias\/2026\/02\/03\/justica-brasileira-revoga-habeas-corpus-de-oruam-artista\/#article\",\"isPartOf\":{\"@id\":\"https:\/\/portaltela.pt\/noticias\/2026\/02\/03\/justica-brasileira-revoga-habeas-corpus-de-oruam-artista\/\"},\"author\":{\"name\":\"Telinha\",\"@id\":\"https:\/\/portaltela.pt\/#\/schema\/person\/c4278d4a6028830caff9ee44b42d32ed\"},\"headline\":\"Justi\u00e7a brasileira revoga habeas corpus de Oruam, artista\",\"datePublished\":\"2026-02-03T19:08:35+00:00\",\"mainEntityOfPage\":{\"@id\":\"https:\/\/portaltela.pt\/noticias\/2026\/02\/03\/justica-brasileira-revoga-habeas-corpus-de-oruam-artista\/\"},\"wordCount\":269,\"keywords\":[\"associa\u00e7\u00e3o criminosa\",\"crime\",\"crimes\",\"dano agravado\",\"desacato\",\"patrim\u00f3nio p\u00fablico\"],\"articleSection\":[\"Not\u00edcias\"],\"inLanguage\":\"pt-PT\"},{\"@type\":\"WebPage\",\"@id\":\"https:\/\/portaltela.pt\/noticias\/2026\/02\/03\/justica-brasileira-revoga-habeas-corpus-de-oruam-artista\/\",\"url\":\"https:\/\/portaltela.pt\/noticias\/2026\/02\/03\/justica-brasileira-revoga-habeas-corpus-de-oruam-artista\/\",\"name\":\"Justi\u00e7a brasileira revoga habeas corpus de Oruam, artista - Portal Tela Portugal\",\"isPartOf\":{\"@id\":\"https:\/\/portaltela.pt\/#website\"},\"datePublished\":\"2026-02-03T19:08:35+00:00\",\"author\":{\"@id\":\"https:\/\/portaltela.pt\/#\/schema\/person\/c4278d4a6028830caff9ee44b42d32ed\"},\"breadcrumb\":{\"@id\":\"https:\/\/portaltela.pt\/noticias\/2026\/02\/03\/justica-brasileira-revoga-habeas-corpus-de-oruam-artista\/#breadcrumb\"},\"inLanguage\":\"pt-PT\",\"potentialAction\":[{\"@type\":\"ReadAction\",\"target\":[\"https:\/\/portaltela.pt\/noticias\/2026\/02\/03\/justica-brasileira-revoga-habeas-corpus-de-oruam-artista\/\"]}]},{\"@type\":\"BreadcrumbList\",\"@id\":\"https:\/\/portaltela.pt\/noticias\/2026\/02\/03\/justica-brasileira-revoga-habeas-corpus-de-oruam-artista\/#breadcrumb\",\"itemListElement\":[{\"@type\":\"ListItem\",\"position\":1,\"name\":\"In\u00edcio\",\"item\":\"https:\/\/portaltela.pt\/\"},{\"@type\":\"ListItem\",\"position\":2,\"name\":\"Justi\u00e7a brasileira revoga habeas corpus de Oruam, artista\"}]},{\"@type\":\"WebSite\",\"@id\":\"https:\/\/portaltela.pt\/#website\",\"url\":\"https:\/\/portaltela.pt\/\",\"name\":\"Portal Tela Portugal\",\"description\":\"\",\"potentialAction\":[{\"@type\":\"SearchAction\",\"target\":{\"@type\":\"EntryPoint\",\"urlTemplate\":\"https:\/\/portaltela.pt\/?s={search_term_string}\"},\"query-input\":{\"@type\":\"PropertyValueSpecification\",\"valueRequired\":true,\"valueName\":\"search_term_string\"}}],\"inLanguage\":\"pt-PT\"},{\"@type\":\"Person\",\"@id\":\"https:\/\/portaltela.pt\/#\/schema\/person\/c4278d4a6028830caff9ee44b42d32ed\",\"name\":\"Telinha\",\"image\":{\"@type\":\"ImageObject\",\"inLanguage\":\"pt-PT\",\"@id\":\"https:\/\/portaltela.pt\/s.01k8rhncp4jt1\/2025\/11\/talking-bot-125x125.png\",\"url\":\"https:\/\/portaltela.pt\/s.01k8rhncp4jt1\/2025\/11\/talking-bot-125x125.png\",\"contentUrl\":\"https:\/\/portaltela.pt\/s.01k8rhncp4jt1\/2025\/11\/talking-bot-125x125.png\",\"caption\":\"Telinha\"},\"sameAs\":[\"https:\/\/portaltela.pt\/\"],\"url\":\"https:\/\/portaltela.pt\/por\/367410592786\/\"}]}<\/script>\n<!-- \/ Yoast SEO plugin. -->","yoast_head_json":{"title":"Justi\u00e7a brasileira revoga habeas corpus de Oruam, artista - Portal Tela Portugal","robots":{"index":"index","follow":"follow","max-snippet":"max-snippet:-1","max-image-preview":"max-image-preview:large","max-video-preview":"max-video-preview:-1"},"og_locale":"pt_PT","og_type":"article","og_title":"Justi\u00e7a brasileira revoga habeas corpus de Oruam, artista - Portal Tela Portugal","og_description":"A justi\u00e7a brasileira revogou o habeas corpus e decretou novamente pris\u00e3o preventiva ao rapper Oruam, filho de um l\u00edder do Comando Vermelho. Oruam deixou de cumprir v\u00e1rias medidas cautelares, incluindo ao n\u00e3o carregar a bateria da pulseira eletr\u00f3nica. Entre 30 de setembro e 12 de novembro de 2025 foram registadas 28 interrup\u00e7\u00f5es na monitoriza\u00e7\u00e3o da pulseira. A defesa argumenta que as interrup\u00e7\u00f5es correspondem a descarregamento da bateria e n\u00e3o a desrespeito ou incumprimento de outras cautelares. O artista, de 24 anos, responde por associa\u00e7\u00e3o ao tr\u00e1fico de drogas, entre outros crimes, tendo atuado pela \u00faltima vez em Portugal a 1 de fevereiro de 2025, no MainStreet Festival, em Lisboa.","og_url":"https:\/\/portaltela.pt\/noticias\/2026\/02\/03\/justica-brasileira-revoga-habeas-corpus-de-oruam-artista\/","og_site_name":"Portal Tela Portugal","article_published_time":"2026-02-03T19:08:35+00:00","author":"Telinha","twitter_card":"summary_large_image","twitter_misc":{"Escrito por":"Telinha","Tempo estimado de leitura":"1 minuto"},"schema":{"@context":"https:\/\/schema.org","@graph":[{"@type":"Article","@id":"https:\/\/portaltela.pt\/noticias\/2026\/02\/03\/justica-brasileira-revoga-habeas-corpus-de-oruam-artista\/#article","isPartOf":{"@id":"https:\/\/portaltela.pt\/noticias\/2026\/02\/03\/justica-brasileira-revoga-habeas-corpus-de-oruam-artista\/"},"author":{"name":"Telinha","@id":"https:\/\/portaltela.pt\/#\/schema\/person\/c4278d4a6028830caff9ee44b42d32ed"},"headline":"Justi\u00e7a brasileira revoga habeas corpus de Oruam, artista","datePublished":"2026-02-03T19:08:35+00:00","mainEntityOfPage":{"@id":"https:\/\/portaltela.pt\/noticias\/2026\/02\/03\/justica-brasileira-revoga-habeas-corpus-de-oruam-artista\/"},"wordCount":269,"keywords":["associa\u00e7\u00e3o criminosa","crime","crimes","dano agravado","desacato","patrim\u00f3nio p\u00fablico"],"articleSection":["Not\u00edcias"],"inLanguage":"pt-PT"},{"@type":"WebPage","@id":"https:\/\/portaltela.pt\/noticias\/2026\/02\/03\/justica-brasileira-revoga-habeas-corpus-de-oruam-artista\/","url":"https:\/\/portaltela.pt\/noticias\/2026\/02\/03\/justica-brasileira-revoga-habeas-corpus-de-oruam-artista\/","name":"Justi\u00e7a brasileira revoga habeas corpus de Oruam, artista - Portal Tela Portugal","isPartOf":{"@id":"https:\/\/portaltela.pt\/#website"},"datePublished":"2026-02-03T19:08:35+00:00","author":{"@id":"https:\/\/portaltela.pt\/#\/schema\/person\/c4278d4a6028830caff9ee44b42d32ed"},"breadcrumb":{"@id":"https:\/\/portaltela.pt\/noticias\/2026\/02\/03\/justica-brasileira-revoga-habeas-corpus-de-oruam-artista\/#breadcrumb"},"inLanguage":"pt-PT","potentialAction":[{"@type":"ReadAction","target":["https:\/\/portaltela.pt\/noticias\/2026\/02\/03\/justica-brasileira-revoga-habeas-corpus-de-oruam-artista\/"]}]},{"@type":"BreadcrumbList","@id":"https:\/\/portaltela.pt\/noticias\/2026\/02\/03\/justica-brasileira-revoga-habeas-corpus-de-oruam-artista\/#breadcrumb","itemListElement":[{"@type":"ListItem","position":1,"name":"In\u00edcio","item":"https:\/\/portaltela.pt\/"},{"@type":"ListItem","position":2,"name":"Justi\u00e7a brasileira revoga habeas corpus de Oruam, artista"}]},{"@type":"WebSite","@id":"https:\/\/portaltela.pt\/#website","url":"https:\/\/portaltela.pt\/","name":"Portal Tela Portugal","description":"","potentialAction":[{"@type":"SearchAction","target":{"@type":"EntryPoint","urlTemplate":"https:\/\/portaltela.pt\/?s={search_term_string}"},"query-input":{"@type":"PropertyValueSpecification","valueRequired":true,"valueName":"search_term_string"}}],"inLanguage":"pt-PT"},{"@type":"Person","@id":"https:\/\/portaltela.pt\/#\/schema\/person\/c4278d4a6028830caff9ee44b42d32ed","name":"Telinha","image":{"@type":"ImageObject","inLanguage":"pt-PT","@id":"https:\/\/portaltela.pt\/s.01k8rhncp4jt1\/2025\/11\/talking-bot-125x125.png","url":"https:\/\/portaltela.pt\/s.01k8rhncp4jt1\/2025\/11\/talking-bot-125x125.png","contentUrl":"https:\/\/portaltela.pt\/s.01k8rhncp4jt1\/2025\/11\/talking-bot-125x125.png","caption":"Telinha"},"sameAs":["https:\/\/portaltela.pt\/"],"url":"https:\/\/portaltela.pt\/por\/367410592786\/"}]}},"_links":{"self":[{"href":"https:\/\/portaltela.pt\/api\/wp\/v2\/posts\/195010","targetHints":{"allow":["GET"]}}],"collection":[{"href":"https:\/\/portaltela.pt\/api\/wp\/v2\/posts"}],"about":[{"href":"https:\/\/portaltela.pt\/api\/wp\/v2\/types\/post"}],"author":[{"embeddable":true,"href":"https:\/\/portaltela.pt\/api\/wp\/v2\/users\/2"}],"replies":[{"embeddable":true,"href":"https:\/\/portaltela.pt\/api\/wp\/v2\/comments?post=195010"}],"version-history":[{"count":0,"href":"https:\/\/portaltela.pt\/api\/wp\/v2\/posts\/195010\/revisions"}],"wp:attachment":[{"href":"https:\/\/portaltela.pt\/api\/wp\/v2\/media?parent=195010"}],"wp:term":[{"taxonomy":"category","embeddable":true,"href":"https:\/\/portaltela.pt\/api\/wp\/v2\/categories?post=195010"},{"taxonomy":"post_tag","embeddable":true,"href":"https:\/\/portaltela.pt\/api\/wp\/v2\/tags?post=195010"}],"curies":[{"name":"wp","href":"https:\/\/api.w.org\/{rel}","templated":true}]}}