{"id":194963,"date":"2026-02-03T16:52:00","date_gmt":"2026-02-03T19:52:00","guid":{"rendered":"https:\/\/portaltela.pt\/noticias\/2026\/02\/03\/esperava-se-ate-200-pessoas-em-rafah-mas-apenas-24-passaram\/"},"modified":"2026-02-03T16:52:00","modified_gmt":"2026-02-03T19:52:00","slug":"esperava-se-ate-200-pessoas-em-rafah-mas-apenas-24-passaram","status":"publish","type":"post","link":"https:\/\/portaltela.pt\/noticias\/2026\/02\/03\/esperava-se-ate-200-pessoas-em-rafah-mas-apenas-24-passaram\/","title":{"rendered":"Esperava-se at\u00e9 200 pessoas em Rafah, mas apenas 24 passaram"},"content":{"rendered":"<p>O acesso \u00e0 passagem de Rafah, entre a Faixa de Gaza e o Egipto, voltou a abrir-se de forma experimental. A iniciativa ocorreu no domingo e manteve-se na segunda-feira, com o objetivo de facilitar a sa\u00edda de pessoas de Gaza.<\/p>\n<p>Entre os que puderam regressar esteve Huda Abu Abed, de 56 anos, uma das doze pessoas que conseguiram voltar a entrar na Faixa de Gaza. O n\u00famero real de regressoes ficou aqu\u00e9m das expectativas iniciais.<\/p>\n<p>Antes da reabertura se esperava que pelo menos 50 pessoas pudessem regressar e que at\u00e9 150 pudessem sair, incluindo 50 doentes acompanhados por familiares. A Cruz Vermelha tamb\u00e9m sublinhou a ambiguidade associada a esteRestart do posto.<\/p>\n<h3>Ambiguidade na reabertura<\/h3>\n<p>A organiza\u00e7\u00e3o humanit\u00e1ria indica incertezas sobre crit\u00e9rios, prazos e condi\u00e7\u00f5es de acesso, refletindo a complexidade de opera\u00e7\u00f5es nesta fronteira. O fluxo de sa\u00eddas continua a depender de avalia\u00e7\u00f5es log\u00edsticas e de seguran\u00e7a.<\/p>\n<p>O contexto \u00e9 marcado pela destrui\u00e7\u00e3o e pelas dificuldades humanit\u00e1rias na regi\u00e3o, com a passagem a funcionar apenas de forma pontual. N\u00e3o h\u00e1 confirma\u00e7\u00e3o de futuras datas de reabertura est\u00e1veis.<\/p>\n","protected":false},"excerpt":{"rendered":"<ul>\n<li>A passagem de Rafah, entre a Faixa de Gaza e o Egipto, foi reaberta de forma experimental no domingo e no segunda-feira.<\/li>\n<li>Esperava-se que pelo menos cinquenta pessoas que sa\u00edram durante o conflito pudessem regressar, e que at\u00e9 cento e cinquenta pudessem sair, com quarenta ou mais doentes acompanhados por dois familiares cada um.<\/li>\n<li>No entanto, apenas doze pessoas conseguiram regressar atrav\u00e9s do posto de Rafah.<\/li>\n<li>Entre os regressoistas esteve Huda Abu Abed, de cinquenta e seis anos.<\/li>\n<li>A Cruz Vermelha afirma que as entradas e sa\u00eddas representam uma percentagem \u00ednfima das necessidades e aponta para ambiguidade na reabertura da passagem.<\/li>\n<\/ul>\n","protected":false},"author":2,"featured_media":194968,"comment_status":"closed","ping_status":"closed","sticky":false,"template":"","format":"standard","meta":{"footnotes":""},"categories":[1],"tags":[2599,4002,3651,712,2944,3786],"class_list":["post-194963","post","type-post","status-publish","format-standard","has-post-thumbnail","hentry","category-noticias","tag-cruz-vermelha-portuguesa","tag-fronteiras","tag-gaza","tag-imigracao","tag-passagens","tag-refugiados-internos"],"yoast_head":"<!-- This site is optimized with the Yoast SEO plugin v27.2 - https:\/\/yoast.com\/product\/yoast-seo-wordpress\/ -->\n<title>Esperava-se at\u00e9 200 pessoas em Rafah, mas apenas 24 passaram - Portal Tela Portugal<\/title>\n<meta name=\"robots\" content=\"index, follow, max-snippet:-1, max-image-preview:large, max-video-preview:-1\" \/>\n<meta property=\"og:locale\" content=\"pt_PT\" \/>\n<meta property=\"og:type\" content=\"article\" \/>\n<meta property=\"og:title\" content=\"Esperava-se at\u00e9 200 pessoas em Rafah, mas apenas 24 passaram - Portal Tela Portugal\" \/>\n<meta property=\"og:description\" content=\"A passagem de Rafah, entre a Faixa de Gaza e o Egipto, foi reaberta de forma experimental no domingo e no segunda-feira. Esperava-se que pelo menos cinquenta pessoas que sa\u00edram durante o conflito pudessem regressar, e que at\u00e9 cento e cinquenta pudessem sair, com quarenta ou mais doentes acompanhados por dois familiares cada um. No entanto, apenas doze pessoas conseguiram regressar atrav\u00e9s do posto de Rafah. Entre os regressoistas esteve Huda Abu Abed, de cinquenta e seis anos. A Cruz Vermelha afirma que as entradas e sa\u00eddas representam uma percentagem \u00ednfima das necessidades e aponta para ambiguidade na reabertura da passagem.\" \/>\n<meta property=\"og:url\" content=\"https:\/\/portaltela.pt\/noticias\/2026\/02\/03\/esperava-se-ate-200-pessoas-em-rafah-mas-apenas-24-passaram\/\" \/>\n<meta property=\"og:site_name\" content=\"Portal Tela Portugal\" \/>\n<meta property=\"article:published_time\" content=\"2026-02-03T19:52:00+00:00\" \/>\n<meta name=\"author\" content=\"Telinha\" \/>\n<meta name=\"twitter:card\" content=\"summary_large_image\" \/>\n<meta name=\"twitter:label1\" content=\"Escrito por\" \/>\n\t<meta name=\"twitter:data1\" content=\"Telinha\" \/>\n\t<meta name=\"twitter:label2\" content=\"Tempo estimado de leitura\" \/>\n\t<meta name=\"twitter:data2\" content=\"1 minuto\" \/>\n<script type=\"application\/ld+json\" class=\"yoast-schema-graph\">{\"@context\":\"https:\/\/schema.org\",\"@graph\":[{\"@type\":\"Article\",\"@id\":\"https:\/\/portaltela.pt\/noticias\/2026\/02\/03\/esperava-se-ate-200-pessoas-em-rafah-mas-apenas-24-passaram\/#article\",\"isPartOf\":{\"@id\":\"https:\/\/portaltela.pt\/noticias\/2026\/02\/03\/esperava-se-ate-200-pessoas-em-rafah-mas-apenas-24-passaram\/\"},\"author\":{\"name\":\"Telinha\",\"@id\":\"https:\/\/portaltela.pt\/#\/schema\/person\/c4278d4a6028830caff9ee44b42d32ed\"},\"headline\":\"Esperava-se at\u00e9 200 pessoas em Rafah, mas apenas 24 passaram\",\"datePublished\":\"2026-02-03T19:52:00+00:00\",\"mainEntityOfPage\":{\"@id\":\"https:\/\/portaltela.pt\/noticias\/2026\/02\/03\/esperava-se-ate-200-pessoas-em-rafah-mas-apenas-24-passaram\/\"},\"wordCount\":197,\"image\":{\"@id\":\"https:\/\/portaltela.pt\/noticias\/2026\/02\/03\/esperava-se-ate-200-pessoas-em-rafah-mas-apenas-24-passaram\/#primaryimage\"},\"thumbnailUrl\":\"https:\/\/portaltela.pt\/s.01k8rhncp4jt1\/2026\/02\/2064197.jpg\",\"keywords\":[\"Cruz Vermelha Portuguesa\",\"fronteiras\",\"Gaza\",\"imigra\u00e7\u00e3o\",\"passagens\",\"refugiados internos\"],\"articleSection\":[\"Not\u00edcias\"],\"inLanguage\":\"pt-PT\"},{\"@type\":\"WebPage\",\"@id\":\"https:\/\/portaltela.pt\/noticias\/2026\/02\/03\/esperava-se-ate-200-pessoas-em-rafah-mas-apenas-24-passaram\/\",\"url\":\"https:\/\/portaltela.pt\/noticias\/2026\/02\/03\/esperava-se-ate-200-pessoas-em-rafah-mas-apenas-24-passaram\/\",\"name\":\"Esperava-se at\u00e9 200 pessoas em Rafah, mas apenas 24 passaram - Portal Tela Portugal\",\"isPartOf\":{\"@id\":\"https:\/\/portaltela.pt\/#website\"},\"primaryImageOfPage\":{\"@id\":\"https:\/\/portaltela.pt\/noticias\/2026\/02\/03\/esperava-se-ate-200-pessoas-em-rafah-mas-apenas-24-passaram\/#primaryimage\"},\"image\":{\"@id\":\"https:\/\/portaltela.pt\/noticias\/2026\/02\/03\/esperava-se-ate-200-pessoas-em-rafah-mas-apenas-24-passaram\/#primaryimage\"},\"thumbnailUrl\":\"https:\/\/portaltela.pt\/s.01k8rhncp4jt1\/2026\/02\/2064197.jpg\",\"datePublished\":\"2026-02-03T19:52:00+00:00\",\"author\":{\"@id\":\"https:\/\/portaltela.pt\/#\/schema\/person\/c4278d4a6028830caff9ee44b42d32ed\"},\"breadcrumb\":{\"@id\":\"https:\/\/portaltela.pt\/noticias\/2026\/02\/03\/esperava-se-ate-200-pessoas-em-rafah-mas-apenas-24-passaram\/#breadcrumb\"},\"inLanguage\":\"pt-PT\",\"potentialAction\":[{\"@type\":\"ReadAction\",\"target\":[\"https:\/\/portaltela.pt\/noticias\/2026\/02\/03\/esperava-se-ate-200-pessoas-em-rafah-mas-apenas-24-passaram\/\"]}]},{\"@type\":\"ImageObject\",\"inLanguage\":\"pt-PT\",\"@id\":\"https:\/\/portaltela.pt\/noticias\/2026\/02\/03\/esperava-se-ate-200-pessoas-em-rafah-mas-apenas-24-passaram\/#primaryimage\",\"url\":\"https:\/\/portaltela.pt\/s.01k8rhncp4jt1\/2026\/02\/2064197.jpg\",\"contentUrl\":\"https:\/\/portaltela.pt\/s.01k8rhncp4jt1\/2026\/02\/2064197.jpg\",\"width\":796,\"height\":448,\"caption\":\"Huda Abu Abed, 56 anos, foi uma das doze pessoas que pode regressar \u00e0 Faixa de Gaza atrav\u00e9s do posto de Rafah na segunda-feira\"},{\"@type\":\"BreadcrumbList\",\"@id\":\"https:\/\/portaltela.pt\/noticias\/2026\/02\/03\/esperava-se-ate-200-pessoas-em-rafah-mas-apenas-24-passaram\/#breadcrumb\",\"itemListElement\":[{\"@type\":\"ListItem\",\"position\":1,\"name\":\"In\u00edcio\",\"item\":\"https:\/\/portaltela.pt\/\"},{\"@type\":\"ListItem\",\"position\":2,\"name\":\"Esperava-se at\u00e9 200 pessoas em Rafah, mas apenas 24 passaram\"}]},{\"@type\":\"WebSite\",\"@id\":\"https:\/\/portaltela.pt\/#website\",\"url\":\"https:\/\/portaltela.pt\/\",\"name\":\"Portal Tela Portugal\",\"description\":\"\",\"potentialAction\":[{\"@type\":\"SearchAction\",\"target\":{\"@type\":\"EntryPoint\",\"urlTemplate\":\"https:\/\/portaltela.pt\/?s={search_term_string}\"},\"query-input\":{\"@type\":\"PropertyValueSpecification\",\"valueRequired\":true,\"valueName\":\"search_term_string\"}}],\"inLanguage\":\"pt-PT\"},{\"@type\":\"Person\",\"@id\":\"https:\/\/portaltela.pt\/#\/schema\/person\/c4278d4a6028830caff9ee44b42d32ed\",\"name\":\"Telinha\",\"image\":{\"@type\":\"ImageObject\",\"inLanguage\":\"pt-PT\",\"@id\":\"https:\/\/portaltela.pt\/s.01k8rhncp4jt1\/2025\/11\/talking-bot-125x125.png\",\"url\":\"https:\/\/portaltela.pt\/s.01k8rhncp4jt1\/2025\/11\/talking-bot-125x125.png\",\"contentUrl\":\"https:\/\/portaltela.pt\/s.01k8rhncp4jt1\/2025\/11\/talking-bot-125x125.png\",\"caption\":\"Telinha\"},\"sameAs\":[\"https:\/\/portaltela.pt\/\"],\"url\":\"https:\/\/portaltela.pt\/por\/367410592786\/\"}]}<\/script>\n<!-- \/ Yoast SEO plugin. -->","yoast_head_json":{"title":"Esperava-se at\u00e9 200 pessoas em Rafah, mas apenas 24 passaram - Portal Tela Portugal","robots":{"index":"index","follow":"follow","max-snippet":"max-snippet:-1","max-image-preview":"max-image-preview:large","max-video-preview":"max-video-preview:-1"},"og_locale":"pt_PT","og_type":"article","og_title":"Esperava-se at\u00e9 200 pessoas em Rafah, mas apenas 24 passaram - Portal Tela Portugal","og_description":"A passagem de Rafah, entre a Faixa de Gaza e o Egipto, foi reaberta de forma experimental no domingo e no segunda-feira. Esperava-se que pelo menos cinquenta pessoas que sa\u00edram durante o conflito pudessem regressar, e que at\u00e9 cento e cinquenta pudessem sair, com quarenta ou mais doentes acompanhados por dois familiares cada um. No entanto, apenas doze pessoas conseguiram regressar atrav\u00e9s do posto de Rafah. Entre os regressoistas esteve Huda Abu Abed, de cinquenta e seis anos. A Cruz Vermelha afirma que as entradas e sa\u00eddas representam uma percentagem \u00ednfima das necessidades e aponta para ambiguidade na reabertura da passagem.","og_url":"https:\/\/portaltela.pt\/noticias\/2026\/02\/03\/esperava-se-ate-200-pessoas-em-rafah-mas-apenas-24-passaram\/","og_site_name":"Portal Tela Portugal","article_published_time":"2026-02-03T19:52:00+00:00","author":"Telinha","twitter_card":"summary_large_image","twitter_misc":{"Escrito por":"Telinha","Tempo estimado de leitura":"1 minuto"},"schema":{"@context":"https:\/\/schema.org","@graph":[{"@type":"Article","@id":"https:\/\/portaltela.pt\/noticias\/2026\/02\/03\/esperava-se-ate-200-pessoas-em-rafah-mas-apenas-24-passaram\/#article","isPartOf":{"@id":"https:\/\/portaltela.pt\/noticias\/2026\/02\/03\/esperava-se-ate-200-pessoas-em-rafah-mas-apenas-24-passaram\/"},"author":{"name":"Telinha","@id":"https:\/\/portaltela.pt\/#\/schema\/person\/c4278d4a6028830caff9ee44b42d32ed"},"headline":"Esperava-se at\u00e9 200 pessoas em Rafah, mas apenas 24 passaram","datePublished":"2026-02-03T19:52:00+00:00","mainEntityOfPage":{"@id":"https:\/\/portaltela.pt\/noticias\/2026\/02\/03\/esperava-se-ate-200-pessoas-em-rafah-mas-apenas-24-passaram\/"},"wordCount":197,"image":{"@id":"https:\/\/portaltela.pt\/noticias\/2026\/02\/03\/esperava-se-ate-200-pessoas-em-rafah-mas-apenas-24-passaram\/#primaryimage"},"thumbnailUrl":"https:\/\/portaltela.pt\/s.01k8rhncp4jt1\/2026\/02\/2064197.jpg","keywords":["Cruz Vermelha Portuguesa","fronteiras","Gaza","imigra\u00e7\u00e3o","passagens","refugiados internos"],"articleSection":["Not\u00edcias"],"inLanguage":"pt-PT"},{"@type":"WebPage","@id":"https:\/\/portaltela.pt\/noticias\/2026\/02\/03\/esperava-se-ate-200-pessoas-em-rafah-mas-apenas-24-passaram\/","url":"https:\/\/portaltela.pt\/noticias\/2026\/02\/03\/esperava-se-ate-200-pessoas-em-rafah-mas-apenas-24-passaram\/","name":"Esperava-se at\u00e9 200 pessoas em Rafah, mas apenas 24 passaram - Portal Tela Portugal","isPartOf":{"@id":"https:\/\/portaltela.pt\/#website"},"primaryImageOfPage":{"@id":"https:\/\/portaltela.pt\/noticias\/2026\/02\/03\/esperava-se-ate-200-pessoas-em-rafah-mas-apenas-24-passaram\/#primaryimage"},"image":{"@id":"https:\/\/portaltela.pt\/noticias\/2026\/02\/03\/esperava-se-ate-200-pessoas-em-rafah-mas-apenas-24-passaram\/#primaryimage"},"thumbnailUrl":"https:\/\/portaltela.pt\/s.01k8rhncp4jt1\/2026\/02\/2064197.jpg","datePublished":"2026-02-03T19:52:00+00:00","author":{"@id":"https:\/\/portaltela.pt\/#\/schema\/person\/c4278d4a6028830caff9ee44b42d32ed"},"breadcrumb":{"@id":"https:\/\/portaltela.pt\/noticias\/2026\/02\/03\/esperava-se-ate-200-pessoas-em-rafah-mas-apenas-24-passaram\/#breadcrumb"},"inLanguage":"pt-PT","potentialAction":[{"@type":"ReadAction","target":["https:\/\/portaltela.pt\/noticias\/2026\/02\/03\/esperava-se-ate-200-pessoas-em-rafah-mas-apenas-24-passaram\/"]}]},{"@type":"ImageObject","inLanguage":"pt-PT","@id":"https:\/\/portaltela.pt\/noticias\/2026\/02\/03\/esperava-se-ate-200-pessoas-em-rafah-mas-apenas-24-passaram\/#primaryimage","url":"https:\/\/portaltela.pt\/s.01k8rhncp4jt1\/2026\/02\/2064197.jpg","contentUrl":"https:\/\/portaltela.pt\/s.01k8rhncp4jt1\/2026\/02\/2064197.jpg","width":796,"height":448,"caption":"Huda Abu Abed, 56 anos, foi uma das doze pessoas que pode regressar \u00e0 Faixa de Gaza atrav\u00e9s do posto de Rafah na segunda-feira"},{"@type":"BreadcrumbList","@id":"https:\/\/portaltela.pt\/noticias\/2026\/02\/03\/esperava-se-ate-200-pessoas-em-rafah-mas-apenas-24-passaram\/#breadcrumb","itemListElement":[{"@type":"ListItem","position":1,"name":"In\u00edcio","item":"https:\/\/portaltela.pt\/"},{"@type":"ListItem","position":2,"name":"Esperava-se at\u00e9 200 pessoas em Rafah, mas apenas 24 passaram"}]},{"@type":"WebSite","@id":"https:\/\/portaltela.pt\/#website","url":"https:\/\/portaltela.pt\/","name":"Portal Tela Portugal","description":"","potentialAction":[{"@type":"SearchAction","target":{"@type":"EntryPoint","urlTemplate":"https:\/\/portaltela.pt\/?s={search_term_string}"},"query-input":{"@type":"PropertyValueSpecification","valueRequired":true,"valueName":"search_term_string"}}],"inLanguage":"pt-PT"},{"@type":"Person","@id":"https:\/\/portaltela.pt\/#\/schema\/person\/c4278d4a6028830caff9ee44b42d32ed","name":"Telinha","image":{"@type":"ImageObject","inLanguage":"pt-PT","@id":"https:\/\/portaltela.pt\/s.01k8rhncp4jt1\/2025\/11\/talking-bot-125x125.png","url":"https:\/\/portaltela.pt\/s.01k8rhncp4jt1\/2025\/11\/talking-bot-125x125.png","contentUrl":"https:\/\/portaltela.pt\/s.01k8rhncp4jt1\/2025\/11\/talking-bot-125x125.png","caption":"Telinha"},"sameAs":["https:\/\/portaltela.pt\/"],"url":"https:\/\/portaltela.pt\/por\/367410592786\/"}]}},"_links":{"self":[{"href":"https:\/\/portaltela.pt\/api\/wp\/v2\/posts\/194963","targetHints":{"allow":["GET"]}}],"collection":[{"href":"https:\/\/portaltela.pt\/api\/wp\/v2\/posts"}],"about":[{"href":"https:\/\/portaltela.pt\/api\/wp\/v2\/types\/post"}],"author":[{"embeddable":true,"href":"https:\/\/portaltela.pt\/api\/wp\/v2\/users\/2"}],"replies":[{"embeddable":true,"href":"https:\/\/portaltela.pt\/api\/wp\/v2\/comments?post=194963"}],"version-history":[{"count":0,"href":"https:\/\/portaltela.pt\/api\/wp\/v2\/posts\/194963\/revisions"}],"wp:featuredmedia":[{"embeddable":true,"href":"https:\/\/portaltela.pt\/api\/wp\/v2\/media\/194968"}],"wp:attachment":[{"href":"https:\/\/portaltela.pt\/api\/wp\/v2\/media?parent=194963"}],"wp:term":[{"taxonomy":"category","embeddable":true,"href":"https:\/\/portaltela.pt\/api\/wp\/v2\/categories?post=194963"},{"taxonomy":"post_tag","embeddable":true,"href":"https:\/\/portaltela.pt\/api\/wp\/v2\/tags?post=194963"}],"curies":[{"name":"wp","href":"https:\/\/api.w.org\/{rel}","templated":true}]}}