{"id":194937,"date":"2026-02-03T16:47:32","date_gmt":"2026-02-03T19:47:32","guid":{"rendered":"https:\/\/portaltela.pt\/noticias\/2026\/02\/03\/depressao-leonardo-atinge-sul-de-portugal-com-chuva-forte-e-ventos-ate-95-km-h\/"},"modified":"2026-02-03T16:47:32","modified_gmt":"2026-02-03T19:47:32","slug":"depressao-leonardo-atinge-sul-de-portugal-com-chuva-forte-e-ventos-ate-95-km-h","status":"publish","type":"post","link":"https:\/\/portaltela.pt\/noticias\/2026\/02\/03\/depressao-leonardo-atinge-sul-de-portugal-com-chuva-forte-e-ventos-ate-95-km-h\/","title":{"rendered":"Depress\u00e3o Leonardo atinge Sul de Portugal com chuva forte e ventos at\u00e9 95 km\/h"},"content":{"rendered":"<p>O depress\u00e3o Leonardo afeta o Sul de Portugal, com chuva forte e vento at\u00e9 95 km\/h. O IPMA confirmou os primeiros efeitos no Alentejo, a partir do final da tarde de ter\u00e7a-feira, 3 de fevereiro. O Baixo Alentejo e o Algarve s\u00e3o as zonas de entrada do sistema frontal vindo de Sul.<\/p>\n<p>A precipita\u00e7\u00e3o dever\u00e1 ser persistente e forte, acompanhada de vento moderado a forte. Nas zonas costeiras, rajadas at\u00e9 75 km\/h; nas regi\u00f5es altas, at\u00e9 95 km\/h, especialmente nas serras de Gr\u00e2ndola e Ossa.<\/p>\n<p>A depress\u00e3o Leonardo intensifica-se entre a noite de quarta e a madrugada de quinta, com maiores acumulados de chuva e novo refor\u00e7o do vento. O regime volta a chuva, com possibilidade de granizo e trovoadas, durante a passagem da frente fria.<\/p>\n<h3>Situa\u00e7\u00e3o atual e previs\u00f5es<\/h3>\n<p>A descida de temperaturas dever\u00e1 ocorrer, com a neve a baixar para 1200 a 1400 metros no dia 5 de fevereiro, sobretudo no Norte e Centro, mantendo o Alentejo mais frio at\u00e9 ao final da semana. O tempo no litoral alentejano mant\u00e9m-se de risco.<\/p>\n<p>Ondas de Noroeste no litoral podem alcan\u00e7ar seis metros de altura significativa, com picos de 11 metros na costa vicentina. A prote\u00e7\u00e3o civil e o IPMA alertam para cuidados com cheias r\u00e1pidas e quedas de estruturas devido \u00e0s rajadas.<\/p>\n<p>As autoridades apelam \u00e0 vigil\u00e2ncia constante, sobretudo devido \u00e0 satura\u00e7\u00e3o do solo e \u00e0 persist\u00eancia de condi\u00e7\u00f5es mar\u00edtimas perigosas. O acompanhamento cont\u00ednuo \u00e9 recomendado para evacua\u00e7\u00f5es e medidas preventivas.<\/p>\n","protected":false},"excerpt":{"rendered":"<ul>\n<li>A depress\u00e3o Leonardo atinge o sul de Portugal, com efeitos no Alentejo j\u00e1 a partir do final da tarde de ter\u00e7a-feira, 3 de fevereiro, trazendo chuva persistente e vento moderado a forte, com rajadas de at\u00e9 75 km\/h nas zonas costeiras e 95 km\/h nas serras.<\/li>\n<li>O per\u00edodo de maior intensidade ser\u00e1 entre a noite de quarta-feira e a madrugada de quinta-feira, com maiores acumulados de chuva e refor\u00e7o do vento.<\/li>\n<li>A passagem da frente fria transforma a chuva em aguaceiros com granizo e trovoadas, e as temperaturas devem baixar, com a cota de neve a situar-se entre 1.200 e 1.400 metros no Norte e Centro, mantendo o Alentejo com arrefecimento at\u00e9 ao final da semana.<\/li>\n<li>No litoral alentejano prev\u00ea-se forte agita\u00e7\u00e3o mar\u00edtima, com ondas de Noroeste at\u00e9 seis metros de altura e picos de at\u00e9 11 metros na costa vicentina, com desagravamento tempor\u00e1rio na tarde de quarta-feira e novo refor\u00e7o depois.<\/li>\n<li>As autoridades apelam \u00e0 vigil\u00e2ncia devido \u00e0 satura\u00e7\u00e3o dos solos ap\u00f3s tempestades anteriores, aumentando o risco de cheias r\u00e1pidas em \u00e1reas urbanas e de queda de estruturas ou \u00e1rvores pelas rajadas.<\/li>\n<\/ul>\n","protected":false},"author":2,"featured_media":194943,"comment_status":"closed","ping_status":"closed","sticky":false,"template":"","format":"standard","meta":{"footnotes":""},"categories":[1],"tags":[883,928,3931,5224,4961,2345],"class_list":["post-194937","post","type-post","status-publish","format-standard","has-post-thumbnail","hentry","category-noticias","tag-alentejo","tag-algarve","tag-chuva-forte","tag-clima","tag-trovoadas","tag-ventos"],"yoast_head":"<!-- This site is optimized with the Yoast SEO plugin v27.2 - https:\/\/yoast.com\/product\/yoast-seo-wordpress\/ -->\n<title>Depress\u00e3o Leonardo atinge Sul de Portugal com chuva forte e ventos at\u00e9 95 km\/h - Portal Tela Portugal<\/title>\n<meta name=\"robots\" content=\"index, follow, max-snippet:-1, max-image-preview:large, max-video-preview:-1\" \/>\n<meta property=\"og:locale\" content=\"pt_PT\" \/>\n<meta property=\"og:type\" content=\"article\" \/>\n<meta property=\"og:title\" content=\"Depress\u00e3o Leonardo atinge Sul de Portugal com chuva forte e ventos at\u00e9 95 km\/h - Portal Tela Portugal\" \/>\n<meta property=\"og:description\" content=\"A depress\u00e3o Leonardo atinge o sul de Portugal, com efeitos no Alentejo j\u00e1 a partir do final da tarde de ter\u00e7a-feira, 3 de fevereiro, trazendo chuva persistente e vento moderado a forte, com rajadas de at\u00e9 75 km\/h nas zonas costeiras e 95 km\/h nas serras. O per\u00edodo de maior intensidade ser\u00e1 entre a noite de quarta-feira e a madrugada de quinta-feira, com maiores acumulados de chuva e refor\u00e7o do vento. A passagem da frente fria transforma a chuva em aguaceiros com granizo e trovoadas, e as temperaturas devem baixar, com a cota de neve a situar-se entre 1.200 e 1.400 metros no Norte e Centro, mantendo o Alentejo com arrefecimento at\u00e9 ao final da semana. No litoral alentejano prev\u00ea-se forte agita\u00e7\u00e3o mar\u00edtima, com ondas de Noroeste at\u00e9 seis metros de altura e picos de at\u00e9 11 metros na costa vicentina, com desagravamento tempor\u00e1rio na tarde de quarta-feira e novo refor\u00e7o depois. As autoridades apelam \u00e0 vigil\u00e2ncia devido \u00e0 satura\u00e7\u00e3o dos solos ap\u00f3s tempestades anteriores, aumentando o risco de cheias r\u00e1pidas em \u00e1reas urbanas e de queda de estruturas ou \u00e1rvores pelas rajadas.\" \/>\n<meta property=\"og:url\" content=\"https:\/\/portaltela.pt\/noticias\/2026\/02\/03\/depressao-leonardo-atinge-sul-de-portugal-com-chuva-forte-e-ventos-ate-95-km-h\/\" \/>\n<meta property=\"og:site_name\" content=\"Portal Tela Portugal\" \/>\n<meta property=\"article:published_time\" content=\"2026-02-03T19:47:32+00:00\" \/>\n<meta name=\"author\" content=\"Telinha\" \/>\n<meta name=\"twitter:card\" content=\"summary_large_image\" \/>\n<meta name=\"twitter:label1\" content=\"Escrito por\" \/>\n\t<meta name=\"twitter:data1\" content=\"Telinha\" \/>\n\t<meta name=\"twitter:label2\" content=\"Tempo estimado de leitura\" \/>\n\t<meta name=\"twitter:data2\" content=\"1 minuto\" \/>\n<script type=\"application\/ld+json\" class=\"yoast-schema-graph\">{\"@context\":\"https:\/\/schema.org\",\"@graph\":[{\"@type\":\"Article\",\"@id\":\"https:\/\/portaltela.pt\/noticias\/2026\/02\/03\/depressao-leonardo-atinge-sul-de-portugal-com-chuva-forte-e-ventos-ate-95-km-h\/#article\",\"isPartOf\":{\"@id\":\"https:\/\/portaltela.pt\/noticias\/2026\/02\/03\/depressao-leonardo-atinge-sul-de-portugal-com-chuva-forte-e-ventos-ate-95-km-h\/\"},\"author\":{\"name\":\"Telinha\",\"@id\":\"https:\/\/portaltela.pt\/#\/schema\/person\/c4278d4a6028830caff9ee44b42d32ed\"},\"headline\":\"Depress\u00e3o Leonardo atinge Sul de Portugal com chuva forte e ventos at\u00e9 95 km\/h\",\"datePublished\":\"2026-02-03T19:47:32+00:00\",\"mainEntityOfPage\":{\"@id\":\"https:\/\/portaltela.pt\/noticias\/2026\/02\/03\/depressao-leonardo-atinge-sul-de-portugal-com-chuva-forte-e-ventos-ate-95-km-h\/\"},\"wordCount\":269,\"image\":{\"@id\":\"https:\/\/portaltela.pt\/noticias\/2026\/02\/03\/depressao-leonardo-atinge-sul-de-portugal-com-chuva-forte-e-ventos-ate-95-km-h\/#primaryimage\"},\"thumbnailUrl\":\"https:\/\/portaltela.pt\/s.01k8rhncp4jt1\/2026\/02\/tempestade.jpg\",\"keywords\":[\"Alentejo\",\"Algarve\",\"chuva forte\",\"clima\",\"trovoadas\",\"ventos\"],\"articleSection\":[\"Not\u00edcias\"],\"inLanguage\":\"pt-PT\"},{\"@type\":\"WebPage\",\"@id\":\"https:\/\/portaltela.pt\/noticias\/2026\/02\/03\/depressao-leonardo-atinge-sul-de-portugal-com-chuva-forte-e-ventos-ate-95-km-h\/\",\"url\":\"https:\/\/portaltela.pt\/noticias\/2026\/02\/03\/depressao-leonardo-atinge-sul-de-portugal-com-chuva-forte-e-ventos-ate-95-km-h\/\",\"name\":\"Depress\u00e3o Leonardo atinge Sul de Portugal com chuva forte e ventos at\u00e9 95 km\/h - Portal Tela Portugal\",\"isPartOf\":{\"@id\":\"https:\/\/portaltela.pt\/#website\"},\"primaryImageOfPage\":{\"@id\":\"https:\/\/portaltela.pt\/noticias\/2026\/02\/03\/depressao-leonardo-atinge-sul-de-portugal-com-chuva-forte-e-ventos-ate-95-km-h\/#primaryimage\"},\"image\":{\"@id\":\"https:\/\/portaltela.pt\/noticias\/2026\/02\/03\/depressao-leonardo-atinge-sul-de-portugal-com-chuva-forte-e-ventos-ate-95-km-h\/#primaryimage\"},\"thumbnailUrl\":\"https:\/\/portaltela.pt\/s.01k8rhncp4jt1\/2026\/02\/tempestade.jpg\",\"datePublished\":\"2026-02-03T19:47:32+00:00\",\"author\":{\"@id\":\"https:\/\/portaltela.pt\/#\/schema\/person\/c4278d4a6028830caff9ee44b42d32ed\"},\"breadcrumb\":{\"@id\":\"https:\/\/portaltela.pt\/noticias\/2026\/02\/03\/depressao-leonardo-atinge-sul-de-portugal-com-chuva-forte-e-ventos-ate-95-km-h\/#breadcrumb\"},\"inLanguage\":\"pt-PT\",\"potentialAction\":[{\"@type\":\"ReadAction\",\"target\":[\"https:\/\/portaltela.pt\/noticias\/2026\/02\/03\/depressao-leonardo-atinge-sul-de-portugal-com-chuva-forte-e-ventos-ate-95-km-h\/\"]}]},{\"@type\":\"ImageObject\",\"inLanguage\":\"pt-PT\",\"@id\":\"https:\/\/portaltela.pt\/noticias\/2026\/02\/03\/depressao-leonardo-atinge-sul-de-portugal-com-chuva-forte-e-ventos-ate-95-km-h\/#primaryimage\",\"url\":\"https:\/\/portaltela.pt\/s.01k8rhncp4jt1\/2026\/02\/tempestade.jpg\",\"contentUrl\":\"https:\/\/portaltela.pt\/s.01k8rhncp4jt1\/2026\/02\/tempestade.jpg\",\"width\":796,\"height\":448,\"caption\":\"Tempestade Joseph: O que precisa de saber para se proteger do mau tempo\"},{\"@type\":\"BreadcrumbList\",\"@id\":\"https:\/\/portaltela.pt\/noticias\/2026\/02\/03\/depressao-leonardo-atinge-sul-de-portugal-com-chuva-forte-e-ventos-ate-95-km-h\/#breadcrumb\",\"itemListElement\":[{\"@type\":\"ListItem\",\"position\":1,\"name\":\"In\u00edcio\",\"item\":\"https:\/\/portaltela.pt\/\"},{\"@type\":\"ListItem\",\"position\":2,\"name\":\"Depress\u00e3o Leonardo atinge Sul de Portugal com chuva forte e ventos at\u00e9 95 km\/h\"}]},{\"@type\":\"WebSite\",\"@id\":\"https:\/\/portaltela.pt\/#website\",\"url\":\"https:\/\/portaltela.pt\/\",\"name\":\"Portal Tela Portugal\",\"description\":\"\",\"potentialAction\":[{\"@type\":\"SearchAction\",\"target\":{\"@type\":\"EntryPoint\",\"urlTemplate\":\"https:\/\/portaltela.pt\/?s={search_term_string}\"},\"query-input\":{\"@type\":\"PropertyValueSpecification\",\"valueRequired\":true,\"valueName\":\"search_term_string\"}}],\"inLanguage\":\"pt-PT\"},{\"@type\":\"Person\",\"@id\":\"https:\/\/portaltela.pt\/#\/schema\/person\/c4278d4a6028830caff9ee44b42d32ed\",\"name\":\"Telinha\",\"image\":{\"@type\":\"ImageObject\",\"inLanguage\":\"pt-PT\",\"@id\":\"https:\/\/portaltela.pt\/s.01k8rhncp4jt1\/2025\/11\/talking-bot-125x125.png\",\"url\":\"https:\/\/portaltela.pt\/s.01k8rhncp4jt1\/2025\/11\/talking-bot-125x125.png\",\"contentUrl\":\"https:\/\/portaltela.pt\/s.01k8rhncp4jt1\/2025\/11\/talking-bot-125x125.png\",\"caption\":\"Telinha\"},\"sameAs\":[\"https:\/\/portaltela.pt\/\"],\"url\":\"https:\/\/portaltela.pt\/por\/367410592786\/\"}]}<\/script>\n<!-- \/ Yoast SEO plugin. -->","yoast_head_json":{"title":"Depress\u00e3o Leonardo atinge Sul de Portugal com chuva forte e ventos at\u00e9 95 km\/h - Portal Tela Portugal","robots":{"index":"index","follow":"follow","max-snippet":"max-snippet:-1","max-image-preview":"max-image-preview:large","max-video-preview":"max-video-preview:-1"},"og_locale":"pt_PT","og_type":"article","og_title":"Depress\u00e3o Leonardo atinge Sul de Portugal com chuva forte e ventos at\u00e9 95 km\/h - Portal Tela Portugal","og_description":"A depress\u00e3o Leonardo atinge o sul de Portugal, com efeitos no Alentejo j\u00e1 a partir do final da tarde de ter\u00e7a-feira, 3 de fevereiro, trazendo chuva persistente e vento moderado a forte, com rajadas de at\u00e9 75 km\/h nas zonas costeiras e 95 km\/h nas serras. O per\u00edodo de maior intensidade ser\u00e1 entre a noite de quarta-feira e a madrugada de quinta-feira, com maiores acumulados de chuva e refor\u00e7o do vento. A passagem da frente fria transforma a chuva em aguaceiros com granizo e trovoadas, e as temperaturas devem baixar, com a cota de neve a situar-se entre 1.200 e 1.400 metros no Norte e Centro, mantendo o Alentejo com arrefecimento at\u00e9 ao final da semana. No litoral alentejano prev\u00ea-se forte agita\u00e7\u00e3o mar\u00edtima, com ondas de Noroeste at\u00e9 seis metros de altura e picos de at\u00e9 11 metros na costa vicentina, com desagravamento tempor\u00e1rio na tarde de quarta-feira e novo refor\u00e7o depois. As autoridades apelam \u00e0 vigil\u00e2ncia devido \u00e0 satura\u00e7\u00e3o dos solos ap\u00f3s tempestades anteriores, aumentando o risco de cheias r\u00e1pidas em \u00e1reas urbanas e de queda de estruturas ou \u00e1rvores pelas rajadas.","og_url":"https:\/\/portaltela.pt\/noticias\/2026\/02\/03\/depressao-leonardo-atinge-sul-de-portugal-com-chuva-forte-e-ventos-ate-95-km-h\/","og_site_name":"Portal Tela Portugal","article_published_time":"2026-02-03T19:47:32+00:00","author":"Telinha","twitter_card":"summary_large_image","twitter_misc":{"Escrito por":"Telinha","Tempo estimado de leitura":"1 minuto"},"schema":{"@context":"https:\/\/schema.org","@graph":[{"@type":"Article","@id":"https:\/\/portaltela.pt\/noticias\/2026\/02\/03\/depressao-leonardo-atinge-sul-de-portugal-com-chuva-forte-e-ventos-ate-95-km-h\/#article","isPartOf":{"@id":"https:\/\/portaltela.pt\/noticias\/2026\/02\/03\/depressao-leonardo-atinge-sul-de-portugal-com-chuva-forte-e-ventos-ate-95-km-h\/"},"author":{"name":"Telinha","@id":"https:\/\/portaltela.pt\/#\/schema\/person\/c4278d4a6028830caff9ee44b42d32ed"},"headline":"Depress\u00e3o Leonardo atinge Sul de Portugal com chuva forte e ventos at\u00e9 95 km\/h","datePublished":"2026-02-03T19:47:32+00:00","mainEntityOfPage":{"@id":"https:\/\/portaltela.pt\/noticias\/2026\/02\/03\/depressao-leonardo-atinge-sul-de-portugal-com-chuva-forte-e-ventos-ate-95-km-h\/"},"wordCount":269,"image":{"@id":"https:\/\/portaltela.pt\/noticias\/2026\/02\/03\/depressao-leonardo-atinge-sul-de-portugal-com-chuva-forte-e-ventos-ate-95-km-h\/#primaryimage"},"thumbnailUrl":"https:\/\/portaltela.pt\/s.01k8rhncp4jt1\/2026\/02\/tempestade.jpg","keywords":["Alentejo","Algarve","chuva forte","clima","trovoadas","ventos"],"articleSection":["Not\u00edcias"],"inLanguage":"pt-PT"},{"@type":"WebPage","@id":"https:\/\/portaltela.pt\/noticias\/2026\/02\/03\/depressao-leonardo-atinge-sul-de-portugal-com-chuva-forte-e-ventos-ate-95-km-h\/","url":"https:\/\/portaltela.pt\/noticias\/2026\/02\/03\/depressao-leonardo-atinge-sul-de-portugal-com-chuva-forte-e-ventos-ate-95-km-h\/","name":"Depress\u00e3o Leonardo atinge Sul de Portugal com chuva forte e ventos at\u00e9 95 km\/h - Portal Tela Portugal","isPartOf":{"@id":"https:\/\/portaltela.pt\/#website"},"primaryImageOfPage":{"@id":"https:\/\/portaltela.pt\/noticias\/2026\/02\/03\/depressao-leonardo-atinge-sul-de-portugal-com-chuva-forte-e-ventos-ate-95-km-h\/#primaryimage"},"image":{"@id":"https:\/\/portaltela.pt\/noticias\/2026\/02\/03\/depressao-leonardo-atinge-sul-de-portugal-com-chuva-forte-e-ventos-ate-95-km-h\/#primaryimage"},"thumbnailUrl":"https:\/\/portaltela.pt\/s.01k8rhncp4jt1\/2026\/02\/tempestade.jpg","datePublished":"2026-02-03T19:47:32+00:00","author":{"@id":"https:\/\/portaltela.pt\/#\/schema\/person\/c4278d4a6028830caff9ee44b42d32ed"},"breadcrumb":{"@id":"https:\/\/portaltela.pt\/noticias\/2026\/02\/03\/depressao-leonardo-atinge-sul-de-portugal-com-chuva-forte-e-ventos-ate-95-km-h\/#breadcrumb"},"inLanguage":"pt-PT","potentialAction":[{"@type":"ReadAction","target":["https:\/\/portaltela.pt\/noticias\/2026\/02\/03\/depressao-leonardo-atinge-sul-de-portugal-com-chuva-forte-e-ventos-ate-95-km-h\/"]}]},{"@type":"ImageObject","inLanguage":"pt-PT","@id":"https:\/\/portaltela.pt\/noticias\/2026\/02\/03\/depressao-leonardo-atinge-sul-de-portugal-com-chuva-forte-e-ventos-ate-95-km-h\/#primaryimage","url":"https:\/\/portaltela.pt\/s.01k8rhncp4jt1\/2026\/02\/tempestade.jpg","contentUrl":"https:\/\/portaltela.pt\/s.01k8rhncp4jt1\/2026\/02\/tempestade.jpg","width":796,"height":448,"caption":"Tempestade Joseph: O que precisa de saber para se proteger do mau tempo"},{"@type":"BreadcrumbList","@id":"https:\/\/portaltela.pt\/noticias\/2026\/02\/03\/depressao-leonardo-atinge-sul-de-portugal-com-chuva-forte-e-ventos-ate-95-km-h\/#breadcrumb","itemListElement":[{"@type":"ListItem","position":1,"name":"In\u00edcio","item":"https:\/\/portaltela.pt\/"},{"@type":"ListItem","position":2,"name":"Depress\u00e3o Leonardo atinge Sul de Portugal com chuva forte e ventos at\u00e9 95 km\/h"}]},{"@type":"WebSite","@id":"https:\/\/portaltela.pt\/#website","url":"https:\/\/portaltela.pt\/","name":"Portal Tela Portugal","description":"","potentialAction":[{"@type":"SearchAction","target":{"@type":"EntryPoint","urlTemplate":"https:\/\/portaltela.pt\/?s={search_term_string}"},"query-input":{"@type":"PropertyValueSpecification","valueRequired":true,"valueName":"search_term_string"}}],"inLanguage":"pt-PT"},{"@type":"Person","@id":"https:\/\/portaltela.pt\/#\/schema\/person\/c4278d4a6028830caff9ee44b42d32ed","name":"Telinha","image":{"@type":"ImageObject","inLanguage":"pt-PT","@id":"https:\/\/portaltela.pt\/s.01k8rhncp4jt1\/2025\/11\/talking-bot-125x125.png","url":"https:\/\/portaltela.pt\/s.01k8rhncp4jt1\/2025\/11\/talking-bot-125x125.png","contentUrl":"https:\/\/portaltela.pt\/s.01k8rhncp4jt1\/2025\/11\/talking-bot-125x125.png","caption":"Telinha"},"sameAs":["https:\/\/portaltela.pt\/"],"url":"https:\/\/portaltela.pt\/por\/367410592786\/"}]}},"_links":{"self":[{"href":"https:\/\/portaltela.pt\/api\/wp\/v2\/posts\/194937","targetHints":{"allow":["GET"]}}],"collection":[{"href":"https:\/\/portaltela.pt\/api\/wp\/v2\/posts"}],"about":[{"href":"https:\/\/portaltela.pt\/api\/wp\/v2\/types\/post"}],"author":[{"embeddable":true,"href":"https:\/\/portaltela.pt\/api\/wp\/v2\/users\/2"}],"replies":[{"embeddable":true,"href":"https:\/\/portaltela.pt\/api\/wp\/v2\/comments?post=194937"}],"version-history":[{"count":0,"href":"https:\/\/portaltela.pt\/api\/wp\/v2\/posts\/194937\/revisions"}],"wp:featuredmedia":[{"embeddable":true,"href":"https:\/\/portaltela.pt\/api\/wp\/v2\/media\/194943"}],"wp:attachment":[{"href":"https:\/\/portaltela.pt\/api\/wp\/v2\/media?parent=194937"}],"wp:term":[{"taxonomy":"category","embeddable":true,"href":"https:\/\/portaltela.pt\/api\/wp\/v2\/categories?post=194937"},{"taxonomy":"post_tag","embeddable":true,"href":"https:\/\/portaltela.pt\/api\/wp\/v2\/tags?post=194937"}],"curies":[{"name":"wp","href":"https:\/\/api.w.org\/{rel}","templated":true}]}}