{"id":194921,"date":"2026-02-03T16:37:08","date_gmt":"2026-02-03T19:37:08","guid":{"rendered":"https:\/\/portaltela.pt\/noticias\/2026\/02\/03\/apple-assegura-continuidade-da-serie-de-jon-hamm-antes-da-2-a-temporada\/"},"modified":"2026-02-03T16:37:08","modified_gmt":"2026-02-03T19:37:08","slug":"apple-assegura-continuidade-da-serie-de-jon-hamm-antes-da-2-a-temporada","status":"publish","type":"post","link":"https:\/\/portaltela.pt\/noticias\/2026\/02\/03\/apple-assegura-continuidade-da-serie-de-jon-hamm-antes-da-2-a-temporada\/","title":{"rendered":"Apple assegura continuidade da s\u00e9rie de Jon Hamm antes da 2.\u00aa temporada"},"content":{"rendered":"<p>A Apple garantiu o futuro da s\u00e9rie Your Friends &amp; Neighbors, com a renova\u00e7\u00e3o para a terceira temporada antes da estreia da segunda. Jon Hamm volta a estrelar a produ\u00e7\u00e3o. A decis\u00e3o chega a poucos dias da transmiss\u00e3o do pr\u00f3ximo ciclo.<\/p>\n<p>A segunda temporada est\u00e1 marcada para estrear no dia 3 de abril na Apple TV+. Ser\u00e3o dez epis\u00f3dios, mais um do que a temporada anterior, lan\u00e7ados semanalmente. A confirma\u00e7\u00e3o da renova\u00e7\u00e3o traz tranquilidade aos f\u00e3s.<\/p>\n<p>A estreia da segunda temporada acontece num contexto de expectativa, j\u00e1 que a Apple divulgou um novo trailer da s\u00e9rie. A produ\u00e7\u00e3o segue sob o comando da equipa criativa associada a Hamm.<\/p>\n<h3>Detalhes da renova\u00e7\u00e3o e da temporada<\/h3>\n<ul>\n<li>A confirma\u00e7\u00e3o da terceira temporada foi adiantada pela imprensa especializada, antes mesmo do lan\u00e7amento do segundo ciclo.<\/li>\n<li>A primeira temporada de Your Friends &amp; Neighbors esteve dispon\u00edvel desde 2025 e conquistou o p\u00fablico da plataforma.<\/li>\n<\/ul>\n","protected":false},"excerpt":{"rendered":"<ul>\n<li>A Apple renovou a s\u00e9rie Your Friends &amp; Neighbors para uma terceira temporada, garantindo o seu futuro.<\/li>\n<li>A segunda temporada tem estreia marcada para o dia 3 de abril na Apple TV.<\/li>\n<li>A renova\u00e7\u00e3o para a terceira temporada foi anunciada antes da estreia da segunda temporada.<\/li>\n<li>A primeira temporada, lan\u00e7ada em 2025, j\u00e1 foi recebida como uma surpresa entre os subscritores da Apple TV.<\/li>\n<li>A segunda temporada ter\u00e1 dez epis\u00f3dios, um a mais que a primeira, e ser\u00e1 lan\u00e7ada semanalmente; a Apple publicou um novo trailer.<\/li>\n<\/ul>\n","protected":false},"author":2,"featured_media":194934,"comment_status":"closed","ping_status":"closed","sticky":false,"template":"","format":"standard","meta":{"footnotes":""},"categories":[12,1],"tags":[2912,2390],"class_list":["post-194921","post","type-post","status-publish","format-standard","has-post-thumbnail","hentry","category-entretenimento","category-noticias","tag-apple-tv","tag-series"],"yoast_head":"<!-- This site is optimized with the Yoast SEO plugin v27.2 - https:\/\/yoast.com\/product\/yoast-seo-wordpress\/ -->\n<title>Apple assegura continuidade da s\u00e9rie de Jon Hamm antes da 2.\u00aa temporada - Portal Tela Portugal<\/title>\n<meta name=\"robots\" content=\"index, follow, max-snippet:-1, max-image-preview:large, max-video-preview:-1\" \/>\n<meta property=\"og:locale\" content=\"pt_PT\" \/>\n<meta property=\"og:type\" content=\"article\" \/>\n<meta property=\"og:title\" content=\"Apple assegura continuidade da s\u00e9rie de Jon Hamm antes da 2.\u00aa temporada - Portal Tela Portugal\" \/>\n<meta property=\"og:description\" content=\"A Apple renovou a s\u00e9rie Your Friends &amp; Neighbors para uma terceira temporada, garantindo o seu futuro. A segunda temporada tem estreia marcada para o dia 3 de abril na Apple TV. A renova\u00e7\u00e3o para a terceira temporada foi anunciada antes da estreia da segunda temporada. A primeira temporada, lan\u00e7ada em 2025, j\u00e1 foi recebida como uma surpresa entre os subscritores da Apple TV. A segunda temporada ter\u00e1 dez epis\u00f3dios, um a mais que a primeira, e ser\u00e1 lan\u00e7ada semanalmente; a Apple publicou um novo trailer.\" \/>\n<meta property=\"og:url\" content=\"https:\/\/portaltela.pt\/noticias\/2026\/02\/03\/apple-assegura-continuidade-da-serie-de-jon-hamm-antes-da-2-a-temporada\/\" \/>\n<meta property=\"og:site_name\" content=\"Portal Tela Portugal\" \/>\n<meta property=\"article:published_time\" content=\"2026-02-03T19:37:08+00:00\" \/>\n<meta name=\"author\" content=\"Telinha\" \/>\n<meta name=\"twitter:card\" content=\"summary_large_image\" \/>\n<meta name=\"twitter:label1\" content=\"Escrito por\" \/>\n\t<meta name=\"twitter:data1\" content=\"Telinha\" \/>\n\t<meta name=\"twitter:label2\" content=\"Tempo estimado de leitura\" \/>\n\t<meta name=\"twitter:data2\" content=\"1 minuto\" \/>\n<script type=\"application\/ld+json\" class=\"yoast-schema-graph\">{\"@context\":\"https:\/\/schema.org\",\"@graph\":[{\"@type\":\"Article\",\"@id\":\"https:\/\/portaltela.pt\/noticias\/2026\/02\/03\/apple-assegura-continuidade-da-serie-de-jon-hamm-antes-da-2-a-temporada\/#article\",\"isPartOf\":{\"@id\":\"https:\/\/portaltela.pt\/noticias\/2026\/02\/03\/apple-assegura-continuidade-da-serie-de-jon-hamm-antes-da-2-a-temporada\/\"},\"author\":{\"name\":\"Telinha\",\"@id\":\"https:\/\/portaltela.pt\/#\/schema\/person\/c4278d4a6028830caff9ee44b42d32ed\"},\"headline\":\"Apple assegura continuidade da s\u00e9rie de Jon Hamm antes da 2.\u00aa temporada\",\"datePublished\":\"2026-02-03T19:37:08+00:00\",\"mainEntityOfPage\":{\"@id\":\"https:\/\/portaltela.pt\/noticias\/2026\/02\/03\/apple-assegura-continuidade-da-serie-de-jon-hamm-antes-da-2-a-temporada\/\"},\"wordCount\":178,\"image\":{\"@id\":\"https:\/\/portaltela.pt\/noticias\/2026\/02\/03\/apple-assegura-continuidade-da-serie-de-jon-hamm-antes-da-2-a-temporada\/#primaryimage\"},\"thumbnailUrl\":\"https:\/\/portaltela.pt\/s.01k8rhncp4jt1\/2026\/02\/unnamed-file-973.jpg\",\"keywords\":[\"Apple TV\",\"S\u00c9RIES\"],\"articleSection\":[\"Entretenimento\",\"Not\u00edcias\"],\"inLanguage\":\"pt-PT\"},{\"@type\":\"WebPage\",\"@id\":\"https:\/\/portaltela.pt\/noticias\/2026\/02\/03\/apple-assegura-continuidade-da-serie-de-jon-hamm-antes-da-2-a-temporada\/\",\"url\":\"https:\/\/portaltela.pt\/noticias\/2026\/02\/03\/apple-assegura-continuidade-da-serie-de-jon-hamm-antes-da-2-a-temporada\/\",\"name\":\"Apple assegura continuidade da s\u00e9rie de Jon Hamm antes da 2.\u00aa temporada - Portal Tela Portugal\",\"isPartOf\":{\"@id\":\"https:\/\/portaltela.pt\/#website\"},\"primaryImageOfPage\":{\"@id\":\"https:\/\/portaltela.pt\/noticias\/2026\/02\/03\/apple-assegura-continuidade-da-serie-de-jon-hamm-antes-da-2-a-temporada\/#primaryimage\"},\"image\":{\"@id\":\"https:\/\/portaltela.pt\/noticias\/2026\/02\/03\/apple-assegura-continuidade-da-serie-de-jon-hamm-antes-da-2-a-temporada\/#primaryimage\"},\"thumbnailUrl\":\"https:\/\/portaltela.pt\/s.01k8rhncp4jt1\/2026\/02\/unnamed-file-973.jpg\",\"datePublished\":\"2026-02-03T19:37:08+00:00\",\"author\":{\"@id\":\"https:\/\/portaltela.pt\/#\/schema\/person\/c4278d4a6028830caff9ee44b42d32ed\"},\"breadcrumb\":{\"@id\":\"https:\/\/portaltela.pt\/noticias\/2026\/02\/03\/apple-assegura-continuidade-da-serie-de-jon-hamm-antes-da-2-a-temporada\/#breadcrumb\"},\"inLanguage\":\"pt-PT\",\"potentialAction\":[{\"@type\":\"ReadAction\",\"target\":[\"https:\/\/portaltela.pt\/noticias\/2026\/02\/03\/apple-assegura-continuidade-da-serie-de-jon-hamm-antes-da-2-a-temporada\/\"]}]},{\"@type\":\"ImageObject\",\"inLanguage\":\"pt-PT\",\"@id\":\"https:\/\/portaltela.pt\/noticias\/2026\/02\/03\/apple-assegura-continuidade-da-serie-de-jon-hamm-antes-da-2-a-temporada\/#primaryimage\",\"url\":\"https:\/\/portaltela.pt\/s.01k8rhncp4jt1\/2026\/02\/unnamed-file-973.jpg\",\"contentUrl\":\"https:\/\/portaltela.pt\/s.01k8rhncp4jt1\/2026\/02\/unnamed-file-973.jpg\",\"width\":796,\"height\":448,\"caption\":\"Apple garante futuro de s\u00e9rie de Jon Hamm antes da 2.\u00aa temporada\"},{\"@type\":\"BreadcrumbList\",\"@id\":\"https:\/\/portaltela.pt\/noticias\/2026\/02\/03\/apple-assegura-continuidade-da-serie-de-jon-hamm-antes-da-2-a-temporada\/#breadcrumb\",\"itemListElement\":[{\"@type\":\"ListItem\",\"position\":1,\"name\":\"In\u00edcio\",\"item\":\"https:\/\/portaltela.pt\/\"},{\"@type\":\"ListItem\",\"position\":2,\"name\":\"Apple assegura continuidade da s\u00e9rie de Jon Hamm antes da 2.\u00aa temporada\"}]},{\"@type\":\"WebSite\",\"@id\":\"https:\/\/portaltela.pt\/#website\",\"url\":\"https:\/\/portaltela.pt\/\",\"name\":\"Portal Tela Portugal\",\"description\":\"\",\"potentialAction\":[{\"@type\":\"SearchAction\",\"target\":{\"@type\":\"EntryPoint\",\"urlTemplate\":\"https:\/\/portaltela.pt\/?s={search_term_string}\"},\"query-input\":{\"@type\":\"PropertyValueSpecification\",\"valueRequired\":true,\"valueName\":\"search_term_string\"}}],\"inLanguage\":\"pt-PT\"},{\"@type\":\"Person\",\"@id\":\"https:\/\/portaltela.pt\/#\/schema\/person\/c4278d4a6028830caff9ee44b42d32ed\",\"name\":\"Telinha\",\"image\":{\"@type\":\"ImageObject\",\"inLanguage\":\"pt-PT\",\"@id\":\"https:\/\/portaltela.pt\/s.01k8rhncp4jt1\/2025\/11\/talking-bot-125x125.png\",\"url\":\"https:\/\/portaltela.pt\/s.01k8rhncp4jt1\/2025\/11\/talking-bot-125x125.png\",\"contentUrl\":\"https:\/\/portaltela.pt\/s.01k8rhncp4jt1\/2025\/11\/talking-bot-125x125.png\",\"caption\":\"Telinha\"},\"sameAs\":[\"https:\/\/portaltela.pt\/\"],\"url\":\"https:\/\/portaltela.pt\/por\/367410592786\/\"}]}<\/script>\n<!-- \/ Yoast SEO plugin. -->","yoast_head_json":{"title":"Apple assegura continuidade da s\u00e9rie de Jon Hamm antes da 2.\u00aa temporada - Portal Tela Portugal","robots":{"index":"index","follow":"follow","max-snippet":"max-snippet:-1","max-image-preview":"max-image-preview:large","max-video-preview":"max-video-preview:-1"},"og_locale":"pt_PT","og_type":"article","og_title":"Apple assegura continuidade da s\u00e9rie de Jon Hamm antes da 2.\u00aa temporada - Portal Tela Portugal","og_description":"A Apple renovou a s\u00e9rie Your Friends &amp; Neighbors para uma terceira temporada, garantindo o seu futuro. A segunda temporada tem estreia marcada para o dia 3 de abril na Apple TV. A renova\u00e7\u00e3o para a terceira temporada foi anunciada antes da estreia da segunda temporada. A primeira temporada, lan\u00e7ada em 2025, j\u00e1 foi recebida como uma surpresa entre os subscritores da Apple TV. A segunda temporada ter\u00e1 dez epis\u00f3dios, um a mais que a primeira, e ser\u00e1 lan\u00e7ada semanalmente; a Apple publicou um novo trailer.","og_url":"https:\/\/portaltela.pt\/noticias\/2026\/02\/03\/apple-assegura-continuidade-da-serie-de-jon-hamm-antes-da-2-a-temporada\/","og_site_name":"Portal Tela Portugal","article_published_time":"2026-02-03T19:37:08+00:00","author":"Telinha","twitter_card":"summary_large_image","twitter_misc":{"Escrito por":"Telinha","Tempo estimado de leitura":"1 minuto"},"schema":{"@context":"https:\/\/schema.org","@graph":[{"@type":"Article","@id":"https:\/\/portaltela.pt\/noticias\/2026\/02\/03\/apple-assegura-continuidade-da-serie-de-jon-hamm-antes-da-2-a-temporada\/#article","isPartOf":{"@id":"https:\/\/portaltela.pt\/noticias\/2026\/02\/03\/apple-assegura-continuidade-da-serie-de-jon-hamm-antes-da-2-a-temporada\/"},"author":{"name":"Telinha","@id":"https:\/\/portaltela.pt\/#\/schema\/person\/c4278d4a6028830caff9ee44b42d32ed"},"headline":"Apple assegura continuidade da s\u00e9rie de Jon Hamm antes da 2.\u00aa temporada","datePublished":"2026-02-03T19:37:08+00:00","mainEntityOfPage":{"@id":"https:\/\/portaltela.pt\/noticias\/2026\/02\/03\/apple-assegura-continuidade-da-serie-de-jon-hamm-antes-da-2-a-temporada\/"},"wordCount":178,"image":{"@id":"https:\/\/portaltela.pt\/noticias\/2026\/02\/03\/apple-assegura-continuidade-da-serie-de-jon-hamm-antes-da-2-a-temporada\/#primaryimage"},"thumbnailUrl":"https:\/\/portaltela.pt\/s.01k8rhncp4jt1\/2026\/02\/unnamed-file-973.jpg","keywords":["Apple TV","S\u00c9RIES"],"articleSection":["Entretenimento","Not\u00edcias"],"inLanguage":"pt-PT"},{"@type":"WebPage","@id":"https:\/\/portaltela.pt\/noticias\/2026\/02\/03\/apple-assegura-continuidade-da-serie-de-jon-hamm-antes-da-2-a-temporada\/","url":"https:\/\/portaltela.pt\/noticias\/2026\/02\/03\/apple-assegura-continuidade-da-serie-de-jon-hamm-antes-da-2-a-temporada\/","name":"Apple assegura continuidade da s\u00e9rie de Jon Hamm antes da 2.\u00aa temporada - Portal Tela Portugal","isPartOf":{"@id":"https:\/\/portaltela.pt\/#website"},"primaryImageOfPage":{"@id":"https:\/\/portaltela.pt\/noticias\/2026\/02\/03\/apple-assegura-continuidade-da-serie-de-jon-hamm-antes-da-2-a-temporada\/#primaryimage"},"image":{"@id":"https:\/\/portaltela.pt\/noticias\/2026\/02\/03\/apple-assegura-continuidade-da-serie-de-jon-hamm-antes-da-2-a-temporada\/#primaryimage"},"thumbnailUrl":"https:\/\/portaltela.pt\/s.01k8rhncp4jt1\/2026\/02\/unnamed-file-973.jpg","datePublished":"2026-02-03T19:37:08+00:00","author":{"@id":"https:\/\/portaltela.pt\/#\/schema\/person\/c4278d4a6028830caff9ee44b42d32ed"},"breadcrumb":{"@id":"https:\/\/portaltela.pt\/noticias\/2026\/02\/03\/apple-assegura-continuidade-da-serie-de-jon-hamm-antes-da-2-a-temporada\/#breadcrumb"},"inLanguage":"pt-PT","potentialAction":[{"@type":"ReadAction","target":["https:\/\/portaltela.pt\/noticias\/2026\/02\/03\/apple-assegura-continuidade-da-serie-de-jon-hamm-antes-da-2-a-temporada\/"]}]},{"@type":"ImageObject","inLanguage":"pt-PT","@id":"https:\/\/portaltela.pt\/noticias\/2026\/02\/03\/apple-assegura-continuidade-da-serie-de-jon-hamm-antes-da-2-a-temporada\/#primaryimage","url":"https:\/\/portaltela.pt\/s.01k8rhncp4jt1\/2026\/02\/unnamed-file-973.jpg","contentUrl":"https:\/\/portaltela.pt\/s.01k8rhncp4jt1\/2026\/02\/unnamed-file-973.jpg","width":796,"height":448,"caption":"Apple garante futuro de s\u00e9rie de Jon Hamm antes da 2.\u00aa temporada"},{"@type":"BreadcrumbList","@id":"https:\/\/portaltela.pt\/noticias\/2026\/02\/03\/apple-assegura-continuidade-da-serie-de-jon-hamm-antes-da-2-a-temporada\/#breadcrumb","itemListElement":[{"@type":"ListItem","position":1,"name":"In\u00edcio","item":"https:\/\/portaltela.pt\/"},{"@type":"ListItem","position":2,"name":"Apple assegura continuidade da s\u00e9rie de Jon Hamm antes da 2.\u00aa temporada"}]},{"@type":"WebSite","@id":"https:\/\/portaltela.pt\/#website","url":"https:\/\/portaltela.pt\/","name":"Portal Tela Portugal","description":"","potentialAction":[{"@type":"SearchAction","target":{"@type":"EntryPoint","urlTemplate":"https:\/\/portaltela.pt\/?s={search_term_string}"},"query-input":{"@type":"PropertyValueSpecification","valueRequired":true,"valueName":"search_term_string"}}],"inLanguage":"pt-PT"},{"@type":"Person","@id":"https:\/\/portaltela.pt\/#\/schema\/person\/c4278d4a6028830caff9ee44b42d32ed","name":"Telinha","image":{"@type":"ImageObject","inLanguage":"pt-PT","@id":"https:\/\/portaltela.pt\/s.01k8rhncp4jt1\/2025\/11\/talking-bot-125x125.png","url":"https:\/\/portaltela.pt\/s.01k8rhncp4jt1\/2025\/11\/talking-bot-125x125.png","contentUrl":"https:\/\/portaltela.pt\/s.01k8rhncp4jt1\/2025\/11\/talking-bot-125x125.png","caption":"Telinha"},"sameAs":["https:\/\/portaltela.pt\/"],"url":"https:\/\/portaltela.pt\/por\/367410592786\/"}]}},"_links":{"self":[{"href":"https:\/\/portaltela.pt\/api\/wp\/v2\/posts\/194921","targetHints":{"allow":["GET"]}}],"collection":[{"href":"https:\/\/portaltela.pt\/api\/wp\/v2\/posts"}],"about":[{"href":"https:\/\/portaltela.pt\/api\/wp\/v2\/types\/post"}],"author":[{"embeddable":true,"href":"https:\/\/portaltela.pt\/api\/wp\/v2\/users\/2"}],"replies":[{"embeddable":true,"href":"https:\/\/portaltela.pt\/api\/wp\/v2\/comments?post=194921"}],"version-history":[{"count":0,"href":"https:\/\/portaltela.pt\/api\/wp\/v2\/posts\/194921\/revisions"}],"wp:featuredmedia":[{"embeddable":true,"href":"https:\/\/portaltela.pt\/api\/wp\/v2\/media\/194934"}],"wp:attachment":[{"href":"https:\/\/portaltela.pt\/api\/wp\/v2\/media?parent=194921"}],"wp:term":[{"taxonomy":"category","embeddable":true,"href":"https:\/\/portaltela.pt\/api\/wp\/v2\/categories?post=194921"},{"taxonomy":"post_tag","embeddable":true,"href":"https:\/\/portaltela.pt\/api\/wp\/v2\/tags?post=194921"}],"curies":[{"name":"wp","href":"https:\/\/api.w.org\/{rel}","templated":true}]}}