{"id":194899,"date":"2026-02-03T16:24:00","date_gmt":"2026-02-03T19:24:00","guid":{"rendered":"https:\/\/portaltela.pt\/noticias\/2026\/02\/03\/guine-bissau-lamenta-ausencia-de-missao-da-cplp\/"},"modified":"2026-02-03T16:24:00","modified_gmt":"2026-02-03T19:24:00","slug":"guine-bissau-lamenta-ausencia-de-missao-da-cplp","status":"publish","type":"post","link":"https:\/\/portaltela.pt\/noticias\/2026\/02\/03\/guine-bissau-lamenta-ausencia-de-missao-da-cplp\/","title":{"rendered":"Guin\u00e9-Bissau lamenta aus\u00eancia de miss\u00e3o da CPLP"},"content":{"rendered":"<p>A Guin\u00e9-Bissau lamentou que a CPLP ainda n\u00e3o tenha enviado uma miss\u00e3o de bons of\u00edcios desde o golpe de 26 de novembro de 2025. O Governo de transi\u00e7\u00e3o, nomeado pelos militares, mant\u00e9m-se suspenso da organiza\u00e7\u00e3o, que o designou como presidente Timor-Leste, condicionado \u00e0 liberta\u00e7\u00e3o de presos pol\u00edticos e \u00e0 normaliza\u00e7\u00e3o constitucional.<\/p>\n<p>O ministro dos Neg\u00f3cios Estrangeiros, Jo\u00e3o Bernardo Vieira, afirmou que o pa\u00eds est\u00e1 a cumprir as recomenda\u00e7\u00f5es das organiza\u00e7\u00f5es das quais faz parte, incluindo a CEDEAO. A CPLP n\u00e3o enviou miss\u00e3o de bons of\u00edcios; a CEDEAO j\u00e1 enviou v\u00e1rias ao terreno.<\/p>\n<p>A diplomacia guineense acusa a CPLP de ter dois pesos e duas medidas, citando a destitui\u00e7\u00e3o da presidente do parlamento de S\u00e3o Tom\u00e9 e Pr\u00edncipe como exemplo de tratamento diferente. Bissau aguarda uma posi\u00e7\u00e3o da CPLP sobre o que considera um golpe palaciano em S\u00e3o Tom\u00e9.<\/p>\n<p>Vieira afirmou que o pa\u00eds deixou de estar sob o esp\u00edrito da organiza\u00e7\u00e3o por respeito \u00e0 soberania. A Guin\u00e9-Bissau aponta que a CEDEAO manteve uma atua\u00e7\u00e3o positiva, com visitas ao pa\u00eds e cumprimento de recomenda\u00e7\u00f5es sem ambiguidades.<\/p>\n<p>Segundo o ministro, os detidos foram libertados, as tropas da CEDEAO mant\u00eam-se fora de territ\u00f3rio guineense e h\u00e1 abertura para incorporar individualidades num governo inclusivo. As recomenda\u00e7\u00f5es da CEDEAO est\u00e3o integralmente respeitadas.<\/p>\n<p>O Governo reiterou disponibilidade para dialogar com a Uni\u00e3o Africana e as Na\u00e7\u00f5es Unidas, mantendo o multilateralismo. A Guin\u00e9-Bissau sustenta que organiza\u00e7\u00f5es internacionais n\u00e3o s\u00e3o tribunais de justi\u00e7a, mas espa\u00e7os de responsabilidades partilhadas entre estados.<\/p>\n<p>Sobre rela\u00e7\u00f5es externas, Vieira indicou que as vias com a Uni\u00e3o Europeia permanecem ativas e que projetos existentes podem prosseguir. Quanto a Portugal, garantiu que as rela\u00e7\u00f5es permanecem positivas e n\u00e3o devem ser afetadas pela situa\u00e7\u00e3o atual.<\/p>\n","protected":false},"excerpt":{"rendered":"<ul>\n<li>A Guin\u00e9-Bissau lamentou que a CPLP ainda n\u00e3o tenha enviado uma miss\u00e3o de bons of\u00edcios ao pa\u00eds desde o golpe de 26 de novembro de 2025.<\/li>\n<li>O Governo de transi\u00e7\u00e3o est\u00e1 suspenso da CPLP e foi substitu\u00eddo na presid\u00eancia pela Timor-Leste, condicionando o levantamento das medidas \u00e0 liberta\u00e7\u00e3o de presos pol\u00edticos e \u00e0 normaliza\u00e7\u00e3o constitucional.<\/li>\n<li>O ministro dos Neg\u00f3cios Estrangeiros, Jo\u00e3o Bernardo Vieira, disse que a Guin\u00e9-Bissau est\u00e1 a cumprir as recomenda\u00e7\u00f5es da CEDEAO, ao contr\u00e1rio da CPLP, que n\u00e3o fez qualquer presen\u00e7a no terreno.<\/li>\n<li>O ministro criticou a posi\u00e7\u00e3o da CPLP relativamente ao golpe parlamentar em S\u00e3o Tom\u00e9 e Pr\u00edncipe, defendendo que a institui\u00e7\u00e3o tem dois pesos e duas medidas.<\/li>\n<li>Mant\u00eam-se as portas abertas ao di\u00e1logo com a Uni\u00e3o Africana e as Na\u00e7\u00f5es Unidas, com a Guin\u00e9-Bissau a assegurar que as rela\u00e7\u00f5es com a Uni\u00e3o Europeia e Portugal permanecem, sem afetar.<\/li>\n<\/ul>\n","protected":false},"author":2,"featured_media":194907,"comment_status":"closed","ping_status":"closed","sticky":false,"template":"","format":"standard","meta":{"footnotes":""},"categories":[1],"tags":[4768,3566,29,2023,1014,27],"class_list":["post-194899","post","type-post","status-publish","format-standard","has-post-thumbnail","hentry","category-noticias","tag-cedeao","tag-cplp","tag-diplomacia","tag-organizacoes-internacionais","tag-portugal","tag-relacoes-internacionais"],"yoast_head":"<!-- This site is optimized with the Yoast SEO plugin v27.2 - https:\/\/yoast.com\/product\/yoast-seo-wordpress\/ -->\n<title>Guin\u00e9-Bissau lamenta aus\u00eancia de miss\u00e3o da CPLP - Portal Tela Portugal<\/title>\n<meta name=\"robots\" content=\"index, follow, max-snippet:-1, max-image-preview:large, max-video-preview:-1\" \/>\n<meta property=\"og:locale\" content=\"pt_PT\" \/>\n<meta property=\"og:type\" content=\"article\" \/>\n<meta property=\"og:title\" content=\"Guin\u00e9-Bissau lamenta aus\u00eancia de miss\u00e3o da CPLP - Portal Tela Portugal\" \/>\n<meta property=\"og:description\" content=\"A Guin\u00e9-Bissau lamentou que a CPLP ainda n\u00e3o tenha enviado uma miss\u00e3o de bons of\u00edcios ao pa\u00eds desde o golpe de 26 de novembro de 2025. O Governo de transi\u00e7\u00e3o est\u00e1 suspenso da CPLP e foi substitu\u00eddo na presid\u00eancia pela Timor-Leste, condicionando o levantamento das medidas \u00e0 liberta\u00e7\u00e3o de presos pol\u00edticos e \u00e0 normaliza\u00e7\u00e3o constitucional. O ministro dos Neg\u00f3cios Estrangeiros, Jo\u00e3o Bernardo Vieira, disse que a Guin\u00e9-Bissau est\u00e1 a cumprir as recomenda\u00e7\u00f5es da CEDEAO, ao contr\u00e1rio da CPLP, que n\u00e3o fez qualquer presen\u00e7a no terreno. O ministro criticou a posi\u00e7\u00e3o da CPLP relativamente ao golpe parlamentar em S\u00e3o Tom\u00e9 e Pr\u00edncipe, defendendo que a institui\u00e7\u00e3o tem dois pesos e duas medidas. Mant\u00eam-se as portas abertas ao di\u00e1logo com a Uni\u00e3o Africana e as Na\u00e7\u00f5es Unidas, com a Guin\u00e9-Bissau a assegurar que as rela\u00e7\u00f5es com a Uni\u00e3o Europeia e Portugal permanecem, sem afetar.\" \/>\n<meta property=\"og:url\" content=\"https:\/\/portaltela.pt\/noticias\/2026\/02\/03\/guine-bissau-lamenta-ausencia-de-missao-da-cplp\/\" \/>\n<meta property=\"og:site_name\" content=\"Portal Tela Portugal\" \/>\n<meta property=\"article:published_time\" content=\"2026-02-03T19:24:00+00:00\" \/>\n<meta name=\"author\" content=\"Telinha\" \/>\n<meta name=\"twitter:card\" content=\"summary_large_image\" \/>\n<meta name=\"twitter:label1\" content=\"Escrito por\" \/>\n\t<meta name=\"twitter:data1\" content=\"Telinha\" \/>\n\t<meta name=\"twitter:label2\" content=\"Tempo estimado de leitura\" \/>\n\t<meta name=\"twitter:data2\" content=\"2 minutos\" \/>\n<script type=\"application\/ld+json\" class=\"yoast-schema-graph\">{\"@context\":\"https:\/\/schema.org\",\"@graph\":[{\"@type\":\"Article\",\"@id\":\"https:\/\/portaltela.pt\/noticias\/2026\/02\/03\/guine-bissau-lamenta-ausencia-de-missao-da-cplp\/#article\",\"isPartOf\":{\"@id\":\"https:\/\/portaltela.pt\/noticias\/2026\/02\/03\/guine-bissau-lamenta-ausencia-de-missao-da-cplp\/\"},\"author\":{\"name\":\"Telinha\",\"@id\":\"https:\/\/portaltela.pt\/#\/schema\/person\/c4278d4a6028830caff9ee44b42d32ed\"},\"headline\":\"Guin\u00e9-Bissau lamenta aus\u00eancia de miss\u00e3o da CPLP\",\"datePublished\":\"2026-02-03T19:24:00+00:00\",\"mainEntityOfPage\":{\"@id\":\"https:\/\/portaltela.pt\/noticias\/2026\/02\/03\/guine-bissau-lamenta-ausencia-de-missao-da-cplp\/\"},\"wordCount\":332,\"image\":{\"@id\":\"https:\/\/portaltela.pt\/noticias\/2026\/02\/03\/guine-bissau-lamenta-ausencia-de-missao-da-cplp\/#primaryimage\"},\"thumbnailUrl\":\"https:\/\/portaltela.pt\/s.01k8rhncp4jt1\/2026\/02\/unnamed-file-967.jpg\",\"keywords\":[\"CEDEAO\",\"CPLP\",\"diplomacia\",\"organiza\u00e7\u00f5es internacionais\",\"Portugal\",\"rela\u00e7\u00f5es internacionais\"],\"articleSection\":[\"Not\u00edcias\"],\"inLanguage\":\"pt-PT\"},{\"@type\":\"WebPage\",\"@id\":\"https:\/\/portaltela.pt\/noticias\/2026\/02\/03\/guine-bissau-lamenta-ausencia-de-missao-da-cplp\/\",\"url\":\"https:\/\/portaltela.pt\/noticias\/2026\/02\/03\/guine-bissau-lamenta-ausencia-de-missao-da-cplp\/\",\"name\":\"Guin\u00e9-Bissau lamenta aus\u00eancia de miss\u00e3o da CPLP - Portal Tela Portugal\",\"isPartOf\":{\"@id\":\"https:\/\/portaltela.pt\/#website\"},\"primaryImageOfPage\":{\"@id\":\"https:\/\/portaltela.pt\/noticias\/2026\/02\/03\/guine-bissau-lamenta-ausencia-de-missao-da-cplp\/#primaryimage\"},\"image\":{\"@id\":\"https:\/\/portaltela.pt\/noticias\/2026\/02\/03\/guine-bissau-lamenta-ausencia-de-missao-da-cplp\/#primaryimage\"},\"thumbnailUrl\":\"https:\/\/portaltela.pt\/s.01k8rhncp4jt1\/2026\/02\/unnamed-file-967.jpg\",\"datePublished\":\"2026-02-03T19:24:00+00:00\",\"author\":{\"@id\":\"https:\/\/portaltela.pt\/#\/schema\/person\/c4278d4a6028830caff9ee44b42d32ed\"},\"breadcrumb\":{\"@id\":\"https:\/\/portaltela.pt\/noticias\/2026\/02\/03\/guine-bissau-lamenta-ausencia-de-missao-da-cplp\/#breadcrumb\"},\"inLanguage\":\"pt-PT\",\"potentialAction\":[{\"@type\":\"ReadAction\",\"target\":[\"https:\/\/portaltela.pt\/noticias\/2026\/02\/03\/guine-bissau-lamenta-ausencia-de-missao-da-cplp\/\"]}]},{\"@type\":\"ImageObject\",\"inLanguage\":\"pt-PT\",\"@id\":\"https:\/\/portaltela.pt\/noticias\/2026\/02\/03\/guine-bissau-lamenta-ausencia-de-missao-da-cplp\/#primaryimage\",\"url\":\"https:\/\/portaltela.pt\/s.01k8rhncp4jt1\/2026\/02\/unnamed-file-967.jpg\",\"contentUrl\":\"https:\/\/portaltela.pt\/s.01k8rhncp4jt1\/2026\/02\/unnamed-file-967.jpg\",\"width\":796,\"height\":448,\"caption\":\"Guin\u00e9-Bissau. Ministros da CPLP querem suspender o pa\u00eds\"},{\"@type\":\"BreadcrumbList\",\"@id\":\"https:\/\/portaltela.pt\/noticias\/2026\/02\/03\/guine-bissau-lamenta-ausencia-de-missao-da-cplp\/#breadcrumb\",\"itemListElement\":[{\"@type\":\"ListItem\",\"position\":1,\"name\":\"In\u00edcio\",\"item\":\"https:\/\/portaltela.pt\/\"},{\"@type\":\"ListItem\",\"position\":2,\"name\":\"Guin\u00e9-Bissau lamenta aus\u00eancia de miss\u00e3o da CPLP\"}]},{\"@type\":\"WebSite\",\"@id\":\"https:\/\/portaltela.pt\/#website\",\"url\":\"https:\/\/portaltela.pt\/\",\"name\":\"Portal Tela Portugal\",\"description\":\"\",\"potentialAction\":[{\"@type\":\"SearchAction\",\"target\":{\"@type\":\"EntryPoint\",\"urlTemplate\":\"https:\/\/portaltela.pt\/?s={search_term_string}\"},\"query-input\":{\"@type\":\"PropertyValueSpecification\",\"valueRequired\":true,\"valueName\":\"search_term_string\"}}],\"inLanguage\":\"pt-PT\"},{\"@type\":\"Person\",\"@id\":\"https:\/\/portaltela.pt\/#\/schema\/person\/c4278d4a6028830caff9ee44b42d32ed\",\"name\":\"Telinha\",\"image\":{\"@type\":\"ImageObject\",\"inLanguage\":\"pt-PT\",\"@id\":\"https:\/\/portaltela.pt\/s.01k8rhncp4jt1\/2025\/11\/talking-bot-125x125.png\",\"url\":\"https:\/\/portaltela.pt\/s.01k8rhncp4jt1\/2025\/11\/talking-bot-125x125.png\",\"contentUrl\":\"https:\/\/portaltela.pt\/s.01k8rhncp4jt1\/2025\/11\/talking-bot-125x125.png\",\"caption\":\"Telinha\"},\"sameAs\":[\"https:\/\/portaltela.pt\/\"],\"url\":\"https:\/\/portaltela.pt\/por\/367410592786\/\"}]}<\/script>\n<!-- \/ Yoast SEO plugin. -->","yoast_head_json":{"title":"Guin\u00e9-Bissau lamenta aus\u00eancia de miss\u00e3o da CPLP - Portal Tela Portugal","robots":{"index":"index","follow":"follow","max-snippet":"max-snippet:-1","max-image-preview":"max-image-preview:large","max-video-preview":"max-video-preview:-1"},"og_locale":"pt_PT","og_type":"article","og_title":"Guin\u00e9-Bissau lamenta aus\u00eancia de miss\u00e3o da CPLP - Portal Tela Portugal","og_description":"A Guin\u00e9-Bissau lamentou que a CPLP ainda n\u00e3o tenha enviado uma miss\u00e3o de bons of\u00edcios ao pa\u00eds desde o golpe de 26 de novembro de 2025. O Governo de transi\u00e7\u00e3o est\u00e1 suspenso da CPLP e foi substitu\u00eddo na presid\u00eancia pela Timor-Leste, condicionando o levantamento das medidas \u00e0 liberta\u00e7\u00e3o de presos pol\u00edticos e \u00e0 normaliza\u00e7\u00e3o constitucional. O ministro dos Neg\u00f3cios Estrangeiros, Jo\u00e3o Bernardo Vieira, disse que a Guin\u00e9-Bissau est\u00e1 a cumprir as recomenda\u00e7\u00f5es da CEDEAO, ao contr\u00e1rio da CPLP, que n\u00e3o fez qualquer presen\u00e7a no terreno. O ministro criticou a posi\u00e7\u00e3o da CPLP relativamente ao golpe parlamentar em S\u00e3o Tom\u00e9 e Pr\u00edncipe, defendendo que a institui\u00e7\u00e3o tem dois pesos e duas medidas. Mant\u00eam-se as portas abertas ao di\u00e1logo com a Uni\u00e3o Africana e as Na\u00e7\u00f5es Unidas, com a Guin\u00e9-Bissau a assegurar que as rela\u00e7\u00f5es com a Uni\u00e3o Europeia e Portugal permanecem, sem afetar.","og_url":"https:\/\/portaltela.pt\/noticias\/2026\/02\/03\/guine-bissau-lamenta-ausencia-de-missao-da-cplp\/","og_site_name":"Portal Tela Portugal","article_published_time":"2026-02-03T19:24:00+00:00","author":"Telinha","twitter_card":"summary_large_image","twitter_misc":{"Escrito por":"Telinha","Tempo estimado de leitura":"2 minutos"},"schema":{"@context":"https:\/\/schema.org","@graph":[{"@type":"Article","@id":"https:\/\/portaltela.pt\/noticias\/2026\/02\/03\/guine-bissau-lamenta-ausencia-de-missao-da-cplp\/#article","isPartOf":{"@id":"https:\/\/portaltela.pt\/noticias\/2026\/02\/03\/guine-bissau-lamenta-ausencia-de-missao-da-cplp\/"},"author":{"name":"Telinha","@id":"https:\/\/portaltela.pt\/#\/schema\/person\/c4278d4a6028830caff9ee44b42d32ed"},"headline":"Guin\u00e9-Bissau lamenta aus\u00eancia de miss\u00e3o da CPLP","datePublished":"2026-02-03T19:24:00+00:00","mainEntityOfPage":{"@id":"https:\/\/portaltela.pt\/noticias\/2026\/02\/03\/guine-bissau-lamenta-ausencia-de-missao-da-cplp\/"},"wordCount":332,"image":{"@id":"https:\/\/portaltela.pt\/noticias\/2026\/02\/03\/guine-bissau-lamenta-ausencia-de-missao-da-cplp\/#primaryimage"},"thumbnailUrl":"https:\/\/portaltela.pt\/s.01k8rhncp4jt1\/2026\/02\/unnamed-file-967.jpg","keywords":["CEDEAO","CPLP","diplomacia","organiza\u00e7\u00f5es internacionais","Portugal","rela\u00e7\u00f5es internacionais"],"articleSection":["Not\u00edcias"],"inLanguage":"pt-PT"},{"@type":"WebPage","@id":"https:\/\/portaltela.pt\/noticias\/2026\/02\/03\/guine-bissau-lamenta-ausencia-de-missao-da-cplp\/","url":"https:\/\/portaltela.pt\/noticias\/2026\/02\/03\/guine-bissau-lamenta-ausencia-de-missao-da-cplp\/","name":"Guin\u00e9-Bissau lamenta aus\u00eancia de miss\u00e3o da CPLP - Portal Tela Portugal","isPartOf":{"@id":"https:\/\/portaltela.pt\/#website"},"primaryImageOfPage":{"@id":"https:\/\/portaltela.pt\/noticias\/2026\/02\/03\/guine-bissau-lamenta-ausencia-de-missao-da-cplp\/#primaryimage"},"image":{"@id":"https:\/\/portaltela.pt\/noticias\/2026\/02\/03\/guine-bissau-lamenta-ausencia-de-missao-da-cplp\/#primaryimage"},"thumbnailUrl":"https:\/\/portaltela.pt\/s.01k8rhncp4jt1\/2026\/02\/unnamed-file-967.jpg","datePublished":"2026-02-03T19:24:00+00:00","author":{"@id":"https:\/\/portaltela.pt\/#\/schema\/person\/c4278d4a6028830caff9ee44b42d32ed"},"breadcrumb":{"@id":"https:\/\/portaltela.pt\/noticias\/2026\/02\/03\/guine-bissau-lamenta-ausencia-de-missao-da-cplp\/#breadcrumb"},"inLanguage":"pt-PT","potentialAction":[{"@type":"ReadAction","target":["https:\/\/portaltela.pt\/noticias\/2026\/02\/03\/guine-bissau-lamenta-ausencia-de-missao-da-cplp\/"]}]},{"@type":"ImageObject","inLanguage":"pt-PT","@id":"https:\/\/portaltela.pt\/noticias\/2026\/02\/03\/guine-bissau-lamenta-ausencia-de-missao-da-cplp\/#primaryimage","url":"https:\/\/portaltela.pt\/s.01k8rhncp4jt1\/2026\/02\/unnamed-file-967.jpg","contentUrl":"https:\/\/portaltela.pt\/s.01k8rhncp4jt1\/2026\/02\/unnamed-file-967.jpg","width":796,"height":448,"caption":"Guin\u00e9-Bissau. Ministros da CPLP querem suspender o pa\u00eds"},{"@type":"BreadcrumbList","@id":"https:\/\/portaltela.pt\/noticias\/2026\/02\/03\/guine-bissau-lamenta-ausencia-de-missao-da-cplp\/#breadcrumb","itemListElement":[{"@type":"ListItem","position":1,"name":"In\u00edcio","item":"https:\/\/portaltela.pt\/"},{"@type":"ListItem","position":2,"name":"Guin\u00e9-Bissau lamenta aus\u00eancia de miss\u00e3o da CPLP"}]},{"@type":"WebSite","@id":"https:\/\/portaltela.pt\/#website","url":"https:\/\/portaltela.pt\/","name":"Portal Tela Portugal","description":"","potentialAction":[{"@type":"SearchAction","target":{"@type":"EntryPoint","urlTemplate":"https:\/\/portaltela.pt\/?s={search_term_string}"},"query-input":{"@type":"PropertyValueSpecification","valueRequired":true,"valueName":"search_term_string"}}],"inLanguage":"pt-PT"},{"@type":"Person","@id":"https:\/\/portaltela.pt\/#\/schema\/person\/c4278d4a6028830caff9ee44b42d32ed","name":"Telinha","image":{"@type":"ImageObject","inLanguage":"pt-PT","@id":"https:\/\/portaltela.pt\/s.01k8rhncp4jt1\/2025\/11\/talking-bot-125x125.png","url":"https:\/\/portaltela.pt\/s.01k8rhncp4jt1\/2025\/11\/talking-bot-125x125.png","contentUrl":"https:\/\/portaltela.pt\/s.01k8rhncp4jt1\/2025\/11\/talking-bot-125x125.png","caption":"Telinha"},"sameAs":["https:\/\/portaltela.pt\/"],"url":"https:\/\/portaltela.pt\/por\/367410592786\/"}]}},"_links":{"self":[{"href":"https:\/\/portaltela.pt\/api\/wp\/v2\/posts\/194899","targetHints":{"allow":["GET"]}}],"collection":[{"href":"https:\/\/portaltela.pt\/api\/wp\/v2\/posts"}],"about":[{"href":"https:\/\/portaltela.pt\/api\/wp\/v2\/types\/post"}],"author":[{"embeddable":true,"href":"https:\/\/portaltela.pt\/api\/wp\/v2\/users\/2"}],"replies":[{"embeddable":true,"href":"https:\/\/portaltela.pt\/api\/wp\/v2\/comments?post=194899"}],"version-history":[{"count":0,"href":"https:\/\/portaltela.pt\/api\/wp\/v2\/posts\/194899\/revisions"}],"wp:featuredmedia":[{"embeddable":true,"href":"https:\/\/portaltela.pt\/api\/wp\/v2\/media\/194907"}],"wp:attachment":[{"href":"https:\/\/portaltela.pt\/api\/wp\/v2\/media?parent=194899"}],"wp:term":[{"taxonomy":"category","embeddable":true,"href":"https:\/\/portaltela.pt\/api\/wp\/v2\/categories?post=194899"},{"taxonomy":"post_tag","embeddable":true,"href":"https:\/\/portaltela.pt\/api\/wp\/v2\/tags?post=194899"}],"curies":[{"name":"wp","href":"https:\/\/api.w.org\/{rel}","templated":true}]}}