{"id":194893,"date":"2026-02-03T16:31:00","date_gmt":"2026-02-03T19:31:00","guid":{"rendered":"https:\/\/portaltela.pt\/noticias\/2026\/02\/03\/castanheira-de-pera-estima-prejuizos-de-5-milhoes-de-euros\/"},"modified":"2026-02-03T16:31:00","modified_gmt":"2026-02-03T19:31:00","slug":"castanheira-de-pera-estima-prejuizos-de-5-milhoes-de-euros","status":"publish","type":"post","link":"https:\/\/portaltela.pt\/noticias\/2026\/02\/03\/castanheira-de-pera-estima-prejuizos-de-5-milhoes-de-euros\/","title":{"rendered":"Castanheira de Pera estima preju\u00edzos de 5 milh\u00f5es de euros"},"content":{"rendered":"<p>O presidente de Castanheira de Pera estima em cinco milh\u00f5es de euros os preju\u00edzos no concelho provocados pela depress\u00e3o Kristin. O levantamento exaustivo ainda decorre, com foco em estradas, edif\u00edcios municipais e patrim\u00f3nio natural. A contagem aponta cerca de 600 infraestruturas e habita\u00e7\u00f5es afetadas, incluindo 550 habita\u00e7\u00f5es.<\/p>\n<p>Os danos concentram-se em estradas e edif\u00edcios municipais, bem como na ribeira de Pera e na Praia das Rocas. A zona sul do concelho foi a mais afetada pela intemp\u00e9rie, segundo o autarca Ant\u00f3nio Henriques. O trabalho envolve a Prote\u00e7\u00e3o Civil, entidades municipais e servi\u00e7os de terceiros.<\/p>\n<p>Quanto aos servi\u00e7os essenciais, a falta de \u00e1gua foi pontual e as telecomunica\u00e7\u00f5es funcionam, com pequenas falhas ocasionais. Cerca de 95% do territ\u00f3rio tem energia el\u00e9trica, segundo o presidente da c\u00e2mara.<\/p>\n<p>A C\u00e2mara Municipal real\u00e7ou o empenho de operacionais no terreno, incluindo bombeiros, sapadores florestais e equipas t\u00e9cnicas de infraestruturas el\u00e9tricas e de comunica\u00e7\u00f5es. O trabalho conjunto tem sido determinante para mitigar o impacto da intemp\u00e9rie.<\/p>\n<h3>Banco de telhas gratuitas<\/h3>\n<p>A autarquia abriu um estaleiro municipal para distribuir telhas gratuitamente, entre as 9h e as 17h30 de quarta-feira. Os mun\u00edcipes devem levar um exemplar ou indicar o tipo de telha necess\u00e1rio. A entrega \u00e9 restrita \u00e0 quantidade solicitada, com verifica\u00e7\u00e3o futura pela C\u00e2mara.<\/p>\n<p>Caso n\u00e3o haja meios para transportar as telhas, h\u00e1 apoio dos t\u00e9cnicos, limitado ao stock existente. As telhas s\u00e3o entregues no local indicado por ordem de chegada. Quem puder doar telhas pode faz\u00ea-lo no estaleiro durante o hor\u00e1rio de funcionamento.<\/p>\n<p>Castanheira de Pera \u00e9 o menor concelho do distrito de Leiria, com 66,86 km2 e 2.645 habitantes, de acordo com os censos de 2021.<\/p>\n","protected":false},"excerpt":{"rendered":"<ul>\n<li>O presidente da c\u00e2mara de Castanheira de Pera estimou preju\u00edzos de cinco milh\u00f5es de euros no concelho, ap\u00f3s a depress\u00e3o Kristin, com cerca de 550 habita\u00e7\u00f5es afetadas.<\/li>\n<li>O levantamento indica cerca de 600 infraestruturas e habita\u00e7\u00f5es com danos, em \u00e1reas como estradas, edif\u00edcios municipais e patrim\u00f3nio natural (Ribeira de Pera e Praia das Rocas).<\/li>\n<li>A zona sul do concelho foi a mais afetada pela intemp\u00e9rie; o levantamento est\u00e1 a ser feito a pedido da Comiss\u00e3o de Coordena\u00e7\u00e3o e Desenvolvimento Regional do Centro.<\/li>\n<li>Em servi\u00e7os essenciais, houve falta de \u00e1gua pontual, as telecomunica\u00e7\u00f5es funcionam na generalidade e 95% do territ\u00f3rio tem energia el\u00e9trica.<\/li>\n<li>A C\u00e2mara abriu um banco de telhas gratuitas no estaleiro municipal, com funcionamento entre as 9h e as 17h30 de quarta-feira; h\u00e1 regras de entrega e apoio log\u00edstico limitado ao stock existente.<\/li>\n<\/ul>\n","protected":false},"author":2,"featured_media":194901,"comment_status":"closed","ping_status":"closed","sticky":false,"template":"","format":"standard","meta":{"footnotes":""},"categories":[1],"tags":[1503,971,2515,4549,320,5168],"class_list":["post-194893","post","type-post","status-publish","format-standard","has-post-thumbnail","hentry","category-noticias","tag-abastecimento-de-agua","tag-bombeiros","tag-castanheira-de-pera","tag-energia-eletrica","tag-protecao-civil","tag-telhas"],"yoast_head":"<!-- This site is optimized with the Yoast SEO plugin v27.2 - https:\/\/yoast.com\/product\/yoast-seo-wordpress\/ -->\n<title>Castanheira de Pera estima preju\u00edzos de 5 milh\u00f5es de euros - Portal Tela Portugal<\/title>\n<meta name=\"robots\" content=\"index, follow, max-snippet:-1, max-image-preview:large, max-video-preview:-1\" \/>\n<meta property=\"og:locale\" content=\"pt_PT\" \/>\n<meta property=\"og:type\" content=\"article\" \/>\n<meta property=\"og:title\" content=\"Castanheira de Pera estima preju\u00edzos de 5 milh\u00f5es de euros - Portal Tela Portugal\" \/>\n<meta property=\"og:description\" content=\"O presidente da c\u00e2mara de Castanheira de Pera estimou preju\u00edzos de cinco milh\u00f5es de euros no concelho, ap\u00f3s a depress\u00e3o Kristin, com cerca de 550 habita\u00e7\u00f5es afetadas. O levantamento indica cerca de 600 infraestruturas e habita\u00e7\u00f5es com danos, em \u00e1reas como estradas, edif\u00edcios municipais e patrim\u00f3nio natural (Ribeira de Pera e Praia das Rocas). A zona sul do concelho foi a mais afetada pela intemp\u00e9rie; o levantamento est\u00e1 a ser feito a pedido da Comiss\u00e3o de Coordena\u00e7\u00e3o e Desenvolvimento Regional do Centro. Em servi\u00e7os essenciais, houve falta de \u00e1gua pontual, as telecomunica\u00e7\u00f5es funcionam na generalidade e 95% do territ\u00f3rio tem energia el\u00e9trica. A C\u00e2mara abriu um banco de telhas gratuitas no estaleiro municipal, com funcionamento entre as 9h e as 17h30 de quarta-feira; h\u00e1 regras de entrega e apoio log\u00edstico limitado ao stock existente.\" \/>\n<meta property=\"og:url\" content=\"https:\/\/portaltela.pt\/noticias\/2026\/02\/03\/castanheira-de-pera-estima-prejuizos-de-5-milhoes-de-euros\/\" \/>\n<meta property=\"og:site_name\" content=\"Portal Tela Portugal\" \/>\n<meta property=\"article:published_time\" content=\"2026-02-03T19:31:00+00:00\" \/>\n<meta name=\"author\" content=\"Telinha\" \/>\n<meta name=\"twitter:card\" content=\"summary_large_image\" \/>\n<meta name=\"twitter:label1\" content=\"Escrito por\" \/>\n\t<meta name=\"twitter:data1\" content=\"Telinha\" \/>\n\t<meta name=\"twitter:label2\" content=\"Tempo estimado de leitura\" \/>\n\t<meta name=\"twitter:data2\" content=\"1 minuto\" \/>\n<script type=\"application\/ld+json\" class=\"yoast-schema-graph\">{\"@context\":\"https:\/\/schema.org\",\"@graph\":[{\"@type\":\"Article\",\"@id\":\"https:\/\/portaltela.pt\/noticias\/2026\/02\/03\/castanheira-de-pera-estima-prejuizos-de-5-milhoes-de-euros\/#article\",\"isPartOf\":{\"@id\":\"https:\/\/portaltela.pt\/noticias\/2026\/02\/03\/castanheira-de-pera-estima-prejuizos-de-5-milhoes-de-euros\/\"},\"author\":{\"name\":\"Telinha\",\"@id\":\"https:\/\/portaltela.pt\/#\/schema\/person\/c4278d4a6028830caff9ee44b42d32ed\"},\"headline\":\"Castanheira de Pera estima preju\u00edzos de 5 milh\u00f5es de euros\",\"datePublished\":\"2026-02-03T19:31:00+00:00\",\"mainEntityOfPage\":{\"@id\":\"https:\/\/portaltela.pt\/noticias\/2026\/02\/03\/castanheira-de-pera-estima-prejuizos-de-5-milhoes-de-euros\/\"},\"wordCount\":305,\"image\":{\"@id\":\"https:\/\/portaltela.pt\/noticias\/2026\/02\/03\/castanheira-de-pera-estima-prejuizos-de-5-milhoes-de-euros\/#primaryimage\"},\"thumbnailUrl\":\"https:\/\/portaltela.pt\/s.01k8rhncp4jt1\/2026\/02\/unnamed-file-965.jpg\",\"keywords\":[\"abastecimento de \u00e1gua\",\"bombeiros\",\"Castanheira de Per\u00e1\",\"energia el\u00e9trica\",\"prote\u00e7\u00e3o civil\",\"telhas\"],\"articleSection\":[\"Not\u00edcias\"],\"inLanguage\":\"pt-PT\"},{\"@type\":\"WebPage\",\"@id\":\"https:\/\/portaltela.pt\/noticias\/2026\/02\/03\/castanheira-de-pera-estima-prejuizos-de-5-milhoes-de-euros\/\",\"url\":\"https:\/\/portaltela.pt\/noticias\/2026\/02\/03\/castanheira-de-pera-estima-prejuizos-de-5-milhoes-de-euros\/\",\"name\":\"Castanheira de Pera estima preju\u00edzos de 5 milh\u00f5es de euros - Portal Tela Portugal\",\"isPartOf\":{\"@id\":\"https:\/\/portaltela.pt\/#website\"},\"primaryImageOfPage\":{\"@id\":\"https:\/\/portaltela.pt\/noticias\/2026\/02\/03\/castanheira-de-pera-estima-prejuizos-de-5-milhoes-de-euros\/#primaryimage\"},\"image\":{\"@id\":\"https:\/\/portaltela.pt\/noticias\/2026\/02\/03\/castanheira-de-pera-estima-prejuizos-de-5-milhoes-de-euros\/#primaryimage\"},\"thumbnailUrl\":\"https:\/\/portaltela.pt\/s.01k8rhncp4jt1\/2026\/02\/unnamed-file-965.jpg\",\"datePublished\":\"2026-02-03T19:31:00+00:00\",\"author\":{\"@id\":\"https:\/\/portaltela.pt\/#\/schema\/person\/c4278d4a6028830caff9ee44b42d32ed\"},\"breadcrumb\":{\"@id\":\"https:\/\/portaltela.pt\/noticias\/2026\/02\/03\/castanheira-de-pera-estima-prejuizos-de-5-milhoes-de-euros\/#breadcrumb\"},\"inLanguage\":\"pt-PT\",\"potentialAction\":[{\"@type\":\"ReadAction\",\"target\":[\"https:\/\/portaltela.pt\/noticias\/2026\/02\/03\/castanheira-de-pera-estima-prejuizos-de-5-milhoes-de-euros\/\"]}]},{\"@type\":\"ImageObject\",\"inLanguage\":\"pt-PT\",\"@id\":\"https:\/\/portaltela.pt\/noticias\/2026\/02\/03\/castanheira-de-pera-estima-prejuizos-de-5-milhoes-de-euros\/#primaryimage\",\"url\":\"https:\/\/portaltela.pt\/s.01k8rhncp4jt1\/2026\/02\/unnamed-file-965.jpg\",\"contentUrl\":\"https:\/\/portaltela.pt\/s.01k8rhncp4jt1\/2026\/02\/unnamed-file-965.jpg\",\"width\":796,\"height\":448,\"caption\":\"Castanheira de Pera estima preju\u00edzos de 5 milh\u00f5es de euros\"},{\"@type\":\"BreadcrumbList\",\"@id\":\"https:\/\/portaltela.pt\/noticias\/2026\/02\/03\/castanheira-de-pera-estima-prejuizos-de-5-milhoes-de-euros\/#breadcrumb\",\"itemListElement\":[{\"@type\":\"ListItem\",\"position\":1,\"name\":\"In\u00edcio\",\"item\":\"https:\/\/portaltela.pt\/\"},{\"@type\":\"ListItem\",\"position\":2,\"name\":\"Castanheira de Pera estima preju\u00edzos de 5 milh\u00f5es de euros\"}]},{\"@type\":\"WebSite\",\"@id\":\"https:\/\/portaltela.pt\/#website\",\"url\":\"https:\/\/portaltela.pt\/\",\"name\":\"Portal Tela Portugal\",\"description\":\"\",\"potentialAction\":[{\"@type\":\"SearchAction\",\"target\":{\"@type\":\"EntryPoint\",\"urlTemplate\":\"https:\/\/portaltela.pt\/?s={search_term_string}\"},\"query-input\":{\"@type\":\"PropertyValueSpecification\",\"valueRequired\":true,\"valueName\":\"search_term_string\"}}],\"inLanguage\":\"pt-PT\"},{\"@type\":\"Person\",\"@id\":\"https:\/\/portaltela.pt\/#\/schema\/person\/c4278d4a6028830caff9ee44b42d32ed\",\"name\":\"Telinha\",\"image\":{\"@type\":\"ImageObject\",\"inLanguage\":\"pt-PT\",\"@id\":\"https:\/\/portaltela.pt\/s.01k8rhncp4jt1\/2025\/11\/talking-bot-125x125.png\",\"url\":\"https:\/\/portaltela.pt\/s.01k8rhncp4jt1\/2025\/11\/talking-bot-125x125.png\",\"contentUrl\":\"https:\/\/portaltela.pt\/s.01k8rhncp4jt1\/2025\/11\/talking-bot-125x125.png\",\"caption\":\"Telinha\"},\"sameAs\":[\"https:\/\/portaltela.pt\/\"],\"url\":\"https:\/\/portaltela.pt\/por\/367410592786\/\"}]}<\/script>\n<!-- \/ Yoast SEO plugin. -->","yoast_head_json":{"title":"Castanheira de Pera estima preju\u00edzos de 5 milh\u00f5es de euros - Portal Tela Portugal","robots":{"index":"index","follow":"follow","max-snippet":"max-snippet:-1","max-image-preview":"max-image-preview:large","max-video-preview":"max-video-preview:-1"},"og_locale":"pt_PT","og_type":"article","og_title":"Castanheira de Pera estima preju\u00edzos de 5 milh\u00f5es de euros - Portal Tela Portugal","og_description":"O presidente da c\u00e2mara de Castanheira de Pera estimou preju\u00edzos de cinco milh\u00f5es de euros no concelho, ap\u00f3s a depress\u00e3o Kristin, com cerca de 550 habita\u00e7\u00f5es afetadas. O levantamento indica cerca de 600 infraestruturas e habita\u00e7\u00f5es com danos, em \u00e1reas como estradas, edif\u00edcios municipais e patrim\u00f3nio natural (Ribeira de Pera e Praia das Rocas). A zona sul do concelho foi a mais afetada pela intemp\u00e9rie; o levantamento est\u00e1 a ser feito a pedido da Comiss\u00e3o de Coordena\u00e7\u00e3o e Desenvolvimento Regional do Centro. Em servi\u00e7os essenciais, houve falta de \u00e1gua pontual, as telecomunica\u00e7\u00f5es funcionam na generalidade e 95% do territ\u00f3rio tem energia el\u00e9trica. A C\u00e2mara abriu um banco de telhas gratuitas no estaleiro municipal, com funcionamento entre as 9h e as 17h30 de quarta-feira; h\u00e1 regras de entrega e apoio log\u00edstico limitado ao stock existente.","og_url":"https:\/\/portaltela.pt\/noticias\/2026\/02\/03\/castanheira-de-pera-estima-prejuizos-de-5-milhoes-de-euros\/","og_site_name":"Portal Tela Portugal","article_published_time":"2026-02-03T19:31:00+00:00","author":"Telinha","twitter_card":"summary_large_image","twitter_misc":{"Escrito por":"Telinha","Tempo estimado de leitura":"1 minuto"},"schema":{"@context":"https:\/\/schema.org","@graph":[{"@type":"Article","@id":"https:\/\/portaltela.pt\/noticias\/2026\/02\/03\/castanheira-de-pera-estima-prejuizos-de-5-milhoes-de-euros\/#article","isPartOf":{"@id":"https:\/\/portaltela.pt\/noticias\/2026\/02\/03\/castanheira-de-pera-estima-prejuizos-de-5-milhoes-de-euros\/"},"author":{"name":"Telinha","@id":"https:\/\/portaltela.pt\/#\/schema\/person\/c4278d4a6028830caff9ee44b42d32ed"},"headline":"Castanheira de Pera estima preju\u00edzos de 5 milh\u00f5es de euros","datePublished":"2026-02-03T19:31:00+00:00","mainEntityOfPage":{"@id":"https:\/\/portaltela.pt\/noticias\/2026\/02\/03\/castanheira-de-pera-estima-prejuizos-de-5-milhoes-de-euros\/"},"wordCount":305,"image":{"@id":"https:\/\/portaltela.pt\/noticias\/2026\/02\/03\/castanheira-de-pera-estima-prejuizos-de-5-milhoes-de-euros\/#primaryimage"},"thumbnailUrl":"https:\/\/portaltela.pt\/s.01k8rhncp4jt1\/2026\/02\/unnamed-file-965.jpg","keywords":["abastecimento de \u00e1gua","bombeiros","Castanheira de Per\u00e1","energia el\u00e9trica","prote\u00e7\u00e3o civil","telhas"],"articleSection":["Not\u00edcias"],"inLanguage":"pt-PT"},{"@type":"WebPage","@id":"https:\/\/portaltela.pt\/noticias\/2026\/02\/03\/castanheira-de-pera-estima-prejuizos-de-5-milhoes-de-euros\/","url":"https:\/\/portaltela.pt\/noticias\/2026\/02\/03\/castanheira-de-pera-estima-prejuizos-de-5-milhoes-de-euros\/","name":"Castanheira de Pera estima preju\u00edzos de 5 milh\u00f5es de euros - Portal Tela Portugal","isPartOf":{"@id":"https:\/\/portaltela.pt\/#website"},"primaryImageOfPage":{"@id":"https:\/\/portaltela.pt\/noticias\/2026\/02\/03\/castanheira-de-pera-estima-prejuizos-de-5-milhoes-de-euros\/#primaryimage"},"image":{"@id":"https:\/\/portaltela.pt\/noticias\/2026\/02\/03\/castanheira-de-pera-estima-prejuizos-de-5-milhoes-de-euros\/#primaryimage"},"thumbnailUrl":"https:\/\/portaltela.pt\/s.01k8rhncp4jt1\/2026\/02\/unnamed-file-965.jpg","datePublished":"2026-02-03T19:31:00+00:00","author":{"@id":"https:\/\/portaltela.pt\/#\/schema\/person\/c4278d4a6028830caff9ee44b42d32ed"},"breadcrumb":{"@id":"https:\/\/portaltela.pt\/noticias\/2026\/02\/03\/castanheira-de-pera-estima-prejuizos-de-5-milhoes-de-euros\/#breadcrumb"},"inLanguage":"pt-PT","potentialAction":[{"@type":"ReadAction","target":["https:\/\/portaltela.pt\/noticias\/2026\/02\/03\/castanheira-de-pera-estima-prejuizos-de-5-milhoes-de-euros\/"]}]},{"@type":"ImageObject","inLanguage":"pt-PT","@id":"https:\/\/portaltela.pt\/noticias\/2026\/02\/03\/castanheira-de-pera-estima-prejuizos-de-5-milhoes-de-euros\/#primaryimage","url":"https:\/\/portaltela.pt\/s.01k8rhncp4jt1\/2026\/02\/unnamed-file-965.jpg","contentUrl":"https:\/\/portaltela.pt\/s.01k8rhncp4jt1\/2026\/02\/unnamed-file-965.jpg","width":796,"height":448,"caption":"Castanheira de Pera estima preju\u00edzos de 5 milh\u00f5es de euros"},{"@type":"BreadcrumbList","@id":"https:\/\/portaltela.pt\/noticias\/2026\/02\/03\/castanheira-de-pera-estima-prejuizos-de-5-milhoes-de-euros\/#breadcrumb","itemListElement":[{"@type":"ListItem","position":1,"name":"In\u00edcio","item":"https:\/\/portaltela.pt\/"},{"@type":"ListItem","position":2,"name":"Castanheira de Pera estima preju\u00edzos de 5 milh\u00f5es de euros"}]},{"@type":"WebSite","@id":"https:\/\/portaltela.pt\/#website","url":"https:\/\/portaltela.pt\/","name":"Portal Tela Portugal","description":"","potentialAction":[{"@type":"SearchAction","target":{"@type":"EntryPoint","urlTemplate":"https:\/\/portaltela.pt\/?s={search_term_string}"},"query-input":{"@type":"PropertyValueSpecification","valueRequired":true,"valueName":"search_term_string"}}],"inLanguage":"pt-PT"},{"@type":"Person","@id":"https:\/\/portaltela.pt\/#\/schema\/person\/c4278d4a6028830caff9ee44b42d32ed","name":"Telinha","image":{"@type":"ImageObject","inLanguage":"pt-PT","@id":"https:\/\/portaltela.pt\/s.01k8rhncp4jt1\/2025\/11\/talking-bot-125x125.png","url":"https:\/\/portaltela.pt\/s.01k8rhncp4jt1\/2025\/11\/talking-bot-125x125.png","contentUrl":"https:\/\/portaltela.pt\/s.01k8rhncp4jt1\/2025\/11\/talking-bot-125x125.png","caption":"Telinha"},"sameAs":["https:\/\/portaltela.pt\/"],"url":"https:\/\/portaltela.pt\/por\/367410592786\/"}]}},"_links":{"self":[{"href":"https:\/\/portaltela.pt\/api\/wp\/v2\/posts\/194893","targetHints":{"allow":["GET"]}}],"collection":[{"href":"https:\/\/portaltela.pt\/api\/wp\/v2\/posts"}],"about":[{"href":"https:\/\/portaltela.pt\/api\/wp\/v2\/types\/post"}],"author":[{"embeddable":true,"href":"https:\/\/portaltela.pt\/api\/wp\/v2\/users\/2"}],"replies":[{"embeddable":true,"href":"https:\/\/portaltela.pt\/api\/wp\/v2\/comments?post=194893"}],"version-history":[{"count":0,"href":"https:\/\/portaltela.pt\/api\/wp\/v2\/posts\/194893\/revisions"}],"wp:featuredmedia":[{"embeddable":true,"href":"https:\/\/portaltela.pt\/api\/wp\/v2\/media\/194901"}],"wp:attachment":[{"href":"https:\/\/portaltela.pt\/api\/wp\/v2\/media?parent=194893"}],"wp:term":[{"taxonomy":"category","embeddable":true,"href":"https:\/\/portaltela.pt\/api\/wp\/v2\/categories?post=194893"},{"taxonomy":"post_tag","embeddable":true,"href":"https:\/\/portaltela.pt\/api\/wp\/v2\/tags?post=194893"}],"curies":[{"name":"wp","href":"https:\/\/api.w.org\/{rel}","templated":true}]}}