{"id":194858,"date":"2026-02-03T16:25:17","date_gmt":"2026-02-03T19:25:17","guid":{"rendered":"https:\/\/portaltela.pt\/noticias\/2026\/02\/03\/eua-mudam-nome-de-espaco-de-convivio-dos-jogos-olimpicos-de-inverno\/"},"modified":"2026-02-03T16:25:17","modified_gmt":"2026-02-03T19:25:17","slug":"eua-mudam-nome-de-espaco-de-convivio-dos-jogos-olimpicos-de-inverno","status":"publish","type":"post","link":"https:\/\/portaltela.pt\/desporto\/2026\/02\/03\/eua-mudam-nome-de-espaco-de-convivio-dos-jogos-olimpicos-de-inverno\/","title":{"rendered":"EUA mudam nome de espa\u00e7o de conv\u00edvio dos Jogos Ol\u00edmpicos de Inverno"},"content":{"rendered":"<p>Tr\u00eas federa\u00e7\u00f5es ol\u00edmpicas dos EUA alteraram o nome do espa\u00e7o de conv\u00edvio compartilhado pelos atletas nos Jogos de Inverno de Mil\u00e3o-Cortina. De &#8220;Ice House&#8221; passou a ser chamado &#8220;Winter House&#8221;, ap\u00f3s protestos p\u00fablicos na It\u00e1lia e nos Estados Unidos sobre o papel de agentes do ICE.<\/p>\n<p>O espa\u00e7o, criado para acolher atletas, fam\u00edlias e patrocinadores num hotel de Mil\u00e3o, destinava-se a promover hospitalidade e conviv\u00eancia entre os participantes. A decis\u00e3o de mudan\u00e7a foi anunciada pela CNN Internacional com base em comunicados oficiais das federa\u00e7\u00f5es.<\/p>\n<p>Os protestos, que ganharam impulso ap\u00f3s a divulga\u00e7\u00e3o da presen\u00e7a de agentes do ICE nos Jogos, geraram peti\u00e7\u00f5es e cr\u00edticas sobre pr\u00e1ticas de imigra\u00e7\u00e3o associadas ao servi\u00e7o americano. As autoridades t\u00eam afirmado que a presen\u00e7a de refor\u00e7os \u00e9 comum em eventos de grande porte.<\/p>\n<p>Conforme as federa\u00e7\u00f5es de patinagem art\u00edstica, patinagem de velocidade e h\u00f3quei no gelo, a altera\u00e7\u00e3o do nome visa manter o espa\u00e7o como uma \u00e1rea privada de celebra\u00e7\u00e3o e conviv\u00eancia, sem distra\u00e7\u00f5es para as atividades desportivas dos jovens atletas.<\/p>\n<h3>Mudan\u00e7a de nome<\/h3>\n<p>Amber Glenn, patinadora ol\u00edmpica norte-americana, descreveu a decis\u00e3o como adequada, apontando que o termo ICE carrega implica\u00e7\u00f5es negativas para alguns membros da comitiva. O novo designa\u00e7\u00e3o mant\u00e9m o foco nas celebra\u00e7\u00f5es de medalhas, nas exibi\u00e7\u00f5es p\u00fablicas e nos encontros com figuras de refer\u00eancia das modalidades envolvidas.<\/p>\n","protected":false},"excerpt":{"rendered":"<ul>\n<li>Tr\u00eas federa\u00e7\u00f5es ol\u00edmpicas dos EUA mudaram o nome do espa\u00e7o de conv\u00edvio dos Jogos Ol\u00edmpicos de Inverno de Mil\u00e3o-Cortina de &#8220;Ice House&#8221; para &#8220;Winter House&#8221; ap\u00f3s protestos.<\/li>\n<li>O espa\u00e7o fica num hotel de Mil\u00e3o e destina-se a atletas, fam\u00edlias e patrocinadores; anteriormente foi apresentado como uma casa de acolhimento.<\/li>\n<li>A mudan\u00e7a ocorreu na sequ\u00eancia de cr\u00edticas ao papel e \u00e0s a\u00e7\u00f5es do Servi\u00e7o de Imigra\u00e7\u00e3o e Alf\u00e2ndega (ICE) durante o evento, associadas ao Governo dos Estados Unidos.<\/li>\n<li>Os protestos contra o ICE estenderam\u2011se aos EUA e chegaram a Mil\u00e3o, com peti\u00e7\u00f5es e oposi\u00e7\u00e3o \u00e0 presen\u00e7a de agentes nas opera\u00e7\u00f5es de seguran\u00e7a.<\/li>\n<li>A patinadora Amber Glenn considerou a mudan\u00e7a de nome &#8220;s\u00e1bia&#8221;, alegando preju\u00edzos associados ao ICE e \u00e0s suas implica\u00e7\u00f5es.<\/li>\n<\/ul>\n","protected":false},"author":2,"featured_media":194864,"comment_status":"closed","ping_status":"closed","sticky":false,"template":"","format":"standard","meta":{"footnotes":""},"categories":[21],"tags":[162,2691,712,1857,5309],"class_list":["post-194858","post","type-post","status-publish","format-standard","has-post-thumbnail","hentry","category-desporto","tag-hoquei-no-gelo","tag-ice","tag-imigracao","tag-italia","tag-patinagem-artistica"],"yoast_head":"<!-- This site is optimized with the Yoast SEO plugin v27.2 - https:\/\/yoast.com\/product\/yoast-seo-wordpress\/ -->\n<title>EUA mudam nome de espa\u00e7o de conv\u00edvio dos Jogos Ol\u00edmpicos de Inverno - Portal Tela Portugal<\/title>\n<meta name=\"robots\" content=\"index, follow, max-snippet:-1, max-image-preview:large, max-video-preview:-1\" \/>\n<meta property=\"og:locale\" content=\"pt_PT\" \/>\n<meta property=\"og:type\" content=\"article\" \/>\n<meta property=\"og:title\" content=\"EUA mudam nome de espa\u00e7o de conv\u00edvio dos Jogos Ol\u00edmpicos de Inverno - Portal Tela Portugal\" \/>\n<meta property=\"og:description\" content=\"Tr\u00eas federa\u00e7\u00f5es ol\u00edmpicas dos EUA mudaram o nome do espa\u00e7o de conv\u00edvio dos Jogos Ol\u00edmpicos de Inverno de Mil\u00e3o-Cortina de &quot;Ice House&quot; para &quot;Winter House&quot; ap\u00f3s protestos. O espa\u00e7o fica num hotel de Mil\u00e3o e destina-se a atletas, fam\u00edlias e patrocinadores; anteriormente foi apresentado como uma casa de acolhimento. A mudan\u00e7a ocorreu na sequ\u00eancia de cr\u00edticas ao papel e \u00e0s a\u00e7\u00f5es do Servi\u00e7o de Imigra\u00e7\u00e3o e Alf\u00e2ndega (ICE) durante o evento, associadas ao Governo dos Estados Unidos. Os protestos contra o ICE estenderam\u2011se aos EUA e chegaram a Mil\u00e3o, com peti\u00e7\u00f5es e oposi\u00e7\u00e3o \u00e0 presen\u00e7a de agentes nas opera\u00e7\u00f5es de seguran\u00e7a. A patinadora Amber Glenn considerou a mudan\u00e7a de nome &quot;s\u00e1bia&quot;, alegando preju\u00edzos associados ao ICE e \u00e0s suas implica\u00e7\u00f5es.\" \/>\n<meta property=\"og:url\" content=\"https:\/\/portaltela.pt\/noticias\/2026\/02\/03\/eua-mudam-nome-de-espaco-de-convivio-dos-jogos-olimpicos-de-inverno\/\" \/>\n<meta property=\"og:site_name\" content=\"Portal Tela Portugal\" \/>\n<meta property=\"article:published_time\" content=\"2026-02-03T19:25:17+00:00\" \/>\n<meta name=\"author\" content=\"Telinha\" \/>\n<meta name=\"twitter:card\" content=\"summary_large_image\" \/>\n<meta name=\"twitter:label1\" content=\"Escrito por\" \/>\n\t<meta name=\"twitter:data1\" content=\"Telinha\" \/>\n\t<meta name=\"twitter:label2\" content=\"Tempo estimado de leitura\" \/>\n\t<meta name=\"twitter:data2\" content=\"1 minuto\" \/>\n<script type=\"application\/ld+json\" class=\"yoast-schema-graph\">{\"@context\":\"https:\/\/schema.org\",\"@graph\":[{\"@type\":\"Article\",\"@id\":\"https:\/\/portaltela.pt\/noticias\/2026\/02\/03\/eua-mudam-nome-de-espaco-de-convivio-dos-jogos-olimpicos-de-inverno\/#article\",\"isPartOf\":{\"@id\":\"https:\/\/portaltela.pt\/noticias\/2026\/02\/03\/eua-mudam-nome-de-espaco-de-convivio-dos-jogos-olimpicos-de-inverno\/\"},\"author\":{\"name\":\"Telinha\",\"@id\":\"https:\/\/portaltela.pt\/#\/schema\/person\/c4278d4a6028830caff9ee44b42d32ed\"},\"headline\":\"EUA mudam nome de espa\u00e7o de conv\u00edvio dos Jogos Ol\u00edmpicos de Inverno\",\"datePublished\":\"2026-02-03T19:25:17+00:00\",\"mainEntityOfPage\":{\"@id\":\"https:\/\/portaltela.pt\/noticias\/2026\/02\/03\/eua-mudam-nome-de-espaco-de-convivio-dos-jogos-olimpicos-de-inverno\/\"},\"wordCount\":274,\"image\":{\"@id\":\"https:\/\/portaltela.pt\/noticias\/2026\/02\/03\/eua-mudam-nome-de-espaco-de-convivio-dos-jogos-olimpicos-de-inverno\/#primaryimage\"},\"thumbnailUrl\":\"https:\/\/portaltela.pt\/s.01k8rhncp4jt1\/2026\/02\/img_920x518uu2026-02-03-19-22-38-2419339.jpg\",\"keywords\":[\"H\u00f3quei no gelo\",\"ICE\",\"imigra\u00e7\u00e3o\",\"It\u00e1lia\",\"patinagem art\u00edstica\"],\"articleSection\":[\"Desporto\"],\"inLanguage\":\"pt-PT\"},{\"@type\":\"WebPage\",\"@id\":\"https:\/\/portaltela.pt\/noticias\/2026\/02\/03\/eua-mudam-nome-de-espaco-de-convivio-dos-jogos-olimpicos-de-inverno\/\",\"url\":\"https:\/\/portaltela.pt\/noticias\/2026\/02\/03\/eua-mudam-nome-de-espaco-de-convivio-dos-jogos-olimpicos-de-inverno\/\",\"name\":\"EUA mudam nome de espa\u00e7o de conv\u00edvio dos Jogos Ol\u00edmpicos de Inverno - Portal Tela Portugal\",\"isPartOf\":{\"@id\":\"https:\/\/portaltela.pt\/#website\"},\"primaryImageOfPage\":{\"@id\":\"https:\/\/portaltela.pt\/noticias\/2026\/02\/03\/eua-mudam-nome-de-espaco-de-convivio-dos-jogos-olimpicos-de-inverno\/#primaryimage\"},\"image\":{\"@id\":\"https:\/\/portaltela.pt\/noticias\/2026\/02\/03\/eua-mudam-nome-de-espaco-de-convivio-dos-jogos-olimpicos-de-inverno\/#primaryimage\"},\"thumbnailUrl\":\"https:\/\/portaltela.pt\/s.01k8rhncp4jt1\/2026\/02\/img_920x518uu2026-02-03-19-22-38-2419339.jpg\",\"datePublished\":\"2026-02-03T19:25:17+00:00\",\"author\":{\"@id\":\"https:\/\/portaltela.pt\/#\/schema\/person\/c4278d4a6028830caff9ee44b42d32ed\"},\"breadcrumb\":{\"@id\":\"https:\/\/portaltela.pt\/noticias\/2026\/02\/03\/eua-mudam-nome-de-espaco-de-convivio-dos-jogos-olimpicos-de-inverno\/#breadcrumb\"},\"inLanguage\":\"pt-PT\",\"potentialAction\":[{\"@type\":\"ReadAction\",\"target\":[\"https:\/\/portaltela.pt\/noticias\/2026\/02\/03\/eua-mudam-nome-de-espaco-de-convivio-dos-jogos-olimpicos-de-inverno\/\"]}]},{\"@type\":\"ImageObject\",\"inLanguage\":\"pt-PT\",\"@id\":\"https:\/\/portaltela.pt\/noticias\/2026\/02\/03\/eua-mudam-nome-de-espaco-de-convivio-dos-jogos-olimpicos-de-inverno\/#primaryimage\",\"url\":\"https:\/\/portaltela.pt\/s.01k8rhncp4jt1\/2026\/02\/img_920x518uu2026-02-03-19-22-38-2419339.jpg\",\"contentUrl\":\"https:\/\/portaltela.pt\/s.01k8rhncp4jt1\/2026\/02\/img_920x518uu2026-02-03-19-22-38-2419339.jpg\",\"width\":796,\"height\":448,\"caption\":\"Mudan\u00e7as nos Jogos Ol\u00edmpicos de Inverno de 2026\"},{\"@type\":\"BreadcrumbList\",\"@id\":\"https:\/\/portaltela.pt\/noticias\/2026\/02\/03\/eua-mudam-nome-de-espaco-de-convivio-dos-jogos-olimpicos-de-inverno\/#breadcrumb\",\"itemListElement\":[{\"@type\":\"ListItem\",\"position\":1,\"name\":\"In\u00edcio\",\"item\":\"https:\/\/portaltela.pt\/\"},{\"@type\":\"ListItem\",\"position\":2,\"name\":\"EUA mudam nome de espa\u00e7o de conv\u00edvio dos Jogos Ol\u00edmpicos de Inverno\"}]},{\"@type\":\"WebSite\",\"@id\":\"https:\/\/portaltela.pt\/#website\",\"url\":\"https:\/\/portaltela.pt\/\",\"name\":\"Portal Tela Portugal\",\"description\":\"\",\"potentialAction\":[{\"@type\":\"SearchAction\",\"target\":{\"@type\":\"EntryPoint\",\"urlTemplate\":\"https:\/\/portaltela.pt\/?s={search_term_string}\"},\"query-input\":{\"@type\":\"PropertyValueSpecification\",\"valueRequired\":true,\"valueName\":\"search_term_string\"}}],\"inLanguage\":\"pt-PT\"},{\"@type\":\"Person\",\"@id\":\"https:\/\/portaltela.pt\/#\/schema\/person\/c4278d4a6028830caff9ee44b42d32ed\",\"name\":\"Telinha\",\"image\":{\"@type\":\"ImageObject\",\"inLanguage\":\"pt-PT\",\"@id\":\"https:\/\/portaltela.pt\/s.01k8rhncp4jt1\/2025\/11\/talking-bot-125x125.png\",\"url\":\"https:\/\/portaltela.pt\/s.01k8rhncp4jt1\/2025\/11\/talking-bot-125x125.png\",\"contentUrl\":\"https:\/\/portaltela.pt\/s.01k8rhncp4jt1\/2025\/11\/talking-bot-125x125.png\",\"caption\":\"Telinha\"},\"sameAs\":[\"https:\/\/portaltela.pt\/\"],\"url\":\"https:\/\/portaltela.pt\/por\/367410592786\/\"}]}<\/script>\n<!-- \/ Yoast SEO plugin. -->","yoast_head_json":{"title":"EUA mudam nome de espa\u00e7o de conv\u00edvio dos Jogos Ol\u00edmpicos de Inverno - Portal Tela Portugal","robots":{"index":"index","follow":"follow","max-snippet":"max-snippet:-1","max-image-preview":"max-image-preview:large","max-video-preview":"max-video-preview:-1"},"og_locale":"pt_PT","og_type":"article","og_title":"EUA mudam nome de espa\u00e7o de conv\u00edvio dos Jogos Ol\u00edmpicos de Inverno - Portal Tela Portugal","og_description":"Tr\u00eas federa\u00e7\u00f5es ol\u00edmpicas dos EUA mudaram o nome do espa\u00e7o de conv\u00edvio dos Jogos Ol\u00edmpicos de Inverno de Mil\u00e3o-Cortina de \"Ice House\" para \"Winter House\" ap\u00f3s protestos. O espa\u00e7o fica num hotel de Mil\u00e3o e destina-se a atletas, fam\u00edlias e patrocinadores; anteriormente foi apresentado como uma casa de acolhimento. A mudan\u00e7a ocorreu na sequ\u00eancia de cr\u00edticas ao papel e \u00e0s a\u00e7\u00f5es do Servi\u00e7o de Imigra\u00e7\u00e3o e Alf\u00e2ndega (ICE) durante o evento, associadas ao Governo dos Estados Unidos. Os protestos contra o ICE estenderam\u2011se aos EUA e chegaram a Mil\u00e3o, com peti\u00e7\u00f5es e oposi\u00e7\u00e3o \u00e0 presen\u00e7a de agentes nas opera\u00e7\u00f5es de seguran\u00e7a. A patinadora Amber Glenn considerou a mudan\u00e7a de nome \"s\u00e1bia\", alegando preju\u00edzos associados ao ICE e \u00e0s suas implica\u00e7\u00f5es.","og_url":"https:\/\/portaltela.pt\/noticias\/2026\/02\/03\/eua-mudam-nome-de-espaco-de-convivio-dos-jogos-olimpicos-de-inverno\/","og_site_name":"Portal Tela Portugal","article_published_time":"2026-02-03T19:25:17+00:00","author":"Telinha","twitter_card":"summary_large_image","twitter_misc":{"Escrito por":"Telinha","Tempo estimado de leitura":"1 minuto"},"schema":{"@context":"https:\/\/schema.org","@graph":[{"@type":"Article","@id":"https:\/\/portaltela.pt\/noticias\/2026\/02\/03\/eua-mudam-nome-de-espaco-de-convivio-dos-jogos-olimpicos-de-inverno\/#article","isPartOf":{"@id":"https:\/\/portaltela.pt\/noticias\/2026\/02\/03\/eua-mudam-nome-de-espaco-de-convivio-dos-jogos-olimpicos-de-inverno\/"},"author":{"name":"Telinha","@id":"https:\/\/portaltela.pt\/#\/schema\/person\/c4278d4a6028830caff9ee44b42d32ed"},"headline":"EUA mudam nome de espa\u00e7o de conv\u00edvio dos Jogos Ol\u00edmpicos de Inverno","datePublished":"2026-02-03T19:25:17+00:00","mainEntityOfPage":{"@id":"https:\/\/portaltela.pt\/noticias\/2026\/02\/03\/eua-mudam-nome-de-espaco-de-convivio-dos-jogos-olimpicos-de-inverno\/"},"wordCount":274,"image":{"@id":"https:\/\/portaltela.pt\/noticias\/2026\/02\/03\/eua-mudam-nome-de-espaco-de-convivio-dos-jogos-olimpicos-de-inverno\/#primaryimage"},"thumbnailUrl":"https:\/\/portaltela.pt\/s.01k8rhncp4jt1\/2026\/02\/img_920x518uu2026-02-03-19-22-38-2419339.jpg","keywords":["H\u00f3quei no gelo","ICE","imigra\u00e7\u00e3o","It\u00e1lia","patinagem art\u00edstica"],"articleSection":["Desporto"],"inLanguage":"pt-PT"},{"@type":"WebPage","@id":"https:\/\/portaltela.pt\/noticias\/2026\/02\/03\/eua-mudam-nome-de-espaco-de-convivio-dos-jogos-olimpicos-de-inverno\/","url":"https:\/\/portaltela.pt\/noticias\/2026\/02\/03\/eua-mudam-nome-de-espaco-de-convivio-dos-jogos-olimpicos-de-inverno\/","name":"EUA mudam nome de espa\u00e7o de conv\u00edvio dos Jogos Ol\u00edmpicos de Inverno - Portal Tela Portugal","isPartOf":{"@id":"https:\/\/portaltela.pt\/#website"},"primaryImageOfPage":{"@id":"https:\/\/portaltela.pt\/noticias\/2026\/02\/03\/eua-mudam-nome-de-espaco-de-convivio-dos-jogos-olimpicos-de-inverno\/#primaryimage"},"image":{"@id":"https:\/\/portaltela.pt\/noticias\/2026\/02\/03\/eua-mudam-nome-de-espaco-de-convivio-dos-jogos-olimpicos-de-inverno\/#primaryimage"},"thumbnailUrl":"https:\/\/portaltela.pt\/s.01k8rhncp4jt1\/2026\/02\/img_920x518uu2026-02-03-19-22-38-2419339.jpg","datePublished":"2026-02-03T19:25:17+00:00","author":{"@id":"https:\/\/portaltela.pt\/#\/schema\/person\/c4278d4a6028830caff9ee44b42d32ed"},"breadcrumb":{"@id":"https:\/\/portaltela.pt\/noticias\/2026\/02\/03\/eua-mudam-nome-de-espaco-de-convivio-dos-jogos-olimpicos-de-inverno\/#breadcrumb"},"inLanguage":"pt-PT","potentialAction":[{"@type":"ReadAction","target":["https:\/\/portaltela.pt\/noticias\/2026\/02\/03\/eua-mudam-nome-de-espaco-de-convivio-dos-jogos-olimpicos-de-inverno\/"]}]},{"@type":"ImageObject","inLanguage":"pt-PT","@id":"https:\/\/portaltela.pt\/noticias\/2026\/02\/03\/eua-mudam-nome-de-espaco-de-convivio-dos-jogos-olimpicos-de-inverno\/#primaryimage","url":"https:\/\/portaltela.pt\/s.01k8rhncp4jt1\/2026\/02\/img_920x518uu2026-02-03-19-22-38-2419339.jpg","contentUrl":"https:\/\/portaltela.pt\/s.01k8rhncp4jt1\/2026\/02\/img_920x518uu2026-02-03-19-22-38-2419339.jpg","width":796,"height":448,"caption":"Mudan\u00e7as nos Jogos Ol\u00edmpicos de Inverno de 2026"},{"@type":"BreadcrumbList","@id":"https:\/\/portaltela.pt\/noticias\/2026\/02\/03\/eua-mudam-nome-de-espaco-de-convivio-dos-jogos-olimpicos-de-inverno\/#breadcrumb","itemListElement":[{"@type":"ListItem","position":1,"name":"In\u00edcio","item":"https:\/\/portaltela.pt\/"},{"@type":"ListItem","position":2,"name":"EUA mudam nome de espa\u00e7o de conv\u00edvio dos Jogos Ol\u00edmpicos de Inverno"}]},{"@type":"WebSite","@id":"https:\/\/portaltela.pt\/#website","url":"https:\/\/portaltela.pt\/","name":"Portal Tela Portugal","description":"","potentialAction":[{"@type":"SearchAction","target":{"@type":"EntryPoint","urlTemplate":"https:\/\/portaltela.pt\/?s={search_term_string}"},"query-input":{"@type":"PropertyValueSpecification","valueRequired":true,"valueName":"search_term_string"}}],"inLanguage":"pt-PT"},{"@type":"Person","@id":"https:\/\/portaltela.pt\/#\/schema\/person\/c4278d4a6028830caff9ee44b42d32ed","name":"Telinha","image":{"@type":"ImageObject","inLanguage":"pt-PT","@id":"https:\/\/portaltela.pt\/s.01k8rhncp4jt1\/2025\/11\/talking-bot-125x125.png","url":"https:\/\/portaltela.pt\/s.01k8rhncp4jt1\/2025\/11\/talking-bot-125x125.png","contentUrl":"https:\/\/portaltela.pt\/s.01k8rhncp4jt1\/2025\/11\/talking-bot-125x125.png","caption":"Telinha"},"sameAs":["https:\/\/portaltela.pt\/"],"url":"https:\/\/portaltela.pt\/por\/367410592786\/"}]}},"_links":{"self":[{"href":"https:\/\/portaltela.pt\/api\/wp\/v2\/posts\/194858","targetHints":{"allow":["GET"]}}],"collection":[{"href":"https:\/\/portaltela.pt\/api\/wp\/v2\/posts"}],"about":[{"href":"https:\/\/portaltela.pt\/api\/wp\/v2\/types\/post"}],"author":[{"embeddable":true,"href":"https:\/\/portaltela.pt\/api\/wp\/v2\/users\/2"}],"replies":[{"embeddable":true,"href":"https:\/\/portaltela.pt\/api\/wp\/v2\/comments?post=194858"}],"version-history":[{"count":0,"href":"https:\/\/portaltela.pt\/api\/wp\/v2\/posts\/194858\/revisions"}],"wp:featuredmedia":[{"embeddable":true,"href":"https:\/\/portaltela.pt\/api\/wp\/v2\/media\/194864"}],"wp:attachment":[{"href":"https:\/\/portaltela.pt\/api\/wp\/v2\/media?parent=194858"}],"wp:term":[{"taxonomy":"category","embeddable":true,"href":"https:\/\/portaltela.pt\/api\/wp\/v2\/categories?post=194858"},{"taxonomy":"post_tag","embeddable":true,"href":"https:\/\/portaltela.pt\/api\/wp\/v2\/tags?post=194858"}],"curies":[{"name":"wp","href":"https:\/\/api.w.org\/{rel}","templated":true}]}}