{"id":194848,"date":"2026-02-03T16:11:51","date_gmt":"2026-02-03T19:11:51","guid":{"rendered":"https:\/\/portaltela.pt\/noticias\/2026\/02\/03\/monforte-renova-frota-escolar-para-alunos-em-zonas-mais-isoladas\/"},"modified":"2026-02-03T16:11:51","modified_gmt":"2026-02-03T19:11:51","slug":"monforte-renova-frota-escolar-para-alunos-em-zonas-mais-isoladas","status":"publish","type":"post","link":"https:\/\/portaltela.pt\/noticias\/2026\/02\/03\/monforte-renova-frota-escolar-para-alunos-em-zonas-mais-isoladas\/","title":{"rendered":"Monforte renova frota escolar para alunos em zonas mais isoladas"},"content":{"rendered":"<p>O Munic\u00edpio de Monforte renovou a frota de transporte escolar com a aquisi\u00e7\u00e3o de uma viatura todo-o-terreno. A novidade destina-se a assegurar o transporte di\u00e1rio de crian\u00e7as das \u00e1reas rurais mais isoladas do concelho.<\/p>\n<p>A nova viatura atende \u00e0s condi\u00e7\u00f5es das vias de campo, requeridas por ve\u00edculos com tra\u00e7\u00e3o robusta e maior robustez. A renova\u00e7\u00e3o cumpre a legisla\u00e7\u00e3o que limita o licenciamento de transporte coletivo de crian\u00e7as a 16 anos a partir da data da primeira matr\u00edcula.<\/p>\n<p>Com a mudan\u00e7a, a C\u00e2mara Municipal refor\u00e7a a gest\u00e3o do transporte escolar, assegurando um servi\u00e7o p\u00fablico moderno e fi\u00e1vel para todos os alunos, independentemente da dist\u00e2ncia ou localiza\u00e7\u00e3o geogr\u00e1fica.<\/p>\n","protected":false},"excerpt":{"rendered":"<ul>\n<li>Monforte renovou a frota de transporte escolar com a aquisi\u00e7\u00e3o de uma viatura todo-o-terreno para as \u00e1reas rurais isoladas.<\/li>\n<li>A renova\u00e7\u00e3o cumpre a exig\u00eancia legal de que ve\u00edculos de transporte de crian\u00e7as n\u00e3o podem ter mais de 16 anos desde a data de matr\u00edcula inicial.<\/li>\n<li>A nova viatura visa melhorar a seguran\u00e7a e o conforto no trajeto entre as habita\u00e7\u00f5es e as escolas.<\/li>\n<li>A C\u00e2mara Municipal refor\u00e7a a gest\u00e3o do transporte escolar, garantindo um servi\u00e7o p\u00fablico moderno e fi\u00e1vel para todos os alunos, independentemente da dist\u00e2ncia.<\/li>\n<\/ul>\n","protected":false},"author":2,"featured_media":194850,"comment_status":"closed","ping_status":"closed","sticky":false,"template":"","format":"standard","meta":{"footnotes":""},"categories":[1],"tags":[3769,3953,2110,3263,1221,3912],"class_list":["post-194848","post","type-post","status-publish","format-standard","has-post-thumbnail","hentry","category-noticias","tag-autocarros","tag-criancas","tag-mobilidade","tag-mobilidade-urbana","tag-servicos-publicos","tag-transporte-escolar"],"yoast_head":"<!-- This site is optimized with the Yoast SEO plugin v27.2 - https:\/\/yoast.com\/product\/yoast-seo-wordpress\/ -->\n<title>Monforte renova frota escolar para alunos em zonas mais isoladas - Portal Tela Portugal<\/title>\n<meta name=\"robots\" content=\"index, follow, max-snippet:-1, max-image-preview:large, max-video-preview:-1\" \/>\n<meta property=\"og:locale\" content=\"pt_PT\" \/>\n<meta property=\"og:type\" content=\"article\" \/>\n<meta property=\"og:title\" content=\"Monforte renova frota escolar para alunos em zonas mais isoladas - Portal Tela Portugal\" \/>\n<meta property=\"og:description\" content=\"Monforte renovou a frota de transporte escolar com a aquisi\u00e7\u00e3o de uma viatura todo-o-terreno para as \u00e1reas rurais isoladas. A renova\u00e7\u00e3o cumpre a exig\u00eancia legal de que ve\u00edculos de transporte de crian\u00e7as n\u00e3o podem ter mais de 16 anos desde a data de matr\u00edcula inicial. A nova viatura visa melhorar a seguran\u00e7a e o conforto no trajeto entre as habita\u00e7\u00f5es e as escolas. A C\u00e2mara Municipal refor\u00e7a a gest\u00e3o do transporte escolar, garantindo um servi\u00e7o p\u00fablico moderno e fi\u00e1vel para todos os alunos, independentemente da dist\u00e2ncia.\" \/>\n<meta property=\"og:url\" content=\"https:\/\/portaltela.pt\/noticias\/2026\/02\/03\/monforte-renova-frota-escolar-para-alunos-em-zonas-mais-isoladas\/\" \/>\n<meta property=\"og:site_name\" content=\"Portal Tela Portugal\" \/>\n<meta property=\"article:published_time\" content=\"2026-02-03T19:11:51+00:00\" \/>\n<meta name=\"author\" content=\"Telinha\" \/>\n<meta name=\"twitter:card\" content=\"summary_large_image\" \/>\n<meta name=\"twitter:label1\" content=\"Escrito por\" \/>\n\t<meta name=\"twitter:data1\" content=\"Telinha\" \/>\n\t<meta name=\"twitter:label2\" content=\"Tempo estimado de leitura\" \/>\n\t<meta name=\"twitter:data2\" content=\"1 minuto\" \/>\n<script type=\"application\/ld+json\" class=\"yoast-schema-graph\">{\"@context\":\"https:\/\/schema.org\",\"@graph\":[{\"@type\":\"Article\",\"@id\":\"https:\/\/portaltela.pt\/noticias\/2026\/02\/03\/monforte-renova-frota-escolar-para-alunos-em-zonas-mais-isoladas\/#article\",\"isPartOf\":{\"@id\":\"https:\/\/portaltela.pt\/noticias\/2026\/02\/03\/monforte-renova-frota-escolar-para-alunos-em-zonas-mais-isoladas\/\"},\"author\":{\"name\":\"Telinha\",\"@id\":\"https:\/\/portaltela.pt\/#\/schema\/person\/c4278d4a6028830caff9ee44b42d32ed\"},\"headline\":\"Monforte renova frota escolar para alunos em zonas mais isoladas\",\"datePublished\":\"2026-02-03T19:11:51+00:00\",\"mainEntityOfPage\":{\"@id\":\"https:\/\/portaltela.pt\/noticias\/2026\/02\/03\/monforte-renova-frota-escolar-para-alunos-em-zonas-mais-isoladas\/\"},\"wordCount\":136,\"image\":{\"@id\":\"https:\/\/portaltela.pt\/noticias\/2026\/02\/03\/monforte-renova-frota-escolar-para-alunos-em-zonas-mais-isoladas\/#primaryimage\"},\"thumbnailUrl\":\"https:\/\/portaltela.pt\/s.01k8rhncp4jt1\/2026\/02\/2026-02-03-foto-municipio-adquire-viatura-de-transporte-escolar-10-scaled-1.jpg\",\"keywords\":[\"autocarros\",\"crian\u00e7as\",\"mobilidade\",\"mobilidade urbana\",\"servi\u00e7os p\u00fablicos\",\"transporte escolar\"],\"articleSection\":[\"Not\u00edcias\"],\"inLanguage\":\"pt-PT\"},{\"@type\":\"WebPage\",\"@id\":\"https:\/\/portaltela.pt\/noticias\/2026\/02\/03\/monforte-renova-frota-escolar-para-alunos-em-zonas-mais-isoladas\/\",\"url\":\"https:\/\/portaltela.pt\/noticias\/2026\/02\/03\/monforte-renova-frota-escolar-para-alunos-em-zonas-mais-isoladas\/\",\"name\":\"Monforte renova frota escolar para alunos em zonas mais isoladas - Portal Tela Portugal\",\"isPartOf\":{\"@id\":\"https:\/\/portaltela.pt\/#website\"},\"primaryImageOfPage\":{\"@id\":\"https:\/\/portaltela.pt\/noticias\/2026\/02\/03\/monforte-renova-frota-escolar-para-alunos-em-zonas-mais-isoladas\/#primaryimage\"},\"image\":{\"@id\":\"https:\/\/portaltela.pt\/noticias\/2026\/02\/03\/monforte-renova-frota-escolar-para-alunos-em-zonas-mais-isoladas\/#primaryimage\"},\"thumbnailUrl\":\"https:\/\/portaltela.pt\/s.01k8rhncp4jt1\/2026\/02\/2026-02-03-foto-municipio-adquire-viatura-de-transporte-escolar-10-scaled-1.jpg\",\"datePublished\":\"2026-02-03T19:11:51+00:00\",\"author\":{\"@id\":\"https:\/\/portaltela.pt\/#\/schema\/person\/c4278d4a6028830caff9ee44b42d32ed\"},\"breadcrumb\":{\"@id\":\"https:\/\/portaltela.pt\/noticias\/2026\/02\/03\/monforte-renova-frota-escolar-para-alunos-em-zonas-mais-isoladas\/#breadcrumb\"},\"inLanguage\":\"pt-PT\",\"potentialAction\":[{\"@type\":\"ReadAction\",\"target\":[\"https:\/\/portaltela.pt\/noticias\/2026\/02\/03\/monforte-renova-frota-escolar-para-alunos-em-zonas-mais-isoladas\/\"]}]},{\"@type\":\"ImageObject\",\"inLanguage\":\"pt-PT\",\"@id\":\"https:\/\/portaltela.pt\/noticias\/2026\/02\/03\/monforte-renova-frota-escolar-para-alunos-em-zonas-mais-isoladas\/#primaryimage\",\"url\":\"https:\/\/portaltela.pt\/s.01k8rhncp4jt1\/2026\/02\/2026-02-03-foto-municipio-adquire-viatura-de-transporte-escolar-10-scaled-1.jpg\",\"contentUrl\":\"https:\/\/portaltela.pt\/s.01k8rhncp4jt1\/2026\/02\/2026-02-03-foto-municipio-adquire-viatura-de-transporte-escolar-10-scaled-1.jpg\",\"width\":796,\"height\":448,\"caption\":\"Seguran\u00e7a Escolar: Monforte renova frota para alunos das \u00e1reas mais isoladas do concelho\"},{\"@type\":\"BreadcrumbList\",\"@id\":\"https:\/\/portaltela.pt\/noticias\/2026\/02\/03\/monforte-renova-frota-escolar-para-alunos-em-zonas-mais-isoladas\/#breadcrumb\",\"itemListElement\":[{\"@type\":\"ListItem\",\"position\":1,\"name\":\"In\u00edcio\",\"item\":\"https:\/\/portaltela.pt\/\"},{\"@type\":\"ListItem\",\"position\":2,\"name\":\"Monforte renova frota escolar para alunos em zonas mais isoladas\"}]},{\"@type\":\"WebSite\",\"@id\":\"https:\/\/portaltela.pt\/#website\",\"url\":\"https:\/\/portaltela.pt\/\",\"name\":\"Portal Tela Portugal\",\"description\":\"\",\"potentialAction\":[{\"@type\":\"SearchAction\",\"target\":{\"@type\":\"EntryPoint\",\"urlTemplate\":\"https:\/\/portaltela.pt\/?s={search_term_string}\"},\"query-input\":{\"@type\":\"PropertyValueSpecification\",\"valueRequired\":true,\"valueName\":\"search_term_string\"}}],\"inLanguage\":\"pt-PT\"},{\"@type\":\"Person\",\"@id\":\"https:\/\/portaltela.pt\/#\/schema\/person\/c4278d4a6028830caff9ee44b42d32ed\",\"name\":\"Telinha\",\"image\":{\"@type\":\"ImageObject\",\"inLanguage\":\"pt-PT\",\"@id\":\"https:\/\/portaltela.pt\/s.01k8rhncp4jt1\/2025\/11\/talking-bot-125x125.png\",\"url\":\"https:\/\/portaltela.pt\/s.01k8rhncp4jt1\/2025\/11\/talking-bot-125x125.png\",\"contentUrl\":\"https:\/\/portaltela.pt\/s.01k8rhncp4jt1\/2025\/11\/talking-bot-125x125.png\",\"caption\":\"Telinha\"},\"sameAs\":[\"https:\/\/portaltela.pt\/\"],\"url\":\"https:\/\/portaltela.pt\/por\/367410592786\/\"}]}<\/script>\n<!-- \/ Yoast SEO plugin. -->","yoast_head_json":{"title":"Monforte renova frota escolar para alunos em zonas mais isoladas - Portal Tela Portugal","robots":{"index":"index","follow":"follow","max-snippet":"max-snippet:-1","max-image-preview":"max-image-preview:large","max-video-preview":"max-video-preview:-1"},"og_locale":"pt_PT","og_type":"article","og_title":"Monforte renova frota escolar para alunos em zonas mais isoladas - Portal Tela Portugal","og_description":"Monforte renovou a frota de transporte escolar com a aquisi\u00e7\u00e3o de uma viatura todo-o-terreno para as \u00e1reas rurais isoladas. A renova\u00e7\u00e3o cumpre a exig\u00eancia legal de que ve\u00edculos de transporte de crian\u00e7as n\u00e3o podem ter mais de 16 anos desde a data de matr\u00edcula inicial. A nova viatura visa melhorar a seguran\u00e7a e o conforto no trajeto entre as habita\u00e7\u00f5es e as escolas. A C\u00e2mara Municipal refor\u00e7a a gest\u00e3o do transporte escolar, garantindo um servi\u00e7o p\u00fablico moderno e fi\u00e1vel para todos os alunos, independentemente da dist\u00e2ncia.","og_url":"https:\/\/portaltela.pt\/noticias\/2026\/02\/03\/monforte-renova-frota-escolar-para-alunos-em-zonas-mais-isoladas\/","og_site_name":"Portal Tela Portugal","article_published_time":"2026-02-03T19:11:51+00:00","author":"Telinha","twitter_card":"summary_large_image","twitter_misc":{"Escrito por":"Telinha","Tempo estimado de leitura":"1 minuto"},"schema":{"@context":"https:\/\/schema.org","@graph":[{"@type":"Article","@id":"https:\/\/portaltela.pt\/noticias\/2026\/02\/03\/monforte-renova-frota-escolar-para-alunos-em-zonas-mais-isoladas\/#article","isPartOf":{"@id":"https:\/\/portaltela.pt\/noticias\/2026\/02\/03\/monforte-renova-frota-escolar-para-alunos-em-zonas-mais-isoladas\/"},"author":{"name":"Telinha","@id":"https:\/\/portaltela.pt\/#\/schema\/person\/c4278d4a6028830caff9ee44b42d32ed"},"headline":"Monforte renova frota escolar para alunos em zonas mais isoladas","datePublished":"2026-02-03T19:11:51+00:00","mainEntityOfPage":{"@id":"https:\/\/portaltela.pt\/noticias\/2026\/02\/03\/monforte-renova-frota-escolar-para-alunos-em-zonas-mais-isoladas\/"},"wordCount":136,"image":{"@id":"https:\/\/portaltela.pt\/noticias\/2026\/02\/03\/monforte-renova-frota-escolar-para-alunos-em-zonas-mais-isoladas\/#primaryimage"},"thumbnailUrl":"https:\/\/portaltela.pt\/s.01k8rhncp4jt1\/2026\/02\/2026-02-03-foto-municipio-adquire-viatura-de-transporte-escolar-10-scaled-1.jpg","keywords":["autocarros","crian\u00e7as","mobilidade","mobilidade urbana","servi\u00e7os p\u00fablicos","transporte escolar"],"articleSection":["Not\u00edcias"],"inLanguage":"pt-PT"},{"@type":"WebPage","@id":"https:\/\/portaltela.pt\/noticias\/2026\/02\/03\/monforte-renova-frota-escolar-para-alunos-em-zonas-mais-isoladas\/","url":"https:\/\/portaltela.pt\/noticias\/2026\/02\/03\/monforte-renova-frota-escolar-para-alunos-em-zonas-mais-isoladas\/","name":"Monforte renova frota escolar para alunos em zonas mais isoladas - Portal Tela Portugal","isPartOf":{"@id":"https:\/\/portaltela.pt\/#website"},"primaryImageOfPage":{"@id":"https:\/\/portaltela.pt\/noticias\/2026\/02\/03\/monforte-renova-frota-escolar-para-alunos-em-zonas-mais-isoladas\/#primaryimage"},"image":{"@id":"https:\/\/portaltela.pt\/noticias\/2026\/02\/03\/monforte-renova-frota-escolar-para-alunos-em-zonas-mais-isoladas\/#primaryimage"},"thumbnailUrl":"https:\/\/portaltela.pt\/s.01k8rhncp4jt1\/2026\/02\/2026-02-03-foto-municipio-adquire-viatura-de-transporte-escolar-10-scaled-1.jpg","datePublished":"2026-02-03T19:11:51+00:00","author":{"@id":"https:\/\/portaltela.pt\/#\/schema\/person\/c4278d4a6028830caff9ee44b42d32ed"},"breadcrumb":{"@id":"https:\/\/portaltela.pt\/noticias\/2026\/02\/03\/monforte-renova-frota-escolar-para-alunos-em-zonas-mais-isoladas\/#breadcrumb"},"inLanguage":"pt-PT","potentialAction":[{"@type":"ReadAction","target":["https:\/\/portaltela.pt\/noticias\/2026\/02\/03\/monforte-renova-frota-escolar-para-alunos-em-zonas-mais-isoladas\/"]}]},{"@type":"ImageObject","inLanguage":"pt-PT","@id":"https:\/\/portaltela.pt\/noticias\/2026\/02\/03\/monforte-renova-frota-escolar-para-alunos-em-zonas-mais-isoladas\/#primaryimage","url":"https:\/\/portaltela.pt\/s.01k8rhncp4jt1\/2026\/02\/2026-02-03-foto-municipio-adquire-viatura-de-transporte-escolar-10-scaled-1.jpg","contentUrl":"https:\/\/portaltela.pt\/s.01k8rhncp4jt1\/2026\/02\/2026-02-03-foto-municipio-adquire-viatura-de-transporte-escolar-10-scaled-1.jpg","width":796,"height":448,"caption":"Seguran\u00e7a Escolar: Monforte renova frota para alunos das \u00e1reas mais isoladas do concelho"},{"@type":"BreadcrumbList","@id":"https:\/\/portaltela.pt\/noticias\/2026\/02\/03\/monforte-renova-frota-escolar-para-alunos-em-zonas-mais-isoladas\/#breadcrumb","itemListElement":[{"@type":"ListItem","position":1,"name":"In\u00edcio","item":"https:\/\/portaltela.pt\/"},{"@type":"ListItem","position":2,"name":"Monforte renova frota escolar para alunos em zonas mais isoladas"}]},{"@type":"WebSite","@id":"https:\/\/portaltela.pt\/#website","url":"https:\/\/portaltela.pt\/","name":"Portal Tela Portugal","description":"","potentialAction":[{"@type":"SearchAction","target":{"@type":"EntryPoint","urlTemplate":"https:\/\/portaltela.pt\/?s={search_term_string}"},"query-input":{"@type":"PropertyValueSpecification","valueRequired":true,"valueName":"search_term_string"}}],"inLanguage":"pt-PT"},{"@type":"Person","@id":"https:\/\/portaltela.pt\/#\/schema\/person\/c4278d4a6028830caff9ee44b42d32ed","name":"Telinha","image":{"@type":"ImageObject","inLanguage":"pt-PT","@id":"https:\/\/portaltela.pt\/s.01k8rhncp4jt1\/2025\/11\/talking-bot-125x125.png","url":"https:\/\/portaltela.pt\/s.01k8rhncp4jt1\/2025\/11\/talking-bot-125x125.png","contentUrl":"https:\/\/portaltela.pt\/s.01k8rhncp4jt1\/2025\/11\/talking-bot-125x125.png","caption":"Telinha"},"sameAs":["https:\/\/portaltela.pt\/"],"url":"https:\/\/portaltela.pt\/por\/367410592786\/"}]}},"_links":{"self":[{"href":"https:\/\/portaltela.pt\/api\/wp\/v2\/posts\/194848","targetHints":{"allow":["GET"]}}],"collection":[{"href":"https:\/\/portaltela.pt\/api\/wp\/v2\/posts"}],"about":[{"href":"https:\/\/portaltela.pt\/api\/wp\/v2\/types\/post"}],"author":[{"embeddable":true,"href":"https:\/\/portaltela.pt\/api\/wp\/v2\/users\/2"}],"replies":[{"embeddable":true,"href":"https:\/\/portaltela.pt\/api\/wp\/v2\/comments?post=194848"}],"version-history":[{"count":0,"href":"https:\/\/portaltela.pt\/api\/wp\/v2\/posts\/194848\/revisions"}],"wp:featuredmedia":[{"embeddable":true,"href":"https:\/\/portaltela.pt\/api\/wp\/v2\/media\/194850"}],"wp:attachment":[{"href":"https:\/\/portaltela.pt\/api\/wp\/v2\/media?parent=194848"}],"wp:term":[{"taxonomy":"category","embeddable":true,"href":"https:\/\/portaltela.pt\/api\/wp\/v2\/categories?post=194848"},{"taxonomy":"post_tag","embeddable":true,"href":"https:\/\/portaltela.pt\/api\/wp\/v2\/tags?post=194848"}],"curies":[{"name":"wp","href":"https:\/\/api.w.org\/{rel}","templated":true}]}}