{"id":194842,"date":"2026-02-03T16:22:00","date_gmt":"2026-02-03T19:22:00","guid":{"rendered":"https:\/\/portaltela.pt\/noticias\/2026\/02\/03\/predio-que-desabou-em-tomar-desalojou-duas-familias-bebe-entre-as-afetadas\/"},"modified":"2026-02-03T16:22:00","modified_gmt":"2026-02-03T19:22:00","slug":"predio-que-desabou-em-tomar-desalojou-duas-familias-bebe-entre-as-afetadas","status":"publish","type":"post","link":"https:\/\/portaltela.pt\/noticias\/2026\/02\/03\/predio-que-desabou-em-tomar-desalojou-duas-familias-bebe-entre-as-afetadas\/","title":{"rendered":"Pr\u00e9dio que desabou em Tomar desalojou duas fam\u00edlias, beb\u00e9 entre as afetadas"},"content":{"rendered":"<p>Um pr\u00e9dio ruiu em Tomar durante a chuva forte que caiu sobre a regi\u00e3o, provocando o desalojamento de duas fam\u00edlias. A derrocada ocorreu na noite de hoje, ainda sem detalhes oficiais sobre o n\u00famero exato de v\u00edtimas.<\/p>\n<p>Segundo informa\u00e7\u00f5es preliminares, o desabamento foi causado pela chuva intensa que beneficiou o colapso estrutural do im\u00f3vel. N\u00e3o havia, no momento da derrocada, moradores no interior da habita\u00e7\u00e3o.<\/p>\n<p>Nenhum inquilino estava em casa no momento do desab, o que evitou ferimentos graves entre quem ali residia. As autoridades j\u00e1 come\u00e7aram a avaliar os danos e a orientar as fam\u00edlias para abrigo tempor\u00e1rio.<\/p>\n<p>As duas fam\u00edlias desalojadas, incluindo uma com um beb\u00e9 de meses, est\u00e3o a receber apoio das autoridades e de servi\u00e7os sociais locais. O caso est\u00e1 a ser investigado para apurar as causas exatas do desab.<\/p>\n","protected":false},"excerpt":{"rendered":"<ul>\n<li>O pr\u00e9dio ruiu em Tomar devido \u00e0 chuva forte, deixando duas fam\u00edlias desalojadas.<\/li>\n<li>Ningu\u00e9m estava em casa no momento da derrocada.<\/li>\n<li>Uma das fam\u00edlias desalojadas tem um beb\u00e9 de meses.<\/li>\n<li>O incidente n\u00e3o traz informa\u00e7\u00f5es sobre feridos ou causas adicionais.<\/li>\n<\/ul>\n","protected":false},"author":2,"featured_media":194844,"comment_status":"closed","ping_status":"closed","sticky":false,"template":"","format":"standard","meta":{"footnotes":""},"categories":[1],"tags":[3953,2289,3004,2636,5310,1088],"class_list":["post-194842","post","type-post","status-publish","format-standard","has-post-thumbnail","hentry","category-noticias","tag-criancas","tag-desabamentos","tag-desalojados","tag-desalojamento","tag-servicos-sociais","tag-tomar"],"yoast_head":"<!-- This site is optimized with the Yoast SEO plugin v27.2 - https:\/\/yoast.com\/product\/yoast-seo-wordpress\/ -->\n<title>Pr\u00e9dio que desabou em Tomar desalojou duas fam\u00edlias, beb\u00e9 entre as afetadas - Portal Tela Portugal<\/title>\n<meta name=\"robots\" content=\"index, follow, max-snippet:-1, max-image-preview:large, max-video-preview:-1\" \/>\n<meta property=\"og:locale\" content=\"pt_PT\" \/>\n<meta property=\"og:type\" content=\"article\" \/>\n<meta property=\"og:title\" content=\"Pr\u00e9dio que desabou em Tomar desalojou duas fam\u00edlias, beb\u00e9 entre as afetadas - Portal Tela Portugal\" \/>\n<meta property=\"og:description\" content=\"O pr\u00e9dio ruiu em Tomar devido \u00e0 chuva forte, deixando duas fam\u00edlias desalojadas. Ningu\u00e9m estava em casa no momento da derrocada. Uma das fam\u00edlias desalojadas tem um beb\u00e9 de meses. O incidente n\u00e3o traz informa\u00e7\u00f5es sobre feridos ou causas adicionais.\" \/>\n<meta property=\"og:url\" content=\"https:\/\/portaltela.pt\/noticias\/2026\/02\/03\/predio-que-desabou-em-tomar-desalojou-duas-familias-bebe-entre-as-afetadas\/\" \/>\n<meta property=\"og:site_name\" content=\"Portal Tela Portugal\" \/>\n<meta property=\"article:published_time\" content=\"2026-02-03T19:22:00+00:00\" \/>\n<meta name=\"author\" content=\"Telinha\" \/>\n<meta name=\"twitter:card\" content=\"summary_large_image\" \/>\n<meta name=\"twitter:label1\" content=\"Escrito por\" \/>\n\t<meta name=\"twitter:data1\" content=\"Telinha\" \/>\n\t<meta name=\"twitter:label2\" content=\"Tempo estimado de leitura\" \/>\n\t<meta name=\"twitter:data2\" content=\"1 minuto\" \/>\n<script type=\"application\/ld+json\" class=\"yoast-schema-graph\">{\"@context\":\"https:\/\/schema.org\",\"@graph\":[{\"@type\":\"Article\",\"@id\":\"https:\/\/portaltela.pt\/noticias\/2026\/02\/03\/predio-que-desabou-em-tomar-desalojou-duas-familias-bebe-entre-as-afetadas\/#article\",\"isPartOf\":{\"@id\":\"https:\/\/portaltela.pt\/noticias\/2026\/02\/03\/predio-que-desabou-em-tomar-desalojou-duas-familias-bebe-entre-as-afetadas\/\"},\"author\":{\"name\":\"Telinha\",\"@id\":\"https:\/\/portaltela.pt\/#\/schema\/person\/c4278d4a6028830caff9ee44b42d32ed\"},\"headline\":\"Pr\u00e9dio que desabou em Tomar desalojou duas fam\u00edlias, beb\u00e9 entre as afetadas\",\"datePublished\":\"2026-02-03T19:22:00+00:00\",\"mainEntityOfPage\":{\"@id\":\"https:\/\/portaltela.pt\/noticias\/2026\/02\/03\/predio-que-desabou-em-tomar-desalojou-duas-familias-bebe-entre-as-afetadas\/\"},\"wordCount\":163,\"image\":{\"@id\":\"https:\/\/portaltela.pt\/noticias\/2026\/02\/03\/predio-que-desabou-em-tomar-desalojou-duas-familias-bebe-entre-as-afetadas\/#primaryimage\"},\"thumbnailUrl\":\"https:\/\/portaltela.pt\/s.01k8rhncp4jt1\/2026\/02\/img_1280x722uu2026-02-03-19-21-59-2264528.jpg\",\"keywords\":[\"crian\u00e7as\",\"desabamentos\",\"desalojados\",\"desalojamento\",\"servi\u00e7os sociais\",\"Tomar\"],\"articleSection\":[\"Not\u00edcias\"],\"inLanguage\":\"pt-PT\"},{\"@type\":\"WebPage\",\"@id\":\"https:\/\/portaltela.pt\/noticias\/2026\/02\/03\/predio-que-desabou-em-tomar-desalojou-duas-familias-bebe-entre-as-afetadas\/\",\"url\":\"https:\/\/portaltela.pt\/noticias\/2026\/02\/03\/predio-que-desabou-em-tomar-desalojou-duas-familias-bebe-entre-as-afetadas\/\",\"name\":\"Pr\u00e9dio que desabou em Tomar desalojou duas fam\u00edlias, beb\u00e9 entre as afetadas - Portal Tela Portugal\",\"isPartOf\":{\"@id\":\"https:\/\/portaltela.pt\/#website\"},\"primaryImageOfPage\":{\"@id\":\"https:\/\/portaltela.pt\/noticias\/2026\/02\/03\/predio-que-desabou-em-tomar-desalojou-duas-familias-bebe-entre-as-afetadas\/#primaryimage\"},\"image\":{\"@id\":\"https:\/\/portaltela.pt\/noticias\/2026\/02\/03\/predio-que-desabou-em-tomar-desalojou-duas-familias-bebe-entre-as-afetadas\/#primaryimage\"},\"thumbnailUrl\":\"https:\/\/portaltela.pt\/s.01k8rhncp4jt1\/2026\/02\/img_1280x722uu2026-02-03-19-21-59-2264528.jpg\",\"datePublished\":\"2026-02-03T19:22:00+00:00\",\"author\":{\"@id\":\"https:\/\/portaltela.pt\/#\/schema\/person\/c4278d4a6028830caff9ee44b42d32ed\"},\"breadcrumb\":{\"@id\":\"https:\/\/portaltela.pt\/noticias\/2026\/02\/03\/predio-que-desabou-em-tomar-desalojou-duas-familias-bebe-entre-as-afetadas\/#breadcrumb\"},\"inLanguage\":\"pt-PT\",\"potentialAction\":[{\"@type\":\"ReadAction\",\"target\":[\"https:\/\/portaltela.pt\/noticias\/2026\/02\/03\/predio-que-desabou-em-tomar-desalojou-duas-familias-bebe-entre-as-afetadas\/\"]}]},{\"@type\":\"ImageObject\",\"inLanguage\":\"pt-PT\",\"@id\":\"https:\/\/portaltela.pt\/noticias\/2026\/02\/03\/predio-que-desabou-em-tomar-desalojou-duas-familias-bebe-entre-as-afetadas\/#primaryimage\",\"url\":\"https:\/\/portaltela.pt\/s.01k8rhncp4jt1\/2026\/02\/img_1280x722uu2026-02-03-19-21-59-2264528.jpg\",\"contentUrl\":\"https:\/\/portaltela.pt\/s.01k8rhncp4jt1\/2026\/02\/img_1280x722uu2026-02-03-19-21-59-2264528.jpg\",\"width\":796,\"height\":448,\"caption\":\"Pr\u00e9dio ruiu em Tomar e deixou duas fam\u00edlias desalojadas, uma delas com um beb\u00e9 de meses\"},{\"@type\":\"BreadcrumbList\",\"@id\":\"https:\/\/portaltela.pt\/noticias\/2026\/02\/03\/predio-que-desabou-em-tomar-desalojou-duas-familias-bebe-entre-as-afetadas\/#breadcrumb\",\"itemListElement\":[{\"@type\":\"ListItem\",\"position\":1,\"name\":\"In\u00edcio\",\"item\":\"https:\/\/portaltela.pt\/\"},{\"@type\":\"ListItem\",\"position\":2,\"name\":\"Pr\u00e9dio que desabou em Tomar desalojou duas fam\u00edlias, beb\u00e9 entre as afetadas\"}]},{\"@type\":\"WebSite\",\"@id\":\"https:\/\/portaltela.pt\/#website\",\"url\":\"https:\/\/portaltela.pt\/\",\"name\":\"Portal Tela Portugal\",\"description\":\"\",\"potentialAction\":[{\"@type\":\"SearchAction\",\"target\":{\"@type\":\"EntryPoint\",\"urlTemplate\":\"https:\/\/portaltela.pt\/?s={search_term_string}\"},\"query-input\":{\"@type\":\"PropertyValueSpecification\",\"valueRequired\":true,\"valueName\":\"search_term_string\"}}],\"inLanguage\":\"pt-PT\"},{\"@type\":\"Person\",\"@id\":\"https:\/\/portaltela.pt\/#\/schema\/person\/c4278d4a6028830caff9ee44b42d32ed\",\"name\":\"Telinha\",\"image\":{\"@type\":\"ImageObject\",\"inLanguage\":\"pt-PT\",\"@id\":\"https:\/\/portaltela.pt\/s.01k8rhncp4jt1\/2025\/11\/talking-bot-125x125.png\",\"url\":\"https:\/\/portaltela.pt\/s.01k8rhncp4jt1\/2025\/11\/talking-bot-125x125.png\",\"contentUrl\":\"https:\/\/portaltela.pt\/s.01k8rhncp4jt1\/2025\/11\/talking-bot-125x125.png\",\"caption\":\"Telinha\"},\"sameAs\":[\"https:\/\/portaltela.pt\/\"],\"url\":\"https:\/\/portaltela.pt\/por\/367410592786\/\"}]}<\/script>\n<!-- \/ Yoast SEO plugin. -->","yoast_head_json":{"title":"Pr\u00e9dio que desabou em Tomar desalojou duas fam\u00edlias, beb\u00e9 entre as afetadas - Portal Tela Portugal","robots":{"index":"index","follow":"follow","max-snippet":"max-snippet:-1","max-image-preview":"max-image-preview:large","max-video-preview":"max-video-preview:-1"},"og_locale":"pt_PT","og_type":"article","og_title":"Pr\u00e9dio que desabou em Tomar desalojou duas fam\u00edlias, beb\u00e9 entre as afetadas - Portal Tela Portugal","og_description":"O pr\u00e9dio ruiu em Tomar devido \u00e0 chuva forte, deixando duas fam\u00edlias desalojadas. Ningu\u00e9m estava em casa no momento da derrocada. Uma das fam\u00edlias desalojadas tem um beb\u00e9 de meses. O incidente n\u00e3o traz informa\u00e7\u00f5es sobre feridos ou causas adicionais.","og_url":"https:\/\/portaltela.pt\/noticias\/2026\/02\/03\/predio-que-desabou-em-tomar-desalojou-duas-familias-bebe-entre-as-afetadas\/","og_site_name":"Portal Tela Portugal","article_published_time":"2026-02-03T19:22:00+00:00","author":"Telinha","twitter_card":"summary_large_image","twitter_misc":{"Escrito por":"Telinha","Tempo estimado de leitura":"1 minuto"},"schema":{"@context":"https:\/\/schema.org","@graph":[{"@type":"Article","@id":"https:\/\/portaltela.pt\/noticias\/2026\/02\/03\/predio-que-desabou-em-tomar-desalojou-duas-familias-bebe-entre-as-afetadas\/#article","isPartOf":{"@id":"https:\/\/portaltela.pt\/noticias\/2026\/02\/03\/predio-que-desabou-em-tomar-desalojou-duas-familias-bebe-entre-as-afetadas\/"},"author":{"name":"Telinha","@id":"https:\/\/portaltela.pt\/#\/schema\/person\/c4278d4a6028830caff9ee44b42d32ed"},"headline":"Pr\u00e9dio que desabou em Tomar desalojou duas fam\u00edlias, beb\u00e9 entre as afetadas","datePublished":"2026-02-03T19:22:00+00:00","mainEntityOfPage":{"@id":"https:\/\/portaltela.pt\/noticias\/2026\/02\/03\/predio-que-desabou-em-tomar-desalojou-duas-familias-bebe-entre-as-afetadas\/"},"wordCount":163,"image":{"@id":"https:\/\/portaltela.pt\/noticias\/2026\/02\/03\/predio-que-desabou-em-tomar-desalojou-duas-familias-bebe-entre-as-afetadas\/#primaryimage"},"thumbnailUrl":"https:\/\/portaltela.pt\/s.01k8rhncp4jt1\/2026\/02\/img_1280x722uu2026-02-03-19-21-59-2264528.jpg","keywords":["crian\u00e7as","desabamentos","desalojados","desalojamento","servi\u00e7os sociais","Tomar"],"articleSection":["Not\u00edcias"],"inLanguage":"pt-PT"},{"@type":"WebPage","@id":"https:\/\/portaltela.pt\/noticias\/2026\/02\/03\/predio-que-desabou-em-tomar-desalojou-duas-familias-bebe-entre-as-afetadas\/","url":"https:\/\/portaltela.pt\/noticias\/2026\/02\/03\/predio-que-desabou-em-tomar-desalojou-duas-familias-bebe-entre-as-afetadas\/","name":"Pr\u00e9dio que desabou em Tomar desalojou duas fam\u00edlias, beb\u00e9 entre as afetadas - Portal Tela Portugal","isPartOf":{"@id":"https:\/\/portaltela.pt\/#website"},"primaryImageOfPage":{"@id":"https:\/\/portaltela.pt\/noticias\/2026\/02\/03\/predio-que-desabou-em-tomar-desalojou-duas-familias-bebe-entre-as-afetadas\/#primaryimage"},"image":{"@id":"https:\/\/portaltela.pt\/noticias\/2026\/02\/03\/predio-que-desabou-em-tomar-desalojou-duas-familias-bebe-entre-as-afetadas\/#primaryimage"},"thumbnailUrl":"https:\/\/portaltela.pt\/s.01k8rhncp4jt1\/2026\/02\/img_1280x722uu2026-02-03-19-21-59-2264528.jpg","datePublished":"2026-02-03T19:22:00+00:00","author":{"@id":"https:\/\/portaltela.pt\/#\/schema\/person\/c4278d4a6028830caff9ee44b42d32ed"},"breadcrumb":{"@id":"https:\/\/portaltela.pt\/noticias\/2026\/02\/03\/predio-que-desabou-em-tomar-desalojou-duas-familias-bebe-entre-as-afetadas\/#breadcrumb"},"inLanguage":"pt-PT","potentialAction":[{"@type":"ReadAction","target":["https:\/\/portaltela.pt\/noticias\/2026\/02\/03\/predio-que-desabou-em-tomar-desalojou-duas-familias-bebe-entre-as-afetadas\/"]}]},{"@type":"ImageObject","inLanguage":"pt-PT","@id":"https:\/\/portaltela.pt\/noticias\/2026\/02\/03\/predio-que-desabou-em-tomar-desalojou-duas-familias-bebe-entre-as-afetadas\/#primaryimage","url":"https:\/\/portaltela.pt\/s.01k8rhncp4jt1\/2026\/02\/img_1280x722uu2026-02-03-19-21-59-2264528.jpg","contentUrl":"https:\/\/portaltela.pt\/s.01k8rhncp4jt1\/2026\/02\/img_1280x722uu2026-02-03-19-21-59-2264528.jpg","width":796,"height":448,"caption":"Pr\u00e9dio ruiu em Tomar e deixou duas fam\u00edlias desalojadas, uma delas com um beb\u00e9 de meses"},{"@type":"BreadcrumbList","@id":"https:\/\/portaltela.pt\/noticias\/2026\/02\/03\/predio-que-desabou-em-tomar-desalojou-duas-familias-bebe-entre-as-afetadas\/#breadcrumb","itemListElement":[{"@type":"ListItem","position":1,"name":"In\u00edcio","item":"https:\/\/portaltela.pt\/"},{"@type":"ListItem","position":2,"name":"Pr\u00e9dio que desabou em Tomar desalojou duas fam\u00edlias, beb\u00e9 entre as afetadas"}]},{"@type":"WebSite","@id":"https:\/\/portaltela.pt\/#website","url":"https:\/\/portaltela.pt\/","name":"Portal Tela Portugal","description":"","potentialAction":[{"@type":"SearchAction","target":{"@type":"EntryPoint","urlTemplate":"https:\/\/portaltela.pt\/?s={search_term_string}"},"query-input":{"@type":"PropertyValueSpecification","valueRequired":true,"valueName":"search_term_string"}}],"inLanguage":"pt-PT"},{"@type":"Person","@id":"https:\/\/portaltela.pt\/#\/schema\/person\/c4278d4a6028830caff9ee44b42d32ed","name":"Telinha","image":{"@type":"ImageObject","inLanguage":"pt-PT","@id":"https:\/\/portaltela.pt\/s.01k8rhncp4jt1\/2025\/11\/talking-bot-125x125.png","url":"https:\/\/portaltela.pt\/s.01k8rhncp4jt1\/2025\/11\/talking-bot-125x125.png","contentUrl":"https:\/\/portaltela.pt\/s.01k8rhncp4jt1\/2025\/11\/talking-bot-125x125.png","caption":"Telinha"},"sameAs":["https:\/\/portaltela.pt\/"],"url":"https:\/\/portaltela.pt\/por\/367410592786\/"}]}},"_links":{"self":[{"href":"https:\/\/portaltela.pt\/api\/wp\/v2\/posts\/194842","targetHints":{"allow":["GET"]}}],"collection":[{"href":"https:\/\/portaltela.pt\/api\/wp\/v2\/posts"}],"about":[{"href":"https:\/\/portaltela.pt\/api\/wp\/v2\/types\/post"}],"author":[{"embeddable":true,"href":"https:\/\/portaltela.pt\/api\/wp\/v2\/users\/2"}],"replies":[{"embeddable":true,"href":"https:\/\/portaltela.pt\/api\/wp\/v2\/comments?post=194842"}],"version-history":[{"count":0,"href":"https:\/\/portaltela.pt\/api\/wp\/v2\/posts\/194842\/revisions"}],"wp:featuredmedia":[{"embeddable":true,"href":"https:\/\/portaltela.pt\/api\/wp\/v2\/media\/194844"}],"wp:attachment":[{"href":"https:\/\/portaltela.pt\/api\/wp\/v2\/media?parent=194842"}],"wp:term":[{"taxonomy":"category","embeddable":true,"href":"https:\/\/portaltela.pt\/api\/wp\/v2\/categories?post=194842"},{"taxonomy":"post_tag","embeddable":true,"href":"https:\/\/portaltela.pt\/api\/wp\/v2\/tags?post=194842"}],"curies":[{"name":"wp","href":"https:\/\/api.w.org\/{rel}","templated":true}]}}